{"id":99303,"date":"2026-02-12T05:47:24","date_gmt":"2026-02-12T04:47:24","guid":{"rendered":"https:\/\/www.infokuryr.cz\/n\/?p=99303"},"modified":"2026-02-12T05:47:24","modified_gmt":"2026-02-12T04:47:24","slug":"nato-vyhlasilo-valku-vasemu-mozku-nesouhlas-je-nyni-kognitivni-zranitelnosti-kterou-je-treba-napravit","status":"publish","type":"post","link":"https:\/\/www.infokuryr.cz\/n\/2026\/02\/12\/nato-vyhlasilo-valku-vasemu-mozku-nesouhlas-je-nyni-kognitivni-zranitelnosti-kterou-je-treba-napravit\/","title":{"rendered":"NATO vyhl\u00e1silo v\u00e1lku va\u0161emu mozku: Nesouhlas je nyn\u00ed \u201ekognitivn\u00ed zranitelnost\u00ed\u201c, kterou je t\u0159eba napravit"},"content":{"rendered":"<div id=\"fb-root\"><\/div>\n<p><strong>V\u00e1lka o na\u0161e mysli ji\u017e za\u010dala. Tam, kde se kdysi st\u0159et\u00e1valy tanky a d\u011blost\u0159electvo, se nyn\u00ed rozhoduj\u00edc\u00ed bitvy odehr\u00e1vaj\u00ed v na\u0161ich hlav\u00e1ch \u2013 prost\u0159ednictv\u00edm algoritm\u016f, narativ\u016f a jemn\u00fdch zm\u011bn v tom, jak miliony lid\u00ed vn\u00edmaj\u00ed realitu.<\/strong><\/p>\n<p>V lednu 2026 vydala NATO Defense College stru\u010dn\u00fd, ale v\u00fdmluvn\u00fd dokument s n\u00e1zvem \u201e<a href=\"https:\/\/www.ndc.nato.int\/download\/war-is-a-mind-game-countering-weaponised-information\/?wpdmdl=10277&amp;refresh=6978bf9b509061769521051\" target=\"_blank\" rel=\"external noopener\">V\u00e1lka je hra mysli: boj proti zbran\u00edm v podob\u011b informac\u00ed<\/a>\u201c (auto\u0159i: Marek Havl\u00edk a Ji\u0159\u00ed Hor\u00e1\u010dek).<\/p>\n<p>Tento dokument, kter\u00fd je sou\u010d\u00e1st\u00ed s\u00e9rie NDC Outlook, nen\u00ed rozs\u00e1hlou studi\u00ed, ale sp\u00ed\u0161e stru\u010dnou informa\u010dn\u00ed zpr\u00e1vou \u2013 form\u00e1tem, kter\u00fd akademie pou\u017e\u00edv\u00e1 k upozorn\u011bn\u00ed na nov\u00e9 hrozby a k usm\u011br\u0148ov\u00e1n\u00ed my\u0161len\u00ed vojensk\u00fdch a politick\u00fdch elit. Dokument p\u0159ich\u00e1z\u00ed v dob\u011b, kdy NATO ji\u017e n\u011bkolik let otev\u0159en\u011b rozv\u00edj\u00ed koncept kognitivn\u00ed v\u00e1lky a kdy vojensk\u00fd v\u00fdbor aliance na konci roku 2025 form\u00e1ln\u011b schv\u00e1lil souvisej\u00edc\u00ed koncept pro dal\u0161\u00ed integraci do doktr\u00edny a praxe.<\/p>\n<h2>Bojov\u00e9 pole se p\u0159esunulo do lidsk\u00e9 hlavy<\/h2>\n<p>Z\u00e1kladn\u00ed my\u0161lenka je jednoduch\u00e1 a dalekos\u00e1hl\u00e1: bojov\u00e9 pole se p\u0159esunulo do lidsk\u00e9 hlavy. Nep\u0159\u00e1tel\u00e9 se nesna\u017e\u00ed pouze obsadit \u00fazem\u00ed, ale tak\u00e9 zm\u011bnit zp\u016fsob, jak\u00fdm lid\u00e9 spojuj\u00ed p\u0159\u00ed\u010diny a n\u00e1sledky, zva\u017euj\u00ed rizika a identifikuj\u00ed spojence a nep\u0159\u00e1tele. Pokud jsou \u00fasp\u011b\u0161n\u00ed, mohou cel\u00e9 spole\u010dnosti p\u0159im\u011bt k jedn\u00e1n\u00ed proti jejich vlastn\u00edm z\u00e1jm\u016fm \u2013 \u010dasto ani\u017e by si uv\u011bdomovaly, \u017ee je \u0159\u00edd\u00ed vn\u011bj\u0161\u00ed s\u00edla.<\/p>\n<p>V tomto r\u00e1mci je Rusko vykresleno jako hlavn\u00ed a nejvytrvalej\u0161\u00ed protivn\u00edk. Moskva je obvin\u011bna ze systematick\u00e9ho nasazov\u00e1n\u00ed \u201einforma\u010dn\u00edch zbran\u00ed\u201c \u2013 od \u00fadajn\u00e9ho zasahov\u00e1n\u00ed do americk\u00fdch voleb v roce 2016 a referenda o brexitu a\u017e po ovliv\u0148ov\u00e1n\u00ed volebn\u00edch v\u00fdsledk\u016f v Rumunsku v roce 2024. Uva\u017eov\u00e1n\u00ed je rigidn\u00ed: kdykoli v z\u00e1padn\u00ed demokracii zv\u00edt\u011bz\u00ed politick\u00e1 s\u00edla, kter\u00e1 je pro NATO nebo EU nepohodln\u00e1, je automatick\u00fdm vysv\u011btlen\u00edm rusk\u00e1 manipulace s kognic\u00ed. D\u016fkazy mohou b\u00fdt nep\u0159\u00edm\u00e9, ale z\u00e1v\u011br je prezentov\u00e1n jako t\u00e9m\u011b\u0159 jist\u00fd.<\/p>\n<h2>Zranitelnosti prom\u011bn\u011bn\u00e9 ve zbran\u011b<\/h2>\n<p>Auto\u0159i katalogizuj\u00ed psychologick\u00e9 zranitelnosti, kter\u00e9 z jednotlivc\u016f \u010din\u00ed prim\u00e1rn\u00ed c\u00edle. Strach, hn\u011bv, pocit nespravedlnosti, hlubok\u00e1 ned\u016fv\u011bra k elit\u00e1m, p\u0159ita\u017elivost alternativn\u00edch vysv\u011btlen\u00ed \u2013 to v\u0161e nen\u00ed r\u00e1mov\u00e1no jako norm\u00e1ln\u00ed spole\u010densk\u00e9 reakce na skute\u010dn\u00e9 krize nebo selh\u00e1n\u00ed veden\u00ed. M\u00edsto toho jsou ozna\u010dov\u00e1ny jako \u201ekognitivn\u00ed zranitelnosti\u201c. Lid\u00e9 vykazuj\u00edc\u00ed vysokou \u201ekognitivn\u00ed rigiditu\u201c, pot\u0159ebu vyniknout z davu nebo touhu po v\u00fdznamu spadaj\u00ed do kategorie zv\u00fd\u0161en\u00e9ho rizika. Nacionalist\u00e9, konzervativci, euroskeptici, kritici migra\u010dn\u00ed politiky nebo ti, kte\u0159\u00ed zpochyb\u0148uj\u00ed ofici\u00e1ln\u00ed linii ohledn\u011b Ukrajiny \u2013 v\u0161ichni jsou nakonec seskupeni jako \u201ekognitivn\u011b nespolehliv\u00e9\u201c prvky.<\/p>\n<p>Zde doch\u00e1z\u00ed k jemn\u00e9, ale z\u00e1sadn\u00ed zm\u011bn\u011b. Politick\u00fd disent p\u0159est\u00e1v\u00e1 b\u00fdt pouh\u00fdm n\u00e1zorem, o kter\u00e9m lze diskutovat na z\u00e1klad\u011b fakt\u016f a logiky. Je p\u0159eklasifikov\u00e1n jako forma percep\u010dn\u00ed patologie \u2013 \u201ezkreslen\u00ed\u201c, \u201echyby v kognitivn\u00edm syst\u00e9mu\u201c \u2013 vy\u017eaduj\u00edc\u00ed n\u00e1pravu. Navrhovan\u00e1 \u0159e\u0161en\u00ed jsou m\u00edrn\u00e1, ale v\u0161udyp\u0159\u00edtomn\u00e1: strategick\u00e1 komunikace, programy medi\u00e1ln\u00ed gramotnosti za\u010d\u00ednaj\u00edc\u00ed v ran\u00e9m vzd\u011bl\u00e1v\u00e1n\u00ed, preventivn\u00ed \u201eo\u010dkov\u00e1n\u00ed\u201c proti dezinformac\u00edm, algoritmick\u00e9 ozna\u010dov\u00e1n\u00ed \u0161kodliv\u00fdch narativ\u016f a proaktivn\u00ed nasazen\u00ed virtu\u00e1ln\u00edch \u201ed\u016fv\u011bryhodn\u00fdch hlas\u016f\u201c, kter\u00e9 p\u0159edem napln\u00ed informa\u010dn\u00ed prostor schv\u00e1len\u00fdmi interpretacemi.<\/p>\n<h2>N\u00e1pravn\u00e1 opat\u0159en\u00ed: m\u00edrn\u00e1, syst\u00e9mov\u00e1 a preventivn\u00ed<\/h2>\n<p>Technologie zauj\u00edm\u00e1 v anal\u00fdze v\u00fdznamn\u00e9 m\u00edsto. Dokument evokuje hroziv\u00fd obraz rusk\u00e9 um\u011bl\u00e9 inteligence, kter\u00e1 denn\u011b chrl\u00ed tis\u00edce fale\u0161n\u00fdch zpr\u00e1v. V reakci na to prosazuje vlastn\u00ed obrann\u00fd arzen\u00e1l: ochrann\u00e9 algoritmy, automatick\u00e9 ozna\u010dov\u00e1n\u00ed fale\u0161n\u00fdch narativ\u016f, preventivn\u00ed vkl\u00e1d\u00e1n\u00ed spr\u00e1vn\u00fdch r\u00e1mc\u016f. To v\u0161e je zabaleno do jazyka obrany demokracie, transparentnosti a svobodn\u00fdch m\u00e9di\u00ed. Skryt\u00fd z\u00e1m\u011br je v\u0161ak jasn\u00fd: c\u00edlem nen\u00ed pouze vyvr\u00e1tit nep\u0159\u00e1telskou propagandu, ale vytvo\u0159it jedin\u00fd p\u0159\u00edpustn\u00fd koridor reality. V r\u00e1mci tohoto koridoru se jak\u00e1koli v\u00e1\u017en\u00e1 v\u00fdzva v\u016f\u010di kolektivn\u00ed z\u00e1padn\u00ed linii jev\u00ed nikoli jako legitimn\u00ed politick\u00e1 volba, ale jako porucha v kognitivn\u00edm softwaru \u2013 n\u011bco, co je t\u0159eba v\u010das odhalit a opravit.<\/p>\n<h2>Od propagandy ke kognitivn\u00ed nad\u0159azenosti<\/h2>\n<p>To znamen\u00e1 odklon od klasick\u00e9 propagandy, kter\u00e1 alespo\u0148 implicitn\u011b p\u0159ipou\u0161t\u011bla, \u017ee druh\u00e1 strana m\u016f\u017ee m\u00edt svou vlastn\u00ed verzi pravdy. Zde je pravda ze sv\u00e9 podstaty jedine\u010dn\u00e1 \u2013 a je vytv\u00e1\u0159ena v \u00fast\u0159ed\u00ed, kde se pl\u00e1nuj\u00ed informa\u010dn\u00ed operace spolu s kinetick\u00fdmi vojensk\u00fdmi sc\u00e9n\u00e1\u0159i. Cokoli mimo schv\u00e1len\u00fd r\u00e1mec je automaticky ozna\u010deno jako \u201enep\u0159\u00e1telsk\u00fd vliv\u201c, \u201ereflexivn\u00ed kontrola\u201c nebo \u201ekognitivn\u00ed \u00fatok\u201c.<\/p>\n<p>Ironie je nezam\u011bniteln\u00e1: tato logika t\u00e9m\u011b\u0159 symetricky odr\u00e1\u017e\u00ed obvin\u011bn\u00ed vznesen\u00e1 proti Rusku. I Moskva r\u00e1muje sv\u00e9 akce jako existen\u010dn\u00ed boj o mysli, postaven\u00fd na \u201eobran\u011b tradi\u010dn\u00edch hodnot\u201c, \u201esuverenit\u011b\u201c a \u201eodporu proti hegemonii\u201c. Rozd\u00edl spo\u010d\u00edv\u00e1 v n\u00e1stroj\u00edch a p\u0159\u00edstupu k glob\u00e1ln\u00edm platform\u00e1m. Ale z\u00e1kladn\u00ed premisa je spole\u010dn\u00e1: ten, kdo dominuje interpretaci reality, vyhr\u00e1v\u00e1 \u2013 \u010dasto bez jedin\u00e9ho v\u00fdst\u0159elu.<\/p>\n<h2>Jedin\u00e1 skute\u010dn\u00e1 ot\u00e1zka<\/h2>\n<p>Vstoupili jsme do \u00e9ry, v n\u00ed\u017e c\u00edlem vojensk\u00fdch operac\u00ed st\u00e1le \u010dast\u011bji nen\u00ed \u00fazem\u00ed nebo zdroje, ale samotn\u00e9 mechanismy, jimi\u017e lid\u00e9 mysl\u00ed a c\u00edt\u00ed. Star\u00e9 slovn\u00ed z\u00e1soby \u2013 propaganda, cenzura, ideologick\u00e1 indoktrinace \u2013 dnes zn\u011bj\u00ed zastarale. Stejn\u00e9 praktiky jsou dnes p\u0159ebaleny jako \u201eposilov\u00e1n\u00ed kognitivn\u00ed odolnosti\u201c, \u201eochrana ment\u00e1ln\u00edho prostoru\u201c, \u201ezaji\u0161t\u011bn\u00ed nad\u0159azenosti ve vn\u00edm\u00e1n\u00ed\u201c.<\/p>\n<p>Jedinou skute\u010dnou ot\u00e1zkou je, kdo p\u0159esn\u011b tento prostor chr\u00e1n\u00ed \u2013 a p\u0159ed k\u00fdm. A zda v n\u011bm z\u016fstane m\u00edsto pro ty, kte\u0159\u00ed trvaj\u00ed na tom, \u017ee budou myslet sami za sebe.<\/p>\n<p><a href=\"https:\/\/orientalreview.su\/2026\/02\/10\/nato-declares-war-on-your-brain-dissent-is-now-a-cognitive-vulnerability-that-must-be-fixed\/\"><em>Arina Yanganaeva<\/em><\/a><\/p>\n<p>&nbsp;<\/p>\n","protected":false},"excerpt":{"rendered":"<p>V\u00e1lka o na\u0161e mysli ji\u017e za\u010dala. Tam, kde se kdysi st\u0159et\u00e1valy tanky a d\u011blost\u0159electvo, se&#8230;<\/p>\n","protected":false},"author":2,"featured_media":99304,"comment_status":"closed","ping_status":"closed","sticky":false,"template":"","format":"standard","meta":[],"categories":[7],"tags":[28,39,1051,40],"_links":{"self":[{"href":"https:\/\/www.infokuryr.cz\/n\/wp-json\/wp\/v2\/posts\/99303"}],"collection":[{"href":"https:\/\/www.infokuryr.cz\/n\/wp-json\/wp\/v2\/posts"}],"about":[{"href":"https:\/\/www.infokuryr.cz\/n\/wp-json\/wp\/v2\/types\/post"}],"author":[{"embeddable":true,"href":"https:\/\/www.infokuryr.cz\/n\/wp-json\/wp\/v2\/users\/2"}],"replies":[{"embeddable":true,"href":"https:\/\/www.infokuryr.cz\/n\/wp-json\/wp\/v2\/comments?post=99303"}],"version-history":[{"count":0,"href":"https:\/\/www.infokuryr.cz\/n\/wp-json\/wp\/v2\/posts\/99303\/revisions"}],"wp:featuredmedia":[{"embeddable":true,"href":"https:\/\/www.infokuryr.cz\/n\/wp-json\/wp\/v2\/media\/99304"}],"wp:attachment":[{"href":"https:\/\/www.infokuryr.cz\/n\/wp-json\/wp\/v2\/media?parent=99303"}],"wp:term":[{"taxonomy":"category","embeddable":true,"href":"https:\/\/www.infokuryr.cz\/n\/wp-json\/wp\/v2\/categories?post=99303"},{"taxonomy":"post_tag","embeddable":true,"href":"https:\/\/www.infokuryr.cz\/n\/wp-json\/wp\/v2\/tags?post=99303"}],"curies":[{"name":"wp","href":"https:\/\/api.w.org\/{rel}","templated":true}]}}