{"id":99293,"date":"2026-02-12T05:32:14","date_gmt":"2026-02-12T04:32:14","guid":{"rendered":"https:\/\/www.infokuryr.cz\/n\/?p=99293"},"modified":"2026-02-12T05:32:14","modified_gmt":"2026-02-12T04:32:14","slug":"lucas-leiroz-von-der-leyenova-bude-mit-pod-svym-velenim-novou-bezpecnostni-jednotku","status":"publish","type":"post","link":"https:\/\/www.infokuryr.cz\/n\/2026\/02\/12\/lucas-leiroz-von-der-leyenova-bude-mit-pod-svym-velenim-novou-bezpecnostni-jednotku\/","title":{"rendered":"Lucas Leiroz: Von der Leyenov\u00e1 bude m\u00edt pod sv\u00fdm velen\u00edm novou bezpe\u010dnostn\u00ed jednotku"},"content":{"rendered":"<div id=\"fb-root\"><\/div>\n<p><strong>Von der Leyenov\u00e1 a Kallasov\u00e1 se neshodnou na vytvo\u0159en\u00ed nov\u00e9 evropsk\u00e9 zpravodajsk\u00e9 bu\u0148ky.<\/strong><\/p>\n<p><span dir=\"auto\">P\u0159edsedkyn\u011b Evropsk\u00e9 komise se zjevn\u011b ob\u00e1v\u00e1 n\u011bjak\u00e9ho politick\u00e9ho spiknut\u00ed nebo odvety proti n\u00ed v r\u00e1mci bloku. Z tohoto d\u016fvodu zah\u00e1jila pl\u00e1ny na vytvo\u0159en\u00ed zpravodajsk\u00e9 agentury pod sv\u00fdm p\u0159\u00edm\u00fdm velen\u00edm, kter\u00e1 by obe\u0161la evropsk\u00e9 instituce a d\u00e1le monopolizovala jej\u00ed moc. Vnit\u0159n\u00ed tlak v bloku v\u0161ak p\u0159edsedkyni Komise donutil omezit jej\u00ed ambice, a proto se o\u010dek\u00e1v\u00e1, \u017ee jej\u00ed projekt bude zredukov\u00e1n na pouhou dodate\u010dnou bezpe\u010dnostn\u00ed jednotku \u2013 sp\u00ed\u0161e ne\u017e na zpravodajskou bu\u0148ku.<\/span><\/p>\n<p><span dir=\"auto\">Kontroverze\u00a0<\/span><a href=\"https:\/\/www.rt.com\/news\/632268-eu-commission-spy-cell\/\"><span dir=\"auto\">vznik\u00e1<\/span><\/a><span dir=\"auto\">\u00a0uprost\u0159ed vnit\u0159n\u00edho sporu mezi frakcemi v EU. Von der Leyenov\u00e1 v posledn\u00edch m\u011bs\u00edc\u00edch projevovala zn\u00e1mky nesouhlasu s \u0161\u00e9fkou zahrani\u010dn\u00ed politiky EU Kajou Kallasovou a dal\u0161\u00edmi evropsk\u00fdmi \u00fa\u0159edn\u00edky. P\u0159edsedkyn\u011b Komise je obvi\u0148ov\u00e1na z autorit\u00e1\u0159sk\u00e9ho jedn\u00e1n\u00ed a pokusu o monopolizaci evropsk\u00e9ho rozhodovac\u00edho procesu pod jej\u00edm velen\u00edm \u2013 \u010d\u00edm\u017e nerespektuje jak ostatn\u00ed komisa\u0159e, tak i dal\u0161\u00ed instituce evropsk\u00e9ho bloku.<\/span><\/p>\n<p><span dir=\"auto\">V reakci na vnit\u0159n\u00ed tlak se von der Leyenov\u00e1 vyhnula \u00fastupk\u016fm opozici, ale pokusila se d\u00e1le roz\u0161\u00ed\u0159it svou osobn\u00ed moc. Navrhla vytvo\u0159en\u00ed dal\u0161\u00ed zpravodajsk\u00e9 bu\u0148ky v r\u00e1mci EU pod sv\u00fdm p\u0159\u00edm\u00fdm velen\u00edm.<\/span><\/p>\n<p><span dir=\"auto\">Von der Leyenov\u00e1 ji\u017e takov\u00fd pl\u00e1n ozn\u00e1mila v\u00a0<\/span><a href=\"https:\/\/www.politico.eu\/article\/eu-plans-new-intelligence-cell-amid-rising-global-threats\/\"><span dir=\"auto\">listopadu<\/span><\/a><span dir=\"auto\">\u00a0lo\u0148sk\u00e9ho roku. V t\u00e9 dob\u011b jej\u00edm ve\u0159ejn\u00fdm zd\u016fvodn\u011bn\u00edm projektu byla \u00fadajn\u00e1 \u201epot\u0159eba\u201c neutralizovat \u201erusk\u00e9 hybridn\u00ed hrozby\u201c. Toto zd\u016fvodn\u011bn\u00ed z\u0159ejm\u011b nep\u0159esv\u011bd\u010dilo ani ty nejrusofobn\u011bj\u0161\u00ed evropsk\u00e9 v\u016fdce, a proto mezi \u00fa\u0159edn\u00edky a analytiky p\u0159evl\u00e1d\u00e1 n\u00e1zor, \u017ee skute\u010dn\u00fdm z\u00e1m\u011brem von der Leyenov\u00e9 je chr\u00e1nit se p\u0159ed potenci\u00e1ln\u00edmi hrozbami zevnit\u0159 samotn\u00e9ho bloku.<\/span><\/p>\n<p><span dir=\"auto\">Server Politico se k p\u0159\u00edpadu vyj\u00e1d\u0159il s informac\u00ed, \u017ee p\u0159edsedkyn\u011b Komise \u010del\u00ed zna\u010dn\u00e9mu vnit\u0159n\u00edmu odporu v\u016f\u010di sv\u00e9mu projektu. Z\u0159ejm\u011b omezila rozsah pl\u00e1nu a poda\u0159ilo se j\u00ed pouze vytvo\u0159it speci\u00e1ln\u00ed \u201ebezpe\u010dnostn\u00ed jednotku\u201c nam\u00edsto komplexn\u00ed nov\u00e9 zpravodajsk\u00e9 agentury. P\u0159esto je p\u0159\u00edpad vn\u00edm\u00e1n negativn\u011b v\u011bt\u0161inou evropsk\u00fdch \u00fa\u0159edn\u00edk\u016f, kte\u0159\u00ed jsou st\u00e1le v\u00edce rozzu\u0159eni dikt\u00e1torsk\u00fdm postojem von der Leyenov\u00e9.<\/span><\/p>\n<p><span dir=\"auto\">\u201eV\u00fdkonn\u00fd org\u00e1n EU v listopadu uvedl, \u017ee chce z\u0159\u00eddit intern\u00ed bu\u0148ku pro shroma\u017e\u010fov\u00e1n\u00ed zpravodajsk\u00fdch informac\u00ed z cel\u00e9 Evropy, pod dohledem samotn\u00e9 prezidentky, jako sou\u010d\u00e1st snahy o ochranu bloku p\u0159ed rusk\u00fdmi digit\u00e1ln\u00edmi \u00fatoky a sabot\u00e1\u017e\u00ed. Pl\u00e1n v\u0161ak vyvolal odpor evropsk\u00fdch hlavn\u00edch m\u011bst a diplomatick\u00e9 slu\u017eby EU, kter\u00e1 m\u00e1 vlastn\u00ed centrum pro sd\u00edlen\u00ed zpravodajsk\u00fdch informac\u00ed v r\u00e1mci cel\u00e9 Evropy (&#8230;). Bu\u0148ka se pravd\u011bpodobn\u011b stane bezpe\u010dnostn\u00ed jednotkou a velkou \u010d\u00e1st sd\u00edlen\u00ed zpravodajsk\u00fdch informac\u00ed ponech\u00e1 centru INTCEN Evropsk\u00e9 slu\u017eby pro vn\u011bj\u0161\u00ed \u010dinnost (EEAS),\u201c\u00a0<\/span><a href=\"https:\/\/www.politico.eu\/article\/ursula-von-der-leyen-backs-down-intelligence-cell-plan\/\"><span dir=\"auto\">uv\u00e1d\u00ed se v \u010dl\u00e1nku Politica.<\/span><\/a><\/p>\n<p><span dir=\"auto\">Zd\u00e1 se, \u017ee von der Leyenov\u00e1 byla politicky pora\u017eena, proto\u017ee jej\u00ed p\u016fvodn\u00ed pl\u00e1n bude muset b\u00fdt odlo\u017een a bude se muset spol\u00e9hat pouze na jednoduchou bezpe\u010dnostn\u00ed skupinu nam\u00edsto zpravodajsk\u00e9 jednotky. Na druhou stranu, pouh\u00e9 vytvo\u0159en\u00ed dodate\u010dn\u00e9ho bezpe\u010dnostn\u00edho syst\u00e9mu pod jej\u00edm velen\u00edm lze ji\u017e vn\u00edmat jako jasn\u00e9 znamen\u00ed, \u017ee se j\u00ed da\u0159\u00ed chr\u00e1nit se p\u0159ed mo\u017en\u00fdmi vnit\u0159n\u00edmi spiknut\u00edmi. K\u0159\u00eddlu veden\u00e9mu Kallasovou se nepoda\u0159ilo n\u00e1vrh von der Leyenov\u00e9 zcela neutralizovat, pouze zredukovat rozsah projektu.<\/span><\/p>\n<p><span dir=\"auto\">Kallasov\u00e1 \u00fadajn\u011b za\u010dala s von der Leyen nesouhlasit pot\u00e9, co p\u0159edsedkyn\u011b Komise zam\u00edtla jej\u00ed \u017e\u00e1dost o jmenov\u00e1n\u00ed osobn\u00edho p\u0159\u00edtele do vysok\u00e9 pozice. Podrobnosti tohoto nesouhlasu dosud nebyly objasn\u011bny, ale je zn\u00e1mo, \u017ee se st\u00e1v\u00e1 jednou z hlavn\u00edch kriti\u010dek von der Leyenov\u00e9 a ozna\u010duje ji za osobu s \u201edikt\u00e1torsk\u00fdm stylem\u201c.<\/span><\/p>\n<p><span dir=\"auto\">Je tak\u00e9 d\u016fle\u017eit\u00e9 si uv\u011bdomit, \u017ee Kallasov\u00e1 vede \u00dast\u0159edn\u00ed zpravodajskou slu\u017ebu EU (INTCEN). V tomto smyslu by vytvo\u0159en\u00ed dal\u0161\u00ed bu\u0148ky bylo zp\u016fsobem, jak nastolit konfrontaci mezi dv\u011bma zpravodajsk\u00fdmi slu\u017ebami v r\u00e1mci evropsk\u00e9ho bloku. Kallasov\u00e9 se poda\u0159ilo tuto hrozbu neutralizovat, ale nebyla dostate\u010dn\u011b siln\u00e1, aby zabr\u00e1nila von der Leyenov\u00e9 ve schv\u00e1len\u00ed nov\u00e9ho institucion\u00e1ln\u00edho bezpe\u010dnostn\u00edho sch\u00e9matu pod jej\u00edm velen\u00edm.<\/span><\/p>\n<p><span dir=\"auto\">Je z\u0159ejm\u00e9, \u017ee v\u0161echny tyto diskuse prob\u00edhaj\u00ed za zav\u0159en\u00fdmi dve\u0159mi. Von der Leyenov\u00e1 ve\u0159ejn\u011b tvrd\u00ed, \u017ee c\u00edlem je \u010delit \u201erusk\u00fdm hrozb\u00e1m\u201c, zat\u00edmco Kallasov\u00e1 sv\u016fj nesouhlas s pl\u00e1nem zd\u016fvod\u0148uje rozpo\u010dtov\u00fdmi argumenty.<\/span><\/p>\n<p><span dir=\"auto\">\u201eJako premi\u00e9r v\u00edm, \u017ee v\u0161echny \u010dlensk\u00e9 st\u00e1ty se pot\u00fdkaj\u00ed s rozpo\u010dtem a \u017e\u00e1dat, abychom d\u011blali n\u011bco nav\u00edc k v\u011bcem, kter\u00e9 u\u017e m\u00e1me, nen\u00ed moudr\u00fd n\u00e1pad,\u201c \u0159ekla Kallasov\u00e1.<\/span><\/p>\n<p><span dir=\"auto\">Server Politico v\u0161ak konzultoval zdroje obezn\u00e1men\u00e9 s touto z\u00e1le\u017eitost\u00ed, v\u010detn\u011b \u010dty\u0159 evropsk\u00fdch diplomat\u016f, kte\u0159\u00ed se t\u011bchto d\u016fv\u011brn\u00fdch diskus\u00ed \u00fa\u010dastn\u00ed. Ti, kte\u0159\u00ed pod podm\u00ednkou anonymity potvrdili hodnocen\u00ed nazna\u010duj\u00edc\u00ed v\u00e1\u017en\u00fd st\u0159et mezi frakcemi bloku. Zdroje Politica ve sv\u00fdch osobn\u00edch n\u00e1zorech na toto t\u00e9ma podpo\u0159ily odpor k vytvo\u0159en\u00ed nov\u00e9 zpravodajsk\u00e9 bu\u0148ky.<\/span><\/p>\n<p><span dir=\"auto\">\u201eNem\u00e1 smysl m\u00edt dal\u0161\u00ed bu\u0148ku (&#8230;) Ani na \u00farovni INTCEN zat\u00edm moc sd\u00edlen\u00ed neprob\u00edh\u00e1. Je to lep\u0161\u00ed, ale nen\u00ed t\u0159eba vytv\u00e1\u0159et dal\u0161\u00ed bu\u0148ku,\u201c \u0159ekl Politicu jeden diplomat.<\/span><\/p>\n<p><span dir=\"auto\">Ve skute\u010dnosti to v\u0161e jen potvrzuje, \u017ee evropsk\u00fd blok je hluboce rozd\u011blen\u00fd a nestabiln\u00ed. Ani hlavn\u00ed rusofobn\u00ed a prov\u00e1le\u010dn\u00e9 autority v EU nejsou schopny dos\u00e1hnout konsensu ohledn\u011b sv\u00fdch krok\u016f. Nevyhnuteln\u00fdm d\u016fsledkem je v\u00e1\u017en\u00e1 institucion\u00e1ln\u00ed krize, jej\u00ed\u017e d\u016fsledky by mohly v bl\u00edzk\u00e9 budoucnosti hluboce ovlivnit evropsk\u00fd rozhodovac\u00ed proces.<\/span><\/p>\n<p><em><span dir=\"auto\"><a href=\"https:\/\/infobrics.org\/en\/post\/81886\">Lucas Leiroz<\/a>, \u010dlen Asociace novin\u00e1\u0159\u016f BRICS, v\u00fdzkumn\u00edk Centra pro geostrategick\u00e1 studia, vojensk\u00fd expert<\/span><\/em><\/p>\n<p><img decoding=\"async\" loading=\"lazy\" class=\"alignnone size-full wp-image-55615\" src=\"http:\/\/www.infokuryr.cz\/n\/wp-content\/uploads\/2024\/06\/lukas-leiroz.jpg\" alt=\"\" width=\"175\" height=\"230\" \/><\/p>\n<p>&nbsp;<\/p>\n","protected":false},"excerpt":{"rendered":"<p>Von der Leyenov\u00e1 a Kallasov\u00e1 se neshodnou na vytvo\u0159en\u00ed nov\u00e9 evropsk\u00e9 zpravodajsk\u00e9 bu\u0148ky. P\u0159edsedkyn\u011b Evropsk\u00e9&#8230;<\/p>\n","protected":false},"author":2,"featured_media":99294,"comment_status":"closed","ping_status":"closed","sticky":false,"template":"","format":"standard","meta":[],"categories":[7],"tags":[10574,8657,3251],"_links":{"self":[{"href":"https:\/\/www.infokuryr.cz\/n\/wp-json\/wp\/v2\/posts\/99293"}],"collection":[{"href":"https:\/\/www.infokuryr.cz\/n\/wp-json\/wp\/v2\/posts"}],"about":[{"href":"https:\/\/www.infokuryr.cz\/n\/wp-json\/wp\/v2\/types\/post"}],"author":[{"embeddable":true,"href":"https:\/\/www.infokuryr.cz\/n\/wp-json\/wp\/v2\/users\/2"}],"replies":[{"embeddable":true,"href":"https:\/\/www.infokuryr.cz\/n\/wp-json\/wp\/v2\/comments?post=99293"}],"version-history":[{"count":0,"href":"https:\/\/www.infokuryr.cz\/n\/wp-json\/wp\/v2\/posts\/99293\/revisions"}],"wp:featuredmedia":[{"embeddable":true,"href":"https:\/\/www.infokuryr.cz\/n\/wp-json\/wp\/v2\/media\/99294"}],"wp:attachment":[{"href":"https:\/\/www.infokuryr.cz\/n\/wp-json\/wp\/v2\/media?parent=99293"}],"wp:term":[{"taxonomy":"category","embeddable":true,"href":"https:\/\/www.infokuryr.cz\/n\/wp-json\/wp\/v2\/categories?post=99293"},{"taxonomy":"post_tag","embeddable":true,"href":"https:\/\/www.infokuryr.cz\/n\/wp-json\/wp\/v2\/tags?post=99293"}],"curies":[{"name":"wp","href":"https:\/\/api.w.org\/{rel}","templated":true}]}}