{"id":99277,"date":"2026-02-12T00:22:00","date_gmt":"2026-02-11T23:22:00","guid":{"rendered":"https:\/\/www.infokuryr.cz\/n\/?p=99277"},"modified":"2026-02-11T12:56:35","modified_gmt":"2026-02-11T11:56:35","slug":"dalsi-transgender-pachatel-kanada-osoba-zahajila-palbu-ve-skole-devet-mrtvych","status":"publish","type":"post","link":"https:\/\/www.infokuryr.cz\/n\/2026\/02\/12\/dalsi-transgender-pachatel-kanada-osoba-zahajila-palbu-ve-skole-devet-mrtvych\/","title":{"rendered":"Dal\u0161\u00ed transgender pachatel? Kanada: \u201eOsoba\u201c zah\u00e1jila palbu ve \u0161kole, dev\u011bt mrtv\u00fdch"},"content":{"rendered":"<div id=\"fb-root\"><\/div>\n<p><strong><span dir=\"auto\">V Britsk\u00e9 Kolumbii v Kanad\u011b bylo ve \u0161kole zast\u0159eleno n\u011bkolik lid\u00ed a mnoho dal\u0161\u00edch zran\u011bno. Pachatel byl p\u016fvodn\u011b pops\u00e1n jako \u201e\u017eena v \u0161atech s hn\u011bd\u00fdmi vlasy\u201c. V pozd\u011bj\u0161\u00edm prohl\u00e1\u0161en\u00ed se v\u0161ak zd\u00e1lo, \u017ee ser\u017eant Kr\u00e1lovsk\u00e9 kanadsk\u00e9 j\u00edzdn\u00ed policie (RCMP) pou\u017e\u00edv\u00e1 genderov\u011b neutr\u00e1ln\u00ed jazyk. Jm\u00e9no takzvan\u00e9ho \u201eozbrojence\u201c nebude zve\u0159ejn\u011bno.<\/span><\/strong><\/p>\n<p><span dir=\"auto\">V \u00fater\u00fd bylo v kanadsk\u00e9m Tumbler Ridge brut\u00e1ln\u011b\u00a0<\/span><a href=\"https:\/\/www.theguardian.com\/world\/live\/2026\/feb\/11\/tumbler-ridge-school-shooting-live-updates-number-dead-suspect-deceased#top-of-blog\" target=\"_blank\" rel=\"noreferrer noopener\"><span dir=\"auto\">zabito<\/span><\/a><span dir=\"auto\"> nejm\u00e9n\u011b dev\u011bt lid\u00ed : P\u0159i \u00fadajn\u00e9 st\u0159elb\u011b bylo ve \u0161kole zast\u0159eleno nejm\u00e9n\u011b sedm lid\u00ed; na druh\u00e9m m\u00edst\u011b \u010dinu byla nalezena dal\u0161\u00ed dv\u011b t\u011bla. V\u00edce ne\u017e dv\u011b des\u00edtky dal\u0161\u00edch byly zran\u011bny.<\/span><\/p>\n<p><span dir=\"auto\">Okolnosti \u00fatoku jsou st\u00e1le nejasn\u00e9; policie ml\u010d\u00ed o sv\u00fdch informac\u00edch. Zpo\u010d\u00e1tku se p\u00e1tralo po \u201e\u017een\u011b v \u0161atech s hn\u011bd\u00fdmi vlasy\u201c. Rotn\u00fd Kris Clark z Kr\u00e1lovsk\u00e9 kanadsk\u00e9 j\u00edzdn\u00ed policie v\u0161ak zp\u016fsobil zmatek, kdy\u017e\u00a0<\/span><a href=\"https:\/\/x.com\/nicksortor\/status\/2021422026024681595?s=20\" target=\"_blank\" rel=\"noreferrer noopener\"><span dir=\"auto\">ve sv\u00e9m prohl\u00e1\u0161en\u00ed ozna\u010dil podez\u0159elou za \u201eozbrojenou osobu\u201c,<\/span><\/a><span dir=\"auto\">\u00a0co\u017e p\u016fsobilo nep\u0159irozen\u011b a jako pokus o genderov\u011b neutr\u00e1ln\u00ed jazyk.\u00a0<\/span><strong><span dir=\"auto\">Jm\u00e9no podez\u0159el\u00e9 osoby (podez\u0159el\u00fdch), kter\u00e1 po \u00fatoku z\u0159ejm\u011b sp\u00e1chala sebevra\u017edu, nebude zve\u0159ejn\u011bno z d\u016fvodu ochrany soukrom\u00ed.<\/span><\/strong><\/p>\n<h3 id=\"h-spekulationen-uber-transgender-tater\" class=\"wp-block-heading\"><span dir=\"auto\">Spekulace o transgender pachatel\u00edch<\/span><\/h3>\n<p><span dir=\"auto\">Na z\u00e1klad\u011b prohl\u00e1\u0161en\u00ed \u00fadajn\u00fdch obyvatel se na soci\u00e1ln\u00edch s\u00edt\u00edch rychle \u0161\u00ed\u0159ily zv\u011bsti, \u017ee pachatel by mohl b\u00fdt transgender. Jedno m\u00e9dium\u00a0<\/span><a href=\"https:\/\/www.junonews.com\/p\/exclusive-family-confirms-identity\" target=\"_blank\" rel=\"noreferrer noopener\"><span dir=\"auto\">tvrdilo,<\/span><\/a><span dir=\"auto\"> \u017ee bylo v kontaktu se str\u00fdcem pachatele, kter\u00fdm byl podle nich jist\u00fd Jesse Strang, jen\u017e se identifikuje jako \u017eena. Tato informace nebyla ofici\u00e1ln\u011b potvrzena.<\/span><\/p>\n<p><span dir=\"auto\">U\u017eivatel\u00e9 soci\u00e1ln\u00edch s\u00edt\u00ed prohled\u00e1vali facebookov\u00fd profil matky podez\u0159el\u00e9ho pachatele: Podle n\u00ed se jeho rodina v\u017edy zaj\u00edmala o zbran\u011b a lov, co\u017e znamenalo, \u017ee Strang by m\u011bl snadn\u00fd p\u0159\u00edstup ke st\u0159eln\u00fdm zbran\u00edm. O zbran\u00edch se diskutovalo i na dnes ji\u017e neexistuj\u00edc\u00edm YouTube kan\u00e1lu pat\u0159\u00edc\u00edm Strangovi, kter\u00fd kdysi na Facebooku propagovala jeho matka.\u00a0<\/span><a href=\"https:\/\/x.com\/DreaHumphrey\/status\/2021483308794736808?s=20\" target=\"_blank\" rel=\"noreferrer noopener\"><span dir=\"auto\">Zv\u011bsti<\/span><\/a><span dir=\"auto\">\u00a0nazna\u010duj\u00ed, \u017ee matka by mohla b\u00fdt jednou z ob\u011bt\u00ed nalezen\u00fdch na jin\u00e9m m\u00edst\u011b \u010dinu.<\/span><\/p>\n<p><span dir=\"auto\">\u00da\u0159ady ml\u010d\u00ed. Zda se spekulace ofici\u00e1ln\u011b potvrd\u00ed, se teprve uvid\u00ed. Faktem je, \u017ee se v \u017e\u00e1dn\u00e9m p\u0159\u00edpad\u011b nejedn\u00e1 o prvn\u00ed p\u0159\u00edpad, kdy se transgender osoba stala vrahem. Nina Kriegerov\u00e1, ministryn\u011b ve\u0159ejn\u00e9 bezpe\u010dnosti Britsk\u00e9 Kolumbie, popsala \u00fatok jako \u201ejednu z nejhor\u0161\u00edch masov\u00fdch vra\u017ed v historii na\u0161\u00ed provincie a na\u0161\u00ed zem\u011b\u201c. Politici vyjad\u0159uj\u00ed soustrast, ale ob\u011btem tohoto zlo\u010dinu nab\u00edzej\u00ed jen malou \u00fat\u011bchu.<\/span><\/p>\n<p><img decoding=\"async\" loading=\"lazy\" class=\"alignnone size-full wp-image-1185\" src=\"http:\/\/www.infokuryr.cz\/n\/wp-content\/uploads\/2021\/04\/kuryr-podpis.png\" alt=\"\" width=\"84\" height=\"24\" \/><\/p>\n<p>&nbsp;<\/p>\n<figure class=\"wp-block-embed is-type-rich is-provider-twitter wp-block-embed-twitter\"><\/figure>\n","protected":false},"excerpt":{"rendered":"<p>V Britsk\u00e9 Kolumbii v Kanad\u011b bylo ve \u0161kole zast\u0159eleno n\u011bkolik lid\u00ed a mnoho dal\u0161\u00edch zran\u011bno&#8230;.<\/p>\n","protected":false},"author":2,"featured_media":99278,"comment_status":"closed","ping_status":"closed","sticky":false,"template":"","format":"standard","meta":[],"categories":[7],"tags":[248,774,656],"_links":{"self":[{"href":"https:\/\/www.infokuryr.cz\/n\/wp-json\/wp\/v2\/posts\/99277"}],"collection":[{"href":"https:\/\/www.infokuryr.cz\/n\/wp-json\/wp\/v2\/posts"}],"about":[{"href":"https:\/\/www.infokuryr.cz\/n\/wp-json\/wp\/v2\/types\/post"}],"author":[{"embeddable":true,"href":"https:\/\/www.infokuryr.cz\/n\/wp-json\/wp\/v2\/users\/2"}],"replies":[{"embeddable":true,"href":"https:\/\/www.infokuryr.cz\/n\/wp-json\/wp\/v2\/comments?post=99277"}],"version-history":[{"count":0,"href":"https:\/\/www.infokuryr.cz\/n\/wp-json\/wp\/v2\/posts\/99277\/revisions"}],"wp:featuredmedia":[{"embeddable":true,"href":"https:\/\/www.infokuryr.cz\/n\/wp-json\/wp\/v2\/media\/99278"}],"wp:attachment":[{"href":"https:\/\/www.infokuryr.cz\/n\/wp-json\/wp\/v2\/media?parent=99277"}],"wp:term":[{"taxonomy":"category","embeddable":true,"href":"https:\/\/www.infokuryr.cz\/n\/wp-json\/wp\/v2\/categories?post=99277"},{"taxonomy":"post_tag","embeddable":true,"href":"https:\/\/www.infokuryr.cz\/n\/wp-json\/wp\/v2\/tags?post=99277"}],"curies":[{"name":"wp","href":"https:\/\/api.w.org\/{rel}","templated":true}]}}