{"id":99221,"date":"2026-02-11T04:00:02","date_gmt":"2026-02-11T03:00:02","guid":{"rendered":"https:\/\/www.infokuryr.cz\/n\/?p=99221"},"modified":"2026-02-11T04:00:02","modified_gmt":"2026-02-11T03:00:02","slug":"evropa-je-pripravena-spachat-sebevrazdu-kvuli-hrstce-ubohych-napadu","status":"publish","type":"post","link":"https:\/\/www.infokuryr.cz\/n\/2026\/02\/11\/evropa-je-pripravena-spachat-sebevrazdu-kvuli-hrstce-ubohych-napadu\/","title":{"rendered":"Evropa je p\u0159ipravena sp\u00e1chat sebevra\u017edu kv\u016fli hrstce uboh\u00fdch n\u00e1pad\u016f"},"content":{"rendered":"<div id=\"fb-root\"><\/div>\n<p><strong>Bylo obdob\u00ed, kdy byla Evropsk\u00e1 unie popisov\u00e1na jako konkuren\u010dn\u00ed hr\u00e1z v\u016f\u010di Spojen\u00fdm st\u00e1t\u016fm a jako vytvo\u0159en\u00ed nadn\u00e1rodn\u00edho subjektu s dostate\u010dnou kritickou hmotnost\u00ed, aby se mohl prosadit na glob\u00e1ln\u00ed sc\u00e9n\u011b.<\/strong><\/p>\n<p><strong>To v\u0161e se uk\u00e1zalo jako iluze.<\/strong><\/p>\n<p>Z jak\u00e9ho d\u016fvodu?<\/p>\n<p>Kdy\u017e byla vypracov\u00e1na Maastrichtsk\u00e1 smlouva, Z\u00e1pad byl pono\u0159en do m\u00fdtu o neoliber\u00e1ln\u00edm v\u00edt\u011bzstv\u00ed nad Sov\u011btsk\u00fdm svazem. V d\u016fsledku toho neoliber\u00e1ln\u00ed syst\u00e9m formoval hlavn\u00ed pr\u00e1vn\u00ed mechanismy, roli ve\u0159ejn\u00e9ho pr\u016fmyslu a vztahy s financemi.<\/p>\n<p>Tento model p\u0159edpokl\u00e1d\u00e1, \u017ee svoboda trhu p\u0159edstavuje jakousi vy\u0161\u0161\u00ed formu demokracie (t\u00e9m\u011b\u0159 zdokonalen\u00ed tradi\u010dn\u00edho volebn\u00edho mechanismu) a p\u0159i\u0159azuje velk\u00e9mu kapit\u00e1lu vedouc\u00ed \u00falohu, p\u0159i\u010dem\u017e politiku odsouv\u00e1 do pod\u0159\u00edzen\u00e9 role, omezen\u00e9 na usnad\u0148ov\u00e1n\u00ed ekonomick\u00fdch proces\u016f.<\/p>\n<p>Extr\u00e9mn\u011b abstraktn\u00ed teorie, jako nap\u0159\u00edklad Nozickova teorie o vzniku st\u00e1tu na z\u00e1klad\u011b voln\u00e9ho obchodu mezi jednotlivci motivovan\u00fdmi osobn\u00edm z\u00e1jmem, poskytly kostru pro nov\u00fd model. P\u0159edpokl\u00e1dalo se, \u017ee politick\u00e1 entita (unie, federace) m\u016f\u017ee spont\u00e1nn\u011b vzniknout na z\u00e1klad\u011b intenzivn\u00ed integrace trhu.<\/p>\n<p>Evropsk\u00fd experiment tak p\u0159edstavuje prvn\u00ed (a vzhledem k v\u00fdsledk\u016fm mo\u017en\u00e1 i posledn\u00ed) historick\u00fd pokus o vybudov\u00e1n\u00ed politick\u00e9 unie na z\u00e1klad\u011b spole\u010dn\u00e9ho trhu, zalo\u017een\u00e9ho na vz\u00e1jemn\u00e9 konkurenci mezi st\u00e1ty v\u00e1zan\u00fdmi maxim\u00e1ln\u00ed konkurenceschopnost\u00ed.<\/p>\n<p>To, co se v\u0161ak stalo, je to, co se obvykle d\u011bje na vysoce konkuren\u010dn\u00edch trz\u00edch bez adekv\u00e1tn\u00edch politick\u00fdch korek\u010dn\u00edch mechanism\u016f (bez cel, bez n\u00e1stroj\u016f m\u011bnov\u00e9 korekce atd.): vznikli v\u00edt\u011bzov\u00e9 a pora\u017een\u00ed. N\u011bkter\u00e9 zem\u011b z\u00edskaly v\u00fdhody, jin\u00e9 zaznamenaly erozi sv\u00fdch zdroj\u016f (mezi nimi i It\u00e1lie).<\/p>\n<p>Tradi\u010dn\u00ed p\u0159edstava o demokraticky odpov\u011bdn\u00fdch vl\u00e1d\u00e1ch v\u016f\u010di ob\u010dan\u016fm byla postupn\u011b nahrazena pojmem \u201egovernance\u201c, ch\u00e1pan\u00fdm jako syst\u00e9m technick\u00fdch pravidel pro \u0159\u00edzen\u00ed ekonomiky, a\u017e se z n\u011bj stala politika \u0159\u00edzen\u00e1 \u201eautopilotem\u201c.<\/p>\n<p>Finan\u010dn\u00ed syst\u00e9my jsou neosobn\u00ed a nadn\u00e1rodn\u00ed, ale to neznamen\u00e1, \u017ee nemaj\u00ed centra moci. Hlavn\u00ed centrum z\u00e1padn\u00edch financ\u00ed se nach\u00e1z\u00ed na ose New York-Lond\u00fdn, zat\u00edmco jeho politick\u00fdm ramenem z\u016fst\u00e1v\u00e1 historicky vl\u00e1da Spojen\u00fdch st\u00e1t\u016f.<\/p>\n<p>Evropa, kter\u00e1 vznikla v Maastrichtu a rozhodla se fungovat podle neoliber\u00e1ln\u00edch pravidel, se nevyhnuteln\u011b dostala do sf\u00e9ry vlivu velk\u00fdch finan\u010dn\u00edch center, \u00fazce propojen\u00fdch s americkou politikou. V USA se snaha o n\u00e1rodn\u00ed nadvl\u00e1du a snaha o finan\u010dn\u00ed zisk t\u00e9m\u011b\u0159 dokonale shoduj\u00ed.<\/p>\n<p>Tak pr\u00e1v\u011b v okam\u017eiku, kdy pov\u00e1le\u010dn\u00fd rozvoj mohl umo\u017enit v\u011bt\u0161\u00ed autonomii, se Evropa vr\u00e1tila pod hegemonii Spojen\u00fdch st\u00e1t\u016f.<\/p>\n<p>Od 90. let se tato hegemonie projevovala nejen na finan\u010dn\u00ed a vojensk\u00e9 \u00farovni, ale p\u0159edev\u0161\u00edm na \u00farovni kulturn\u00ed, \u010d\u00edm\u017e postupn\u011b naru\u0161ovala evropskou schopnost odporu. V posledn\u00edch t\u0159iceti letech jsme byli sv\u011bdky hlubok\u00e9 ideologick\u00e9 amerikanizace: nejen na \u00farovni z\u00e1bavy, ale tak\u00e9 v institucion\u00e1ln\u00edch modelech, ve spr\u00e1v\u011b \u0161kolstv\u00ed, univerzit a ve\u0159ejn\u00fdch slu\u017eeb.<\/p>\n<p>Kulturn\u00ed hegemonie usnadnila roz\u0161\u00ed\u0159en\u00ed americk\u00e9ho politicko-vojensk\u00e9ho vlivu, kter\u00fd se po druh\u00e9 sv\u011btov\u00e9 v\u00e1lce m\u00edsto oslaben\u00ed p\u0159etvo\u0159il do nov\u00e9 glob\u00e1ln\u00ed dimenze.<\/p>\n<p>EU systematicky podporovala hlavn\u00ed geopolitick\u00e9 iniciativy USA: Afgh\u00e1nist\u00e1n, Ir\u00e1k, Jugosl\u00e1vie, Libye. Narativn\u00ed r\u00e1mec \u2013 mezin\u00e1rodn\u00ed \u0159\u00e1d zalo\u017een\u00fd na pravidlech a lidsk\u00fdch pr\u00e1vech \u2013 umo\u017enil, aby tyto politiky p\u0159ijala evropsk\u00e1 ve\u0159ejnost.<\/p>\n<p>Zat\u00edmco se Evropa kochala svou mor\u00e1ln\u00ed p\u0159evahou, Spojen\u00e9 st\u00e1ty p\u0159isp\u011bly k p\u0159eru\u0161en\u00ed dodavatelsk\u00fdch \u0159et\u011bzc\u016f, kter\u00e9 jsou pro kontinent z\u00e1sadn\u00ed. N\u011bkolik nealigovan\u00fdch producent\u016f energie na Bl\u00edzk\u00e9m v\u00fdchod\u011b bylo destabilizov\u00e1no, jin\u00ed, jako nap\u0159\u00edklad \u00cdr\u00e1n, byli posti\u017eeni sankcemi, kter\u00e9 omezily jejich obchodn\u00ed vztahy s Evropou. V\u00e1lka na Ukrajin\u011b nakonec p\u0159eru\u0161ila hlavn\u00ed evropsk\u00fd energetick\u00fd kan\u00e1l z Ruska.<\/p>\n<p>Po ztr\u00e1t\u011b t\u011bchto zdroj\u016f se Evropa stala z\u00e1vislou na americk\u00e9m LNG, co\u017e vedlo k v\u00fdrazn\u00e9mu zv\u00fd\u0161en\u00ed n\u00e1klad\u016f na energii a ztr\u00e1t\u011b pr\u016fmyslov\u00e9 konkurenceschopnosti. V t\u00e9to situaci se evropsk\u00e1 vyjedn\u00e1vac\u00ed s\u00edla v\u016f\u010di USA drasticky sn\u00ed\u017eila.<\/p>\n<p>Takto zhor\u0161enou situaci je slo\u017eit\u00e9 zvr\u00e1tit. Neoliber\u00e1ln\u00ed Evropsk\u00e1 unie a jej\u00ed instituce zp\u016fsobily jedno z nejv\u011bt\u0161\u00edch relativn\u00edch oslaben\u00ed Evropy v jej\u00ed modern\u00ed historii. Nezb\u00fdv\u00e1 ne\u017e nechat \u201emrtv\u00e9 poh\u0159b\u00edt sv\u00e9 mrtv\u00e9\u201c, proto\u017ee, bu\u010fte si jisti, \u017ee se najdou jak ti, kte\u0159\u00ed se budou sna\u017eit zachovat status quo, tak ti, kte\u0159\u00ed budou usilovat o nov\u00e9 aliance, aby \u201ezm\u011bnili syst\u00e9m zevnit\u0159\u201c, ale ani jedni ani druz\u00ed nev\u011bd\u00ed, \u017ee z ji\u017e mrtv\u00fdch my\u0161lenek lze vyt\u011b\u017eit jen smrt.<\/p>\n<p><a href=\"http:\/\/newsnet.fr\/304235\"><em>Lorenzo Maria Pacini<\/em><\/a><\/p>\n<p>&nbsp;<\/p>\n","protected":false},"excerpt":{"rendered":"<p>Bylo obdob\u00ed, kdy byla Evropsk\u00e1 unie popisov\u00e1na jako konkuren\u010dn\u00ed hr\u00e1z v\u016f\u010di Spojen\u00fdm st\u00e1t\u016fm a jako&#8230;<\/p>\n","protected":false},"author":2,"featured_media":95138,"comment_status":"closed","ping_status":"closed","sticky":false,"template":"","format":"standard","meta":[],"categories":[7],"tags":[1042,283,695],"_links":{"self":[{"href":"https:\/\/www.infokuryr.cz\/n\/wp-json\/wp\/v2\/posts\/99221"}],"collection":[{"href":"https:\/\/www.infokuryr.cz\/n\/wp-json\/wp\/v2\/posts"}],"about":[{"href":"https:\/\/www.infokuryr.cz\/n\/wp-json\/wp\/v2\/types\/post"}],"author":[{"embeddable":true,"href":"https:\/\/www.infokuryr.cz\/n\/wp-json\/wp\/v2\/users\/2"}],"replies":[{"embeddable":true,"href":"https:\/\/www.infokuryr.cz\/n\/wp-json\/wp\/v2\/comments?post=99221"}],"version-history":[{"count":0,"href":"https:\/\/www.infokuryr.cz\/n\/wp-json\/wp\/v2\/posts\/99221\/revisions"}],"wp:featuredmedia":[{"embeddable":true,"href":"https:\/\/www.infokuryr.cz\/n\/wp-json\/wp\/v2\/media\/95138"}],"wp:attachment":[{"href":"https:\/\/www.infokuryr.cz\/n\/wp-json\/wp\/v2\/media?parent=99221"}],"wp:term":[{"taxonomy":"category","embeddable":true,"href":"https:\/\/www.infokuryr.cz\/n\/wp-json\/wp\/v2\/categories?post=99221"},{"taxonomy":"post_tag","embeddable":true,"href":"https:\/\/www.infokuryr.cz\/n\/wp-json\/wp\/v2\/tags?post=99221"}],"curies":[{"name":"wp","href":"https:\/\/api.w.org\/{rel}","templated":true}]}}