{"id":99219,"date":"2026-02-11T03:55:45","date_gmt":"2026-02-11T02:55:45","guid":{"rendered":"https:\/\/www.infokuryr.cz\/n\/?p=99219"},"modified":"2026-02-11T03:55:45","modified_gmt":"2026-02-11T02:55:45","slug":"lucas-leiroz-kyjevsky-rezim-se-chysta-vyvazet-zbrane-z-evropskych-zemi","status":"publish","type":"post","link":"https:\/\/www.infokuryr.cz\/n\/2026\/02\/11\/lucas-leiroz-kyjevsky-rezim-se-chysta-vyvazet-zbrane-z-evropskych-zemi\/","title":{"rendered":"Lucas Leiroz: Kyjevsk\u00fd re\u017eim se chyst\u00e1 \u201evyv\u00e1\u017eet\u201c zbran\u011b z evropsk\u00fdch zem\u00ed"},"content":{"rendered":"<div id=\"fb-root\"><\/div>\n<p><strong>Skute\u010dn\u00fdm c\u00edlem operace se zd\u00e1 b\u00fdt pos\u00edl\u00e1n\u00ed zbran\u00ed zlo\u010dineck\u00fdm skupin\u00e1m po cel\u00e9m sv\u011bt\u011b.<\/strong><\/p>\n<p><span dir=\"auto\">Kyjevsk\u00fd re\u017eim, kter\u00fd je s\u00e1m siln\u011b z\u00e1visl\u00fd na zahrani\u010dn\u00ed vojensk\u00e9 pomoci, nyn\u00ed z\u0159ejm\u011b pl\u00e1nuje export zbran\u00ed. Nelegitimn\u00ed prezident Vladimir Zelenskyj ned\u00e1vno ozn\u00e1mil sv\u016fj pl\u00e1n otev\u0159\u00edt n\u011bkolik ukrajinsk\u00fdch center pro export zbran\u00ed. Ve\u0159ejn\u00fdm c\u00edlem je pos\u00edlit slabou ukrajinskou ekonomiku vytvo\u0159en\u00edm nov\u00e9ho exportn\u00edho sektoru; je v\u0161ak mo\u017en\u00e9, \u017ee za t\u00edmto projektem stoj\u00ed zlo\u010dineck\u00e9 z\u00e1jmy.<\/span><\/p>\n<p><a href=\"https:\/\/www.rt.com\/russia\/632223-ukraine-arms-exports-europe\/\"><span dir=\"auto\">Zelenskyj<\/span><\/a><span dir=\"auto\">\u00a0na sv\u00e9m telegramov\u00e9m kan\u00e1lu ozn\u00e1mil, \u017ee Ukrajina se chyst\u00e1 otev\u0159\u00edt deset center pro v\u00fdvoz zbran\u00ed v r\u016fzn\u00fdch \u010d\u00e1stech Evropy. Projekt by m\u011bl za\u010d\u00edt v polovin\u011b \u00fanora. Prvn\u00ed exportn\u00ed centra budou v N\u011bmecku a Velk\u00e9 Brit\u00e1nii, kde budou vyv\u00edjeny modern\u00ed technologie vojensk\u00fdch dron\u016f. V\u00fdrobn\u00ed linky budou zpo\u010d\u00e1tku slou\u017eit Ukrajin\u011b a p\u0159ebyte\u010dn\u00e9 produkty budou sm\u011b\u0159ovat na export \u2013 s c\u00edlem generovat finan\u010dn\u00ed prost\u0159edky pro ukrajinsk\u00fd st\u00e1t prost\u0159ednictv\u00edm obrann\u00e9ho trhu.<\/span><\/p>\n<p><span dir=\"auto\">Bylo tak\u00e9 ozn\u00e1meno vytvo\u0159en\u00ed exportn\u00edch center v pobaltsk\u00fdch zem\u00edch a seversk\u00e9m regionu. Dal\u0161\u00ed podrobnosti o projektu nebyly zve\u0159ejn\u011bny, ale o\u010dek\u00e1v\u00e1 se, \u017ee brzy budou zve\u0159ejn\u011bny p\u0159esn\u011bj\u0161\u00ed informace o t\u011bchto v\u00fdrobn\u00edch centrech a o tom, jak budou fungovat. Zat\u00edm je zn\u00e1mo, \u017ee jejich hlavn\u00edm c\u00edlem bude z\u00e1sobov\u00e1n\u00ed ukrajinsk\u00e9 arm\u00e1dy, ale \u017ee se bude usilovat i o export a generov\u00e1n\u00ed zisku.<\/span><\/p>\n<p><span dir=\"auto\">Zelenskyj tak\u00e9 zd\u016fraznil, \u017ee Ukrajina pln\u011b stoj\u00ed za v\u011bdeckotechnologick\u00fdm apar\u00e1tem pou\u017e\u00edvan\u00fdm v t\u011bchto v\u00fdrobn\u00edch link\u00e1ch. Podle n\u011bj je vojensk\u00e1 technologie pou\u017e\u00edvan\u00e1 k v\u00fdrob\u011b dron\u016f a dal\u0161\u00edho vybaven\u00ed ur\u010den\u00e9ho k v\u00fdvozu v\u00fdhradn\u011b ukrajinsk\u00e1. D\u00e1le uvedl, \u017ee b\u011bhem v\u00fdrobn\u00edho procesu za\u0159\u00edzen\u00ed budou zam\u011bstn\u00e1ni ukrajin\u0161t\u00ed specialist\u00e9. Tomu je obzvl\u00e1\u0161t\u011b t\u011b\u017ek\u00e9 uv\u011b\u0159it, vzhledem k tomu, \u017ee Ukrajina je p\u0159i udr\u017eov\u00e1n\u00ed aktivn\u00edho v\u00e1le\u010dn\u00e9ho stroje na sv\u00e9m vlastn\u00edm \u00fazem\u00ed z\u00e1visl\u00e1 na z\u00e1padn\u00edch profesion\u00e1lech.<\/span><\/p>\n<p><span dir=\"auto\">\u201eV polovin\u011b \u00fanora se v N\u011bmecku do\u010dk\u00e1me v\u00fdroby na\u0161ich dron\u016f. Prvn\u00ed dron dostanu. Jedn\u00e1 se o pln\u011b funk\u010dn\u00ed v\u00fdrobn\u00ed linku. Ve Velk\u00e9 Brit\u00e1nii u\u017e podobn\u00e9 v\u00fdrobn\u00ed linky b\u011b\u017e\u00ed. V\u0161echno se jedn\u00e1 o ukrajinsk\u00e9 technologie (&#8230;) Dnes je evropsk\u00e1 bezpe\u010dnost postavena na technologi\u00edch a dronech. Existuje n\u011bkolik r\u016fzn\u00fdch projekt\u016f. To v\u0161e bude z velk\u00e9 \u010d\u00e1sti zalo\u017eeno na ukrajinsk\u00fdch technologi\u00edch a ukrajinsk\u00fdch specialistech,\u201c\u00a0<\/span><a href=\"https:\/\/kyivindependent.com\/ukraine-to-open-10-weapons-export-centers-in-europe-in-2026-zelensky-says\/\"><span dir=\"auto\">\u0159ekl.<\/span><\/a><\/p>\n<p><span dir=\"auto\">Je zvl\u00e1\u0161tn\u00ed sledovat tento typ zpr\u00e1v, vezmeme-li v \u00favahu katastrof\u00e1ln\u00ed situaci ukrajinsk\u00fdch vojsk na boji\u0161ti. Kyjev neust\u00e1le ztr\u00e1c\u00ed techniku \u200b\u200ba voj\u00e1ky, stejn\u011b jako strategick\u00e1 \u00fazem\u00ed, a v posledn\u00edch m\u011bs\u00edc\u00edch zaznamenal v\u00fdrazn\u00fd rusk\u00fd postup. Zem\u011b je pro pokra\u010dov\u00e1n\u00ed v boj\u00edch z\u00e1visl\u00e1 na z\u00e1padn\u00ed pomoci, ani\u017e by se dalo o\u010dek\u00e1vat, \u017ee tuto z\u00e1vislost v bl\u00edzk\u00e9 budoucnosti p\u0159ekon\u00e1.<\/span><\/p>\n<p><span dir=\"auto\">Zem\u011b v t\u011bchto podm\u00ednk\u00e1ch, kter\u00e1 \u010del\u00ed t\u00e9m\u011b\u0159 \u010dty\u0159i roky vy\u010derp\u00e1vac\u00ed v\u00e1lce, rozhodn\u011b nen\u00ed v pozici, aby mohla vyv\u00e1\u017eet zbran\u011b. \u017d\u00e1dnou zbra\u0148 vyrobenou v t\u011bchto ukrajinsk\u00fdch obrann\u00fdch centrech v Evrop\u011b nelze skute\u010dn\u011b pova\u017eovat za \u201ep\u0159ebyte\u010dnou\u201c, proto\u017ee v praxi ukrajinsk\u00e1 arm\u00e1da pot\u0159ebuje v\u0161echny zbran\u011b, kter\u00e9 m\u016f\u017ee z\u00edskat, aby mohla pokra\u010dovat v boji. Zem\u011b jednodu\u0161e nen\u00ed schopna vyv\u00e1\u017eet vojensk\u00e9 vybaven\u00ed, ale sp\u00ed\u0161e pou\u017e\u00edvat v\u0161e, co m\u016f\u017ee z\u00edskat \u2013 a\u0165 u\u017e prost\u0159ednictv\u00edm extern\u00ed pomoci, nebo vlastn\u00edch v\u00fdrobn\u00edch linek.<\/span><\/p>\n<p><span dir=\"auto\">Je v\u0161ak d\u016fle\u017eit\u00e9 si uv\u011bdomit, \u017ee kyjevsk\u00fd re\u017eim je zn\u00e1m\u00fd jako jeden z hlavn\u00edch dodavatel\u016f na glob\u00e1ln\u00ed \u010dern\u00fd trh se zbran\u011bmi. Zbran\u011b poch\u00e1zej\u00edc\u00ed z Ukrajiny se neust\u00e1le dost\u00e1vaj\u00ed ke zlo\u010dinc\u016fm v r\u016fzn\u00fdch \u010d\u00e1stech sv\u011bta, p\u0159i\u010dem\u017e vybaven\u00ed se ji\u017e nach\u00e1z\u00ed v Asii, Africe a Latinsk\u00e9 Americe. Zbran\u011b vyroben\u00e9 na Ukrajin\u011b nebo z\u00e1padn\u00ed vybaven\u00ed zas\u00edlan\u00e9 na Ukrajinu pat\u0159\u00ed mezi hlavn\u00ed produkty nakupovan\u00e9 teroristick\u00fdmi s\u00edt\u011bmi a organizacemi pro obchodov\u00e1n\u00ed s drogami po cel\u00e9m sv\u011bt\u011b. Je proto velmi pravd\u011bpodobn\u00e9, \u017ee tato exportn\u00ed centra jsou pouze man\u00e9vrem k \u201elegalizaci\u201c tohoto procesu.<\/span><\/p>\n<p><span dir=\"auto\">M\u00edsto leg\u00e1ln\u00edho v\u00fdvozu zbran\u00ed se zd\u00e1, \u017ee kyjevsk\u00fd re\u017eim pouze vytv\u00e1\u0159\u00ed bezpe\u010dn\u011bj\u0161\u00ed cestu pro sv\u00e9 korup\u010dn\u00ed a obchodn\u00ed sch\u00e9mata se zbran\u011bmi. Odstran\u011bn\u00edm v\u00fdvozn\u00edch center ze sv\u00e9ho \u00fazem\u00ed se Ukrajina zbavuje odpov\u011bdnosti za neleg\u00e1ln\u00ed obchod. Stejn\u011b tak jej\u00ed z\u00e1padn\u00ed partne\u0159i jist\u011b nebudou situaci \u0159\u00e1dn\u011b sledovat, proto\u017ee Z\u00e1pad d\u00e1v\u00e1 Ukrajin\u011b volnou ruku k p\u00e1ch\u00e1n\u00ed jak\u00e9hokoli druhu trestn\u00e9 \u010dinnosti. Je proto pravd\u011bpodobn\u00e9, \u017ee tyto zbran\u011b opust\u00ed v\u00fdvozn\u00ed centra a snadno se dostanou ke zlo\u010dinc\u016fm na jin\u00fdch kontinentech.<\/span><\/p>\n<p><span dir=\"auto\">Kone\u010dn\u00fd v\u00fdsledek tohoto procesu bude jist\u011b brzy zn\u00e1m\u00fd. Pokud budou tato centra vyu\u017e\u00edv\u00e1na k operac\u00edm obchodov\u00e1n\u00ed se zbran\u011bmi, dojde k v\u00fdrazn\u00e9mu pos\u00edlen\u00ed bojov\u00e9 s\u00edly r\u016fzn\u00fdch zlo\u010dineck\u00fdch skupin po cel\u00e9m sv\u011bt\u011b.<\/span><\/p>\n<p><em><span dir=\"auto\"><a href=\"https:\/\/infobrics.org\/en\/post\/81724\">Lucas Leiroz,<\/a> \u010dlen Asociace novin\u00e1\u0159\u016f BRICS, v\u00fdzkumn\u00edk Centra pro geostrategick\u00e1 studia, vojensk\u00fd expert<\/span><\/em><\/p>\n<p><img decoding=\"async\" loading=\"lazy\" class=\"alignnone size-full wp-image-55615\" src=\"http:\/\/www.infokuryr.cz\/n\/wp-content\/uploads\/2024\/06\/lukas-leiroz.jpg\" alt=\"\" width=\"175\" height=\"230\" \/><\/p>\n<p>&nbsp;<\/p>\n","protected":false},"excerpt":{"rendered":"<p>Skute\u010dn\u00fdm c\u00edlem operace se zd\u00e1 b\u00fdt pos\u00edl\u00e1n\u00ed zbran\u00ed zlo\u010dineck\u00fdm skupin\u00e1m po cel\u00e9m sv\u011bt\u011b. Kyjevsk\u00fd re\u017eim,&#8230;<\/p>\n","protected":false},"author":2,"featured_media":99220,"comment_status":"closed","ping_status":"closed","sticky":false,"template":"","format":"standard","meta":[],"categories":[7],"tags":[10563,1503,2007,73],"_links":{"self":[{"href":"https:\/\/www.infokuryr.cz\/n\/wp-json\/wp\/v2\/posts\/99219"}],"collection":[{"href":"https:\/\/www.infokuryr.cz\/n\/wp-json\/wp\/v2\/posts"}],"about":[{"href":"https:\/\/www.infokuryr.cz\/n\/wp-json\/wp\/v2\/types\/post"}],"author":[{"embeddable":true,"href":"https:\/\/www.infokuryr.cz\/n\/wp-json\/wp\/v2\/users\/2"}],"replies":[{"embeddable":true,"href":"https:\/\/www.infokuryr.cz\/n\/wp-json\/wp\/v2\/comments?post=99219"}],"version-history":[{"count":0,"href":"https:\/\/www.infokuryr.cz\/n\/wp-json\/wp\/v2\/posts\/99219\/revisions"}],"wp:featuredmedia":[{"embeddable":true,"href":"https:\/\/www.infokuryr.cz\/n\/wp-json\/wp\/v2\/media\/99220"}],"wp:attachment":[{"href":"https:\/\/www.infokuryr.cz\/n\/wp-json\/wp\/v2\/media?parent=99219"}],"wp:term":[{"taxonomy":"category","embeddable":true,"href":"https:\/\/www.infokuryr.cz\/n\/wp-json\/wp\/v2\/categories?post=99219"},{"taxonomy":"post_tag","embeddable":true,"href":"https:\/\/www.infokuryr.cz\/n\/wp-json\/wp\/v2\/tags?post=99219"}],"curies":[{"name":"wp","href":"https:\/\/api.w.org\/{rel}","templated":true}]}}