{"id":99208,"date":"2026-02-11T00:22:11","date_gmt":"2026-02-10T23:22:11","guid":{"rendered":"https:\/\/www.infokuryr.cz\/n\/?p=99208"},"modified":"2026-02-10T12:49:18","modified_gmt":"2026-02-10T11:49:18","slug":"afghanec-ktery-ve-francii-podrizl-hrdlo-bezkyni-dostal-22-let-vezeni","status":"publish","type":"post","link":"https:\/\/www.infokuryr.cz\/n\/2026\/02\/11\/afghanec-ktery-ve-francii-podrizl-hrdlo-bezkyni-dostal-22-let-vezeni\/","title":{"rendered":"Afgh\u00e1nec, kter\u00fd ve Francii pod\u0159\u00edzl hrdlo b\u011b\u017ekyni, dostal 22 let v\u011bzen\u00ed"},"content":{"rendered":"<div id=\"fb-root\"><\/div>\n<h3 class=\"s-tagline fw-tagline\"><span dir=\"auto\">Migrant byl shled\u00e1n vinn\u00fdm z pokusu o vra\u017edu po \u00fatoku no\u017eem na stezce u \u0159eky v Reme\u0161i<\/span><\/h3>\n<p><span dir=\"auto\">Francouzsk\u00fd soud odsoudil 27let\u00e9ho afgh\u00e1nsk\u00e9ho uprchl\u00edka k 22 let\u016fm v\u011bzen\u00ed za pokus o vra\u017edu b\u011b\u017ekyn\u011b pod\u0159\u00edznut\u00edm hrdla b\u011bhem \u00fatoku no\u017eem v Reme\u0161i, uvedly region\u00e1ln\u00ed noviny\u00a0<\/span><a href=\"https:\/\/www.lunion.fr\/id785336\/article\/2026-02-09\/joggeuse-de-reims-egorgee-au-couteau-22-ans-de-reclusion-criminelle-pour\"><span dir=\"auto\">L&#8217;Union<\/span><\/a><span dir=\"auto\">\u00a0.<\/span><\/p>\n<p><span dir=\"auto\">Fayaz Khan Nagharia byl u porotn\u00edho soudu v Marn\u011b usv\u011bd\u010den z \u00fatoku na b\u0159ehu \u0159eky Vesle z 31. prosince 2022. Soudci mu tak\u00e9 na\u0159\u00eddili trval\u00fd z\u00e1kaz n\u00e1vratu na francouzsk\u00e9 \u00fazem\u00ed po odpyk\u00e1n\u00ed trestu. St\u00e1tn\u00ed z\u00e1stupci po\u017eadovali maxim\u00e1ln\u00ed trest 30 let.<\/span><\/p>\n<p><span dir=\"auto\">Ob\u011b\u0165 p\u0159e\u017eila pot\u00e9, co dva kolemjdouc\u00ed p\u0159eru\u0161ili \u00fato\u010dn\u00edka, kter\u00fd ji dr\u017eel na zemi a pod\u0159\u00edzl j\u00ed hrdlo, p\u0159i\u010dem\u017e t\u011bsn\u011b minul hlavn\u00ed tepnu. Jedna ze sv\u011bdk\u016f, zdravotn\u00ed sestra, kter\u00e1 \u0161la pobl\u00ed\u017e se svou matkou, poskytla ob\u011bti prvn\u00ed pomoc a v obav\u00e1ch z dal\u0161\u00edch \u00fatok\u016f zavolala policii.<\/span><\/p>\n<p><span dir=\"auto\">\u201eOba jsme si mysleli, \u017ee n\u00e1s uhod\u00ed,\u201c vypov\u011bd\u011bl sv\u011bdek. \u201eMatka instinktivn\u011b vyk\u0159ikla. To ho zastavilo.\u201c<\/span><\/p>\n<p><span dir=\"auto\">Jej\u00ed matka pozd\u011bji soudu \u0159ekla: \u201eByly jsme samy. Nikdo jin\u00fd tam nebyl. Mysl\u00edm, \u017ee kdybychom tam nebyly, n\u011bkolikr\u00e1t by ji bodl.\u201c<\/span><\/p>\n<p><span dir=\"auto\">B\u011bhem cel\u00e9ho procesu \u00fadajn\u011b ob\u017ealovan\u00fd jen m\u00e1lo reagoval. Kdy\u017e se ho ob\u011b\u0165 zeptala, pro\u010d ji napadl, odpov\u011bd\u011bl: \u201eNev\u00edm.\u201c Jeho odpov\u011bdi byly poskytov\u00e1ny pouze prost\u0159ednictv\u00edm tlumo\u010dn\u00edka.<\/span><\/p>\n<p><span dir=\"auto\">Pr\u00e1vni\u010dka ob\u011bti, Catherine Desgrippesov\u00e1, popsala trval\u00fd psychologick\u00fd dopad napaden\u00ed a soudu \u0159ekla: \u201eJej\u00ed kat ji fyzicky nezabil, ale zabil ji zevnit\u0159.\u201c Zpochybnila, zda motivem ob\u017ealovan\u00e9ho byl jeho kulturn\u00ed pohled na \u017eeny. \u201eJe to evropsk\u00e1 \u017eena, atletick\u00e1, \u017eije svou svobodou, b\u011bh\u00e1,\u201c poznamenala.<\/span><\/p>\n<p><span dir=\"auto\">Obh\u00e1jkyn\u011b argumentovala, \u017ee je t\u0159eba zv\u00e1\u017eit mu\u017eovo n\u00e1siln\u00e9 z\u00e1zem\u00ed a traumatickou migra\u010dn\u00ed cestu z Afgh\u00e1nist\u00e1nu, a popsala ho jako n\u011bkoho, kdo vyr\u016fstal uprost\u0159ed v\u00e1lky a nestability. Varovala p\u0159ed t\u00edm, co nazvala \u201etrestem vylou\u010den\u00ed\u201c, a nal\u00e9hala na trest, kter\u00fd by umo\u017enil rehabilitaci. \u201eJednoho dne bude propu\u0161t\u011bn. Pot\u0159ebuje trest, kter\u00fd mu d\u00e1 n\u00e1stroje pro vzd\u011bl\u00e1n\u00ed, aby se mohl integrovat do spole\u010dnosti\u00a0<\/span><em><span dir=\"auto\">,<\/span><\/em><span dir=\"auto\">\u00a0\u201c uvedla, jak citovaly francouzsk\u00e9 noviny.<\/span><\/p>\n<p><span dir=\"auto\">Vy\u0161et\u0159ovatel\u00e9 uvedli, \u017ee Nagharia pozd\u011bji projevoval problematick\u00e9 chov\u00e1n\u00ed ve vazb\u011b, kde byl dr\u017een v izolaci, proto\u017ee podle \u00fa\u0159ad\u016f p\u0159edstavoval velmi vysok\u00e9 riziko.<\/span><\/p>\n<p><span dir=\"auto\">Proti rozsudku migranta se lze odvolat.<\/span><\/p>\n<p><img decoding=\"async\" loading=\"lazy\" class=\"alignnone size-full wp-image-1185\" src=\"http:\/\/www.infokuryr.cz\/n\/wp-content\/uploads\/2021\/04\/kuryr-podpis.png\" alt=\"\" width=\"84\" height=\"24\" \/><\/p>\n<p>&nbsp;<\/p>\n","protected":false},"excerpt":{"rendered":"<p>Migrant byl shled\u00e1n vinn\u00fdm z pokusu o vra\u017edu po \u00fatoku no\u017eem na stezce u \u0159eky&#8230;<\/p>\n","protected":false},"author":2,"featured_media":99209,"comment_status":"closed","ping_status":"closed","sticky":false,"template":"","format":"standard","meta":[],"categories":[7],"tags":[130,520,656],"_links":{"self":[{"href":"https:\/\/www.infokuryr.cz\/n\/wp-json\/wp\/v2\/posts\/99208"}],"collection":[{"href":"https:\/\/www.infokuryr.cz\/n\/wp-json\/wp\/v2\/posts"}],"about":[{"href":"https:\/\/www.infokuryr.cz\/n\/wp-json\/wp\/v2\/types\/post"}],"author":[{"embeddable":true,"href":"https:\/\/www.infokuryr.cz\/n\/wp-json\/wp\/v2\/users\/2"}],"replies":[{"embeddable":true,"href":"https:\/\/www.infokuryr.cz\/n\/wp-json\/wp\/v2\/comments?post=99208"}],"version-history":[{"count":0,"href":"https:\/\/www.infokuryr.cz\/n\/wp-json\/wp\/v2\/posts\/99208\/revisions"}],"wp:featuredmedia":[{"embeddable":true,"href":"https:\/\/www.infokuryr.cz\/n\/wp-json\/wp\/v2\/media\/99209"}],"wp:attachment":[{"href":"https:\/\/www.infokuryr.cz\/n\/wp-json\/wp\/v2\/media?parent=99208"}],"wp:term":[{"taxonomy":"category","embeddable":true,"href":"https:\/\/www.infokuryr.cz\/n\/wp-json\/wp\/v2\/categories?post=99208"},{"taxonomy":"post_tag","embeddable":true,"href":"https:\/\/www.infokuryr.cz\/n\/wp-json\/wp\/v2\/tags?post=99208"}],"curies":[{"name":"wp","href":"https:\/\/api.w.org\/{rel}","templated":true}]}}