{"id":9917,"date":"2022-04-24T05:37:22","date_gmt":"2022-04-24T03:37:22","guid":{"rendered":"http:\/\/www.infokuryr.cz\/n\/?p=9917"},"modified":"2022-04-24T05:37:22","modified_gmt":"2022-04-24T03:37:22","slug":"assanguv-osud-je-kouzelne-zrcadlo-americke-svobody","status":"publish","type":"post","link":"https:\/\/www.infokuryr.cz\/n\/2022\/04\/24\/assanguv-osud-je-kouzelne-zrcadlo-americke-svobody\/","title":{"rendered":"Assang\u016fv osud je kouzeln\u00e9 zrcadlo \u201eamerick\u00e9 svobody\u201c"},"content":{"rendered":"<div id=\"fb-root\"><\/div>\n<p>Lond\u00fdnsk\u00fd m\u00edstn\u00ed soud ned\u00e1vno ofici\u00e1ln\u011b schv\u00e1lil vyd\u00e1n\u00ed zakladatele internetov\u00fdch str\u00e1nek \u201eWikileasks\u201c Juliana Paula Assanga do Spojen\u00fdch st\u00e1t\u016f, co\u017e zp\u016fsobilo r\u016fzn\u00e9 pochybnosti a protesty. Podporovatel\u00e9 Juliana Paula Assange se t\u00e9ho\u017e dne shrom\u00e1\u017edili u soudu a kritizovali toto rozhodnut\u00ed za \u201eextr\u00e9mn\u011b absurdn\u00ed\u201c. Assang\u016fv pr\u00e1vn\u00edk pouk\u00e1zal na to, \u017ee ve Spojen\u00fdch st\u00e1tech m\u016f\u017ee \u010delit odn\u011bt\u00ed svobody na 175 let. \u0160\u00e9fredaktor webu \u201eWikileaks\u201c Kristinn Hrafnsson tvrdil, \u017ee rozhodnut\u00ed Velk\u00e9 Brit\u00e1nie a Spojen\u00fdch st\u00e1t\u016f znamen\u00e1 odsoudit Assange k smrti.<\/p>\n<p>Po v\u00edce ne\u017e deseti letech, pro\u010d americk\u00e1 vl\u00e1da nad\u00e1le pron\u00e1sledovala Assanga? D\u016fvodem je to, \u017ee odhalil s\u00e9rii skand\u00e1l\u016f Spojen\u00fdch st\u00e1t\u016f, kter\u00e9 ztratily svoji d\u016fstojnost. Assang\u016fv osud umo\u017e\u0148uje lid\u00e9 jasn\u011b vid\u011bt, \u017ee ve Spojen\u00fdch st\u00e1tech neexistuje v\u016fbec \u017e\u00e1dnou \u201esvobodu\u201c. To je jen n\u00e1stroj americk\u00fdch politik\u016f pro \u00fatoky proti jin\u00fdm zem\u00edm.<\/p>\n<p>Co p\u0159esn\u011b ud\u011blal Assange? V roce 2010 zalo\u017eil webov\u00e9 str\u00e1nky \u201eWikileaks\u201c, ve kter\u00fdch bylo zve\u0159ejn\u011bno spoustu tajemn\u00fdch dokument\u016f americk\u00e9 vl\u00e1dy ohledn\u011b afg\u00e1nsk\u00e9 v\u00e1lky a ir\u00e1ck\u00e9 v\u00e1lky, v\u010detn\u011b bombov\u00e1n\u00ed civilist\u016f, mu\u010den\u00ed a dal\u0161\u00ed. Pak Assange nad\u00e1le zve\u0159ejnil \u0159adu skand\u00e1l\u016f americk\u00e9 vl\u00e1dy, a t\u00edm se stal \u201eh\u0159eb\u00edkem v o\u010d\u00edch\u201c americk\u00e9 vl\u00e1dy, a byl obvin\u011bn z 18 trestn\u00fdch \u010din\u016f. V \u010dervnu roku 2012 Assange \u017e\u00e1dal o politick\u00fd azyl ekv\u00e1dorsk\u00e9 velvyslanectv\u00ed v Lond\u00fdn\u011b. V dubnu roku 2019 byl Assange p\u0159eveden na britskou vl\u00e1du. N\u00e1sledn\u011b se Spojen\u00e9 st\u00e1ty vydaly \u017e\u00e1dost o vyd\u00e1n\u00ed. Americk\u00fd poslance Demokratick\u00e9 strany Tulsi Gabbard p\u0159iznal, \u017ee dokumenty zve\u0159ejn\u011bn\u00e9 \u201eWikiLeaks\u201c pov\u00eddaj\u00ed americk\u00fdm lidem, co by m\u011bly v\u011bd\u011bt, a co by se nem\u011bla d\u011blat americk\u00e1 arm\u00e1da ve St\u0159edn\u00edm v\u00fdchod\u011b.<\/p>\n<p>V\u00fdsledkem je, \u017ee logika americk\u00fdch politik\u016f je velmi jasn\u00e1: jejich \u201esvoboda\u201c netoleruje ostatn\u00ed, aby pov\u00eddali pravdu, netoleruje dal\u0161\u00ed civilizace a syst\u00e9my, ani netoleruje pr\u00e1vo a svobodu norm\u00e1ln\u00edho rozvoje ostatn\u00edch zem\u00ed. Bez ohledu na Juliana Paula Assanga, Edwarda Snowdena, nebo proslul\u00e9ho americk\u00e9ho novin\u00e1\u0159e Petera Arnetta, kter\u00fd ztratil svou pr\u00e1ci kv\u016fli sv\u00e9 \u0159e\u010di o \u201eproh\u0159e\u201c Spojen\u00fdch st\u00e1t\u016f v ir\u00e1ck\u00e9 v\u00e1lce, jejich osud jakoby kouzeln\u00e9 zrcadlo, na kter\u00e9m odr\u00e1\u017e\u00ed pokrytectv\u00ed a o\u0161klivosti \u201eamerick\u00e9 svobody\u201c a jejich skute\u010dnou tv\u00e1\u0159 jako n\u00e1stroj hegemonie.<\/p>\n<p>Mexick\u00fd prezident Andres Manuel Lopez Obrador v lednu leto\u0161n\u00edho roku \u0159ekl, \u017ee zaslal dopis b\u00fdval\u00e9mu americk\u00e9mu prezidentovi Donaldu Trumpovi p\u0159ed koncem jeho prezidentsk\u00e9 funkce, ve kter\u00e9m \u017e\u00e1dal o milost pro Assange. Lopez \u0159ekl: \u201eZaslal jsem tento dopis, av\u0161ak nedostal jsem odpov\u011b\u010f.\u201c Na pozad\u00ed sv\u011btozn\u00e1m\u00fdch \u201eamerick\u00fdch dvoj\u00edch standard\u016f\u201c, rozhodn\u011b by tento dopis nebyl odpov\u011b\u010f.\u201c<\/p>\n<p><img decoding=\"async\" loading=\"lazy\" class=\"alignnone size-full wp-image-1185\" src=\"http:\/\/www.infokuryr.cz\/n\/wp-content\/uploads\/2021\/04\/kuryr-podpis.png\" alt=\"\" width=\"84\" height=\"24\" \/><\/p>\n<p>&nbsp;<\/p>\n","protected":false},"excerpt":{"rendered":"<p>Lond\u00fdnsk\u00fd m\u00edstn\u00ed soud ned\u00e1vno ofici\u00e1ln\u011b schv\u00e1lil vyd\u00e1n\u00ed zakladatele internetov\u00fdch str\u00e1nek \u201eWikileasks\u201c Juliana Paula Assanga do&#8230;<\/p>\n","protected":false},"author":2,"featured_media":9138,"comment_status":"closed","ping_status":"closed","sticky":false,"template":"","format":"standard","meta":[],"categories":[7],"tags":[734,144,37],"_links":{"self":[{"href":"https:\/\/www.infokuryr.cz\/n\/wp-json\/wp\/v2\/posts\/9917"}],"collection":[{"href":"https:\/\/www.infokuryr.cz\/n\/wp-json\/wp\/v2\/posts"}],"about":[{"href":"https:\/\/www.infokuryr.cz\/n\/wp-json\/wp\/v2\/types\/post"}],"author":[{"embeddable":true,"href":"https:\/\/www.infokuryr.cz\/n\/wp-json\/wp\/v2\/users\/2"}],"replies":[{"embeddable":true,"href":"https:\/\/www.infokuryr.cz\/n\/wp-json\/wp\/v2\/comments?post=9917"}],"version-history":[{"count":0,"href":"https:\/\/www.infokuryr.cz\/n\/wp-json\/wp\/v2\/posts\/9917\/revisions"}],"wp:featuredmedia":[{"embeddable":true,"href":"https:\/\/www.infokuryr.cz\/n\/wp-json\/wp\/v2\/media\/9138"}],"wp:attachment":[{"href":"https:\/\/www.infokuryr.cz\/n\/wp-json\/wp\/v2\/media?parent=9917"}],"wp:term":[{"taxonomy":"category","embeddable":true,"href":"https:\/\/www.infokuryr.cz\/n\/wp-json\/wp\/v2\/categories?post=9917"},{"taxonomy":"post_tag","embeddable":true,"href":"https:\/\/www.infokuryr.cz\/n\/wp-json\/wp\/v2\/tags?post=9917"}],"curies":[{"name":"wp","href":"https:\/\/api.w.org\/{rel}","templated":true}]}}