{"id":99154,"date":"2026-02-10T00:30:06","date_gmt":"2026-02-09T23:30:06","guid":{"rendered":"https:\/\/www.infokuryr.cz\/n\/?p=99154"},"modified":"2026-02-09T17:13:26","modified_gmt":"2026-02-09T16:13:26","slug":"brian-berletic-usa-upevnuji-kontrolu-nad-svymi-vazaly-ve-valce-proti-multipolarite","status":"publish","type":"post","link":"https:\/\/www.infokuryr.cz\/n\/2026\/02\/10\/brian-berletic-usa-upevnuji-kontrolu-nad-svymi-vazaly-ve-valce-proti-multipolarite\/","title":{"rendered":"Brian Berletic: USA upev\u0148uj\u00ed kontrolu nad sv\u00fdmi vazaly ve v\u00e1lce proti multipolarit\u011b"},"content":{"rendered":"<div id=\"fb-root\"><\/div>\n<div class=\"elementor-element elementor-element-1fb4c2c elementor-widget elementor-widget-theme-post-content\" data-id=\"1fb4c2c\" data-element_type=\"widget\" data-e-type=\"widget\" data-widget_type=\"theme-post-content.default\">\n<div class=\"elementor-widget-container\">\n<p><span dir=\"auto\">Za politick\u00fdm divadlem \u00fadajn\u00e9ho \u201erozkolu mezi USA a Evropou\u201c se skr\u00fdv\u00e1 agresivn\u00ed kampa\u0148 za upevn\u011bn\u00ed kontroly USA nad jej\u00edmi \u010detn\u00fdmi z\u00e1stupci \u2013 v\u010detn\u011b, a mo\u017en\u00e1 zejm\u00e9na, samotn\u00e9 Evropy.<\/span><\/p>\n<h3 class=\"wp-block-heading\"><span dir=\"auto\">USA upev\u0148uj\u00ed kontrolu nad sv\u00fdmi vazaly ve v\u00e1lce proti multipolarit\u011b.<\/span><\/h3>\n<p><span dir=\"auto\">Narativy koluj\u00edc\u00ed v z\u00e1padn\u00edch m\u00e9di\u00edch vykresluj\u00ed USA nejen jako v\u00fdzvu nebo hrozbu pro Evropu ohledn\u011b kontroly nad Gr\u00f3nskem (d\u00e1nsk\u00fdm \u00fazem\u00edm), ale tak\u00e9 pro Kanadu v Severn\u00ed Americe. Publikuj\u00ed se \u010dl\u00e1nky popisuj\u00edc\u00ed, jak Evropa a Kanada hledaj\u00ed p\u00e1ky proti Washingtonu a p\u0159ipravuj\u00ed protiopat\u0159en\u00ed na ochranu sebe a sv\u00fdch z\u00e1jm\u016f \u2013 dokonce jdou tak daleko, \u017ee nazna\u010duj\u00ed p\u0159\u00edpravy na potenci\u00e1ln\u00ed \u201epartyz\u00e1nskou v\u00e1lku\u201c proti invazn\u00edm americk\u00fdm sil\u00e1m.<\/span><\/p>\n<p><span dir=\"auto\">Ve skute\u010dnosti se nic takov\u00e9ho nestane.<\/span><\/p>\n<p><span dir=\"auto\">P\u0159\u00edle\u017eitosti k z\u00edsk\u00e1n\u00ed skute\u010dn\u00e9ho vlivu na Spojen\u00e9 st\u00e1ty se Spojen\u00e9 st\u00e1ty ji\u017e dobrovoln\u011b vzdaly \u2013 zejm\u00e9na d\u00edky ned\u00e1vn\u00e9mu rozhodnut\u00ed EU o \u201e\u00fapln\u00e9m z\u00e1kazu dovozu rusk\u00e9ho plynu do roku 2027\u201c.<\/span><\/p>\n<p><span dir=\"auto\">Tento z\u00e1kaz znamen\u00e1, \u017ee EU zcela eliminuje jakoukoli alternativu k rostouc\u00ed z\u00e1vislosti na dovozu zkapaln\u011bn\u00e9ho zemn\u00edho plynu z USA, \u010d\u00edm\u017e USA z\u00edsk\u00e1vaj\u00ed nep\u0159im\u011b\u0159en\u00fd vliv na EU jako celek i na jej\u00ed \u010dlensk\u00e9 st\u00e1ty jednotliv\u011b \u2013 prakticky v ka\u017ed\u00e9m aspektu zahrani\u010dn\u00ed i dom\u00e1c\u00ed politiky. Je nep\u0159edstaviteln\u00e9, \u017ee by veden\u00ed EU uprost\u0159ed \u00fadajn\u00e9ho a prohlubuj\u00edc\u00edho se \u201erozchodu\u201c s USA dobrovoln\u011b postoupilo tak masivn\u00ed vliv Washingtonu, pokud by k rozchodu skute\u010dn\u011b nedo\u0161lo.<\/span><\/p>\n<p><span dir=\"auto\">Zda multipol\u00e1rn\u00ed sv\u011bt dok\u00e1\u017ee odhalit tento proces takov\u00fd, jak\u00fd je, a formulovat p\u0159esv\u011bd\u010div\u011bj\u0161\u00ed vizi sd\u00edlen\u00e9 glob\u00e1ln\u00ed budoucnosti, se uk\u00e1\u017ee a\u017e \u010dasem.<\/span><\/p>\n<h3 class=\"wp-block-heading\"><span dir=\"auto\">Ot\u00e1zka kontroly vn\u00edm\u00e1n\u00ed<\/span><\/h3>\n<p><span dir=\"auto\">M\u00edsto toho jsme sv\u011bdky \u00famysln\u00e9 manipulace s vn\u00edm\u00e1n\u00edm, jej\u00edm\u017e c\u00edlem je p\u0159ipravit americkou i \u0161ir\u0161\u00ed z\u00e1padn\u00ed ve\u0159ejnost na implementaci ve\u0159ejn\u011b deklarovan\u00e9 \u201ed\u011blby pr\u00e1ce\u201c a \u201es\u00edt\u011b sd\u00edlen\u00ed z\u00e1t\u011b\u017ee\u201c, kter\u00e9 ozn\u00e1mila Trumpova administrativa a kter\u00e9 se ji\u017e formuj\u00ed za p\u0159edchoz\u00ed Bidenovy administrativy.<\/span><\/p>\n<p><span dir=\"auto\">Za Bidenovy administrativy byla zve\u0159ejn\u011bna prvn\u00ed N\u00e1rodn\u00ed strategie obrann\u00e9ho pr\u016fmyslu, kter\u00e1 otev\u0159en\u011b uznala, \u017ee Spojen\u00e9 st\u00e1ty nejsou schopny se vyrovnat rusk\u00e9 vojensko-pr\u016fmyslov\u00e9 produkci \u2013 nato\u017e \u010d\u00ednsk\u00e9. To si vy\u017e\u00e1dalo upevn\u011bn\u00ed kontroly nad rozs\u00e1hlou s\u00edt\u00ed \u201espojenc\u016f a partner\u016f\u201c a sdru\u017een\u00ed jejich kolektivn\u00edch zdroj\u016f, pr\u016fmyslov\u00fdch kapacit a vojensk\u00e9 s\u00edly, aby se \u010delilo rostouc\u00ed s\u00edle Ruska a \u010c\u00edny ve v\u0161ech relevantn\u00edch oblastech.<\/span><\/p>\n<p><span dir=\"auto\">V \u010d\u00e1sti s n\u00e1zvem \u201eZapojen\u00ed spojenc\u016f a partner\u016f k roz\u0161\u00ed\u0159en\u00ed glob\u00e1ln\u00ed obrann\u00e9 v\u00fdroby a zv\u00fd\u0161en\u00ed odolnosti dodavatelsk\u00e9ho \u0159et\u011bzce\u201c se v dokumentu z Bidenovy \u00e9ry uv\u00e1d\u00ed:<\/span><\/p>\n<p><em><span dir=\"auto\">\u201eGlob\u00e1ln\u00ed aktivita hlavn\u00edch hrozeb st\u00e1le v\u00edce vy\u017eaduje glob\u00e1ln\u00ed p\u0159\u00edstup k vztah\u016fm, obav\u00e1m a konkurenci mezi obranou a pr\u016fmyslem. Mezin\u00e1rodn\u00ed spojenci a partne\u0159i, z nich\u017e ka\u017ed\u00fd m\u00e1 sv\u016fj vlastn\u00ed siln\u00fd obrann\u00fd pr\u016fmysl, budou i nad\u00e1le z\u00e1kladn\u00edm kamenem konceptu integrovan\u00e9ho odstra\u0161ov\u00e1n\u00ed Ministerstva obrany. Glob\u00e1ln\u00ed syst\u00e9m alianc\u00ed a partnerstv\u00ed je skute\u010dn\u011b \u00fast\u0159edn\u00edm bodem N\u00e1rodn\u00ed obrann\u00e9 strategie, kter\u00e1 vyz\u00fdv\u00e1 k zapojen\u00ed spojenc\u016f a partner\u016f do ka\u017ed\u00e9 f\u00e1ze pl\u00e1nov\u00e1n\u00ed obrany. Takov\u00e9 vazby a vztahy budou i nad\u00e1le z\u00e1kladn\u00edm pil\u00ed\u0159em integrovan\u00e9ho odstra\u0161ov\u00e1n\u00ed p\u0159i obran\u011b proti zn\u00e1m\u00fdm i nov\u011b vznikaj\u00edc\u00edm hrozb\u00e1m a v p\u0159\u00edpad\u011b pot\u0159eby i p\u0159i jejich por\u00e1\u017een\u00ed.\u201c<\/span><\/em><\/p>\n<p><span dir=\"auto\">D\u00e1le se v n\u011bm uv\u00e1d\u00ed:<\/span><\/p>\n<p><em><span dir=\"auto\">\u201eSpojen\u00e9 st\u00e1ty maj\u00ed po cel\u00e9m sv\u011bt\u011b komplexn\u00ed s\u00ed\u0165 alianc\u00ed a partnerstv\u00ed vhodn\u00fdch pro \u201efriend-shoring\u201c; ne\u00fapln\u00fd seznam zahrnuje Austr\u00e1lii, Kanadu, Evropskou unii, Indii, Izrael, Japonsko, Mexiko, Ji\u017en\u00ed Koreu, Tchaj-wan a Spojen\u00e9 kr\u00e1lovstv\u00ed.\u201c<\/span><\/em><\/p>\n<p><span dir=\"auto\">Dokument definuje \u201efriend-shoring\u201c jako \u201eproces, kter\u00fd zahrnuje spojence a partnery do v\u00fdroby a zpracov\u00e1n\u00ed kritick\u00fdch a strategick\u00fdch materi\u00e1l\u016f a zbo\u017e\u00ed\u201c.<\/span><\/p>\n<p><span dir=\"auto\">Koncept USA vyu\u017e\u00edvaj\u00edc\u00edch svou \u201es\u00ed\u0165\u201c partner\u016f poskytuj\u00edc\u00edch slu\u017eby \u201efriend-shoringu\u201c ke kompenzaci vlastn\u00edch omezen\u00ed ve vojensko-pr\u016fmyslov\u00e9 v\u00fdrob\u011b a vyu\u017e\u00edvaj\u00edc\u00edch tyto partnery jako roz\u0161\u00ed\u0159en\u00ed sv\u00e9 vlastn\u00ed vojensk\u00e9 s\u00edly, pokra\u010doval \u2013 ba dokonce urychlil \u2013 i za n\u00e1sledn\u00e9 Trumpovy administrativy.<\/span><\/p>\n<h3 class=\"wp-block-heading\"><span dir=\"auto\">Evropa jako pr\u016fmyslov\u00e1 a vojensk\u00e1 prodlou\u017een\u00e1 ruka<\/span><\/h3>\n<p><span dir=\"auto\">Ve sm\u011brnici z \u00fanora 2025, kterou americk\u00fd ministr obrany Pete Hegseth zaslal Evrop\u011b v Bruselu, jednozna\u010dn\u011b uvedl, \u017ee Evropa mus\u00ed zv\u00fd\u0161it sv\u00e9 v\u00fddaje na obranu ze dvou procent sv\u00e9ho hrub\u00e9ho dom\u00e1c\u00edho produktu na p\u011bt procent \u2013 \u200b\u200bkrok, na kter\u00e9m nyn\u00ed souhlasily v\u0161echny evropsk\u00e9 st\u00e1ty.<\/span><\/p>\n<p><span dir=\"auto\">Hegseth tak\u00e9 po\u017eadoval, aby Evropa p\u0159ipravila jednotky k nasazen\u00ed na Ukrajinu, aby byla zaji\u0161t\u011bna dlouhodob\u00e1 \u017eivotaschopnost potenci\u00e1ln\u00edho p\u0159\u00edm\u011b\u0159\u00ed, a zd\u016fraznil, \u017ee Evropa mus\u00ed poskytnout \u201ev\u00edce munice a vybaven\u00ed\u201c a tak\u00e9 roz\u0161\u00ed\u0159it svou obrann\u011b-pr\u016fmyslovou z\u00e1kladnu. Evropa od t\u00e9 doby podnikla v\u0161echny tyto kroky \u2013 navzdory tvrzen\u00edm o opaku, \u017ee se jedn\u00e1 o rostouc\u00ed \u201erozpor mezi USA a Evropou\u201c.<\/span><\/p>\n<p><span dir=\"auto\">Z\u00e1v\u011brem Hegseth objasnil, \u017ee USA ve sv\u00e9 z\u00e1stupn\u00e9 v\u00e1lce proti Rusku neopust\u00ed Evropu, ale sp\u00ed\u0161e zavedou \u201ed\u011blbu pr\u00e1ce, kter\u00e1 maximalizuje na\u0161e p\u0159\u00edslu\u0161n\u00e9 komparativn\u00ed v\u00fdhody v Evrop\u011b a Tichomo\u0159\u00ed\u201c. Uznal, \u017ee USA budou muset up\u0159ednostnit \u010c\u00ednu v indicko-pacifick\u00e9m regionu a uznat \u201erealitu nedostatku\u201c, proto\u017ee USA nemohou efektivn\u011b \u010delit Rusku i \u010c\u00edn\u011b sou\u010dasn\u011b.<\/span><\/p>\n<p><span dir=\"auto\">Pozd\u011bji t\u00e9ho\u017e roku zve\u0159ejnila Trumpova administrativa svou \u201eStrategii n\u00e1rodn\u00ed bezpe\u010dnosti\u201c, kter\u00e1 obsahovala \u010d\u00e1st nazvanou \u201esd\u00edlen\u00ed a p\u0159esun z\u00e1t\u011b\u017ee\u201c, v n\u00ed\u017e zd\u016fraz\u0148ovala pot\u0159ebu vyu\u017e\u00edt americk\u00e9 \u201espojence a partnery\u201c k dopln\u011bn\u00ed omezen\u00e9 moci Spojen\u00fdch st\u00e1t\u016f.<\/span><\/p>\n<p><span dir=\"auto\">Uv\u00e1d\u00ed se v n\u011bm:<\/span><\/p>\n<p><em><span dir=\"auto\">\u201e\u2026Spojen\u00e9 st\u00e1ty zorganizuj\u00ed s\u00ed\u0165 pro sd\u00edlen\u00ed z\u00e1t\u011b\u017ee, p\u0159i\u010dem\u017e na\u0161e vl\u00e1da bude koordin\u00e1torem a zprost\u0159edkovatelem. Tento p\u0159\u00edstup zaji\u0161\u0165uje sd\u00edlen\u00ed z\u00e1t\u011b\u017ee a v\u011bt\u0161\u00ed legitimitu ve\u0161ker\u00e9ho takov\u00e9ho \u00fasil\u00ed. Model bude vyu\u017e\u00edvat c\u00edlen\u00e1 partnerstv\u00ed, kter\u00e1 budou vyu\u017e\u00edvat ekonomick\u00e9 n\u00e1stroje k slad\u011bn\u00ed pob\u00eddek, sd\u00edlen\u00ed z\u00e1t\u011b\u017ee s podobn\u011b sm\u00fd\u0161lej\u00edc\u00edmi spojenci a bude trvat na reform\u00e1ch, kter\u00e9 zavedou dlouhodobou stabilitu. Tato strategick\u00e1 jasnost umo\u017en\u00ed Spojen\u00fdm st\u00e1t\u016fm \u00fa\u010dinn\u011b \u010delit nep\u0159\u00e1telsk\u00fdm a podvratn\u00fdm vliv\u016fm a z\u00e1rove\u0148 se vyhnout nadm\u011brn\u00e9mu nap\u00edn\u00e1n\u00ed a rozpt\u00fdlen\u00ed priorit, kter\u00e9 podkop\u00e1valy p\u0159edchoz\u00ed \u00fasil\u00ed.\u201c<\/span><\/em><\/p>\n<p><span dir=\"auto\">Tato \u201es\u00ed\u0165 sd\u00edlen\u00ed z\u00e1t\u011b\u017ee\u201c ve skute\u010dnosti p\u0159edstavuje vyu\u017eit\u00ed pod\u0159\u00edzen\u00fdch st\u00e1t\u016f a region\u016f jako roz\u0161\u00ed\u0159en\u00ed vlastn\u00ed vojensk\u00e9, ekonomick\u00e9 a pr\u016fmyslov\u00e9 s\u00edly USA \u2013 k dosa\u017een\u00ed c\u00edl\u016f zahrani\u010dn\u00ed politiky na \u00fakor t\u011bchto samotn\u00fdch st\u00e1t\u016f a region\u016f.<\/span><\/p>\n<h3 class=\"wp-block-heading\"><span dir=\"auto\">Z\u00e1stupn\u00e1 v\u00fdroba zbran\u00ed<\/span><\/h3>\n<p><span dir=\"auto\">To je ji\u017e patrn\u00e9 ve spole\u010dn\u00e9 v\u00fdrob\u011b zbran\u00ed nebo roz\u0161i\u0159ov\u00e1n\u00ed odpov\u00eddaj\u00edc\u00edch program\u016f, v r\u00e1mci kter\u00fdch zem\u011b jako N\u011bmecko a Japonsko hromadn\u011b vyr\u00e1b\u011bj\u00ed zbra\u0148ov\u00e9 syst\u00e9my vyvinut\u00e9 v USA, jako je protiletadlov\u00e9 raketov\u00e9 syst\u00e9my Patriot, a munici pro americk\u00e9 raketomety, aby kompenzovaly neschopnost USA dostate\u010dn\u011b zv\u00fd\u0161it vlastn\u00ed vojensko-pr\u016fmyslovou v\u00fdrobu.<\/span><\/p>\n<p><span dir=\"auto\">Japonsko, kter\u00e9 vyr\u00e1b\u00ed rakety Patriot v relativn\u011b mal\u00e9m m\u011b\u0159\u00edtku od roku 2008, ned\u00e1vno zdvojn\u00e1sobilo produkci a v roce 2024 dokonce za\u010dalo tyto rakety vyv\u00e1\u017eet zp\u011bt do USA \u2013 v p\u0159\u00edm\u00e9 reakci na omezen\u00ed americk\u00e9 zbrojn\u00ed v\u00fdroby, kter\u00e1 odhalila prob\u00edhaj\u00edc\u00ed z\u00e1stupn\u00e1 v\u00e1lka na Ukrajin\u011b.<\/span><\/p>\n<p><span dir=\"auto\">Od n\u00e1stupu Trumpovy administrativy do \u00fa\u0159adu se mezi pokusy o urychlen\u00ed tohoto konsolida\u010dn\u00edho procesu objevily n\u00e1vrhy na radik\u00e1ln\u00ed p\u0159epracov\u00e1n\u00ed jak americk\u00fdch z\u00e1kon\u016f, tak z\u00e1kon\u016f jejich \u201espojenc\u016f\u201c, a tak\u00e9 otev\u0159en\u011b vyj\u00e1d\u0159en\u00e9 touhy po obsazen\u00ed \u00fazem\u00ed (Gr\u00f3nsko, Venezuela) a za\u0159\u00edzen\u00ed (p\u0159\u00edstavy pobl\u00ed\u017e Panamsk\u00e9ho pr\u016fplavu) pova\u017eovan\u00fdch za nezbytn\u00e9 pro konfrontaci s \u010c\u00ednou a Ruskem.<\/span><\/p>\n<p><span dir=\"auto\">\u010cl\u00e1nek CNN z dubna 2025 uv\u00e1d\u011bl, \u017ee USA maj\u00ed z\u00e1jem o vyu\u017eit\u00ed jihokorejsk\u00fdch lod\u011bnic k v\u00fdstavb\u011b a oprav\u00e1m americk\u00fdch v\u00e1le\u010dn\u00fdch lod\u00ed, jeliko\u017e americk\u00e1 kapacita pro stavbu a opravy lod\u00ed se v pr\u016fb\u011bhu desetilet\u00ed drasticky zmen\u0161ila a sama o sob\u011b ji\u017e nedok\u00e1\u017ee dohnat \u010c\u00ednu \u2013 jak ji\u017e bylo uvedeno ve strategii obrann\u00e9ho pr\u016fmyslu z Bidenovy \u00e9ry.<\/span><\/p>\n<p><span dir=\"auto\">\u010cl\u00e1nek pouk\u00e1zal na to, \u017ee jihokorejsk\u00e9 lod\u011bnice ji\u017e opravuj\u00ed americk\u00e9 v\u00e1le\u010dn\u00e9 lod\u011b \u201ev opera\u010dn\u00ed oblasti\u201c, tedy v asijsko-pacifick\u00e9m regionu, kde se USA sna\u017e\u00ed obkl\u00ed\u010dit a zadr\u017eet \u010c\u00ednu. Zm\u00ednil tak\u00e9 pot\u0159ebu novelizovat st\u00e1vaj\u00edc\u00ed americk\u00e9 z\u00e1kony, kter\u00e9 zakazuj\u00ed ciz\u00edm st\u00e1t\u016fm, jako je Ji\u017en\u00ed Korea, stav\u011bt americk\u00e9 v\u00e1le\u010dn\u00e9 lod\u011b, kter\u00e9 samotn\u00e9 USA nejsou schopny ani pravd\u011bpodobn\u011b v budoucnu postavit.<\/span><\/p>\n<h3 class=\"wp-block-heading\"><span dir=\"auto\">Sebepo\u0161kozov\u00e1n\u00ed spojenc\u016f<\/span><\/h3>\n<p><span dir=\"auto\">Zem\u011b jako Japonsko a Filip\u00edny obch\u00e1zej\u00ed sv\u00e9 vlastn\u00ed z\u00e1kony, aby umo\u017enily siln\u011bj\u0161\u00ed vojenskou p\u0159\u00edtomnost USA na sv\u00e9m \u00fazem\u00ed a aby mohly sv\u00e9 ozbrojen\u00e9 s\u00edly \u00fazce a aktivn\u011bji zapojit do prosazov\u00e1n\u00ed zahrani\u010dn\u00ed politiky USA \u2013 zejm\u00e9na do konfrontace s \u010c\u00ednou a jej\u00edho omezov\u00e1n\u00ed.<\/span><\/p>\n<p><span dir=\"auto\">T\u00edmto jedn\u00e1n\u00edm v\u0161ak ob\u011b zem\u011b podkop\u00e1vaj\u00ed region\u00e1ln\u00ed stabilitu, kter\u00e1 je nezbytn\u00e1 pro jejich vlastn\u00ed m\u00edr a prosperitu, a tak\u00e9 sv\u00e9 vztahy s \u010c\u00ednou, kter\u00e1 je pro ob\u011b zem\u011b jedn\u00edm z nejv\u011bt\u0161\u00edch a nejd\u016fle\u017eit\u011bj\u0161\u00edch obchodn\u00edch partner\u016f.<\/span><\/p>\n<p><span dir=\"auto\">Evropa se nyn\u00ed tak\u00e9 p\u0159ipravuje na vstup do podobn\u00e9ho syst\u00e9mu nucen\u00e9 spr\u00e1vy, kter\u00fd bude pou\u017eit k prosazov\u00e1n\u00ed c\u00edl\u016f americk\u00e9 zahrani\u010dn\u00ed politiky na \u00fakor Evropy \u2013 v mnohem v\u011bt\u0161\u00edm m\u011b\u0159\u00edtku, ne\u017e tomu bylo mezi lety 2014 a dne\u0161kem v kontextu americk\u00e9 z\u00e1stupn\u00e9 v\u00e1lky proti Rusku na Ukrajin\u011b.<\/span><\/p>\n<p><span dir=\"auto\">Evropa ji\u017e sehr\u00e1la roli v americk\u00e9 z\u00e1stupn\u00e9 v\u00e1lce proti Rusku a v americk\u00e9 politice obkl\u00ed\u010den\u00ed a zadr\u017eov\u00e1n\u00ed \u010c\u00edny \u2013 a to jak prost\u0159ednictv\u00edm p\u0159\u00edm\u00fdch opat\u0159en\u00ed proti Rusku a \u010c\u00edn\u011b, tak podporou USA v politick\u00e9m vlivu, z\u00e1stupn\u00fdch v\u00e1lk\u00e1ch a politick\u00e9m p\u0159evzet\u00ed a rozkl\u00e1d\u00e1n\u00ed st\u00e1t\u016f, kter\u00e9 spolupracuj\u00ed s Ruskem a \u010c\u00ednou.<\/span><\/p>\n<p><span dir=\"auto\">Zapojen\u00ed Evropy do t\u011bchto politik USA dovedlo samotn\u00fd region do stavu termin\u00e1ln\u00edho \u00fapadku: Pr\u016fmysl se hrout\u00ed v d\u016fsledku rostouc\u00edch cen energi\u00ed, soci\u00e1ln\u00ed programy se hrout\u00ed, proto\u017ee st\u00e1le v\u011bt\u0161\u00ed \u010d\u00e1sti ve\u0159ejn\u00fdch prost\u0159edk\u016f jsou odv\u00e1d\u011bny na financov\u00e1n\u00ed washingtonsk\u00e9 z\u00e1stupn\u00e9 v\u00e1lky na Ukrajin\u011b, a dokonce se bl\u00ed\u017e\u00ed i mo\u017en\u00fd kolaps Evropy, proto\u017ee p\u0159\u00edm\u00e1 konfrontace mezi Evropou a Ruskem je evropsk\u00e9 ve\u0159ejnosti st\u00e1le v\u00edce prezentov\u00e1na jako nezbytn\u00e1 a nevyhnuteln\u00e1.<\/span><\/p>\n<h3 class=\"wp-block-heading\"><span dir=\"auto\">Evropa a Ukrajina jako p\u0159\u00edklady<\/span><\/h3>\n<p><span dir=\"auto\">Ukrajina je mikrokosmem t\u00e9to \u0161ir\u0161\u00ed \u201es\u00edt\u011b sd\u00edlen\u00ed b\u0159emene\u201c, v n\u00ed\u017e jsou ameri\u010dt\u00ed prost\u0159edn\u00edci nuceni opustit sv\u00e9 objektivn\u00ed vlastn\u00ed z\u00e1jmy ve prosp\u011bch z\u00e1jm\u016f USA. Politick\u00fd syst\u00e9m Ukrajiny byl v roce 2014 n\u00e1siln\u011b svr\u017een USA a nahrazen klientelistick\u00fdm re\u017eimem USA s jedin\u00fdm c\u00edlem prom\u011bnit Ukrajinu v beranidlo proti sousedn\u00edmu Rusku.<\/span><\/p>\n<p><span dir=\"auto\">Pokud jde o Evropu jako celek, USA si v desetilet\u00edch po druh\u00e9 sv\u011btov\u00e9 v\u00e1lce politicky p\u0159ivlastnily kontinent, nahradily n\u00e1rodn\u00ed centra politick\u00e9 a ekonomick\u00e9 moci region\u00e1ln\u00ed byrokraci\u00ed Evropsk\u00e9 unie, a t\u00edm ignorovaly z\u00e1jmy evropsk\u00e9ho obyvatelstva jak region\u00e1ln\u011b, tak kolektivn\u011b \u2013 to v\u0161e ve slu\u017eb\u00e1ch sledov\u00e1n\u00ed specifick\u00fdch z\u00e1jm\u016f USA. To zahrnuje v\u0161e od \u00fa\u010dasti v agresivn\u00edch v\u00e1lk\u00e1ch po boku USA v Evrop\u011b (Srbsko a nyn\u00ed Ukrajina) a daleko za hranicemi (Afgh\u00e1nist\u00e1n, Ir\u00e1k, Libye a S\u00fdrie) a\u017e po pod\u0159\u00edzen\u00ed a dokonce ob\u011btov\u00e1n\u00ed vlastn\u00ed ekonomick\u00e9 prosperity s c\u00edlem izolovat a oslabit ekonomiky c\u00edlov\u00fdch st\u00e1t\u016f od Ir\u00e1ku a \u00cdr\u00e1nu a\u017e po Rusko a \u010c\u00ednu.<\/span><\/p>\n<p><span dir=\"auto\">Zat\u00edmco vysv\u011btlen\u00ed chov\u00e1n\u00ed veden\u00ed EU se \u010dasto odvol\u00e1vaj\u00ed na ideologick\u00e9 fixace, politickou posedlost nebo \u00fadajn\u00fd kontrast mezi \u201ekonzervativn\u00ed\u201c americkou administrativou a \u201eliber\u00e1ln\u00edm\u201c \u0159\u00e1dem EU, odpov\u011b\u010f je mnohem jednodu\u0161\u0161\u00ed. Stejn\u011b jako v p\u0159\u00edpad\u011b Ukrajiny \u2013 kde byl zaveden klientsk\u00fd re\u017eim dosazen\u00fd USA v\u00fdhradn\u011b proto, aby slou\u017eil z\u00e1jm\u016fm USA, bez ohledu na n\u00e1klady pro zemi \u2013 byla Evropa jako celek konsolidov\u00e1na pod EU ze stejn\u00e9ho d\u016fvodu. Veden\u00ed EU bylo p\u0159ivedeno k moci, formov\u00e1no a \u0159\u00edzeno stejn\u00fdmi zvl\u00e1\u0161tn\u00edmi z\u00e1jmy se s\u00eddlem v USA, kter\u00e9 ur\u010duj\u00ed i \u200b\u200bamerickou zahrani\u010dn\u00ed a dom\u00e1c\u00ed politiku \u2013 bez ohledu na n\u00e1klady pro pr\u016fm\u011brn\u00e9ho ob\u010dana USA.<\/span><\/p>\n<p><span dir=\"auto\">I kdy\u017e veden\u00ed EU prod\u00e1v\u00e1 narativ o rostouc\u00ed \u201erozporu mezi USA a Evropou\u201c, aby ospravedlnilo p\u0159esm\u011brov\u00e1n\u00ed st\u00e1le v\u011bt\u0161\u00edho mno\u017estv\u00ed ve\u0159ejn\u00fdch prost\u0159edk\u016f na z\u00e1stupnou v\u00e1lku proti Rusku, kterou vede v\u00fdhradn\u011b Washington, nad\u00e1le upev\u0148uje moc nad sv\u00fdmi jednotliv\u00fdmi \u010dlensk\u00fdmi st\u00e1ty s jedin\u00fdm c\u00edlem p\u0159en\u00e9st tuto moc na USA a vyu\u017e\u00edt ji v jejich z\u00e1jmu. Z\u00e1kaz dovozu rusk\u00e9ho plynu je jen jedn\u00edm z mnoha ned\u00e1vn\u00fdch p\u0159\u00edklad\u016f.<\/span><\/p>\n<p><span dir=\"auto\">Dokud v\u011bt\u0161\u00ed \u010d\u00e1st novin\u00e1\u0159\u016f, analytik\u016f a ve\u0159ejnosti neprohl\u00e9dne politick\u00e9 divadlo, kter\u00e9 udr\u017euje tuto kontinuitu agendy a neredukuje anal\u00fdzu na jej\u00ed hmotn\u00e9 reality \u2013 a t\u00edm odhal\u00ed jednoduchou strukturu modern\u00edho americk\u00e9ho imp\u00e9ria \u2013 bude tento destruktivn\u00ed proces pokra\u010dovat a podkop\u00e1vat a ni\u010dit jak multipol\u00e1rn\u00ed sv\u011bt, tak i samotn\u00fd Z\u00e1pad.<\/span><\/p>\n<p><span dir=\"auto\">Zda multipol\u00e1rn\u00ed sv\u011bt dok\u00e1\u017ee tento proces nakonec odhalit a formulovat p\u0159esv\u011bd\u010div\u011bj\u0161\u00ed vizi sd\u00edlen\u00e9 budoucnosti sv\u011bta \u2013 a mezit\u00edm se ubr\u00e1nit sebe a sv\u00e9 rozv\u00edjej\u00edc\u00ed se \u010dleny p\u0159ed glob\u00e1ln\u00ed v\u00e1lkou, kterou Wall Street a Washington vedou a nyn\u00ed roz\u0161i\u0159uj\u00ed proti multipol\u00e1rn\u00edmu sv\u011btu \u2013 se uk\u00e1\u017ee a\u017e \u010dasem.<\/span><\/p>\n<h3><span dir=\"auto\">*<\/span><\/h3>\n<p><em><span dir=\"auto\"><strong>Brian Berletic<\/strong> je geopolitick\u00fd v\u00fdzkumn\u00edk a autor \u017eij\u00edc\u00ed v Bangkoku.<\/span><\/em><\/p>\n<\/div>\n<\/div>\n<div class=\"elementor-element elementor-element-8c57238 quelle dc-has-condition dc-condition-empty elementor-widget elementor-widget-heading\" data-id=\"8c57238\" data-element_type=\"widget\" data-e-type=\"widget\" data-widget_type=\"heading.default\">\n<div class=\"elementor-widget-container\">\n<h3 class=\"elementor-heading-title elementor-size-default\"><span style=\"font-size: 10pt;\"><a href=\"https:\/\/journal-neo.su\/2026\/02\/02\/us-consolidates-control-over-proxies-amid-war-on-multipolarism\/\" target=\"_blank\" rel=\"nofollow noopener\"><span dir=\"auto\">Zdroj<\/span><\/a><\/span><\/h3>\n<\/div>\n<\/div>\n","protected":false},"excerpt":{"rendered":"<p>Za politick\u00fdm divadlem \u00fadajn\u00e9ho \u201erozkolu mezi USA a Evropou\u201c se skr\u00fdv\u00e1 agresivn\u00ed kampa\u0148 za upevn\u011bn\u00ed&#8230;<\/p>\n","protected":false},"author":2,"featured_media":99155,"comment_status":"closed","ping_status":"closed","sticky":false,"template":"","format":"standard","meta":[],"categories":[7],"tags":[1042,41,37,1344],"_links":{"self":[{"href":"https:\/\/www.infokuryr.cz\/n\/wp-json\/wp\/v2\/posts\/99154"}],"collection":[{"href":"https:\/\/www.infokuryr.cz\/n\/wp-json\/wp\/v2\/posts"}],"about":[{"href":"https:\/\/www.infokuryr.cz\/n\/wp-json\/wp\/v2\/types\/post"}],"author":[{"embeddable":true,"href":"https:\/\/www.infokuryr.cz\/n\/wp-json\/wp\/v2\/users\/2"}],"replies":[{"embeddable":true,"href":"https:\/\/www.infokuryr.cz\/n\/wp-json\/wp\/v2\/comments?post=99154"}],"version-history":[{"count":0,"href":"https:\/\/www.infokuryr.cz\/n\/wp-json\/wp\/v2\/posts\/99154\/revisions"}],"wp:featuredmedia":[{"embeddable":true,"href":"https:\/\/www.infokuryr.cz\/n\/wp-json\/wp\/v2\/media\/99155"}],"wp:attachment":[{"href":"https:\/\/www.infokuryr.cz\/n\/wp-json\/wp\/v2\/media?parent=99154"}],"wp:term":[{"taxonomy":"category","embeddable":true,"href":"https:\/\/www.infokuryr.cz\/n\/wp-json\/wp\/v2\/categories?post=99154"},{"taxonomy":"post_tag","embeddable":true,"href":"https:\/\/www.infokuryr.cz\/n\/wp-json\/wp\/v2\/tags?post=99154"}],"curies":[{"name":"wp","href":"https:\/\/api.w.org\/{rel}","templated":true}]}}