{"id":99123,"date":"2026-02-10T00:20:29","date_gmt":"2026-02-09T23:20:29","guid":{"rendered":"https:\/\/www.infokuryr.cz\/n\/?p=99123"},"modified":"2026-02-09T13:06:36","modified_gmt":"2026-02-09T12:06:36","slug":"zverejnene-dokumenty-ukazuji-cenzurni-opatreni-byla-planovana-predem-brusel-se-choval-jako-by-vedel-ze-injekce-nebude-fungovat","status":"publish","type":"post","link":"https:\/\/www.infokuryr.cz\/n\/2026\/02\/10\/zverejnene-dokumenty-ukazuji-cenzurni-opatreni-byla-planovana-predem-brusel-se-choval-jako-by-vedel-ze-injekce-nebude-fungovat\/","title":{"rendered":"Zve\u0159ejn\u011bn\u00e9 dokumenty ukazuj\u00ed: Cenzurn\u00ed opat\u0159en\u00ed byla pl\u00e1nov\u00e1na p\u0159edem \u2013 Brusel se choval, jako by v\u011bd\u011bl, \u017ee injekce nebude fungovat"},"content":{"rendered":"<div id=\"fb-root\"><\/div>\n<h3><strong><span dir=\"auto\">Pro\u010d se Brusel v ran\u00e9 f\u00e1zi spol\u00e9hal na cenzuru \u2013 a ne na d\u016fkazy<\/span><\/strong><\/h3>\n<p><span dir=\"auto\">Je\u0161t\u011b p\u0159edt\u00edm, ne\u017e byly k dispozici spolehliv\u00e9 \u00fadaje o \u00fa\u010dinnosti a bezpe\u010dnosti vakc\u00edn proti COVID-19, se\u00a0<\/span><strong><span dir=\"auto\">Evropsk\u00e1 komise<\/span><\/strong><span dir=\"auto\">\u00a0ji\u017e intenzivn\u011b zab\u00fdvala zcela jinou ot\u00e1zkou: Jak lze kontrolovat ve\u0159ejnou debatu?<\/span><\/p>\n<p><span dir=\"auto\">Intern\u00ed memorandum z \u0159\u00edjna 2020, adresovan\u00e9 nejv\u011bt\u0161\u00edm sv\u011btov\u00fdm technologick\u00fdm platform\u00e1m, odhaluje, \u017ee na nejvy\u0161\u0161\u00edch \u00farovn\u00edch byly vyv\u00edjeny strategie proti tzv. \u201edezinformac\u00edm a nepravdiv\u00fdm informac\u00edm\u201c o o\u010dkov\u00e1n\u00ed \u2013 v\u010detn\u011b \u017e\u00e1dost\u00ed o data, narativy, progn\u00f3zy trend\u016f a informace o pl\u00e1novan\u00fdch zm\u011bn\u00e1ch v moderov\u00e1n\u00ed obsahu. Explicitn\u00edm c\u00edlem bylo propagovat\u00a0<\/span><strong><span dir=\"auto\">a zdiskreditovat obsah<\/span><\/strong><span dir=\"auto\">\u00a0, nikoli jej v\u011bdecky vyvr\u00e1tit. Memorandum bylo odesl\u00e1no s v\u011bdom\u00edm a souhlasem politick\u00e9ho veden\u00ed.<\/span><\/p>\n<div class=\"twitter-tweet twitter-tweet-rendered\"><iframe id=\"twitter-widget-0\" class=\"\" title=\"X Post\" src=\"https:\/\/platform.twitter.com\/embed\/Tweet.html?dnt=false&amp;embedId=twitter-widget-0&amp;features=eyJ0ZndfdGltZWxpbmVfbGlzdCI6eyJidWNrZXQiOltdLCJ2ZXJzaW9uIjpudWxsfSwidGZ3X2ZvbGxvd2VyX2NvdW50X3N1bnNldCI6eyJidWNrZXQiOnRydWUsInZlcnNpb24iOm51bGx9LCJ0ZndfdHdlZXRfZWRpdF9iYWNrZW5kIjp7ImJ1Y2tldCI6Im9uIiwidmVyc2lvbiI6bnVsbH0sInRmd19yZWZzcmNfc2Vzc2lvbiI6eyJidWNrZXQiOiJvbiIsInZlcnNpb24iOm51bGx9LCJ0ZndfZm9zbnJfc29mdF9pbnRlcnZlbnRpb25zX2VuYWJsZWQiOnsiYnVja2V0Ijoib24iLCJ2ZXJzaW9uIjpudWxsfSwidGZ3X21peGVkX21lZGlhXzE1ODk3Ijp7ImJ1Y2tldCI6InRyZWF0bWVudCIsInZlcnNpb24iOm51bGx9LCJ0ZndfZXhwZXJpbWVudHNfY29va2llX2V4cGlyYXRpb24iOnsiYnVja2V0IjoxMjA5NjAwLCJ2ZXJzaW9uIjpudWxsfSwidGZ3X3Nob3dfYmlyZHdhdGNoX3Bpdm90c19lbmFibGVkIjp7ImJ1Y2tldCI6Im9uIiwidmVyc2lvbiI6bnVsbH0sInRmd19kdXBsaWNhdGVfc2NyaWJlc190b19zZXR0aW5ncyI6eyJidWNrZXQiOiJvbiIsInZlcnNpb24iOm51bGx9LCJ0ZndfdXNlX3Byb2ZpbGVfaW1hZ2Vfc2hhcGVfZW5hYmxlZCI6eyJidWNrZXQiOiJvbiIsInZlcnNpb24iOm51bGx9LCJ0ZndfdmlkZW9faGxzX2R5bmFtaWNfbWFuaWZlc3RzXzE1MDgyIjp7ImJ1Y2tldCI6InRydWVfYml0cmF0ZSIsInZlcnNpb24iOm51bGx9LCJ0ZndfbGVnYWN5X3RpbWVsaW5lX3N1bnNldCI6eyJidWNrZXQiOnRydWUsInZlcnNpb24iOm51bGx9LCJ0ZndfdHdlZXRfZWRpdF9mcm9udGVuZCI6eyJidWNrZXQiOiJvbiIsInZlcnNpb24iOm51bGx9fQ%3D%3D&amp;frame=false&amp;hideCard=false&amp;hideThread=false&amp;id=2020419940789170218&amp;lang=cs&amp;origin=https%3A%2F%2Funcutnews.ch%2Ffreigegebene-dokumente-zeigen-zensurmassnahmen-wurden-vorab-geplant-brussel-handelte-als-wusste-man-dass-die-injektion-nicht-wirkt%2F&amp;sessionId=b737b326e61c8cfb89077f1d56f1fa33a9afadfb&amp;theme=light&amp;widgetsVersion=2615f7e52b7e0%3A1702314776716&amp;width=550px\" frameborder=\"0\" scrolling=\"no\" allowfullscreen=\"allowfullscreen\" data-tweet-id=\"2020419940789170218\" data-mce-fragment=\"1\"><\/iframe><\/div>\n<h3 class=\"wp-block-heading\"><strong><span dir=\"auto\">Pozoruhodn\u00fd konflikt priorit<\/span><\/strong><\/h3>\n<p><span dir=\"auto\">V t\u00e9 dob\u011b:<\/span><\/p>\n<ul>\n<li><span dir=\"auto\">Nejsou k dispozici \u017e\u00e1dn\u00e9 dlouhodob\u00e9 \u00fadaje.<\/span><\/li>\n<li><span dir=\"auto\">studie f\u00e1ze III dosud nebyly dokon\u010deny ani vyhodnoceny<\/span><\/li>\n<li><span dir=\"auto\">Nez\u00e1visl\u00e9 kontroly studi\u00ed v\u00fdrobc\u016f na m\u00edst\u011b se t\u00e9m\u011b\u0159 neprov\u00e1d\u011bly.<\/span><\/li>\n<\/ul>\n<p><span dir=\"auto\">M\u00edsto transparentn\u00edho sd\u011blov\u00e1n\u00ed t\u00e9to zjevn\u00e9 nejistoty a\u00a0zam\u011b\u0159en\u00ed na\u00a0<\/span><strong><span dir=\"auto\">d\u016fkladn\u00e9 p\u0159ezkoum\u00e1n\u00ed klinick\u00fdch dat se pozornost zpo\u010d\u00e1tku n\u00e1padn\u011b zam\u011b\u0159ovala na\u00a0<\/span><\/strong><strong><span dir=\"auto\">kontrolu ve\u0159ejn\u00e9 diskuse<\/span><\/strong><span dir=\"auto\">\u00a0.<\/span><\/p>\n<p><span dir=\"auto\">To vyvol\u00e1v\u00e1 kl\u00ed\u010dovou ot\u00e1zku:<\/span><br \/>\n<strong><span dir=\"auto\">Pro\u010d bojovat s kritikou, ne\u017e si \u010dlov\u011bk uv\u011bdom\u00ed, co si mysl\u00ed?<\/span><\/strong><\/p>\n<h3 class=\"wp-block-heading\"><strong><span dir=\"auto\">Racion\u00e1ln\u00ed pokus o vysv\u011btlen\u00ed \u2013 a jeho d\u016fsledky<\/span><\/strong><\/h3>\n<p><span dir=\"auto\">Z novin\u00e1\u0159sk\u00e9ho hlediska se nab\u00edz\u00ed nep\u0159\u00edjemn\u00e1, ale logick\u00e1 interpretace:<\/span><\/p>\n<p><span dir=\"auto\">Pokud by politi\u010dt\u00ed akt\u00e9\u0159i p\u0159edpokl\u00e1dali, \u017ee vakc\u00edny jasn\u011b a spolehliv\u011b spln\u00ed jejich sliby, nebyl by\u00a0<\/span><strong><span dir=\"auto\">d\u016fvod<\/span><\/strong><span dir=\"auto\">\u00a0\u0159\u00eddit debatu p\u0159edem prost\u0159ednictv\u00edm infrastruktury. V takov\u00e9m p\u0159\u00edpad\u011b by se kritika dala klidn\u011b vyvr\u00e1tit \u2013 prost\u0159ednictv\u00edm dat, transparentnosti a nez\u00e1visl\u00e9ho ov\u011b\u0159ov\u00e1n\u00ed.<\/span><\/p>\n<p><span dir=\"auto\">M\u00edsto toho se z\u0159ejm\u011b zohlednilo riziko, kter\u00e9 by nastalo.<\/span><\/p>\n<ul>\n<li><span dir=\"auto\">\u00da\u010dinnost m\u016f\u017ee b\u00fdt omezen\u00e1 nebo kr\u00e1tkodob\u00e1<\/span><\/li>\n<li><span dir=\"auto\">Ne\u017e\u00e1douc\u00ed \u00fa\u010dinky by byly politicky citliv\u00e9<\/span><\/li>\n<li><span dir=\"auto\">Rozd\u00edln\u00e1 hodnocen\u00ed by mohla ohrozit o\u010dkovac\u00ed kampa\u0148.<\/span><\/li>\n<\/ul>\n<p><strong><span dir=\"auto\">To samo o sob\u011b nedokazuje p\u0159edchoz\u00ed znalost<\/span><\/strong><span dir=\"auto\">\u00a0, ale nazna\u010duje, \u017ee\u00a0<\/span><strong><span dir=\"auto\">nejistota byla zohledn\u011bna<\/span><\/strong><span dir=\"auto\">\u00a0\u2013 a \u017ee bylo rozhodnuto\u00a0<\/span><strong><span dir=\"auto\">tuto nejistotu \u0159e\u0161it komunikac\u00ed,<\/span><\/strong><span dir=\"auto\">\u00a0sp\u00ed\u0161e ne\u017e otev\u0159en\u00fdm \u0159e\u0161en\u00edm.<\/span><\/p>\n<h3 class=\"wp-block-heading\"><strong><span dir=\"auto\">Od v\u011bdy k \u0159\u00edzen\u00ed<\/span><\/strong><\/h3>\n<p><span dir=\"auto\">T\u00edm se pozornost p\u0159esunula z v\u011bdy na spr\u00e1vu a \u0159\u00edzen\u00ed:\u00a0\u00fast\u0159edn\u00ed<\/span><br \/>\n<span dir=\"auto\">ot\u00e1zkou ji\u017e nebylo\u00a0<\/span><em><span dir=\"auto\">\u201eJsou data spr\u00e1vn\u00e1?\u201c , ale\u00a0<\/span><\/em><em><span dir=\"auto\">\u201eJak zabr\u00e1n\u00edme ztr\u00e1t\u011b akceptace?\u201c.<\/span><\/em><\/p>\n<p><span dir=\"auto\">Tato logika je politicky srozumiteln\u00e1, ale demokraticky problematick\u00e1. Proto\u017ee znamen\u00e1:<\/span><\/p>\n<ul>\n<li><span dir=\"auto\">P\u0159edv\u00eddatelnost diskurzu<\/span><\/li>\n<li><span dir=\"auto\">Privatizace st\u00e1tn\u00edho vlivu prost\u0159ednictv\u00edm platforem<\/span><\/li>\n<li><span dir=\"auto\">Obch\u00e1zen\u00ed parlamentn\u00ed a ve\u0159ejn\u00e9 kontroly<\/span><\/li>\n<\/ul>\n<p><span dir=\"auto\">Pravomoc definovat, co p\u0159edstavuje \u201edezinformace\u201c, ji\u017e nespo\u010d\u00edv\u00e1 prim\u00e1rn\u011b v otev\u0159en\u00e9 v\u011bdeck\u00e9 debat\u011b, ale v rukou v\u00fdkonn\u00fdch org\u00e1n\u016f ve spolupr\u00e1ci s technologick\u00fdmi spole\u010dnostmi.<\/span><\/p>\n<h3 class=\"wp-block-heading\"><strong><span dir=\"auto\">Skute\u010dn\u00e1 \u0161koda<\/span><\/strong><\/h3>\n<p><span dir=\"auto\">Bez ohledu na to, jak dnes \u010dlov\u011bk hodnot\u00ed vakc\u00edny, dlouhodob\u00e9 \u0161kody jsou z\u0159ejm\u00e9:<\/span><\/p>\n<ul>\n<li><strong><span dir=\"auto\">D\u016fv\u011bra v instituce<\/span><\/strong><span dir=\"auto\">\u00a0byla podkop\u00e1na.<\/span><\/li>\n<li><strong><span dir=\"auto\">Kultura v\u011bdeck\u00e9 debaty<\/span><\/strong><span dir=\"auto\">\u00a0po\u0161kozena<\/span><\/li>\n<li><strong><span dir=\"auto\">Demokratick\u00e1 transparentnost<\/span><\/strong><span dir=\"auto\">\u00a0nahrazena neform\u00e1ln\u00ed kontrolou<\/span><\/li>\n<\/ul>\n<p><span dir=\"auto\">Kl\u00ed\u010dov\u00fdm poznatkem tedy nen\u00ed:\u00a0<\/span><em><span dir=\"auto\">\u201eV\u011bd\u011bli jist\u011b, \u017ee to nebude fungovat\u201c<\/span><\/em><span dir=\"auto\">\u00a0\u2013<\/span><br \/>\n<span dir=\"auto\">ale sp\u00ed\u0161e:\u00a0<\/span><strong><span dir=\"auto\">Chovali se, jako by si nemohli dovolit otev\u0159enou debatu.<\/span><\/strong><\/p>\n<p><span dir=\"auto\">A to je p\u0159esn\u011b ten skute\u010dn\u00fd skand\u00e1l.<\/span><\/p>\n<p><span style=\"font-size: 10pt;\"><a href=\"https:\/\/uncutnews.ch\/freigegebene-dokumente-zeigen-zensurmassnahmen-wurden-vorab-geplant-brussel-handelte-als-wusste-man-dass-die-injektion-nicht-wirkt\/\">ZDROJ<\/a><\/span><\/p>\n<p>&nbsp;<\/p>\n","protected":false},"excerpt":{"rendered":"<p>Pro\u010d se Brusel v ran\u00e9 f\u00e1zi spol\u00e9hal na cenzuru \u2013 a ne na d\u016fkazy Je\u0161t\u011b&#8230;<\/p>\n","protected":false},"author":2,"featured_media":99124,"comment_status":"closed","ping_status":"closed","sticky":false,"template":"","format":"standard","meta":[],"categories":[7],"tags":[63,23,41,651],"_links":{"self":[{"href":"https:\/\/www.infokuryr.cz\/n\/wp-json\/wp\/v2\/posts\/99123"}],"collection":[{"href":"https:\/\/www.infokuryr.cz\/n\/wp-json\/wp\/v2\/posts"}],"about":[{"href":"https:\/\/www.infokuryr.cz\/n\/wp-json\/wp\/v2\/types\/post"}],"author":[{"embeddable":true,"href":"https:\/\/www.infokuryr.cz\/n\/wp-json\/wp\/v2\/users\/2"}],"replies":[{"embeddable":true,"href":"https:\/\/www.infokuryr.cz\/n\/wp-json\/wp\/v2\/comments?post=99123"}],"version-history":[{"count":1,"href":"https:\/\/www.infokuryr.cz\/n\/wp-json\/wp\/v2\/posts\/99123\/revisions"}],"predecessor-version":[{"id":99125,"href":"https:\/\/www.infokuryr.cz\/n\/wp-json\/wp\/v2\/posts\/99123\/revisions\/99125"}],"wp:featuredmedia":[{"embeddable":true,"href":"https:\/\/www.infokuryr.cz\/n\/wp-json\/wp\/v2\/media\/99124"}],"wp:attachment":[{"href":"https:\/\/www.infokuryr.cz\/n\/wp-json\/wp\/v2\/media?parent=99123"}],"wp:term":[{"taxonomy":"category","embeddable":true,"href":"https:\/\/www.infokuryr.cz\/n\/wp-json\/wp\/v2\/categories?post=99123"},{"taxonomy":"post_tag","embeddable":true,"href":"https:\/\/www.infokuryr.cz\/n\/wp-json\/wp\/v2\/tags?post=99123"}],"curies":[{"name":"wp","href":"https:\/\/api.w.org\/{rel}","templated":true}]}}