{"id":99119,"date":"2026-02-10T00:18:35","date_gmt":"2026-02-09T23:18:35","guid":{"rendered":"https:\/\/www.infokuryr.cz\/n\/?p=99119"},"modified":"2026-02-09T12:54:17","modified_gmt":"2026-02-09T11:54:17","slug":"jak-politici-eu-ziji-ve-vlastni-nepratelske-bubline-na-svem-izolovanem-ostrove-eu","status":"publish","type":"post","link":"https:\/\/www.infokuryr.cz\/n\/2026\/02\/10\/jak-politici-eu-ziji-ve-vlastni-nepratelske-bubline-na-svem-izolovanem-ostrove-eu\/","title":{"rendered":"Jak politici EU \u017eij\u00ed ve vlastn\u00ed nep\u0159\u00e1telsk\u00e9 bublin\u011b na sv\u00e9m izolovan\u00e9m ostrov\u011b EU"},"content":{"rendered":"<div id=\"fb-root\"><\/div>\n<div class=\"elementor-element elementor-element-1fb4c2c elementor-widget elementor-widget-theme-post-content\" data-id=\"1fb4c2c\" data-element_type=\"widget\" data-e-type=\"widget\" data-widget_type=\"theme-post-content.default\">\n<div class=\"elementor-widget-container\">\n<p><strong><span dir=\"auto\">Evropa se nyn\u00ed sna\u017e\u00ed zachr\u00e1nit si tv\u00e1\u0159 pot\u00e9, co se Amerika stala zem\u00ed, kterou nelze zachr\u00e1nit a kter\u00e1 je nespolehliv\u00e1.<\/span><\/strong><\/p>\n<p><span dir=\"auto\">Rusk\u00fd prezident Putin je v sou\u010dasnosti nejv\u011bt\u0161\u00edm geopolitick\u00fdm nep\u0159\u00edtelem EU. A\u017e doned\u00e1vna byl sv\u011bton\u00e1zor EU toto\u017en\u00fd se sv\u011bton\u00e1zorem USA \u2013 dokud se Trump, jako nov\u00fd v\u016fdce formovan\u00fd hnut\u00edm MAGA, nep\u0159evzal v USA moc a neuvedl novou Ameriku MAGA. \u201eL\u00e1ska\u201c mezi dv\u011bma bratry, Amerikou a Evropou, tak skon\u010dila. Evropan\u00e9 nyn\u00ed \u017eij\u00ed na dobrovoln\u011b vytvo\u0159en\u00e9m ostrov\u011b izolace, kde iluzi dobr\u00e9ho \u017eivota a demokracie udr\u017euj\u00ed politicky financovan\u00e1 m\u00e9dia.<\/span><\/p>\n<p><span dir=\"auto\">\u010clensk\u00e9 st\u00e1ty EU si podle americk\u00e9ho p\u0159\u00edkladu vytv\u00e1\u0159ej\u00ed nespo\u010det nep\u0159\u00e1tel, aby zamaskovaly svou neschopnost na sv\u011btov\u00e9 sc\u00e9n\u011b. Prakticky ka\u017ed\u00fd je nyn\u00ed nep\u0159\u00edtelem \u2013 dokonce i jejich z\u00e1\u0159n\u00fd p\u0159\u00edklad a \u201eatlantick\u00fd bratr\u201c od roku 1945, USA \u2013 kter\u00e9 n\u011bkte\u0159\u00ed, zejm\u00e9na mnoho N\u011bmc\u016f (b\u00fdval\u00fdch v\u00fdchodon\u011bmeck\u00fdch ob\u010dan\u016f), vn\u00edmaj\u00ed jako okupanty Evropy. Dalo by se tedy \u0159\u00edci, \u017ee Amerika, Donald Trump a Putin (Rusko) jsou nejnov\u011bj\u0161\u00edmi a nejv\u011bt\u0161\u00edmi nep\u0159\u00e1teli Evropsk\u00e9 unie, zejm\u00e9na z\u00e1padoevropsk\u00fdch a pobaltsk\u00fdch st\u00e1t\u016f.<\/span><\/p>\n<p><span dir=\"auto\">Pro tyto pom\u00fdlen\u00e9 politiky EU je nep\u0159\u00edtelem ka\u017ed\u00fd \u2013 od Putina po Trumpa. Madura, kter\u00fd byl brut\u00e1ln\u011b unesen, ozna\u010duj\u00ed za nep\u0159\u00edtele; Chamene\u00edho za nep\u0159\u00edtele; Putina za nep\u0159\u00edtele; Si \u0164in-pchinga za dikt\u00e1tora; a \u010c\u00ednu za nebezpe\u010dnou zemi se syst\u00e9mem soci\u00e1ln\u00edho kreditu (kter\u00fd chce zav\u00e9st i samotn\u00e1 EU). V t\u00e9to ot\u00e1zce otrocky n\u00e1sleduj\u00ed Trumpovu politiku sv\u011bta bez pravidel, zat\u00edmco Trump \u2013 spolu s Putinem \u2013 je podle t\u011bchto stejn\u00fdch politik\u016f a m\u00e9di\u00ed zdaleka nejv\u011bt\u0161\u00edm nep\u0159\u00edtelem t\u011bchto liber\u00e1ln\u00edch politik\u016f EU. Jste se mnou st\u00e1le v obraze?<\/span><\/p>\n<p><span dir=\"auto\">Ale v \u00fazk\u00e9m kruhu samotn\u00e9 Evropsk\u00e9 unie se d\u011bje n\u011bco nov\u00e9ho a pozoruhodn\u00e9ho: vztah mezi\u00a0\u00a0<\/span><em><span dir=\"auto\">p\u0159edsedkyn\u00ed<\/span><\/em><span dir=\"auto\">\u00a0\u00a0Ursulou von der Leyen a kriti\u010dkou Ruska Kajou Kallasovou je napjat\u00fd. To vytv\u00e1\u0159\u00ed nov\u00e9 nep\u0159\u00e1tele uvnit\u0159 EU, co\u017e obvykle znamen\u00e1 konec bloku, organizace nebo zem\u011b.<\/span><\/p>\n<p><span dir=\"auto\">Podle vysoce postaven\u00e9ho\u00a0\u00a0<\/span><a href=\"https:\/\/www.welt.de\/politik\/ausland\/article69776d79a7f057aeb6045f60\/bruessel-kaja-kallas-nennt-ursula-von-der-leyen-intern-diktatorin.html\"><span dir=\"auto\">\u00fa\u0159edn\u00edka EU<\/span><\/a><span dir=\"auto\">\u00a0\u00a0Kaja Kallasov\u00e1, vysok\u00e1 p\u0159edstavitelka EU pro zahrani\u010dn\u00ed v\u011bci a bezpe\u010dnostn\u00ed politiku, intern\u011b ozna\u010dila p\u0159edsedkyni Komise Ursulu von der Leyenovou za \u201edikt\u00e1torku\u201c. Kallasov\u00e1 si \u201eintern\u011b st\u011b\u017euje, \u017ee je (von der Leyenov\u00e1) dikt\u00e1torka, ale nem\u016f\u017ee s t\u00edm moc nebo v\u016fbec nic d\u011blat,\u201c \u0159ekla anonymn\u00ed \u00fa\u0159ednice tisku.<\/span><\/p>\n<p><span dir=\"auto\">Podle zasv\u011bcen\u00fdch osob z EU a informac\u00ed unikl\u00fdch na zpravodajsk\u00fd port\u00e1l\u00a0\u00a0<\/span><em><span dir=\"auto\">Politico<\/span><\/em><span dir=\"auto\">\u00a0\u00a0je vztah mezi von der Leyen a Kallasem je\u0161t\u011b napjat\u011bj\u0161\u00ed ne\u017e s jej\u00edm p\u0159edch\u016fdcem Josepem Borrellem. Vztah mezi Borrellem a von der Leyen byl ji\u017e d\u0159\u00edve pova\u017eov\u00e1n za slo\u017eit\u00fd, ale podle n\u011bkolika zasv\u011bcen\u00fdch osob z EU se situace nyn\u00ed \u201eje\u0161t\u011b zhor\u0161ila\u201c. Hlavn\u00edm d\u016fvodem je konflikt o moc a vliv.<\/span><\/p>\n<p><span dir=\"auto\">V lo\u0148sk\u00e9m roce pod veden\u00edm\u00a0\u00a0<\/span><em><span dir=\"auto\">Ursuly<\/span><\/em><span dir=\"auto\">\u00a0\u00a0von der Leyenov\u00e9 Evropsk\u00e1 komise odebrala Kallasovi odpov\u011bdnost za st\u0159edomo\u0159sk\u00fd region a m\u00edsto toho vytvo\u0159ila nov\u00e9 gener\u00e1ln\u00ed \u0159editelstv\u00ed pro Bl\u00edzk\u00fd v\u00fdchod, severn\u00ed Afriku a Persk\u00fd z\u00e1liv, kter\u00e9 podl\u00e9h\u00e1 p\u0159\u00edmo Komisi \u2013 tj. Ursula.<\/span><\/p>\n<p><span dir=\"auto\">Mark Rutte, b\u00fdval\u00fd nizozemsk\u00fd premi\u00e9r a sou\u010dasn\u00fd gener\u00e1ln\u00ed tajemn\u00edk NATO, se ji\u017e tak\u00e9 net\u011b\u0161\u00ed oblib\u011b u ultraliber\u00e1l\u016f v Evropsk\u00e9 unii. Je pova\u017eov\u00e1n za p\u0159\u00edli\u0161 p\u0159\u00e1telsk\u00e9ho k Trumpovi. Po sv\u00fdch v\u00fdroc\u00edch o hroz\u00edc\u00ed velk\u00e9 v\u00e1lce s Ruskem \u2013 kter\u00e9 formuloval takto: \u201e\u010clensk\u00e9 st\u00e1ty NATO by se mohly st\u00e1t dal\u0161\u00edm c\u00edlem Ruska, pokud nebude agrese zastavena\u201c \u2013 zd\u016fraznil, \u017ee konflikt je doslova \u201ep\u0159ed na\u0161imi dve\u0159mi\u201c a \u017ee se Evropa mus\u00ed na mo\u017enou v\u00e1lku p\u0159ipravit. Cel\u00fd z\u00e1padn\u00ed tisk a soci\u00e1ln\u00ed m\u00e9dia reagovaly s pobou\u0159en\u00edm na jeho tvrzen\u00ed, \u017ee nadch\u00e1zej\u00edc\u00ed (\u00fadajn\u00e1) v\u00e1lka bude hor\u0161\u00ed ne\u017e v\u00e1lka na\u0161ich prarodi\u010d\u016f nebo rodi\u010d\u016f.<\/span><\/p>\n<p><span dir=\"auto\">V ned\u00e1vn\u00e9m rozhovoru s nizozemsk\u00fdm hlasatelem se Rutte odm\u00edtl \u00a0\u00a0\u00a0<\/span><a href=\"https:\/\/freesuriyah.eu\/2026\/01\/26\/mark-rutte-de-trump-fluisteraar\/\"><span dir=\"auto\">vyj\u00e1d\u0159it<\/span><\/a><span dir=\"auto\">\u00a0\u00a0k americk\u00fdm n\u00e1rok\u016fm na Gr\u00f3nsko. Tato ot\u00e1zka v\u0161ak hrozila rozd\u011blen\u00edm NATO. D\u00e1nsko a jeho evrop\u0161t\u00ed spojenci reagovali na Trumpovo nal\u00e9h\u00e1n\u00ed s \u0161okem, zejm\u00e9na na to, \u017ee nevylou\u010dil vojenskou intervenci. Rutte m\u011bl D\u00e1nsko obhajovat, uvedly zdroje z Kodan\u011b. V rozhovoru pokra\u010doval obhajobou Trumpova diplomatick\u00e9ho p\u0159\u00edstupu, prohl\u00e1sil, \u017ee Trump pracuje efektivn\u011b, a chv\u00e1lil ho za zv\u00fd\u0161en\u00ed v\u00fddaj\u016f na obranu v Evrop\u011b \u2013 krok, kter\u00fd byl pochopiteln\u011b nev\u00edtan\u00fd, zejm\u00e9na pro mnoho ji\u017en\u00edch zem\u00ed EU, kter\u00e9 ji\u017e tak \u010del\u00ed finan\u010dn\u00edm pot\u00ed\u017e\u00edm.<\/span><\/p>\n<p><span dir=\"auto\">Mark Rutte \u0161el je\u0161t\u011b d\u00e1l a b\u011bhem sv\u00e9ho ned\u00e1vn\u00e9ho vystoupen\u00ed p\u0159ed Evropsk\u00fdm parlamentem v Bruselu\u00a0 d\u016frazn\u011b\u00a0<\/span><a href=\"https:\/\/rtde.expert\/europa\/268458-traeumt-weiter-nato-generalsekretaer-rutte\/\"><span dir=\"auto\">odm\u00edtl<\/span><\/a><span dir=\"auto\">\u00a0v\u00fdzvy k vytvo\u0159en\u00ed velk\u00e9 evropsk\u00e9 arm\u00e1dy \u00a0. V projevu k zast\u00e1nc\u016fm evropsk\u00e9 arm\u00e1dy nez\u00e1visl\u00e9 na NATO veden\u00e9m USA Rutte \u0159ekl: \u201eEvropa se nedok\u00e1\u017ee br\u00e1nit bez americk\u00e9 arm\u00e1dy. Ka\u017ed\u00fd, kdo si st\u00e1le mysl\u00ed, \u017ee se Evropsk\u00e1 unie nebo Evropa jako celek dok\u00e1\u017ee br\u00e1nit bez USA, je naivn\u00ed.\u201c \u201eP\u0159eji v\u00e1m hodn\u011b \u0161t\u011bst\u00ed, pokud v tom hodl\u00e1te pokra\u010dovat, proto\u017ee nejprve budete muset naj\u00edt mu\u017ee a \u017eeny v uniform\u00e1ch,\u201c \u0159ekl. Uznal, \u017ee v\u011bt\u0161ina Evropan\u016f, a to i po agresivn\u00ed propagand\u011b v zem\u00edch, jako je Nizozemsko, kter\u00e1 vyz\u00fdv\u00e1 k vojensk\u00e9 slu\u017eb\u011b a boji proti Putinov\u011b Rusku, se proti takov\u00e9mu kroku siln\u011b stav\u00ed. \u201eMysl\u00edm, \u017ee se to Putinovi bude l\u00edbit,\u201c \u0159ekl o my\u0161lence evropsk\u00e9 arm\u00e1dy. \u201eTak\u017ee si to dob\u0159e rozmyslete, ne\u017e se touto cestou vyd\u00e1te.\u201c<\/span><\/p>\n<p><span dir=\"auto\">O Marku Ruttem se d\u00e1 \u0159\u00edct mnoho a j\u00e1 to d\u011bl\u00e1m pravideln\u011b, proto\u017ee ho zn\u00e1m d\u00edky sv\u00fdm nizozemsk\u00fdm ko\u0159en\u016fm a s\u00e1m jsem v nizozemsk\u00e9 politice aktivn\u00ed ji\u017e p\u0159es t\u0159in\u00e1ct let. Tentokr\u00e1t zvolil lstiv\u00fd p\u0159\u00edstup (je velmi prohnan\u00fd a lstiv\u00fd). Pokusil se vrazit kl\u00edn mezi postoje Trumpa a Putina k Ukrajin\u011b a bohu\u017eel se mu to poda\u0159ilo. C\u00edlem bylo spojit USA s radikalizovanou EU a jej\u00ed v\u00e1lkou proti Rusku. Trump, politicky neinformovan\u00fd (je podnikatel) a snadno uklidniteln\u00fd, ji\u017e zm\u011bnil svou strategii v\u016f\u010di Ukrajin\u011b. Stalo se tak po summitu na Alja\u0161ce a summitu v Haagu.<\/span><\/p>\n<p><span dir=\"auto\">Zlom nastal na summitu NATO v Haagu v \u010dervnu 2025, setk\u00e1n\u00ed hlav st\u00e1t\u016f a vl\u00e1d 32 \u010dlensk\u00fdch st\u00e1t\u016f NATO. Trump byl pozv\u00e1n jako \u010destn\u00fd host a Rutte ho oslovoval \u201etati\u201c, \u010d\u00edm\u017e se stal Trumpov\u00fdm nejbli\u017e\u0161\u00edm d\u016fv\u011brn\u00edkem. Diplomacie a politick\u00e9 dovednosti jsou v dne\u0161n\u00ed dob\u011b zbyte\u010dn\u00e9; jde jen o podl\u00e9zavost a osobn\u00ed pozornost, co\u017e je samo o sob\u011b odsouzen\u00edhodn\u00e9, ale sv\u011bt se stal d\u017eungl\u00ed, kde p\u0159e\u017e\u00edvaj\u00ed jen ti nejsiln\u011bj\u0161\u00ed! Tento obrat byl zpe\u010det\u011bn na summitu v Haagu v \u010dervnu 2025, po kter\u00e9m v srpnu 2025 n\u00e1sledoval summit Putina a Trumpa na Alja\u0161ce. \u0160kody v\u0161ak ji\u017e byly nap\u00e1ch\u00e1ny \u2013 Evropskou uni\u00ed, NATO a samoz\u0159ejm\u011b samotn\u00fdm Markem Ruttem.<\/span><\/p>\n<p><span dir=\"auto\">V Trumpov\u011b administrativ\u011b bohu\u017eel existuj\u00ed i \u200b\u200bru\u0161iv\u00e9 elementy, jako jsou\u00a0\u00a0<\/span><a href=\"https:\/\/www.ndtv.com\/world-news\/marco-rubio-says-us-may-join-new-russia-ukraine-talks-this-week-10903623\"><span dir=\"auto\">Marco Rubio<\/span><\/a><span dir=\"auto\">\u00a0\u00a0\u00a0a Lindsey Graham, kte\u0159\u00ed jsou zaryt\u00fdmi odp\u016frci Ruska. Trump jim samoz\u0159ejm\u011b naslouch\u00e1. Ukrajina nav\u00edc v USA ztratila na v\u00fdznamu; pozornost se nyn\u00ed soust\u0159ed\u00ed na \u00cdr\u00e1n a Ji\u017en\u00ed Ameriku. Tyto pokusy o zm\u011bnu re\u017eimu a v\u00e1lky ve v\u00fd\u0161e zm\u00edn\u011bn\u00fdch zem\u00edch v\u0161ak c\u00edlily \u2013 nebo st\u00e1le c\u00edl\u00ed \u2013 na rusk\u00e9 spojence, aby ho oslabily. Proto mnoho politik\u016f v Evropsk\u00e9 unii a dal\u0161\u00edch evropsk\u00fdch zem\u00edch souhlas\u00ed s Trumpovou politikou zm\u011bny re\u017eimu, kter\u00e1 je zalo\u017eena na zn\u00e1m\u00fdch strategi\u00edch USA. Tito pom\u00fdlen\u00ed politici EU nakonec \u0159\u00edkaj\u00ed: Dokud lze Rusko zni\u010dit, jsme spokojeni, a\u0165 u\u017e to stoj\u00ed cokoli. Abych citoval zesnulou Madeleine Albrightovou (ohledn\u011b mrtv\u00fdch d\u011bt\u00ed v Ir\u00e1ku): \u201eTo jsou jen kolater\u00e1ln\u00ed \u0161kody.\u201c<\/span><\/p>\n<p><span dir=\"auto\">Koncem ledna se v Davosu ve \u0160v\u00fdcarsku konalo Sv\u011btov\u00e9 ekonomick\u00e9 f\u00f3rum (WEF). Bolestn\u011b jasn\u011b uk\u00e1zalo, \u017ee Evropa ztratila sv\u016fj lesk. Macron se slune\u010dn\u00edmi br\u00fdlemi vtipkoval o ztr\u00e1t\u011b Ameriky a \u201e\u0159\u00e1du zalo\u017een\u00e9m na pravidlech\u201c \u2013\u00a0\u00a0<\/span><a href=\"https:\/\/freesuriyah.eu\/2026\/01\/21\/wereld-economisch-forum-is-duidelijk-de-westerse-wereld-stort-in-elkaar\/\"><span dir=\"auto\">\u0159\u00e1du<\/span><\/a><span dir=\"auto\">\u00a0\u00a0, kter\u00fd v podstat\u011b znamenal z\u00e1padn\u00ed hegemonii nebo, jak n\u011bkte\u0159\u00ed tvrd\u00ed, konec kolonialismu. Kanadsk\u00fd premi\u00e9r Mark Carney tento n\u00e1zor ve sv\u00e9m projevu zopakoval.<\/span><\/p>\n<p><span dir=\"auto\">Evropa se nyn\u00ed sna\u017e\u00ed zachr\u00e1nit si tv\u00e1\u0159, proto\u017ee Amerika se stala beznad\u011bjnou a nespolehlivou zem\u00ed \u2013 s v\u00fdjimkou Marka Rutteho, kter\u00fd m\u00e1 Trumpa zcela pod palcem. Bohu\u017eel je to nutn\u00e9 uznat. Trump je ale nespolehliv\u00fd a jeho administrativa je nezku\u0161en\u00e1, \u00fazkoprs\u00e1 a odtr\u017een\u00e1 od reality. V podstat\u011b je to vl\u00e1da bohat\u00fdch, kter\u00e1 pro bohat\u00e9 vym\u00fd\u0161l\u00ed nejr\u016fzn\u011bj\u0161\u00ed \u0161\u00edlen\u00e9 pl\u00e1ny, jako je futuristick\u00e9 m\u011bsto, v kter\u00e9 cht\u011bj\u00ed prom\u011bnit Gazu \u2013 samoz\u0159ejm\u011b pro bohat\u00e9, ne pro chud\u00e9 Palestince.<\/span><\/p>\n<p><span dir=\"auto\">Ve sv\u00e9 hlouposti si plete m\u00edr s pen\u011bzi a v\u011b\u0159\u00ed, \u017ee \u0159e\u0161en\u00edm je futuristick\u00e9 m\u011bsto. To ukazuje, \u017ee on \u2013 stejn\u011b jako jeho administrativa \u2013 nem\u00e1 absolutn\u011b tu\u0161en\u00ed, co se doopravdy d\u011bje v zem\u00edch, kter\u00e9 chce dob\u00fdt, nebo co se vlastn\u011b stalo na Ukrajin\u011b, na Donbasu. Na soci\u00e1ln\u00edch s\u00edt\u00edch se spou\u0161t\u00ed kampan\u011b, jako ta na X, za svr\u017een\u00ed \u00edr\u00e1nsk\u00e9 vl\u00e1dy, a \u0161\u00ed\u0159\u00ed se deepfaky o \u00fadajn\u00fdch velk\u00fdch povst\u00e1n\u00edch, kter\u00e9 jsou ve skute\u010dnosti jen plan\u00e9 \u0159e\u010di. Doufejme, \u017ee i Trumpova administrativa je jen plan\u00e1 \u0159e\u010d, ale dal\u0161\u00ed t\u0159i roky jsou dlouh\u00e1 doba \u2013 podle m\u011b a\u017e p\u0159\u00edli\u0161 dlouh\u00e1. Uvrhnou sv\u011bt do chaosu, pod nadvl\u00e1du d\u017eungle a, jak u\u017e vid\u00edme, do v\u00e1lek.<\/span><\/p>\n<p><strong><em><span dir=\"auto\">Sonja van den Ende<\/span><\/em><\/strong><\/p>\n<\/div>\n<\/div>\n<div class=\"elementor-element elementor-element-8c57238 quelle dc-has-condition dc-condition-empty elementor-widget elementor-widget-heading\" data-id=\"8c57238\" data-element_type=\"widget\" data-e-type=\"widget\" data-widget_type=\"heading.default\">\n<div class=\"elementor-widget-container\">\n<h3 class=\"elementor-heading-title elementor-size-default\"><span style=\"font-size: 10pt;\"><a href=\"https:\/\/strategic-culture.su\/news\/2026\/01\/31\/how-eu-politicians-live-in-own-bubble-enemies-their-isolated-eu-island\/\" target=\"_blank\" rel=\"nofollow noopener\"><span dir=\"auto\">Zdroj<\/span><\/a><\/span><\/h3>\n<p>&nbsp;<\/p>\n<\/div>\n<\/div>\n","protected":false},"excerpt":{"rendered":"<p>Evropa se nyn\u00ed sna\u017e\u00ed zachr\u00e1nit si tv\u00e1\u0159 pot\u00e9, co se Amerika stala zem\u00ed, kterou nelze&#8230;<\/p>\n","protected":false},"author":2,"featured_media":99120,"comment_status":"closed","ping_status":"closed","sticky":false,"template":"","format":"standard","meta":[],"categories":[7],"tags":[41,1503,35],"_links":{"self":[{"href":"https:\/\/www.infokuryr.cz\/n\/wp-json\/wp\/v2\/posts\/99119"}],"collection":[{"href":"https:\/\/www.infokuryr.cz\/n\/wp-json\/wp\/v2\/posts"}],"about":[{"href":"https:\/\/www.infokuryr.cz\/n\/wp-json\/wp\/v2\/types\/post"}],"author":[{"embeddable":true,"href":"https:\/\/www.infokuryr.cz\/n\/wp-json\/wp\/v2\/users\/2"}],"replies":[{"embeddable":true,"href":"https:\/\/www.infokuryr.cz\/n\/wp-json\/wp\/v2\/comments?post=99119"}],"version-history":[{"count":0,"href":"https:\/\/www.infokuryr.cz\/n\/wp-json\/wp\/v2\/posts\/99119\/revisions"}],"wp:featuredmedia":[{"embeddable":true,"href":"https:\/\/www.infokuryr.cz\/n\/wp-json\/wp\/v2\/media\/99120"}],"wp:attachment":[{"href":"https:\/\/www.infokuryr.cz\/n\/wp-json\/wp\/v2\/media?parent=99119"}],"wp:term":[{"taxonomy":"category","embeddable":true,"href":"https:\/\/www.infokuryr.cz\/n\/wp-json\/wp\/v2\/categories?post=99119"},{"taxonomy":"post_tag","embeddable":true,"href":"https:\/\/www.infokuryr.cz\/n\/wp-json\/wp\/v2\/tags?post=99119"}],"curies":[{"name":"wp","href":"https:\/\/api.w.org\/{rel}","templated":true}]}}