{"id":99117,"date":"2026-02-10T00:17:42","date_gmt":"2026-02-09T23:17:42","guid":{"rendered":"https:\/\/www.infokuryr.cz\/n\/?p=99117"},"modified":"2026-02-09T12:52:14","modified_gmt":"2026-02-09T11:52:14","slug":"petr-imanuelsen-sokujici-pravda-o-stazeni-detske-vyzivy-nestle-z-trhu","status":"publish","type":"post","link":"https:\/\/www.infokuryr.cz\/n\/2026\/02\/10\/petr-imanuelsen-sokujici-pravda-o-stazeni-detske-vyzivy-nestle-z-trhu\/","title":{"rendered":"Petr Imanuelsen: \u0160okuj\u00edc\u00ed pravda o sta\u017een\u00ed d\u011btsk\u00e9 v\u00fd\u017eivy Nestl\u00e9 z trhu"},"content":{"rendered":"<div id=\"fb-root\"><\/div>\n<div class=\"elementor-element elementor-element-1fb4c2c elementor-widget elementor-widget-theme-post-content\" data-id=\"1fb4c2c\" data-element_type=\"widget\" data-e-type=\"widget\" data-widget_type=\"theme-post-content.default\">\n<div class=\"elementor-widget-container\">\n<p><strong><span dir=\"auto\">Nestl\u00e9, Danone a dal\u0161\u00ed \u010delily sta\u017een\u00ed d\u011btsk\u00e9 v\u00fd\u017eivy z trhu pot\u00e9, co byl v produktech nalezen toxin.<\/span><\/strong><\/p>\n<p><span dir=\"auto\">Mo\u017en\u00e1 jste ve zpr\u00e1v\u00e1ch sly\u0161eli, \u017ee spole\u010dnost Nestl\u00e9 st\u00e1hla z trhu sv\u00e9 d\u011btsk\u00e9 p\u0159\u00edkrmy pot\u00e9, co v nich byl objeven toxin.<\/span><\/p>\n<p><span dir=\"auto\">Ve v\u00edce ne\u017e 60 zem\u00edch byla vyd\u00e1na opat\u0159en\u00ed k sta\u017een\u00ed produkt\u016f z trhu. Nejm\u00e9n\u011b 36 kojenc\u016f ve Spojen\u00e9m kr\u00e1lovstv\u00ed vykazovalo p\u0159\u00edznaky otravy.<\/span><\/p>\n<p><span dir=\"auto\">Francouzsk\u00e9 \u00fa\u0159ady vy\u0161et\u0159uj\u00ed \u00famrt\u00ed dvou kojenc\u016f, kter\u00e1 konzumovala potraviny z n\u011bkter\u00fdch sta\u017een\u00fdch \u0161ar\u017e\u00ed, ale zat\u00edm nebyla potvrzena \u017e\u00e1dn\u00e1 souvislost s toxinem.<\/span><\/p>\n<p><span dir=\"auto\">Ale \u0159eknu v\u00e1m n\u011bco, o \u010dem se v mainstreamov\u00fdch m\u00e9di\u00edch nep\u00ed\u0161e \u2013 n\u011bco, co by v\u00e1s mohlo \u0161okovat.<\/span><\/p>\n<p><span dir=\"auto\">Na\u0161el jsem zdroj toxinu a je to t\u00e9m\u011b\u0159 neuv\u011b\u0159iteln\u00e9.<\/span><\/p>\n<p><span dir=\"auto\">Potravin\u00e1\u0159sk\u00fd gigant Nestl\u00e9 vlastn\u00ed n\u011bkolik zna\u010dek d\u011btsk\u00e9 v\u00fd\u017eivy. Mezi stahovan\u00fdmi zna\u010dkami jsou SMA a NAN.<\/span><\/p>\n<p><span dir=\"auto\">Stahov\u00e1n\u00ed z trhu se dotklo i dal\u0161\u00edho potravin\u00e1\u0159sk\u00e9ho giganta, spole\u010dnosti Danone, a to v\u010detn\u011b zna\u010dek Aptamil a Cow &amp; Gate.<\/span><\/p>\n<p><span dir=\"auto\">Dot\u010den je i v\u00fdrobce d\u011btsk\u00e9 v\u00fd\u017eivy Lactalis.<\/span><\/p>\n<p><span dir=\"auto\">Ale maj\u00ed n\u011bco spole\u010dn\u00e9ho \u2013 a to je vin\u00edk. Nestl\u00e9 i Danone odeb\u00edraj\u00ed specifickou ingredienci od stejn\u00e9ho dodavatele. A v tom je to \u0161okuj\u00edc\u00ed.<\/span><\/p>\n<p><span dir=\"auto\">Doty\u010dn\u00fd toxin se naz\u00fdv\u00e1 cereulid a poch\u00e1z\u00ed z kmen\u016f bakterie\u00a0<\/span><em><span dir=\"auto\">Bacillus cereus<\/span><\/em><span dir=\"auto\">\u00a0. Tento toxin je obzvl\u00e1\u0161t\u011b znepokojiv\u00fd, proto\u017ee se neni\u010d\u00ed zah\u0159\u00edv\u00e1n\u00edm ani pasterizac\u00ed potravin.<\/span><\/p>\n<p><span dir=\"auto\">Tento jed m\u016f\u017ee b\u011bhem pouh\u00fdch 30 minut zp\u016fsobit rychl\u00fd n\u00e1stup p\u0159\u00edznak\u016f, jako je nevolnost, zvracen\u00ed, pr\u016fjem a \u017ealude\u010dn\u00ed k\u0159e\u010de. To m\u016f\u017ee b\u00fdt samoz\u0159ejm\u011b obzvl\u00e1\u0161t\u011b z\u00e1va\u017en\u00e9 pro kojence.<\/span><\/p>\n<p><span dir=\"auto\">Zdrojem t\u00e9to kontaminace v d\u011btsk\u00e9 v\u00fd\u017eiv\u011b je slo\u017eka zvan\u00e1 arachidonov\u00e1 kyselina (ARA). Jedn\u00e1 se o slo\u017eku s omega-6 mastn\u00fdmi kyselinami, kter\u00e1 se p\u0159id\u00e1v\u00e1 do mnoha d\u011btsk\u00fdch potravin.<\/span><\/p>\n<p><span dir=\"auto\">Tento ARA olej dodal v\u00fdrobce s n\u00e1zvem Cabio Biotech se s\u00eddlem ve Wu-chanu v \u010c\u00edn\u011b.<\/span><\/p>\n<p><strong><span dir=\"auto\">PO\u010cKEJTE CHV\u00cdLI.<\/span><\/strong><\/p>\n<p><span dir=\"auto\">Nestl\u00e9 a Danone krm\u00ed kojence surovinou poch\u00e1zej\u00edc\u00ed od biotechnologick\u00e9 spole\u010dnosti z Wu-chanu. To nyn\u00ed vedlo k otrav\u011b d\u011btsk\u00e9 v\u00fd\u017eivy.<\/span><\/p>\n<p><span dir=\"auto\">Jsem si jist\u00fd, \u017ee mnoho rodi\u010d\u016f by si p\u0159\u00e1lo b\u00fdt o tom informov\u00e1no p\u0159ed zakoupen\u00edm t\u011bchto produkt\u016f.<\/span><\/p>\n<p><span dir=\"auto\">Dal\u0161\u00ed zaj\u00edmav\u00fd fakt, kter\u00fd jsem zjistil, je, \u017ee Nestl\u00e9 ve skute\u010dnosti koupilo divizi v\u00fd\u017eivy spole\u010dnosti Pfizer, kter\u00e1 se zam\u011b\u0159ovala na kojeneckou v\u00fd\u017eivu.<\/span><\/p>\n<p><span dir=\"auto\">D\u011btsk\u00e1 v\u00fd\u017eiva SMA od Nestl\u00e9, kter\u00e1 byla nyn\u00ed sta\u017eena z trhu, p\u016fvodn\u011b pat\u0159ila spole\u010dnosti Pfizer, stejn\u011b jako zna\u010dka Promil.<\/span><\/p>\n<p><span dir=\"auto\">B\u00fdval\u00fd gener\u00e1ln\u00ed \u0159editel spole\u010dnosti Nestl\u00e9 m\u011bl \u00fazk\u00e9 vazby na Sv\u011btov\u00e9 ekonomick\u00e9 f\u00f3rum. Sou\u010dasn\u00fd gener\u00e1ln\u00ed \u0159editel spole\u010dnosti Nestl\u00e9 je \u010dlenem Mezin\u00e1rodn\u00ed obchodn\u00ed rady p\u0159i Sv\u011btov\u00e9m ekonomick\u00e9m f\u00f3ru.<\/span><\/p>\n<p><span dir=\"auto\">Nestl\u00e9 je pova\u017eov\u00e1no za nejv\u011bt\u0161\u00edho sv\u011btov\u00e9ho v\u00fdrobce d\u011btsk\u00e9 v\u00fd\u017eivy s celosv\u011btov\u00fdm tr\u017en\u00edm pod\u00edlem p\u0159es 20 %, zat\u00edmco Danone m\u00e1 tr\u017en\u00ed pod\u00edl p\u0159es 10 %.<\/span><\/p>\n<p><span dir=\"auto\">Pro\u010d tedy pou\u017e\u00edvaj\u00ed p\u0159\u00edsadu od biotechnologick\u00e9 spole\u010dnosti z Wu-chanu?<\/span><\/p>\n<p><span dir=\"auto\">Existuje dal\u0161\u00ed dodavatel ARA oleje pro kojeneckou v\u00fd\u017eivu, o kter\u00e9m jste mo\u017en\u00e1 sly\u0161eli. Tato spole\u010dnost se jmenuje DSM-Firmenich. Je to tat\u00e1\u017e spole\u010dnost, kter\u00e1 vyr\u00e1b\u00ed Bovaer a z\u00edskala miliony dolar\u016f na financov\u00e1n\u00ed od Billa Gatese.<\/span><\/p>\n<p><span dir=\"auto\">Je to n\u011bco, co byste krmila sv\u00e9 d\u00edt\u011b?<\/span><\/p>\n<\/div>\n<\/div>\n<div class=\"elementor-element elementor-element-8c57238 quelle dc-has-condition dc-condition-empty elementor-widget elementor-widget-heading\" data-id=\"8c57238\" data-element_type=\"widget\" data-e-type=\"widget\" data-widget_type=\"heading.default\">\n<div class=\"elementor-widget-container\">\n<h3 class=\"elementor-heading-title elementor-size-default\"><span style=\"font-size: 10pt;\"><a href=\"https:\/\/www.petersweden.org\/p\/the-shocking-truth-about-nestle-baby?utm_source=post-email-title&amp;publication_id=547128&amp;post_id=187143796&amp;utm_campaign=email-post-title&amp;isFreemail=false&amp;r=pf6gr&amp;triedRedirect=true&amp;utm_medium=email\" target=\"_blank\" rel=\"nofollow noopener\"><span dir=\"auto\">Zdroj<\/span><\/a><\/span><\/h3>\n<p>&nbsp;<\/p>\n<\/div>\n<\/div>\n","protected":false},"excerpt":{"rendered":"<p>Nestl\u00e9, Danone a dal\u0161\u00ed \u010delily sta\u017een\u00ed d\u011btsk\u00e9 v\u00fd\u017eivy z trhu pot\u00e9, co byl v produktech&#8230;<\/p>\n","protected":false},"author":2,"featured_media":99118,"comment_status":"closed","ping_status":"closed","sticky":false,"template":"","format":"standard","meta":[],"categories":[7],"tags":[7627,5577,3219],"_links":{"self":[{"href":"https:\/\/www.infokuryr.cz\/n\/wp-json\/wp\/v2\/posts\/99117"}],"collection":[{"href":"https:\/\/www.infokuryr.cz\/n\/wp-json\/wp\/v2\/posts"}],"about":[{"href":"https:\/\/www.infokuryr.cz\/n\/wp-json\/wp\/v2\/types\/post"}],"author":[{"embeddable":true,"href":"https:\/\/www.infokuryr.cz\/n\/wp-json\/wp\/v2\/users\/2"}],"replies":[{"embeddable":true,"href":"https:\/\/www.infokuryr.cz\/n\/wp-json\/wp\/v2\/comments?post=99117"}],"version-history":[{"count":0,"href":"https:\/\/www.infokuryr.cz\/n\/wp-json\/wp\/v2\/posts\/99117\/revisions"}],"wp:featuredmedia":[{"embeddable":true,"href":"https:\/\/www.infokuryr.cz\/n\/wp-json\/wp\/v2\/media\/99118"}],"wp:attachment":[{"href":"https:\/\/www.infokuryr.cz\/n\/wp-json\/wp\/v2\/media?parent=99117"}],"wp:term":[{"taxonomy":"category","embeddable":true,"href":"https:\/\/www.infokuryr.cz\/n\/wp-json\/wp\/v2\/categories?post=99117"},{"taxonomy":"post_tag","embeddable":true,"href":"https:\/\/www.infokuryr.cz\/n\/wp-json\/wp\/v2\/tags?post=99117"}],"curies":[{"name":"wp","href":"https:\/\/api.w.org\/{rel}","templated":true}]}}