{"id":99105,"date":"2026-02-10T00:11:45","date_gmt":"2026-02-09T23:11:45","guid":{"rendered":"https:\/\/www.infokuryr.cz\/n\/?p=99105"},"modified":"2026-02-09T12:18:01","modified_gmt":"2026-02-09T11:18:01","slug":"britsky-premier-starmer-by-mohl-rezignovat-pristi-tyden","status":"publish","type":"post","link":"https:\/\/www.infokuryr.cz\/n\/2026\/02\/10\/britsky-premier-starmer-by-mohl-rezignovat-pristi-tyden\/","title":{"rendered":"Britsk\u00fd premi\u00e9r Starmer by mohl rezignovat p\u0159\u00ed\u0161t\u00ed t\u00fdden"},"content":{"rendered":"<div id=\"fb-root\"><\/div>\n<p><strong><span dir=\"auto\">D\u016fvodem t\u011bchto spekulac\u00ed je skand\u00e1l kolem jmenov\u00e1n\u00ed Petera Mandelsona, p\u0159\u00edtele americk\u00e9ho finan\u010dn\u00edka Jeffreyho Epsteina, britsk\u00fdm velvyslancem v USA.<\/span><\/strong><\/p>\n<p><span dir=\"auto\">LOND\u00ddN, 9. \u00fanor, Britsk\u00fd premi\u00e9r Keir Starmer by mohl b\u00fdt p\u0159\u00ed\u0161t\u00ed t\u00fdden nucen rezignovat, informovala agentura Bloomberg s odvol\u00e1n\u00edm na zdroje z vl\u00e1dnouc\u00ed Labouristick\u00e9 strany.<\/span><\/p>\n<p><span dir=\"auto\">D\u016fvodem t\u011bchto spekulac\u00ed je skand\u00e1l kolem jmenov\u00e1n\u00ed Petera Mandelsona, p\u0159\u00edtele usv\u011bd\u010den\u00e9ho pedofila a americk\u00e9ho finan\u010dn\u00edka Jeffreyho Epsteina, britsk\u00fdm velvyslancem v USA. Tento skand\u00e1l ji\u017e vedl k rezignaci Morgana McSweeneyho, \u0161\u00e9fa kancel\u00e1\u0159e britsk\u00e9ho premi\u00e9ra, kter\u00fd odstoupil 8. \u00fanora.<\/span><\/p>\n<p><span dir=\"auto\">Podle agentury Bloomberg n\u011bkolik poslanc\u016f vl\u00e1dnouc\u00ed Labouristick\u00e9 strany vyj\u00e1d\u0159ilo p\u0159ekvapen\u00ed nad t\u00edm, \u017ee Starmer z\u016fst\u00e1v\u00e1 ve funkci i p\u0159es svou podporu Mandelsonova jmenov\u00e1n\u00ed velvyslancem. Tiskov\u00e1 agentura uv\u00e1d\u00ed, \u017ee n\u011bkte\u0159\u00ed zam\u011bstnanci na Downing Street 10 intern\u011b nal\u00e9haj\u00ed na \u010dleny vl\u00e1dy, aby vyvinuli tlak na premi\u00e9ra k rezignaci, nebo aby sami rezignovali a vynutili si jeho odchod. Podle jednoho z ministrov\u00fdch asistent\u016f je \u0161ance, \u017ee Starmer z\u016fstane ve funkci p\u0159\u00ed\u0161t\u00ed t\u00fdden, \u201e50:50\u201c.<\/span><\/p>\n<p><span dir=\"auto\">Agentura zd\u016fraznila, \u017ee aby si Starmer udr\u017eel svou pozici, mohl by nab\u00eddnout n\u00e1vrat do vl\u00e1dy sv\u00e9 b\u00fdval\u00e9 z\u00e1stupkyni Angele Raynerov\u00e9, kter\u00e1 loni v z\u00e1\u0159\u00ed rezignovala na svou funkci uprost\u0159ed skand\u00e1lu s nezaplacenou dan\u00ed z p\u0159evodu nemovitosti u domu v ji\u017en\u00ed Anglii. D\u00e1le by mohl jmenovat Eda Milibanda, sou\u010dasn\u00e9ho ministra pro energetickou bezpe\u010dnost a klimatickou neutralitu, do \u010dela mocn\u011bj\u0161\u00edho ministerstva, \u010d\u00edm\u017e by uspokojil sv\u00e9 ambice. Rayner i Miliband byli ji\u017e d\u0159\u00edve zmi\u0148ov\u00e1ni jako potenci\u00e1ln\u00ed kandid\u00e1ti na premi\u00e9ra v p\u0159\u00edpad\u011b, \u017ee Starmer odstoup\u00ed.<\/span><\/p>\n<p><span dir=\"auto\">Mezi dal\u0161\u00ed kandid\u00e1ty podle britsk\u00fdch m\u00e9di\u00ed pat\u0159\u00ed ministr zdravotnictv\u00ed Wes Streeting, ministryn\u011b vnitra Shabana Mahmood, ministryn\u011b zahrani\u010d\u00ed Yvette Cooper, ministr obrany John Healey a jeho z\u00e1stupce Alistair Carnes. Starmerova p\u0159\u00edpadn\u00e1 rezignace by automaticky nespustila v\u0161eobecn\u00e9 volby. Labourist\u00e9 by m\u00edsto toho mohli uspo\u0159\u00e1dat volby veden\u00ed strany, aby zvolili nov\u00e9ho l\u00eddra do \u010dela vl\u00e1dy. P\u0159esn\u011b to ud\u011blali konzervativci v roce 2022, kdy b\u011bhem jednoho roku dvakr\u00e1t vym\u011bnili premi\u00e9ry (Boris Johnson a Liz Truss).<\/span><\/p>\n<h3 class=\"wp-block-heading\"><span dir=\"auto\">Starmerova vystoupen\u00ed<\/span><\/h3>\n<p><span dir=\"auto\">Stanice Sky News tak\u00e9 informovala, \u017ee Starmer se sna\u017e\u00ed p\u0159esv\u011bd\u010dit sv\u00e9 kolegy z Labouristick\u00e9 strany, aby nepo\u017eadovali jeho rezignaci. O\u010dek\u00e1v\u00e1 se, \u017ee 9. \u00fanora promluv\u00ed k Labouristick\u00e9 stran\u011b ve sn\u011bmovn\u011b. Premi\u00e9r tak\u00e9 pl\u00e1nuje 11. \u00fanora promluvit k poslankyn\u00edm Labouristick\u00e9 strany v reakci na Epstein\u016fv skand\u00e1l. Starmer by m\u011bl 9. \u00fanora tak\u00e9 promluvit k n\u00e1rodu, pravd\u011bpodobn\u011b aby ozn\u00e1mil Mandelsonovo jmenov\u00e1n\u00ed.<\/span><\/p>\n<p><span dir=\"auto\">McSweeney zast\u00e1v\u00e1 svou pozici od \u0159\u00edjna 2024. P\u0159edt\u00edm byl hlavn\u00edm poradcem Starmera. McSweeney je pova\u017eov\u00e1n za str\u016fjce volebn\u00ed kampan\u011b labourist\u016f v v\u0161eobecn\u00fdch volb\u00e1ch v \u010dervenci 2024, kter\u00e1 umo\u017enila labourist\u016fm n\u00e1vrat k moci po 14 letech v opozici. McSweeneyho z\u00e1stupkyn\u011b, Jill Cuthbertsonov\u00e1 a Vidya Alaeckenov\u00e1, byly jmenov\u00e1ny \u00fa\u0159aduj\u00edc\u00edmi vedouc\u00edmi kancel\u00e1\u0159e premi\u00e9ra.<\/span><\/p>\n<h3 class=\"wp-block-heading\"><span dir=\"auto\">P\u0159\u00edpad Mandelson<\/span><\/h3>\n<p><span dir=\"auto\">Scotland Yard zah\u00e1jil 3. \u00fanora vy\u0161et\u0159ov\u00e1n\u00ed Mandelsona, kter\u00fd je podez\u0159el\u00fd z p\u0159ed\u00e1v\u00e1n\u00ed d\u016fv\u011brn\u00fdch informac\u00ed britsk\u00e9 vl\u00e1dy Epsteinovi. Podle zpr\u00e1v britsk\u00fdch m\u00e9di\u00ed, kter\u00e1 se sezn\u00e1mila s Epsteinov\u00fdmi spisy, s n\u00edm Mandelson v roce 2009 sd\u00edlel d\u016fv\u011brn\u00e9 informace o da\u0148ov\u00e9 reform\u011b labouristick\u00e9 vl\u00e1dy a tak\u00e9 odhalil pl\u00e1novan\u00fd program pomoci EU pro jihoevropsk\u00e9 zem\u011b nejv\u00edce zasa\u017een\u00e9 glob\u00e1ln\u00ed finan\u010dn\u00ed kriz\u00ed. 6. \u00fanora policie provedla domovn\u00ed prohl\u00eddky dvou Mandelsonov\u00fdch dom\u016f.<\/span><\/p>\n<p><span dir=\"auto\">Mandelson byl jmenov\u00e1n britsk\u00fdm velvyslancem ve Spojen\u00fdch st\u00e1tech v \u00fanoru 2025. Z funkce byl odvol\u00e1n v z\u00e1\u0159\u00ed t\u00e9ho\u017e roku pot\u00e9, co vy\u0161ly najevo nov\u00e9 podrobnosti o jeho p\u0159\u00e1telstv\u00ed s Epsteinem. Mandelson byl dlouho pova\u017eov\u00e1n za jednoho z nejvlivn\u011bj\u0161\u00edch \u010dlen\u016f Labouristick\u00e9 strany. V letech 1992 a\u017e 2004 byl poslancem britsk\u00e9 Doln\u00ed sn\u011bmovny a v letech 1999 a\u017e 2001 ministrem pro Severn\u00ed Irsko ve vl\u00e1d\u011b Tonyho Blaira. Mandelson n\u00e1sledn\u011b p\u016fsobil jako komisa\u0159 EU pro obchod (2004\u20132008) a jako ministr obchodu v kabinetu Gordona Browna (2008\u20132010). V roce 2008 byl zvolen do Sn\u011bmovny lord\u016f (horn\u00ed komory britsk\u00e9ho parlamentu).<\/span><\/p>\n<p><span dir=\"auto\">1. \u00fanora 2026 Mandelson opustil Labouristickou stranu. 3. \u00fanora ozn\u00e1mil svou rezignaci na funkci v Sn\u011bmovn\u011b lord\u016f. A\u010dkoli si ponechal titul lorda, vl\u00e1da ji\u017e ozn\u00e1mila p\u0159\u00edpravu nal\u00e9hav\u00e9 legislativy, kter\u00e1 by Mandelsona tohoto do\u017eivotn\u00edho titulu zbavila.<\/span><\/p>\n<p><span dir=\"auto\">Epstein byl zat\u010den polici\u00ed st\u00e1tu New York 6. \u010dervence 2019. St\u00e1tn\u00ed z\u00e1stupci uvedli, \u017ee maj\u00ed d\u016fkazy o tom, \u017ee mezi lety 2002 a 2005 za\u0159izoval n\u00e1v\u0161t\u011bvy sv\u00e9ho domu na Manhattanu pro des\u00edtky nezletil\u00fdch d\u00edvek, z nich\u017e nejmlad\u0161\u00ed bylo 14 let. V okruhu Epsteinov\u00fdch p\u0159\u00e1tel a zn\u00e1m\u00fdch byli \u010detn\u00ed sou\u010dasn\u00ed i penzionovan\u00ed \u00fa\u0159edn\u00edci nejen z USA, ale i z mnoha dal\u0161\u00edch zem\u00ed (v\u010detn\u011b b\u00fdval\u00fdch hlav st\u00e1t\u016f), v\u00fdznamn\u00ed obchodn\u00ed l\u00edd\u0159i a hv\u011bzdy z\u00e1bavn\u00edho pr\u016fmyslu. Trestn\u00ed st\u00edh\u00e1n\u00ed proti finan\u010dn\u00edkovi v USA bylo zastaveno po jeho sebevra\u017ed\u011b ve v\u011bze\u0148sk\u00e9 cele v srpnu 2019.<\/span><\/p>\n<p><img decoding=\"async\" loading=\"lazy\" class=\"alignnone size-full wp-image-1185\" src=\"http:\/\/www.infokuryr.cz\/n\/wp-content\/uploads\/2021\/04\/kuryr-podpis.png\" alt=\"\" width=\"84\" height=\"24\" \/><\/p>\n<p>&nbsp;<\/p>\n","protected":false},"excerpt":{"rendered":"<p>D\u016fvodem t\u011bchto spekulac\u00ed je skand\u00e1l kolem jmenov\u00e1n\u00ed Petera Mandelsona, p\u0159\u00edtele americk\u00e9ho finan\u010dn\u00edka Jeffreyho Epsteina, britsk\u00fdm&#8230;<\/p>\n","protected":false},"author":2,"featured_media":91114,"comment_status":"closed","ping_status":"closed","sticky":false,"template":"","format":"standard","meta":[],"categories":[7],"tags":[6249,621,303],"_links":{"self":[{"href":"https:\/\/www.infokuryr.cz\/n\/wp-json\/wp\/v2\/posts\/99105"}],"collection":[{"href":"https:\/\/www.infokuryr.cz\/n\/wp-json\/wp\/v2\/posts"}],"about":[{"href":"https:\/\/www.infokuryr.cz\/n\/wp-json\/wp\/v2\/types\/post"}],"author":[{"embeddable":true,"href":"https:\/\/www.infokuryr.cz\/n\/wp-json\/wp\/v2\/users\/2"}],"replies":[{"embeddable":true,"href":"https:\/\/www.infokuryr.cz\/n\/wp-json\/wp\/v2\/comments?post=99105"}],"version-history":[{"count":0,"href":"https:\/\/www.infokuryr.cz\/n\/wp-json\/wp\/v2\/posts\/99105\/revisions"}],"wp:featuredmedia":[{"embeddable":true,"href":"https:\/\/www.infokuryr.cz\/n\/wp-json\/wp\/v2\/media\/91114"}],"wp:attachment":[{"href":"https:\/\/www.infokuryr.cz\/n\/wp-json\/wp\/v2\/media?parent=99105"}],"wp:term":[{"taxonomy":"category","embeddable":true,"href":"https:\/\/www.infokuryr.cz\/n\/wp-json\/wp\/v2\/categories?post=99105"},{"taxonomy":"post_tag","embeddable":true,"href":"https:\/\/www.infokuryr.cz\/n\/wp-json\/wp\/v2\/tags?post=99105"}],"curies":[{"name":"wp","href":"https:\/\/api.w.org\/{rel}","templated":true}]}}