{"id":991,"date":"2021-04-20T08:41:43","date_gmt":"2021-04-20T06:41:43","guid":{"rendered":"http:\/\/www.infokuryr.cz\/n\/?p=991"},"modified":"2021-04-20T08:41:43","modified_gmt":"2021-04-20T06:41:43","slug":"u-ruska-se-vina-neprokazuje-rusko-je-vinno-automaticky","status":"publish","type":"post","link":"https:\/\/www.infokuryr.cz\/n\/2021\/04\/20\/u-ruska-se-vina-neprokazuje-rusko-je-vinno-automaticky\/","title":{"rendered":"U Ruska se vina neprokazuje. Rusko je vinno AUTOMATICKY"},"content":{"rendered":"<div id=\"fb-root\"><\/div>\n<p><strong>P\u0159i \u010dten\u00ed zpr\u00e1v z domova i ze sv\u011bta na m\u011b \u00fato\u010d\u00ed st\u00e1le jedna a tat\u00e1\u017e fixn\u00ed idea Z\u00e1padu: Rusko je zl\u00e9, agresivn\u00ed a m\u016f\u017ee za v\u0161echno \u0161patn\u00e9 na sv\u011bt\u011b za n\u011bkolik posledn\u00edch desetilet\u00ed, a proto je jedin\u011b spr\u00e1vn\u00e9 d\u011blat cokoli, co Rusku u\u0161kod\u00ed nebo co ho pon\u00ed\u017e\u00ed, a to bez ohledu na to, zdali jsou obvin\u011bn\u00ed prok\u00e1zan\u00e1.<\/strong><\/p>\n<div class=\"-wm-o9v6fnle -wm-cxmmr5t8 -wm-oygrvhab -wm-hcukyx3x -wm-c1et5uql -wm-ii04i59q\">\n<div dir=\"auto\">U zem\u011b, jako je Rusko, se vina neprokazuje. U zem\u011b, jako je Rusko, zcela posta\u010d\u00ed pouh\u00e9 obvin\u011bn\u00ed z \u010d\u00edkoli strany, kter\u00e9 se prost\u011b jen nazve &#8222;d\u016fvodn\u00fdm podez\u0159en\u00edm&#8220;. Rusko je tedy vinno AUTOMATICKY &#8211; bez shroma\u017e\u010fov\u00e1n\u00ed, p\u0159edkl\u00e1d\u00e1n\u00ed a posuzov\u00e1n\u00ed d\u016fkaz\u016f, bez mo\u017enosti vyj\u00e1d\u0159it se k obvin\u011bn\u00ed, bez spravedliv\u00e9ho soudu, bez mo\u017enosti odvol\u00e1n\u00ed&#8230;<\/div>\n<\/div>\n<div class=\"-wm-o9v6fnle -wm-cxmmr5t8 -wm-oygrvhab -wm-hcukyx3x -wm-c1et5uql -wm-ii04i59q\">\n<div><\/div>\n<div dir=\"auto\">Tot\u00e1ln\u011b samospravedliv\u00fd Z\u00e1pad se pasoval do role po\u0161kozen\u00e9ho, oznamovatele, vy\u0161et\u0159ovatele, \u017ealobce, soudce, bacha\u0159e a kata v jedn\u00e9 osob\u011b. Z\u00e1pad se jako celek pova\u017euje za nad\u0159azenou politickou rasu (nad\u010dlov\u011bk, \u00dcbermensch) a Rusko je v jeho o\u010d\u00edch bezpr\u00e1vn\u00e1 pod\u0159adn\u00e1 rasa (neboli Untermensch) ur\u010den\u00e1 k tot\u00e1ln\u00ed likvidaci.<\/div>\n<\/div>\n<div class=\"-wm-o9v6fnle -wm-cxmmr5t8 -wm-oygrvhab -wm-hcukyx3x -wm-c1et5uql -wm-ii04i59q\">\n<div><\/div>\n<div dir=\"auto\">Pokryteck\u00e1 tv\u00e1\u0159 demokratick\u00e9ho pr\u00e1vn\u00edho st\u00e1tu se tak zm\u011bnila v neskr\u00fdvan\u00fd odporn\u00fd a odpudiv\u00fd \u0161kleb novodob\u00e9 nacistick\u00e9 zr\u016fdy, kter\u00e1 proti sou\u010dasn\u00e9mu Rusku bez jak\u00fdchkoli mor\u00e1ln\u00edch z\u00e1bran chyst\u00e1 operaci Barbarossa II. Jen roli n\u011bkdej\u0161\u00edho hitlerovsk\u00e9ho N\u011bmecka p\u0159evzaly bidenovsk\u00e9 USA. Roli meziv\u00e1le\u010dn\u00e9ho fa\u0161istick\u00e9ho Polska hraje Ukrajina ukraden\u00e1 Rus\u016fm p\u0159ed t\u0159iceti lety.<\/div>\n<div><\/div>\n<\/div>\n<div class=\"-wm-o9v6fnle -wm-cxmmr5t8 -wm-oygrvhab -wm-hcukyx3x -wm-c1et5uql -wm-ii04i59q\">\n<div dir=\"auto\">Doufejme, \u017ee i v bl\u00ed\u017e\u00edc\u00edm se konfliktu p\u0159ipravovan\u00e9m Spojen\u00fdmi st\u00e1ty existuje n\u011bkde n\u011bjak\u00fd Stalingrad, kter\u00fd odstartuje drtivou a tot\u00e1ln\u00ed por\u00e1\u017eku cel\u00e9 t\u00e9 dne\u0161n\u00ed odporn\u00e9 z\u00e1padn\u00ed fa\u0161isticko-nacistick\u00e9 zr\u016fdy, jej\u00ed\u017e nedobrovolnou sou\u010d\u00e1st\u00ed je bohu\u017eel i moje milovan\u00e1 vlast.<\/div>\n<\/div>\n<div class=\"-wm-o9v6fnle -wm-cxmmr5t8 -wm-oygrvhab -wm-hcukyx3x -wm-c1et5uql -wm-ii04i59q\">\n<div><\/div>\n<div dir=\"auto\">Doufejme, \u017ee v tomto novodob\u00e9m konfliktu u\u017e V\u00edt\u011bz nebude muset sv\u00e9 V\u00edt\u011bzstv\u00ed dobra sd\u00edlet s mocnostmi, kter\u00e9 t\u00e9 p\u0159edchoz\u00ed v\u00e1lce nejen nezabr\u00e1nily, ale p\u0159\u00edmo ji tak\u00e9 pom\u00e1haly vyvolat. Doufejme, \u017ee se staronov\u00fd V\u00edt\u011bz u\u017e nebude muset ohl\u00ed\u017eet na mocnosti, kter\u00e9 si tehdy ono V\u00edt\u011bzstv\u00ed nejen z velk\u00e9 \u010d\u00e1sti p\u0159ivlastnily, ale je\u0161t\u011b se (u\u017e v pr\u016fb\u011bhu konfliktu) chystaly V\u00edt\u011bzi a Osvoboditeli vrazit n\u016f\u017e do zad.<\/div>\n<\/div>\n<div class=\"-wm-o9v6fnle -wm-cxmmr5t8 -wm-oygrvhab -wm-hcukyx3x -wm-c1et5uql -wm-ii04i59q\">\n<div><\/div>\n<div dir=\"auto\">Nezb\u00fdv\u00e1 ne\u017e doufat, \u017ee nov\u00fd konflikt u\u017e nebude m\u00edt tak tragick\u00e9 n\u00e1sledky pro civiln\u00ed obyvatelstvo a potvrd\u00ed se teze, \u017ee to, co se jednou odehr\u00e1lo jako katastrofa, se v d\u011bjin\u00e1ch \u010dasto opakuje jako fra\u0161ka. V\u0161e tomu nasv\u011bd\u010duje: Zat\u00edmco p\u0159ed Druhou sv\u011btovou v\u00e1lkou byli vrcholn\u00ed politici v podstat\u011b br\u00e1ni v\u00e1\u017en\u011b, dnes jsou to v o\u010d\u00edch rozumn\u011b uva\u017euj\u00edc\u00edch lidsk\u00fdch bytost\u00ed sice krajn\u011b nebezpe\u010dn\u00ed, ale p\u0159esto trapn\u011b sm\u011b\u0161n\u00ed a opovr\u017een\u00edhodn\u00ed \u0161a\u0161ci. Ten ukrajinsk\u00fd na to m\u00e1 dokonce ofici\u00e1ln\u00ed glejt. Ti ostatn\u00ed si s n\u00edm v tomto ohledu ale nikterak nezadaj\u00ed.<\/div>\n<div dir=\"auto\"><\/div>\n<div>BO\u017dENA WEITINGEROV\u00c1<\/div>\n<div><em>zdroj: FB Bo\u017eeny Weitingerov\u00e9\u00a0<\/em><\/div>\n<\/div>\n<div><\/div>\n<div><\/div>\n","protected":false},"excerpt":{"rendered":"<p>P\u0159i \u010dten\u00ed zpr\u00e1v z domova i ze sv\u011bta na m\u011b \u00fato\u010d\u00ed st\u00e1le jedna a tat\u00e1\u017e&#8230;<\/p>\n","protected":false},"author":2,"featured_media":992,"comment_status":"closed","ping_status":"closed","sticky":false,"template":"","format":"standard","meta":[],"categories":[6],"tags":[29,84,102,22,26,37,40],"_links":{"self":[{"href":"https:\/\/www.infokuryr.cz\/n\/wp-json\/wp\/v2\/posts\/991"}],"collection":[{"href":"https:\/\/www.infokuryr.cz\/n\/wp-json\/wp\/v2\/posts"}],"about":[{"href":"https:\/\/www.infokuryr.cz\/n\/wp-json\/wp\/v2\/types\/post"}],"author":[{"embeddable":true,"href":"https:\/\/www.infokuryr.cz\/n\/wp-json\/wp\/v2\/users\/2"}],"replies":[{"embeddable":true,"href":"https:\/\/www.infokuryr.cz\/n\/wp-json\/wp\/v2\/comments?post=991"}],"version-history":[{"count":0,"href":"https:\/\/www.infokuryr.cz\/n\/wp-json\/wp\/v2\/posts\/991\/revisions"}],"wp:featuredmedia":[{"embeddable":true,"href":"https:\/\/www.infokuryr.cz\/n\/wp-json\/wp\/v2\/media\/992"}],"wp:attachment":[{"href":"https:\/\/www.infokuryr.cz\/n\/wp-json\/wp\/v2\/media?parent=991"}],"wp:term":[{"taxonomy":"category","embeddable":true,"href":"https:\/\/www.infokuryr.cz\/n\/wp-json\/wp\/v2\/categories?post=991"},{"taxonomy":"post_tag","embeddable":true,"href":"https:\/\/www.infokuryr.cz\/n\/wp-json\/wp\/v2\/tags?post=991"}],"curies":[{"name":"wp","href":"https:\/\/api.w.org\/{rel}","templated":true}]}}