{"id":99078,"date":"2026-02-09T00:31:01","date_gmt":"2026-02-08T23:31:01","guid":{"rendered":"https:\/\/www.infokuryr.cz\/n\/?p=99078"},"modified":"2026-02-08T16:59:18","modified_gmt":"2026-02-08T15:59:18","slug":"prisery-se-uz-neschovavaji-pod-posteli","status":"publish","type":"post","link":"https:\/\/www.infokuryr.cz\/n\/2026\/02\/09\/prisery-se-uz-neschovavaji-pod-posteli\/","title":{"rendered":"P\u0159\u00ed\u0161ery se u\u017e neschov\u00e1vaj\u00ed pod postel\u00ed"},"content":{"rendered":"<div id=\"fb-root\"><\/div>\n<h3><strong><span dir=\"auto\">K\u0159i\u010dme hlasit\u011bji, \u0159ev bomb nesm\u00ed p\u0159ehlu\u0161it v\u0161echny na\u0161e hlasy najednou<\/span><\/strong><\/h3>\n<p><span dir=\"auto\">Ali Abu Zour ani nestihl promluvit sv\u00e9 prvn\u00ed slovo, kdy\u017e musel b\u00fdt poh\u0159ben. Byly mu t\u0159i m\u011bs\u00edce a zem\u0159el na podchlazen\u00ed. Izraelsk\u00e1 blok\u00e1da humanit\u00e1rn\u00ed pomoci vstupuj\u00edc\u00ed do Gazy zhor\u0161uje u\u017e tak zoufal\u00e9 podm\u00ednky pro p\u0159e\u017eit\u00ed uprost\u0159ed krut\u00e9 zimy.<\/span><\/p>\n<p><span dir=\"auto\">T\u0159in\u00e1ctilet\u00fd Salman al-Zawarah a jeho patn\u00e1ctilet\u00fd bratranec Mohammed al-Zawarah sb\u00edrali d\u0159evo na va\u0159en\u00ed a vyt\u00e1p\u011bn\u00ed sv\u00fdch rodin, kdy\u017e je zabil izraelsk\u00fd dron.<\/span><\/p>\n<p><span dir=\"auto\">Podle UNICEF zem\u0159elo v pob\u0159e\u017en\u00ed enkl\u00e1v\u011b od vyhl\u00e1\u0161en\u00ed p\u0159\u00edm\u011b\u0159\u00ed v \u0159\u00edjnu 2025 v\u00edce ne\u017e sto d\u011bt\u00ed. Podle zpr\u00e1v m\u00e9di\u00ed se jedn\u00e1 o odhad. \u010c\u00edsla \u201e\u00a0<\/span><em><span dir=\"auto\">by mohla b\u00fdt vy\u0161\u0161\u00ed<\/span><\/em><span dir=\"auto\">\u00a0\u201c.<\/span><\/p>\n<p><span dir=\"auto\">V Kerm\u00e1n\u0161\u00e1hu se t\u0159\u00edlet\u00e1 Milina Asadi a jej\u00ed otec vraceli z n\u00e1kupu ml\u00e9ka a l\u00e9k\u016f, kdy\u017e byla st\u0159elena do zad a zabita. Osmilet\u00e1 d\u00edvka z Isfah\u00e1nu, kter\u00e1 tak\u00e9 nakupovala se svou rodinou, byla zasa\u017eena do b\u0159icha, brady a zadn\u00ed \u010d\u00e1sti hlavy. Forenzn\u00ed vy\u0161et\u0159en\u00ed zjistilo, \u017ee kulky byly\u00a0<\/span><em><span dir=\"auto\">izraelsk\u00e9ho vojensk\u00e9ho typu<\/span><\/em><span dir=\"auto\">\u00a0.<\/span><\/p>\n<p><span dir=\"auto\">Podle \u00edr\u00e1nsk\u00fdch \u00fa\u0159ad\u016f jsou za to zodpov\u011bdn\u00e9 ozbrojen\u00e9 skupiny a teroristick\u00e9 \u017eivly veden\u00e9 Mossadem a Spojen\u00fdmi st\u00e1ty.<\/span><\/p>\n<p><span dir=\"auto\">Legitimizace n\u00e1sil\u00ed a smrti ve jm\u00e9nu geopolitiky nen\u00ed m\u00f3dn\u00ed v\u00fdst\u0159elek; je to trval\u00fd zlo\u010din, kter\u00fd po\u0161lap\u00e1v\u00e1 v\u0161echna pr\u00e1va a trv\u00e1, proto\u017ee to dovoluj\u00ed ti, kdo d\u00e1vaj\u00ed rozkazy, ti, kdo ma\u010dkaj\u00ed spou\u0161\u0165, a ti, kdo ml\u010d\u00ed. Kdysi jsem \u010detl: \u201e\u00a0<\/span><em><span dir=\"auto\">\u010clov\u011bk by m\u011bl ml\u010det, kdy\u017e d\u011bti sp\u00ed. Ne, kdy\u017e jsou zab\u00edjeny<\/span><\/em><span dir=\"auto\">\u00a0.\u201c K\u0159i\u010dme hlasit\u011bji; \u0159ev bomb nesm\u00ed p\u0159ehlu\u0161it v\u0161echny na\u0161e hlasy.<\/span><\/p>\n<p><span dir=\"auto\">Od dubna 2023 do sou\u010dasnosti v\u00edce ne\u017e osm milion\u016f d\u011bt\u00ed v S\u00fad\u00e1nu \u2013 t\u00e9m\u011b\u0159 polovina ze 17 milion\u016f d\u011bt\u00ed \u0161koln\u00edho v\u011bku \u2013 nechod\u00ed do \u0161koly po dobu p\u0159ibli\u017en\u011b 500 dn\u016f. Podle zpr\u00e1v m\u00e9di\u00ed a nevl\u00e1dn\u00edch organizac\u00ed se jedn\u00e1 o jedno z nejdel\u0161\u00edch uzav\u0159en\u00ed \u0161kol na sv\u011bt\u011b, kter\u00e9 p\u0159ekonalo uzav\u0159en\u00ed \u0161kol b\u011bhem pandemie COVID-19. Boje paralyzovaly vzd\u011bl\u00e1v\u00e1n\u00ed v cel\u00e9 zemi. Jak\u00e1 budoucnost \u010dek\u00e1 d\u011bti, kter\u00e9 p\u0159e\u017eij\u00ed: zni\u010den\u00e9 domovy, p\u00e1r p\u0159\u00edbuzn\u00fdch, \u0161koly lehce ztroskotan\u00e9?<\/span><\/p>\n<p><span dir=\"auto\">Jak moc se lidstvo zlomilo, \u017ee se d\u011bti u\u017e neboj\u00ed duch\u016f schovan\u00fdch pod postelemi, ale kulek? P\u0159\u00ed\u0161ery, kter\u00e9 kdysi nutily mal\u00e9 d\u011bti prosit rodi\u010de, aby je kol\u00e9baly, se staly realitou a dosp\u011bl\u00ed je bohu\u017eel u\u017e nemohou ochr\u00e1nit. Tyto p\u0159\u00ed\u0161ery jsou bezduch\u00e9 bytosti, kter\u00e9 v p\u0159estrojen\u00ed za lidskou k\u016f\u017ei st\u0159\u00edlej\u00ed d\u011bti z bezprost\u0159edn\u00ed bl\u00edzkosti nebo je okr\u00e1daj\u00ed o d\u011btstv\u00ed. A\u0165 tak \u010di onak, je to forma smrti.<\/span><\/p>\n<p><span dir=\"auto\">A co v\u00edme o t\u011bch poh\u0159ben\u00fdch pod troskami; o t\u011bch, kte\u0159\u00ed zem\u0159eli na podv\u00fd\u017eivu, hladomor nebo zimu? M\u00e1lo nebo nic. Mo\u017en\u00e1 n\u011bjak\u00e1 \u010d\u00edsla, ale co mohou \u010d\u00edsla ud\u011blat pro tyto rodiny? Slou\u017e\u00ed jen k odsouzen\u00ed situace \u2013 zjevn\u011b \u2013 proto\u017ee v\u00e1lky pokra\u010duj\u00ed, sponzorovan\u00e9 p\u0159edev\u0161\u00edm t\u011bmi, kte\u0159\u00ed z nich profituj\u00ed, jako je M\u00edrov\u00e1 skupina, kter\u00e1 nena\u0161la \u0159e\u0161en\u00ed konfliktu v Gaze, ale po\u017eadovala miliony.<\/span><\/p>\n<p><em><span dir=\"auto\">od\u00a0<\/span><a href=\"https:\/\/www.granma.cu\/mundo\/2026-02-04\/los-monstruos-ya-no-se-esconden-debajo-de-la-cama-04-02-2026-21-02-33\"><strong><span dir=\"auto\">Laury Mercedes Giraldezov\u00e9<\/span><\/strong><\/a><\/em><\/p>\n<p>&nbsp;<\/p>\n<p>&nbsp;<\/p>\n","protected":false},"excerpt":{"rendered":"<p>K\u0159i\u010dme hlasit\u011bji, \u0159ev bomb nesm\u00ed p\u0159ehlu\u0161it v\u0161echny na\u0161e hlasy najednou Ali Abu Zour ani nestihl&#8230;<\/p>\n","protected":false},"author":2,"featured_media":99079,"comment_status":"closed","ping_status":"closed","sticky":false,"template":"","format":"standard","meta":[],"categories":[7],"tags":[1042,245,348,178],"_links":{"self":[{"href":"https:\/\/www.infokuryr.cz\/n\/wp-json\/wp\/v2\/posts\/99078"}],"collection":[{"href":"https:\/\/www.infokuryr.cz\/n\/wp-json\/wp\/v2\/posts"}],"about":[{"href":"https:\/\/www.infokuryr.cz\/n\/wp-json\/wp\/v2\/types\/post"}],"author":[{"embeddable":true,"href":"https:\/\/www.infokuryr.cz\/n\/wp-json\/wp\/v2\/users\/2"}],"replies":[{"embeddable":true,"href":"https:\/\/www.infokuryr.cz\/n\/wp-json\/wp\/v2\/comments?post=99078"}],"version-history":[{"count":0,"href":"https:\/\/www.infokuryr.cz\/n\/wp-json\/wp\/v2\/posts\/99078\/revisions"}],"wp:featuredmedia":[{"embeddable":true,"href":"https:\/\/www.infokuryr.cz\/n\/wp-json\/wp\/v2\/media\/99079"}],"wp:attachment":[{"href":"https:\/\/www.infokuryr.cz\/n\/wp-json\/wp\/v2\/media?parent=99078"}],"wp:term":[{"taxonomy":"category","embeddable":true,"href":"https:\/\/www.infokuryr.cz\/n\/wp-json\/wp\/v2\/categories?post=99078"},{"taxonomy":"post_tag","embeddable":true,"href":"https:\/\/www.infokuryr.cz\/n\/wp-json\/wp\/v2\/tags?post=99078"}],"curies":[{"name":"wp","href":"https:\/\/api.w.org\/{rel}","templated":true}]}}