{"id":99070,"date":"2026-02-09T00:30:12","date_gmt":"2026-02-08T23:30:12","guid":{"rendered":"https:\/\/www.infokuryr.cz\/n\/?p=99070"},"modified":"2026-02-08T16:47:52","modified_gmt":"2026-02-08T15:47:52","slug":"pristavni-delnici-ve-stredomori-blokuji-vice-nez-20-pristavu-na-znak-solidarity-s-palestinou","status":"publish","type":"post","link":"https:\/\/www.infokuryr.cz\/n\/2026\/02\/09\/pristavni-delnici-ve-stredomori-blokuji-vice-nez-20-pristavu-na-znak-solidarity-s-palestinou\/","title":{"rendered":"P\u0159\u00edstavn\u00ed d\u011bln\u00edci ve St\u0159edomo\u0159\u00ed blokuj\u00ed v\u00edce ne\u017e 20 p\u0159\u00edstav\u016f na znak solidarity s Palestinou"},"content":{"rendered":"<div id=\"fb-root\"><\/div>\n<p><strong><span dir=\"auto\">St\u00e1vkuj\u00edc\u00ed prohl\u00e1sili, \u017ee tato mobilizace je jen za\u010d\u00e1tek, a varovali, \u017ee \u201ednes jsou to p\u0159\u00edstavy, z\u00edtra to bude cel\u00fd logistick\u00fd sektor\u201c.<\/span><\/strong><\/p>\n<p><span dir=\"auto\">Dokov\u00ed d\u011bln\u00edci po cel\u00e9m St\u0159edomo\u0159\u00ed zorganizovali 6. \u00fanora masivn\u00ed a koordinovanou st\u00e1vku, kter\u00e1 paralyzovala \u010dinnost ve v\u00edce ne\u017e 20 p\u0159\u00edstavech na protest proti genocid\u011b Palestinc\u016f v Gaze ze strany Izraele a proti privatizaci a militarizaci p\u0159\u00edstavn\u00ed infrastruktury.<\/span><\/p>\n<p><span dir=\"auto\">Organizuj\u00edc\u00ed odbory popsaly tuto akci jako d\u016fsledek dlouhodob\u00e9 solidarity dock\u00fdch d\u011bln\u00edk\u016f s Palestinou, ale tak\u00e9 jejich vlastn\u00edho boje za d\u016fstojn\u00e9 pracovn\u00ed podm\u00ednky ve sv\u00e9 zemi.<\/span><\/p>\n<p><span dir=\"auto\">P\u0159ed \u00fatokem lod\u011b pravideln\u011b p\u0159epravuj\u00edc\u00ed vojensk\u00fd n\u00e1klad do Izraele zm\u011bnily sv\u00e9 trasy.<\/span><\/p>\n<p><span dir=\"auto\">Demonstrace za\u010daly v p\u0159\u00edstavech \u0158ecka, Turecka a Baskicka, kde odborov\u00fd svaz Liman-\u0130\u015f shrom\u00e1\u017edil stovky sv\u00fdch \u010dlen\u016f, aby p\u0159ednesl poselstv\u00ed \u201e\u00a0<\/span><em><span dir=\"auto\">proti genocid\u011b a v solidarit\u011b s Palestinou<\/span><\/em><span dir=\"auto\">\u00a0\u201c\u00a0<\/span><em><span dir=\"auto\">.<\/span><\/em><\/p>\n<p><span dir=\"auto\">V \u0158ecku dokov\u00ed d\u011bln\u00edci zd\u016fraznili rozpor mezi zna\u010dn\u00fdmi evropsk\u00fdmi investicemi do znovuzbrojov\u00e1n\u00ed a \u00fasporn\u00fdmi opat\u0159en\u00edmi, kter\u00e1 ohro\u017euj\u00ed jejich bezpe\u010dnostn\u00ed podm\u00ednky t\u00edm, \u017ee ovliv\u0148uj\u00ed ve\u0159ejn\u00e9 slu\u017eby.<\/span><\/p>\n<p><a href=\"https:\/\/x.com\/QudsNen\/status\/2019910904939257963?ref_src=twsrc%5Etfw%7Ctwcamp%5Etweetembed%7Ctwterm%5E2019910904939257963%7Ctwgr%5E9c09ab2fb7fa74eb9f324970fcd2a8ac6f957ba5%7Ctwcon%5Es1_&amp;ref_url=https%3A%2F%2Freseauinternational.net%2Fles-dockers-mediterraneens-bloquent-plus-de-20-ports-en-solidarite-avec-la-palestine%2F\"><img decoding=\"async\" loading=\"lazy\" class=\"wp-image-99072 aligncenter\" src=\"http:\/\/www.infokuryr.cz\/n\/wp-content\/uploads\/2026\/02\/x-2-185x300.jpg\" alt=\"\" width=\"406\" height=\"658\" srcset=\"https:\/\/www.infokuryr.cz\/n\/wp-content\/uploads\/2026\/02\/x-2-185x300.jpg 185w, https:\/\/www.infokuryr.cz\/n\/wp-content\/uploads\/2026\/02\/x-2.jpg 527w\" sizes=\"(max-width: 406px) 100vw, 406px\" \/><\/a><\/p>\n<p><span dir=\"auto\">\u201e\u00a0<\/span><em><span dir=\"auto\">Nebudeme tolerovat pr\u00e1ci, kter\u00e1 je v rozporu s na\u0161imi pr\u00e1vy\u00a0<\/span><\/em><em><span dir=\"auto\">,<\/span><\/em><span dir=\"auto\">\u00a0\u201c\u00a0prohl\u00e1sil Damianos Voudigaris z \u0159eck\u00e9ho odborov\u00e9ho svazu ENEDEP. \u201e\u00a0<\/span><em><span dir=\"auto\">Pojem pokroku by m\u011bl znamenat n\u00e1vrat dom\u016f \u017eiv\u00fd. P\u0159\u00edstavy jsou pracovi\u0161t\u011b, nikoli v\u00e1le\u010dn\u00e9 z\u00f3ny. M\u00edsta pr\u00e1ce, nikoli krveprolit\u00ed\u00a0<\/span><\/em><span dir=\"auto\"><em>.<\/em> \u201c<\/span><\/p>\n<p><span dir=\"auto\">It\u00e1lie za\u017eila jedny z nejv\u011bt\u0161\u00edch mobilizac\u00ed dne, kdy se ve v\u00edce ne\u017e tuctu p\u0159\u00edstav\u016f koordinovaly st\u00e1vky, kter\u00fdch se z\u00fa\u010dastnili dokov\u00ed d\u011bln\u00edci, p\u0159\u00edstavn\u00ed agenti, studenti a dal\u0161\u00ed protestuj\u00edc\u00ed.<\/span><\/p>\n<p><span dir=\"auto\">Odborov\u00fd svaz z\u00e1kladny (USB) informoval o situaci ve v\u0161ech st\u00e1vkuj\u00edc\u00edch p\u0159\u00edstavech, kde demonstranti m\u00e1vali palestinsk\u00fdmi a kub\u00e1nsk\u00fdmi vlajkami.<\/span><\/p>\n<p><span dir=\"auto\">Z\u00e1stupci USB tvrdili, \u017ee evropsk\u00e9 odborov\u00e9 hnut\u00ed by m\u011blo zaujmout internacionalistick\u00fd postoj a postavit se proti agend\u011b EU a pravicov\u00fdch vl\u00e1d, zejm\u00e9na vl\u00e1dy premi\u00e9rky Giorgie Meloni.<\/span><\/p>\n<p><a href=\"https:\/\/x.com\/DropSiteNews\/status\/2019748248995426812?ref_src=twsrc%5Etfw%7Ctwcamp%5Etweetembed%7Ctwterm%5E2019748248995426812%7Ctwgr%5E9c09ab2fb7fa74eb9f324970fcd2a8ac6f957ba5%7Ctwcon%5Es1_&amp;ref_url=https%3A%2F%2Freseauinternational.net%2Fles-dockers-mediterraneens-bloquent-plus-de-20-ports-en-solidarite-avec-la-palestine%2F\"><img decoding=\"async\" loading=\"lazy\" class=\"wp-image-99073 aligncenter\" src=\"http:\/\/www.infokuryr.cz\/n\/wp-content\/uploads\/2026\/02\/x1-1-240x300.jpg\" alt=\"\" width=\"464\" height=\"580\" srcset=\"https:\/\/www.infokuryr.cz\/n\/wp-content\/uploads\/2026\/02\/x1-1-240x300.jpg 240w, https:\/\/www.infokuryr.cz\/n\/wp-content\/uploads\/2026\/02\/x1-1.jpg 524w\" sizes=\"(max-width: 464px) 100vw, 464px\" \/><\/a><\/p>\n<p><span dir=\"auto\">V Terstu varovali dokov\u00ed d\u011bln\u00edci p\u0159ed privatizac\u00ed, zat\u00edmco v Bari a Ravenn\u011b protestuj\u00edc\u00ed uvedli, \u017ee p\u0159\u00edstavn\u00ed infrastruktura je vyu\u017e\u00edv\u00e1na, \u201e\u00a0<\/span><em><span dir=\"auto\">n\u011bkdy oklikou<\/span><\/em><span dir=\"auto\">\u00a0\u201c, k p\u0159eprav\u011b vojensk\u00e9ho a dvoj\u00edho u\u017eit\u00ed do Izraele.<\/span><\/p>\n<p><span dir=\"auto\">V Janov\u011b provedli \u010dlenov\u00e9 kolektivu CALP jednu z nejv\u011bt\u0161\u00edch akc\u00ed dne a prohl\u00e1sili:<\/span><\/p>\n<p><span dir=\"auto\">\u201e\u00a0<\/span><em><span dir=\"auto\">Sl\u00edbili jsme, \u017ee v\u0161echno zablokujeme, a v\u0161echno jsme zablokovali. Sl\u00edbili jsme gener\u00e1ln\u00ed st\u00e1vku a st\u00e1vkovali jsme. Ohl\u00e1sili jsme mezin\u00e1rodn\u00ed st\u00e1vku a tady jsme<\/span><\/em><span dir=\"auto\">\u00a0.\u201c<\/span><\/p>\n<p><span dir=\"auto\">St\u00e1vkuj\u00edc\u00ed tvrdili, \u017ee tato mobilizace teprve za\u010d\u00edn\u00e1:<\/span><\/p>\n<p><span dir=\"auto\">\u201e\u00a0<\/span><em><span dir=\"auto\">Dnes jsou to p\u0159\u00edstavy, z\u00edtra cel\u00fd logistick\u00fd sektor a pak v\u0161echny sektory \u010dinnosti\u00a0<\/span><\/em><span dir=\"auto\"><em>.<\/em>\u00a0\u201c<\/span><\/p>\n<p><span dir=\"auto\">Mezin\u00e1rodn\u00ed federace odborov\u00fdch svaz\u016f podpo\u0159ila tuto mobilizaci vyd\u00e1n\u00edm\u00a0<\/span><a href=\"https:\/\/www.wftucentral.org\/wftu-solidarity-message-with-the-international-day-of-action-for-ports\/#:~:text=The%20World%20Federation%20of%20Trade,consequences%20of%20the%20war%20economy.\"><span dir=\"auto\">prohl\u00e1\u0161en\u00ed solidarity<\/span><\/a><span dir=\"auto\">\u00a0a p\u0159ijet\u00edm hesla \u201e\u00a0<\/span><em><span dir=\"auto\">Doka\u0159i nepracuj\u00ed pro v\u00e1lku<\/span><\/em><span dir=\"auto\">\u00a0\u201c\u00a0<\/span><em><span dir=\"auto\">.<\/span><\/em><\/p>\n<p><span dir=\"auto\">Tento masivn\u00ed \u00fatok p\u0159ich\u00e1z\u00ed den pot\u00e9, co Glob\u00e1ln\u00ed flotila Sumud\u00a0<\/span><a href=\"https:\/\/thecradle.co\/articles\/global-sumud-flotilla-announces-new-gaza-aid-mission\"><span dir=\"auto\">ozn\u00e1mila<\/span><\/a><span dir=\"auto\"> novou humanit\u00e1rn\u00ed misi do Gazy, kter\u00e1 je pl\u00e1nov\u00e1na na 29. b\u0159ezna. Organiz\u00e1to\u0159i odhalili novou n\u00e1mo\u0159n\u00ed trasu, kter\u00e1 bude za\u010d\u00ednat v Barcelon\u011b a zastavovat v n\u011bkolika st\u0159edomo\u0159sk\u00fdch p\u0159\u00edstavech, spolu s pozemn\u00edmi konvoji sm\u011b\u0159uj\u00edc\u00edmi k kontroln\u00edmu stanovi\u0161ti Raf\u00e1h.<\/span><\/p>\n<p><a href=\"https:\/\/x.com\/DropSiteNews\/status\/1962158988549566700?ref_src=twsrc%5Etfw%7Ctwcamp%5Etweetembed%7Ctwterm%5E1962158988549566700%7Ctwgr%5E9c09ab2fb7fa74eb9f324970fcd2a8ac6f957ba5%7Ctwcon%5Es1_&amp;ref_url=https%3A%2F%2Freseauinternational.net%2Fles-dockers-mediterraneens-bloquent-plus-de-20-ports-en-solidarite-avec-la-palestine%2F\"><img decoding=\"async\" loading=\"lazy\" class=\"wp-image-99074 aligncenter\" src=\"http:\/\/www.infokuryr.cz\/n\/wp-content\/uploads\/2026\/02\/x2-263x300.jpg\" alt=\"\" width=\"511\" height=\"583\" srcset=\"https:\/\/www.infokuryr.cz\/n\/wp-content\/uploads\/2026\/02\/x2-263x300.jpg 263w, https:\/\/www.infokuryr.cz\/n\/wp-content\/uploads\/2026\/02\/x2.jpg 525w\" sizes=\"(max-width: 511px) 100vw, 511px\" \/><\/a><\/p>\n<p><a href=\"https:\/\/thecradle.co\/articles\/Mediterranean-dockworkers-shut-down-over-20-ports-in-solidarity-with-palestine\"><span dir=\"auto\">Kol\u00e9bka<\/span><\/a><\/p>\n<p>&nbsp;<\/p>\n","protected":false},"excerpt":{"rendered":"<p>St\u00e1vkuj\u00edc\u00ed prohl\u00e1sili, \u017ee tato mobilizace je jen za\u010d\u00e1tek, a varovali, \u017ee \u201ednes jsou to p\u0159\u00edstavy,&#8230;<\/p>\n","protected":false},"author":2,"featured_media":99071,"comment_status":"closed","ping_status":"closed","sticky":false,"template":"","format":"standard","meta":[],"categories":[7],"tags":[1987,1709,312,1242,5825],"_links":{"self":[{"href":"https:\/\/www.infokuryr.cz\/n\/wp-json\/wp\/v2\/posts\/99070"}],"collection":[{"href":"https:\/\/www.infokuryr.cz\/n\/wp-json\/wp\/v2\/posts"}],"about":[{"href":"https:\/\/www.infokuryr.cz\/n\/wp-json\/wp\/v2\/types\/post"}],"author":[{"embeddable":true,"href":"https:\/\/www.infokuryr.cz\/n\/wp-json\/wp\/v2\/users\/2"}],"replies":[{"embeddable":true,"href":"https:\/\/www.infokuryr.cz\/n\/wp-json\/wp\/v2\/comments?post=99070"}],"version-history":[{"count":1,"href":"https:\/\/www.infokuryr.cz\/n\/wp-json\/wp\/v2\/posts\/99070\/revisions"}],"predecessor-version":[{"id":99075,"href":"https:\/\/www.infokuryr.cz\/n\/wp-json\/wp\/v2\/posts\/99070\/revisions\/99075"}],"wp:featuredmedia":[{"embeddable":true,"href":"https:\/\/www.infokuryr.cz\/n\/wp-json\/wp\/v2\/media\/99071"}],"wp:attachment":[{"href":"https:\/\/www.infokuryr.cz\/n\/wp-json\/wp\/v2\/media?parent=99070"}],"wp:term":[{"taxonomy":"category","embeddable":true,"href":"https:\/\/www.infokuryr.cz\/n\/wp-json\/wp\/v2\/categories?post=99070"},{"taxonomy":"post_tag","embeddable":true,"href":"https:\/\/www.infokuryr.cz\/n\/wp-json\/wp\/v2\/tags?post=99070"}],"curies":[{"name":"wp","href":"https:\/\/api.w.org\/{rel}","templated":true}]}}