{"id":99059,"date":"2026-02-09T00:19:07","date_gmt":"2026-02-08T23:19:07","guid":{"rendered":"https:\/\/www.infokuryr.cz\/n\/?p=99059"},"modified":"2026-02-08T15:27:25","modified_gmt":"2026-02-08T14:27:25","slug":"jan-sedlacek-overeni-veku-na-socialnich-sitich-je-jen-dalsi-krok-k-digitalnimu-id","status":"publish","type":"post","link":"https:\/\/www.infokuryr.cz\/n\/2026\/02\/09\/jan-sedlacek-overeni-veku-na-socialnich-sitich-je-jen-dalsi-krok-k-digitalnimu-id\/","title":{"rendered":"Jan Sedl\u00e1\u010dek: \u201eOv\u011b\u0159en\u00ed v\u011bku\u201c na soci\u00e1ln\u00edch s\u00edt\u00edch je jen dal\u0161\u00ed krok k digit\u00e1ln\u00edmu ID"},"content":{"rendered":"<div id=\"fb-root\"><\/div>\n<div class=\"xdj266r x14z9mp xat24cr x1lziwak x1vvkbs x126k92a\">\n<div dir=\"auto\">Mluv\u00ed se o tom, \u017ee by se d\u011btem zak\u00e1zaly soci\u00e1ln\u00ed s\u00edt\u011b a byla zavedena kontrola v\u011bku. To m\u016f\u017ee zn\u00edt na prvn\u00ed pohled rozumn\u011b, nicm\u00e9n\u011b je to jen z\u00e1minka k zaveden\u00ed digit\u00e1ln\u00edho ID.<\/div>\n<\/div>\n<p>Tento krok by toti\u017e znamenal, \u017ee nejen u d\u011bt\u00ed, ale u v\u0161ech u\u017eivatel\u016f s\u00edt\u00ed by se \u00fa\u010det musel propojit s ob\u010dankou \u010di jin\u00fdmi doklady.<\/p>\n<p>U\u017e te\u010f st\u00e1t a EU \u010dmuchaj\u00ed do toho, kdo co p\u00ed\u0161e na soci\u00e1ln\u00edch s\u00edt\u00edch, a nav\u00edc se sna\u017e\u00ed prolomit i listovn\u00ed tajemstv\u00ed u soukrom\u00e9 komunikace. St\u00e1le tu ale m\u00e1me je\u0161t\u011b ur\u010ditou m\u00edru svobody, kdy si lze voln\u011b zalo\u017eit anonymn\u00ed profil a skrz n\u011bj komunikovat. EU n\u00e1m hodl\u00e1 tento posledn\u00ed zbytek svobody vz\u00edt a chce m\u00edt p\u0159esn\u00fd p\u0159ehled o tom, kter\u00fd ob\u010dan m\u00e1 jak\u00e9 politick\u00e9 n\u00e1zory, a to nejen ty, kter\u00e9 p\u00ed\u0161e ve\u0159ejn\u011b, ale i ty, kter\u00e9 p\u00ed\u0161e v soukrom\u00fdch zpr\u00e1v\u00e1ch.<\/p>\n<p>Proto jednozna\u010dn\u011b odm\u00edt\u00e1m povinnou \u201ekontrolu v\u011bku\u201c. \u00da\u010dast d\u011bt\u00ed na soci\u00e1ln\u00edch s\u00edt\u00edch mus\u00ed \u0159e\u0161it rodina, ne st\u00e1t a EU.<\/p>\n<p><em><a href=\"https:\/\/narodnidemokracie.cz\/rndr-jan-sedlacek-overeni-veku-na-socialnich-sitich-je-jen-dalsi-krok-k-digitalnimu-id\/\">RNDr. Jan Sedl\u00e1\u010dek<\/a>, p\u0159edseda ND<\/em><\/p>\n<p><img decoding=\"async\" loading=\"lazy\" class=\"alignnone size-medium wp-image-85908\" src=\"http:\/\/www.infokuryr.cz\/n\/wp-content\/uploads\/2025\/08\/sedlacek-nd-300x196.jpg\" alt=\"\" width=\"300\" height=\"196\" srcset=\"https:\/\/www.infokuryr.cz\/n\/wp-content\/uploads\/2025\/08\/sedlacek-nd-300x196.jpg 300w, https:\/\/www.infokuryr.cz\/n\/wp-content\/uploads\/2025\/08\/sedlacek-nd.jpg 665w\" sizes=\"(max-width: 300px) 100vw, 300px\" \/><\/p>\n<p><img decoding=\"async\" loading=\"lazy\" class=\"aligncenter\" src=\"https:\/\/narodnidemokracie.cz\/wp-content\/uploads\/2026\/02\/id3.jpg\" width=\"440\" height=\"612\" \/><\/p>\n<p>&nbsp;<\/p>\n","protected":false},"excerpt":{"rendered":"<p>Mluv\u00ed se o tom, \u017ee by se d\u011btem zak\u00e1zaly soci\u00e1ln\u00ed s\u00edt\u011b a byla zavedena kontrola&#8230;<\/p>\n","protected":false},"author":2,"featured_media":66437,"comment_status":"closed","ping_status":"closed","sticky":false,"template":"","format":"standard","meta":[],"categories":[6],"tags":[3722,647,1503,9549,4706],"_links":{"self":[{"href":"https:\/\/www.infokuryr.cz\/n\/wp-json\/wp\/v2\/posts\/99059"}],"collection":[{"href":"https:\/\/www.infokuryr.cz\/n\/wp-json\/wp\/v2\/posts"}],"about":[{"href":"https:\/\/www.infokuryr.cz\/n\/wp-json\/wp\/v2\/types\/post"}],"author":[{"embeddable":true,"href":"https:\/\/www.infokuryr.cz\/n\/wp-json\/wp\/v2\/users\/2"}],"replies":[{"embeddable":true,"href":"https:\/\/www.infokuryr.cz\/n\/wp-json\/wp\/v2\/comments?post=99059"}],"version-history":[{"count":0,"href":"https:\/\/www.infokuryr.cz\/n\/wp-json\/wp\/v2\/posts\/99059\/revisions"}],"wp:featuredmedia":[{"embeddable":true,"href":"https:\/\/www.infokuryr.cz\/n\/wp-json\/wp\/v2\/media\/66437"}],"wp:attachment":[{"href":"https:\/\/www.infokuryr.cz\/n\/wp-json\/wp\/v2\/media?parent=99059"}],"wp:term":[{"taxonomy":"category","embeddable":true,"href":"https:\/\/www.infokuryr.cz\/n\/wp-json\/wp\/v2\/categories?post=99059"},{"taxonomy":"post_tag","embeddable":true,"href":"https:\/\/www.infokuryr.cz\/n\/wp-json\/wp\/v2\/tags?post=99059"}],"curies":[{"name":"wp","href":"https:\/\/api.w.org\/{rel}","templated":true}]}}