{"id":99051,"date":"2026-02-09T00:24:02","date_gmt":"2026-02-08T23:24:02","guid":{"rendered":"https:\/\/www.infokuryr.cz\/n\/?p=99051"},"modified":"2026-02-08T15:04:55","modified_gmt":"2026-02-08T14:04:55","slug":"obchod-s-eutanazii-kdyz-medicina-dela-smrt-uzitecnejsi-nez-zivot","status":"publish","type":"post","link":"https:\/\/www.infokuryr.cz\/n\/2026\/02\/09\/obchod-s-eutanazii-kdyz-medicina-dela-smrt-uzitecnejsi-nez-zivot\/","title":{"rendered":"Obchod s eutanazi\u00ed: \u201ekdy\u017e medic\u00edna d\u011bl\u00e1 smrt u\u017eite\u010dn\u011bj\u0161\u00ed ne\u017e \u017eivot\u201c"},"content":{"rendered":"<div id=\"fb-root\"><\/div>\n<h3 class=\"wp-block-heading\"><strong><span dir=\"auto\">Eutanazie, ned\u00edln\u00e1 sou\u010d\u00e1st byznysu s rakovinou a darov\u00e1n\u00edm org\u00e1n\u016f<\/span><\/strong><\/h3>\n<p><span dir=\"auto\">Ani soucit, ani filozofie, jen \u00faspory na soci\u00e1ln\u00ed zabezpe\u010den\u00ed a nov\u00fd byznys!<\/span><\/p>\n<h3 class=\"wp-block-heading\"><strong><span dir=\"auto\">Pacienti s rakovinou p\u0159\u00edli\u0161 rychle prohl\u00e1\u0161eni za nevyl\u00e9\u010diteln\u00e9<\/span><\/strong><\/h3>\n<p><span dir=\"auto\">Rakovina je v prvn\u00ed \u0159ad\u011b onemocn\u011bn\u00ed, kter\u00e9 by m\u011blo b\u00fdt l\u00e9\u010deno terapiemi, jejich\u017e \u00fa\u010dinnost se prok\u00e1zala v posledn\u00edch pades\u00e1ti letech.<\/span><span id=\"easy-footnote-1-510834\" class=\"easy-footnote-margin-adjust\"><\/span><span class=\"easy-footnote\"><a title=\"\" href=\"https:\/\/reseauinternational.net\/business-de-leuthanasie-quand-la-medecine-rend-la-mort-plus-utile-que-la-vie\/#easy-footnote-bottom-1-510834\" data-hasqtip=\"0\" aria-describedby=\"qtip-0\"><sup><span dir=\"auto\">1<\/span><\/sup><\/a><\/span><span dir=\"auto\">\u00a0a v p\u0159\u00edpad\u011b nedostate\u010dn\u00e9 \u00fa\u010dinnosti s nov\u00fdmi molekulami, pokud prok\u00e1zaly svou u\u017eite\u010dnost.<\/span><\/p>\n<p><span dir=\"auto\">Kdy\u017e jsme v 60. a 70. letech za\u010d\u00ednali studovat medic\u00ednu, snili jsme o vyl\u00e9\u010den\u00ed s minim\u00e1ln\u00edmi n\u00e1sledky pro na\u0161e pacienty a na\u0161t\u011bst\u00ed se n\u00e1m takov\u00e9ho v\u00fdsledku \u010dasto poda\u0159ilo dos\u00e1hnout.<\/span><span id=\"easy-footnote-2-510834\" class=\"easy-footnote-margin-adjust\"><\/span><span class=\"easy-footnote\"><a title=\"\" href=\"https:\/\/reseauinternational.net\/business-de-leuthanasie-quand-la-medecine-rend-la-mort-plus-utile-que-la-vie\/#easy-footnote-bottom-2-510834\" data-hasqtip=\"1\" aria-describedby=\"qtip-1\"><sup><span dir=\"auto\">2.<\/span><\/sup><\/a><\/span><span dir=\"auto\">\u00a0Ale od roku 2000 c\u00edt\u00edme posun v dob\u011b a stolet\u00ed a st\u00e1le v\u00edce koment\u00e1tor\u016f (ozna\u010dovan\u00fdch za konspira\u010dn\u00ed teoretiky!) tvrd\u00ed, \u017ee c\u00edlem velk\u00fdch farmaceutick\u00fdch spole\u010dnost\u00ed ji\u017e nen\u00ed l\u00e9\u010dit, ale sp\u00ed\u0161e u\u010dinit lidi co nejd\u00e9le z\u00e1visl\u00fdmi na jejich drah\u00fdch l\u00e9c\u00edch. Ministr zdravotnictv\u00ed USA R. F. Kennedy to jasn\u011b prohl\u00e1sil ohledn\u011b o\u010dkov\u00e1n\u00ed d\u011bt\u00ed na\u0159\u00edzen\u00e9ho od 80. let, kter\u00e9 spolu s nezdravou stravou a chemick\u00fdm zne\u010di\u0161t\u011bn\u00edm pravd\u011bpodobn\u011b vedlo k velk\u00e9mu n\u00e1r\u016fstu chronick\u00fdch onemocn\u011bn\u00ed.<\/span><\/p>\n<p><span dir=\"auto\">Na diskus\u00edch o eutanazii a paliativn\u00ed p\u00e9\u010di m\u011b zar\u00e1\u017e\u00ed, \u017ee pacienti jsou st\u00e1le rychleji sm\u011brov\u00e1ni do takzvan\u00e9 paliativn\u00ed p\u00e9\u010de.<\/span><span id=\"easy-footnote-3-510834\" class=\"easy-footnote-margin-adjust\"><\/span><span class=\"easy-footnote\"><a title=\"\" href=\"https:\/\/reseauinternational.net\/business-de-leuthanasie-quand-la-medecine-rend-la-mort-plus-utile-que-la-vie\/#easy-footnote-bottom-3-510834\" data-hasqtip=\"2\" aria-describedby=\"qtip-2\"><sup><span dir=\"auto\">3.<\/span><\/sup><\/a><\/span><span dir=\"auto\">\u00a0A brzy eutanazie. Jako by byli opravdu nevyl\u00e9\u010diteln\u00ed!<\/span><\/p>\n<p><span dir=\"auto\">Ka\u017ed\u00fd t\u00fdden dost\u00e1v\u00e1m e-maily nebo telefon\u00e1ty od pacientek s rakovinou prsu, kter\u00e9 byly prohl\u00e1\u0161eny za beznad\u011bjn\u00e9, proto\u017ee na n\u011b nezabraly t\u0159i nov\u00e9 molekuly! \u201eTak\u017ee va\u0161e rakovina je nevyl\u00e9\u010diteln\u00e1, doporu\u010dujeme v\u00e1s k paliativn\u00ed p\u00e9\u010di\u201c (a p\u0159\u00edli\u0161 rychle k eutanazii v polovin\u011b francouzsk\u00fdch departement\u016f, kde neexistuje \u017e\u00e1dn\u00e1 vhodn\u00e1 slu\u017eba).<\/span><\/p>\n<p><span dir=\"auto\">U p\u0159\u00edli\u0161 mnoha z t\u011bchto pacient\u016f jsou st\u00e1le \u00fa\u010dinn\u00e9 star\u00e9 dobr\u00e9 l\u00e9\u010debn\u00e9 postupy z 80. let (podle Bonadonny).<\/span><span id=\"easy-footnote-4-510834\" class=\"easy-footnote-margin-adjust\"><\/span><span class=\"easy-footnote\"><a title=\"\" href=\"https:\/\/reseauinternational.net\/business-de-leuthanasie-quand-la-medecine-rend-la-mort-plus-utile-que-la-vie\/#easy-footnote-bottom-4-510834\" data-hasqtip=\"3\" aria-describedby=\"qtip-3\"><sup><span dir=\"auto\">4<\/span><\/sup><\/a><\/span><span dir=\"auto\">\u00a0nebo jin\u00e9) nebyly vyzkou\u0161eny. Jejich mlad\u00fd onkolog v nejlep\u0161\u00edm p\u0159\u00edpad\u011b p\u0159izn\u00e1v\u00e1, \u017ee nezn\u00e1 star\u00e9 l\u00e9\u010debn\u00e9 postupy, kter\u00e9 jejich \u0161\u00e9fov\u00e9 pova\u017euj\u00ed za zastaral\u00e9 a o klinick\u00fdch studi\u00edch jen sn\u00ed a n\u011bkdy s jejich vyzkou\u0161en\u00edm souhlas\u00ed (pokud jim je zasl\u00e1n protokol\u2026).<\/span><\/p>\n<p><span dir=\"auto\">N\u00e1sleduj\u00edc\u00edho dne byla rodina gentlemana s rakovinou hrdla odk\u00e1z\u00e1na na paliativn\u00ed p\u00e9\u010di a rychle na eutanazii, kter\u00e1 byla chyt\u0159e (\u010di skand\u00e1ln\u011b) p\u0159ejmenov\u00e1na na l\u00e9ka\u0159skou pomoc p\u0159i um\u00edr\u00e1n\u00ed a s velkou zlomyslnost\u00ed za\u010dlen\u011bna do \u00fadajn\u00e9 \u201ep\u00e9\u010de\u201c.<\/span><\/p>\n<p><span dir=\"auto\">Pokud v jejich oblasti (polovina francouzsk\u00e9ho \u00fazem\u00ed) neexistuj\u00ed \u017e\u00e1dn\u00e9 slu\u017eby paliativn\u00ed p\u00e9\u010de, pacient by se d\u00edky nov\u00e9 verzi \u201ep\u00e9\u010de\u201c do\u010dkal rychlej\u0161\u00ed \u00falevy: pl\u00e1novan\u00e1 vra\u017eda hrazen\u00e1 ze soci\u00e1ln\u00edho zabezpe\u010den\u00ed! Stoj\u00ed za to si uv\u011bdomit, \u017ee bez paliativn\u00ed p\u00e9\u010de by jim mohla b\u00fdt nab\u00eddnuta \u0159ada konven\u010dn\u00edch i alternativn\u00edch l\u00e9\u010debn\u00fdch postup\u016f\u2026<\/span><\/p>\n<p><span dir=\"auto\">A tak d\u00e1le\u2026 Od t\u00e9 doby, co je soci\u00e1ln\u00ed zabezpe\u010den\u00ed v hlubok\u00e9m deficitu<\/span><span id=\"easy-footnote-5-510834\" class=\"easy-footnote-margin-adjust\"><\/span><span class=\"easy-footnote\"><a title=\"\" href=\"https:\/\/reseauinternational.net\/business-de-leuthanasie-quand-la-medecine-rend-la-mort-plus-utile-que-la-vie\/#easy-footnote-bottom-5-510834\" data-hasqtip=\"4\" aria-describedby=\"qtip-4\"><sup><span dir=\"auto\">5.<\/span><\/sup><\/a><\/span><span dir=\"auto\">\u00a0Tento typ odvol\u00e1n\u00ed se zvy\u0161uje jak u mlad\u00fdch dosp\u011bl\u00fdch, tak u star\u0161\u00edch osob, zat\u00edmco zdravotn\u00ed poji\u0161t\u011bn\u00ed nad\u00e1le propl\u00e1c\u00ed zm\u011bny pohlav\u00ed nebo p\u0159ipev\u0148ov\u00e1n\u00ed u\u0161\u00ed, a to i pro neleg\u00e1ln\u00ed imigranty. Ka\u017ed\u00fd m\u00e1 sv\u00e9 vlastn\u00ed priority.<\/span><\/p>\n<p><span dir=\"auto\">Dal\u0161\u00ed charakteristikou sou\u010dasn\u00e9ho p\u0159\u00edstupu k l\u00e9\u010db\u011b rakoviny je p\u0159esv\u011bd\u010dov\u00e1n\u00ed pacient\u016f, \u017ee mimo \u010dasto nam\u00e1havou l\u00e9\u010dbu, kter\u00e1 m\u016f\u017ee zahrnovat i zni\u010duj\u00edc\u00ed chirurgick\u00fd z\u00e1krok, neexistuje \u017e\u00e1dn\u00e1 nad\u011bje. Ji\u017e v roce 2000 jsem napsal: \u201e Mimo protokol nen\u00ed \u017e\u00e1dn\u00e1 nad\u011bje,\u201c co\u017e je fr\u00e1ze, kterou si na\u0161i mlad\u00ed pacienti s rakovinou, kter\u00fdm hroz\u00ed \u201enezbytn\u00e1\u00a0<strong>\u201c\u00a0<\/strong><\/span><strong><em><span dir=\"auto\">amputace, vtloukali do hlavy\u00a0<\/span><\/em><em><span dir=\"auto\">.<\/span><\/em><\/strong><\/p>\n<p><span dir=\"auto\">Ale za 25 let se situace zhor\u0161ila a p\u0159\u00edli\u0161 mnoho l\u00e9ka\u0159sk\u00fdch onkolog\u016f projevuje v\u016f\u010di pacient\u016fm pohrdav\u00fd t\u00f3n: \u201e\u00a0<\/span><em><span dir=\"auto\">Pokud to nep\u0159ijmete, m\u016f\u017eeme se rovnou hned vrhnout do Seiny, u\u0161et\u0159\u00ed n\u00e1m to \u010das<\/span><\/em><span dir=\"auto\">\u00a0.\u201c A tyto ot\u0159esn\u00e9 pozn\u00e1mky vych\u00e1zej\u00ed z \u00fast onkolog\u016f ve velk\u00fdch pa\u0159\u00ed\u017esk\u00fdch centrech i z renomovan\u00fdch nemocnic na francouzsk\u00e9 rivi\u00e9\u0159e! Byli b\u011bhem studia vy\u0161koleni k manipulaci s pacienty tak, aby v\u0161ichni mluvili stejn\u00fdm jazykem, i kdy\u017e jsou od sebe vzd\u00e1leni tis\u00edc kilometr\u016f? Jsou tak zoufal\u00ed ze sv\u00fdch pracovn\u00edch podm\u00ednek, \u017ee upadli do krutosti? Na\u0161t\u011bst\u00ed se zd\u00e1, \u017ee n\u011bkter\u00e1 odd\u011blen\u00ed jsou tohoto chov\u00e1n\u00ed u\u0161et\u0159ena. P\u0159ed p\u00e1r dny jsem m\u011bl mo\u017enost setkat se s mlad\u00fdm onkologem, kter\u00fd sd\u00edl\u00ed n\u00e1zory na\u0161ich zku\u0161en\u011bj\u0161\u00edch koleg\u016f. Jeho odd\u011blen\u00ed ve velk\u00e9 nemocnici je p\u0159esto ohro\u017eeno&#8230; N\u00e1hoda, nebo shoda okolnost\u00ed?<\/span><\/p>\n<p><span dir=\"auto\">B\u011bhem pandemie COVID-19 bylo toto sd\u011blen\u00ed stejn\u00e9 nap\u0159\u00ed\u010d v\u0161emi slu\u017ebami, m\u00e9dii a videi, dokonce bylo p\u0159ekl\u00e1d\u00e1no do n\u011bm\u010diny a angli\u010dtiny, aby se manipulovalo s populac\u00ed. Kdo jsou \u0161kolitel\u00e9 p\u0159\u00edli\u0161 mnoha na\u0161ich mlad\u00fdch l\u00e9ka\u0159\u016f? Mo\u017en\u00e1 McKinsey?<\/span><\/p>\n<p><span dir=\"auto\">Pacient je manipulov\u00e1n a ovl\u00e1d\u00e1n (podobn\u011b jako klasick\u00fd narcistick\u00fd tyran, s f\u00e1z\u00ed sv\u00e1d\u011bn\u00ed b\u011bhem \u00favodn\u00edch konzultac\u00ed \u2013 uklid\u0148uj\u00edc\u00ed hlas, sliby snadn\u00e9 l\u00e9\u010dby \u2013 n\u00e1sledovan\u00e9 v\u00fdhr\u016f\u017ekami, pokud se nepodvol\u00edte atd.), aby v\u00e1s p\u0159im\u011bl p\u0159ijmout prob\u00edhaj\u00edc\u00ed terapeutickou studii. A pokud nesouhlas\u00edte, t\u00f3n se zm\u011bn\u00ed a v\u00fdhr\u016f\u017eky se stanou ne\u00faprosn\u00fdmi: \u201e\u00a0<\/span><em><span dir=\"auto\">Pokud nebudete souhlasit s n\u00e1hodn\u00fdm v\u00fdb\u011brem, ztrat\u00edte \u0161anci na uzdraven\u00ed<\/span><\/em><span dir=\"auto\">\u00a0.\u201c Pokud budete ve sv\u00e9m odm\u00edtnut\u00ed setrv\u00e1vat, v n\u00e1sleduj\u00edc\u00edch t\u00fddnech s v\u00e1mi bude zach\u00e1zeno jako s vyvrhelem.<\/span><\/p>\n<p><span dir=\"auto\">Jist\u011b, na stejn\u00fdch odd\u011blen\u00edch st\u00e1le existuj\u00ed n\u011bkte\u0159\u00ed hum\u00e1nn\u00ed, nedehumanizovan\u00ed l\u00e9ka\u0159i, ale oni sami se mus\u00ed dr\u017eet v \u00fastran\u00ed, aby nebyli marginalizov\u00e1ni. Kr\u00e1sn\u00e1 Francie!<\/span><\/p>\n<p><span dir=\"auto\">Pak se vzorec odv\u00edj\u00ed, opakovan\u00e9 terapeutick\u00e9 pokusy doprov\u00e1zen\u00e9 \u010detn\u00fdmi dal\u0161\u00edmi vy\u0161et\u0159en\u00edmi, aby se vid\u011bl \u00fa\u010dinek a aby se stroj udr\u017eel v chodu (prohlubuj\u00edc\u00ed se deficit soci\u00e1ln\u00edho zabezpe\u010den\u00ed).<\/span><\/p>\n<p><span dir=\"auto\">Kdy\u017e jsou prob\u00edhaj\u00edc\u00ed klinick\u00e9 studie vy\u010derp\u00e1ny, je pacient v cel\u00e9 Francii prohl\u00e1\u0161en za nevyl\u00e9\u010diteln\u00e9ho a neoperovateln\u00e9ho (d\u00edky monopolu na l\u00e9\u010dbu, kter\u00fd vnucuje Indick\u00e1 c\u00edrkev). A v zahrani\u010d\u00ed? Ani o tom nep\u0159em\u00fd\u0161lejte, pan\u00ed, my jsme nejlep\u0161\u00ed ve Francii, to ka\u017ed\u00fd v\u00ed.<\/span><\/p>\n<p><span dir=\"auto\">S t\u011b\u017ek\u00fdm srdcem\u2026 ho po\u0161lou do paliativn\u00ed p\u00e9\u010de nebo do dom\u00e1c\u00ed hospitalizace\u2026 Pak kv\u016fli nedostatku m\u00edsta v dobr\u00fdch za\u0159\u00edzen\u00edch (kter\u00e1 jsou st\u00e1le zav\u00edr\u00e1na) brzy r\u016fzn\u00fdmi zp\u016fsoby navrhnou, \u017ee jedin\u00fdm \u0159e\u0161en\u00edm je eutanazie. Zvl\u00e1\u0161\u0165 kdy\u017e bude hrazena ze soci\u00e1ln\u00edho zabezpe\u010den\u00ed a rychlej\u0161\u00ed, dokonce velmi rychl\u00e1\u2026<\/span><\/p>\n<p><span dir=\"auto\">A v na\u0161\u00ed zemi, kde pseudoegalitarismus slou\u017e\u00ed jako n\u00e1bo\u017eenstv\u00ed, bude mo\u017en\u00e9 vysv\u011btlit, \u017ee chud\u00ed i bohat\u00ed budou m\u00edt n\u00e1rok na tento protokol \u201ep\u00e9\u010de\u201c a \u017ee tyto dobr\u00e9 v\u011bci ji\u017e nebudou vyhrazeny pouze t\u011bm, kte\u0159\u00ed si je mohou u\u017e\u00edt ve \u0160v\u00fdcarsku za 10 000 eur\u2026<\/span><\/p>\n<p><span dir=\"auto\">Ale co pacient, jeho pocity? Je jasn\u00e9, \u017ee se postupn\u011b st\u00e1vaj\u00ed objektem pod\u0159\u00edzen\u00fdm v\u016fli pe\u010dovatel\u016f, kte\u0159\u00ed se sami st\u00e1vaj\u00ed robotick\u00fdmi a rychle vyho\u0159\u00edvaj\u00ed. Lidsk\u00fd prvek miz\u00ed.<\/span><\/p>\n<h3 class=\"wp-block-heading\"><strong><span dir=\"auto\">Ekonomick\u00e9 aspekty tzv. \u201easistovan\u00e9ho um\u00edr\u00e1n\u00ed\u201c, co\u017e je ve skute\u010dnosti povolen\u00ed k zab\u00edjen\u00ed<\/span><span id=\"easy-footnote-6-510834\" class=\"easy-footnote-margin-adjust\"><\/span><span class=\"easy-footnote\"><a title=\"\" href=\"https:\/\/reseauinternational.net\/business-de-leuthanasie-quand-la-medecine-rend-la-mort-plus-utile-que-la-vie\/#easy-footnote-bottom-6-510834\" data-hasqtip=\"5\" aria-describedby=\"qtip-5\"><sup><span dir=\"auto\">6<\/span><\/sup><\/a><\/span><\/strong><\/h3>\n<p><span dir=\"auto\">Na rozd\u00edl od v\u0161eobecn\u00e9ho p\u0159esv\u011bd\u010den\u00ed nen\u00ed pravda, \u017ee dv\u011b t\u0159etiny v\u00fddaj\u016f na zdravotn\u00ed p\u00e9\u010di \u010dlov\u011bka vznikaj\u00ed v posledn\u00edm roce jeho \u017eivota. V pr\u016fm\u011bru p\u0159edstavuj\u00ed ro\u010dn\u00ed v\u00fddaje lid\u00ed na konci \u017eivota (1 % populace) 9 a\u017e 12 % celkov\u00fdch v\u00fddaj\u016f na zdravotn\u00ed p\u00e9\u010di (p\u0159ibli\u017en\u011b 26 000 EUR na pacienta).<\/span><span id=\"easy-footnote-7-510834\" class=\"easy-footnote-margin-adjust\"><\/span><span class=\"easy-footnote\"><a title=\"\" href=\"https:\/\/reseauinternational.net\/business-de-leuthanasie-quand-la-medecine-rend-la-mort-plus-utile-que-la-vie\/#easy-footnote-bottom-7-510834\" data-hasqtip=\"6\" aria-describedby=\"qtip-6\"><sup><span dir=\"auto\">7.<\/span><\/sup><\/a><\/span><span dir=\"auto\">\u00a0Pacienti s chronick\u00fdm onemocn\u011bn\u00edm po cel\u00fd \u017eivot stoj\u00ed stejn\u011b.<\/span><\/p>\n<p><span dir=\"auto\">P\u0159isp\u00edv\u00e1 zna\u010dn\u00fd nedostatek m\u00edst v pe\u010dovatelsk\u00fdch domech (odhadovan\u00fd na 10 000 v p\u0159\u00ed\u0161t\u00edch p\u011bti letech) k tomuto bezhlav\u00e9mu n\u00e1poru k eutanazii, kter\u00e1 se ve shrom\u00e1\u017ed\u011bn\u00ed \u0159e\u0161\u00ed ukvapen\u011b, jako by se jednalo o nouzovou situaci?<\/span><\/p>\n<p><span dir=\"auto\">V letech 2023\u20132024 vyk\u00e1zalo 85 % ve\u0159ejn\u00fdch za\u0159\u00edzen\u00ed v zdravotnicko-soci\u00e1ln\u00edm sektoru a 2\/3 soukrom\u00fdch neziskov\u00fdch za\u0159\u00edzen\u00ed \u00fa\u010detn\u00ed deficit, kter\u00fd odr\u00e1\u017eel \u201ek\u0159ehkost pe\u010dovatelsk\u00fdch dom\u016f\u201c spojenou zejm\u00e9na s inflac\u00ed.<\/span><\/p>\n<p><span dir=\"auto\">Je v\u0161ak zvl\u00e1\u0161tn\u00ed, \u017ee publikovan\u00e9 anal\u00fdzy se nikdy nezmi\u0148uj\u00ed o katastrof\u00e1ln\u00edch \u00famrt\u00edch obyvatel domov\u016f d\u016fchodc\u016f po dekretu Rivotril-V\u00e9ran-Philip (b\u0159ezen 2020). Po\u010det star\u0161\u00edch a\/nebo posti\u017een\u00fdch osob, kter\u00fdm byl Rivotril injek\u010dn\u011b pod\u00e1n, zm\u011bnil progn\u00f3zy p\u0159e\u017eit\u00ed. Nav\u00edc pokles \u017eivotn\u00ed \u00farovn\u011b ve Francii a \u010dasto fat\u00e1ln\u00ed, tragick\u00e9 st\u0159edn\u011bdob\u00e9 a dlouhodob\u00e9 \u00fa\u010dinky pseudocOVID vakc\u00edn \u010din\u00ed progn\u00f3zy \u00famrtnosti nerealistick\u00e9.<\/span><\/p>\n<p><span dir=\"auto\">P\u0159ed covidem byl pr\u016fm\u011brn\u00fd v\u011bk n\u00e1stupu do pe\u010dovatelsk\u00fdch dom\u016f 85 let a pr\u016fm\u011brn\u00e1 d\u00e9lka \u017eivota byla asi 2 a p\u016fl roku.<\/span><span id=\"easy-footnote-8-510834\" class=\"easy-footnote-margin-adjust\"><\/span><span class=\"easy-footnote\"><a title=\"\" href=\"https:\/\/reseauinternational.net\/business-de-leuthanasie-quand-la-medecine-rend-la-mort-plus-utile-que-la-vie\/#easy-footnote-bottom-8-510834\" data-hasqtip=\"7\" aria-describedby=\"qtip-7\"><sup><span dir=\"auto\">8.<\/span><\/sup><\/a><\/span><span dir=\"auto\">\u00a0Pot\u0159ebovali bychom nov\u00e9 \u00fadaje, kter\u00e9 by zohled\u0148ovaly \u00famrt\u00ed zp\u016fsoben\u00e1 vakc\u00ednou Rivotril, ale tak\u00e9 \u00famrt\u00ed souvisej\u00edc\u00ed s o\u010dkov\u00e1n\u00edm proti COVID-19. Projekce po\u010dtu stolet\u00fdch osob v roce 2050 a star\u0161\u00edch lid\u00ed v roce 2030 se zdaj\u00ed b\u00fdt sporn\u00e9 vzhledem k drastick\u00fdm zm\u011bn\u00e1m zp\u016fsoben\u00fdm kriz\u00ed COVID-19 a opakovan\u00e9mu o\u010dkov\u00e1n\u00ed 70 % populace (a pravd\u011bpodobn\u011b i v\u00edce u star\u0161\u00edch osob, jejich\u017e souhlas nebyl v\u017edy dostate\u010dn\u011b informovan\u00fd, m\u00edrn\u011b \u0159e\u010deno&#8230;).<\/span><\/p>\n<p><span dir=\"auto\">Za jinak stejn\u00fdch podm\u00ednek vede st\u00e1rnut\u00ed ke zv\u00fd\u0161en\u00ed v\u00fddaj\u016f na zdravotn\u00ed p\u00e9\u010di.<\/span><\/p>\n<p><span dir=\"auto\">Profesor Guy Delande ve studii z roku 2018<\/span><span id=\"easy-footnote-9-510834\" class=\"easy-footnote-margin-adjust\"><\/span><span class=\"easy-footnote\"><a title=\"\" href=\"https:\/\/reseauinternational.net\/business-de-leuthanasie-quand-la-medecine-rend-la-mort-plus-utile-que-la-vie\/#easy-footnote-bottom-9-510834\" data-hasqtip=\"8\" aria-describedby=\"qtip-8\"><sup><span dir=\"auto\">Studie \u010d. 9<\/span><\/sup><\/a><\/span><span dir=\"auto\">\u00a0uk\u00e1zala, \u017ee s v\u011bkem doch\u00e1z\u00ed ke zrychlen\u00ed tempa v\u00fddaj\u016f na zdravotn\u00ed p\u00e9\u010di: 1 500 EUR ro\u010dn\u011b ve v\u011bku 50 let, 2 500 EUR ve v\u011bku 60 let, 4 000 EUR ve v\u011bku 70 let a 6 000 EUR ve v\u011bku 80 let. Zaznamen\u00e1v\u00e1 tak\u00e9 prudk\u00fd n\u00e1r\u016fst po\u010dtu stolet\u00fdch lid\u00ed (15 000 v roce 2017 ve srovn\u00e1n\u00ed s 1 500 o dvacet let d\u0159\u00edve) s del\u0161\u00edm obdob\u00edm z\u00e1vislosti na p\u00e9\u010di na konci \u017eivota.<\/span><\/p>\n<p><span dir=\"auto\">V roce 2017 odhadla organizace INSEE n\u00e1klady na p\u00e9\u010di o z\u00e1visl\u00e9 star\u0161\u00ed osoby ze strany ve\u0159ejn\u00fdch org\u00e1n\u016f (soci\u00e1ln\u00ed zabezpe\u010den\u00ed, st\u00e1t, m\u00edstn\u00ed samospr\u00e1vy) a dom\u00e1cnost\u00ed na 34,2 miliardy eur (mil. EUR) v roce 2014, co\u017e p\u0159edstavuje 1,6 % HDP.<\/span><span id=\"easy-footnote-10-510834\" class=\"easy-footnote-margin-adjust\"><\/span><span class=\"easy-footnote\"><a title=\"\" href=\"https:\/\/reseauinternational.net\/business-de-leuthanasie-quand-la-medecine-rend-la-mort-plus-utile-que-la-vie\/#easy-footnote-bottom-10-510834\" data-hasqtip=\"9\" aria-describedby=\"qtip-9\"><sup><span dir=\"auto\">10<\/span><\/sup><\/a><\/span><\/p>\n<p><span dir=\"auto\">V roce 2024 odhadla studie DRESS pr\u016fm\u011brn\u00e9 v\u00fddaje na seniora se ztr\u00e1tou autonomie na 22 000 EUR ro\u010dn\u011b, p\u0159i\u010dem\u017e n\u00e1klady\u00a0<\/span><strong><em><span dir=\"auto\">na p\u00e9\u010di v \u00fastavech jsou t\u0159ikr\u00e1t vy\u0161\u0161\u00ed ne\u017e v dom\u00e1c\u00edm prost\u0159ed\u00ed<\/span><\/em><\/strong><span dir=\"auto\">\u00a0(35 000 EUR, respektive 12 000 EUR).<\/span><span id=\"easy-footnote-11-510834\" class=\"easy-footnote-margin-adjust\"><\/span><span class=\"easy-footnote\"><a title=\"\" href=\"https:\/\/reseauinternational.net\/business-de-leuthanasie-quand-la-medecine-rend-la-mort-plus-utile-que-la-vie\/#easy-footnote-bottom-11-510834\" data-hasqtip=\"10\" aria-describedby=\"qtip-10\"><sup><span dir=\"auto\">11<\/span><\/sup><\/a><\/span><span dir=\"auto\">\u00a0,<\/span><span id=\"easy-footnote-12-510834\" class=\"easy-footnote-margin-adjust\"><\/span><span class=\"easy-footnote\"><a title=\"\" href=\"https:\/\/reseauinternational.net\/business-de-leuthanasie-quand-la-medecine-rend-la-mort-plus-utile-que-la-vie\/#easy-footnote-bottom-12-510834\" data-hasqtip=\"11\" aria-describedby=\"qtip-11\"><sup><span dir=\"auto\">12<\/span><\/sup><\/a><\/span><span dir=\"auto\">\u00a0, k \u010demu\u017e je t\u0159eba p\u0159ipo\u010d\u00edtat zb\u00fdvaj\u00edc\u00ed n\u00e1klady ve v\u00fd\u0161i p\u0159ibli\u017en\u011b 10 % financovan\u00e9 rodi\u010di a dopl\u0148kov\u00fdmi organizacemi.<\/span><\/p>\n<p><span dir=\"auto\">B\u011bhem debat o z\u00e1konu Falorni, kter\u00fd byl schv\u00e1len v kv\u011btnu 2025, n\u011bkter\u00e9 vystoupen\u00ed jasn\u011b nazna\u010dovaly, \u017ee motivace byly prim\u00e1rn\u011b ekonomick\u00e9, s c\u00edlem dos\u00e1hnout zna\u010dn\u00fdch \u00faspor v rozpo\u010dtu soci\u00e1ln\u00edho zabezpe\u010den\u00ed! Pokud pacient zem\u0159e d\u0159\u00edve, bude m\u00edt ni\u017e\u0161\u00ed d\u016fchod, ni\u017e\u0161\u00ed n\u00e1klady na zdravotn\u00ed p\u00e9\u010di a m\u00e9n\u011b od\u0161kodn\u011bn\u00ed a solid\u00e1rn\u00edch d\u00e1vek.<\/span><\/p>\n<p><span dir=\"auto\">Jean Marc Sauv\u00e9, b\u00fdval\u00fd m\u00edstop\u0159edseda St\u00e1tn\u00ed rady, ve sv\u00e9m rozhovoru z 13. kv\u011btna 2024 popisuje postup zdravotn\u00edch poji\u0161\u0165oven ve prosp\u011bch asistovan\u00e9 smrti jako \u201e\u00a0<\/span><em><span dir=\"auto\">vrcholn\u00fd trik liberalismu, jak u\u0161et\u0159it pen\u00edze soci\u00e1ln\u00edmu st\u00e1tu<\/span><\/em><span dir=\"auto\">\u00a0\u201c.<\/span><span id=\"easy-footnote-13-510834\" class=\"easy-footnote-margin-adjust\"><\/span><span class=\"easy-footnote\"><a title=\"\" href=\"https:\/\/reseauinternational.net\/business-de-leuthanasie-quand-la-medecine-rend-la-mort-plus-utile-que-la-vie\/#easy-footnote-bottom-13-510834\" data-hasqtip=\"12\" aria-describedby=\"qtip-12\"><sup><span dir=\"auto\">13<\/span><\/sup><\/a><\/span><\/p>\n<p><span dir=\"auto\">V parlamentu pon\u011bkud tabuizovan\u00e9 t\u00e9ma, a to i p\u0159es zpr\u00e1vu Laurenta Aventina<\/span><span id=\"easy-footnote-14-510834\" class=\"easy-footnote-margin-adjust\"><\/span><span class=\"easy-footnote\"><a title=\"\" href=\"https:\/\/reseauinternational.net\/business-de-leuthanasie-quand-la-medecine-rend-la-mort-plus-utile-que-la-vie\/#easy-footnote-bottom-14-510834\" data-hasqtip=\"13\" aria-describedby=\"qtip-13\"><sup><span dir=\"auto\">14.<\/span><\/sup><\/a><\/span><span dir=\"auto\">\u00a0\u201e<\/span><em><span dir=\"auto\">Je z\u0159ejm\u00e9, \u017ee administrovan\u00e1 smrt p\u0159inese zna\u010dn\u00e9 \u00faspory, kter\u00e9 ji\u017e kanadsk\u00e1 vl\u00e1da vyhodnotila<\/span><\/em><span dir=\"auto\">.\u201c<\/span><\/p>\n<p><strong><span dir=\"auto\">Pokud p\u0159eneseme quebeckou administrovanou m\u00edru \u00famrtnosti do Francie, m\u016f\u017eeme dlouhodob\u011b odhadnout \u00faspory jen na zdravotn\u00edm poji\u0161t\u011bn\u00ed na 1,4 miliardy eur ro\u010dn\u011b.<\/span><\/strong><\/p>\n<p><span dir=\"auto\">Ji\u017e v roce 1981 Jacques Attali ve sv\u00e9 knize \u201e\u00a0<em>Budoucnost \u017eivota \u201c nastolil \u201e\u00a0<\/em><\/span><em><span dir=\"auto\">nezbytnost<\/span><\/em><span dir=\"auto\">\u00a0\u201c eutanazie\u00a0: \u201e\u00a0<em>Jakmile p\u0159ekro\u010d\u00edme 60 nebo 65 let, lid\u00e9 \u017eij\u00ed d\u00e9le, ne\u017e produkuj\u00ed, a pak to spole\u010dnost stoj\u00ed spoustu pen\u011bz\u2026<\/em>\u00a0\u201c Z hlediska ve\u0159ejn\u00fdch financ\u00ed je lep\u0161\u00ed, aby se lidsk\u00fd stroj n\u00e1hle zastavil, ne\u017e aby se postupn\u011b zhor\u0161oval. Poradce by tomu ale nem\u011bl doopravdy v\u011b\u0159it, proto\u017ee Jacques Attali ve sv\u00fdch 75 letech st\u00e1le komentuje aktu\u00e1ln\u00ed ud\u00e1losti a nemluv\u00ed o sebevra\u017ed\u011b!<\/span><\/p>\n<p><span dir=\"auto\">Jak\u00e9 \u00faspory by se daly o\u010dek\u00e1vat intenzivn\u011bj\u0161\u00edm praktikov\u00e1n\u00edm eutanazie? Ti roboti posedl\u00ed sv\u00fdmi excelov\u00fdmi tabulkami u\u017e j\u00e1saj\u00ed!<\/span><\/p>\n<p><em><span dir=\"auto\">\u2013 Ukon\u010den\u00ed v\u0161ech druh\u016f l\u00e9ka\u0159sk\u00e9 nebo paliativn\u00ed p\u00e9\u010de, a tedy i \u00fahrad ze strany soci\u00e1ln\u00edho zabezpe\u010den\u00ed (a zdravotn\u00edch poji\u0161\u0165oven).<\/span><\/em><\/p>\n<p><em><span dir=\"auto\">\u2013 Ukon\u010den\u00ed v\u00fdplaty starobn\u00edch d\u016fchod\u016f, d\u00e1vek v invalidit\u011b, RSA nebo jin\u00fdch d\u00e1vek, jejich\u017e byl zesnul\u00fd p\u0159\u00edjemcem.<\/span><\/em><\/p>\n<h3 class=\"wp-block-heading\"><strong><span dir=\"auto\">Ho\u0159k\u00e9 zku\u0161enosti zem\u00ed, kde je eutanazie institucionalizov\u00e1na<\/span><\/strong><\/h3>\n<p><span dir=\"auto\">Zem\u011b, kter\u00e9 roz\u0161\u00ed\u0159ily p\u0159\u00edstup k eutanazii, vypr\u00e1v\u011bj\u00ed st\u00e1le bizarn\u011bj\u0161\u00ed a d\u011bsiv\u011bj\u0161\u00ed p\u0159\u00edb\u011bhy. Zneu\u017e\u00edv\u00e1n\u00ed je \u010detn\u00e9 a zd\u00e1 se nevyhnuteln\u00e9, pokud existuje z\u00e1kon.<\/span><\/p>\n<p><span dir=\"auto\">\u201e\u00a0<\/span><em><span dir=\"auto\">Zneu\u017e\u00edv\u00e1n\u00ed hl\u00e1\u0161en\u00e9 v Kanad\u011b a Belgii umo\u017e\u0148uje rozpo\u010dtov\u00e9 \u00faspory, kter\u00e9 \u2013 pokud by se daly zm\u011b\u0159it \u2013 by pravd\u011bpodobn\u011b zp\u016fsobily skand\u00e1l<\/span><\/em><span dir=\"auto\">\u00a0.\u201c<\/span><\/p>\n<p><span dir=\"auto\">Z finan\u010dn\u00edho hlediska nejsou z\u00e1kladem rozhodnut\u00ed o eutanazii n\u00e1klady u\u0161et\u0159en\u00e9 na konci \u017eivota, ale rozpo\u010dtov\u00e9 \u00faspory, kter\u00fdch je mo\u017en\u00e9 dos\u00e1hnout podporou sebevra\u017ed t\u011bch nejzraniteln\u011bj\u0161\u00edch a ekonomicky nejchud\u0161\u00edch.<\/span><\/p>\n<p><span dir=\"auto\">Z dlouhodob\u00e9ho hlediska m\u016f\u017ee soci\u00e1ln\u00ed st\u00e1t u\u0161et\u0159it des\u00edtky miliard eur, proto\u017ee nena\u0161el lep\u0161\u00ed strategii ne\u017e sebelikvidaci n\u00e1kladn\u00fdch ob\u010dan\u016f, tedy pr\u00e1v\u011b t\u011bch ob\u010dan\u016f, kte\u0159\u00ed p\u0159e\u017e\u00edvaj\u00ed d\u00edky st\u00e1tn\u00ed pomoci.<\/span><\/p>\n<h3 class=\"wp-block-heading\"><strong><span dir=\"auto\">Finan\u010dn\u00ed zisk pro vz\u00e1jemn\u00e9 poji\u0161\u0165ovny<\/span><\/strong><\/h3>\n<p><span dir=\"auto\">Nezapom\u00ednejme, \u017ee motivace st\u00e1t\u016f ve prosp\u011bch p\u0159ed\u010dasn\u00e9ho odchodu jejich ob\u010dan\u016f je z\u00e1rove\u0148 finan\u010dn\u00edm ziskem pro vz\u00e1jemn\u00e9 spole\u010dnosti, z nich\u017e n\u011bkter\u00e9 nev\u00e1haj\u00ed ji propagovat.<\/span><\/p>\n<p><span dir=\"auto\">Mezi principy MGEN si lze na jejich webov\u00fdch str\u00e1nk\u00e1ch p\u0159e\u010d\u00edst: \u201e\u00a0<\/span><em><span dir=\"auto\">Historie MGEN je ji\u017e v\u00edce ne\u017e 75 let histori\u00ed z\u00e1vazk\u016f: \u200b\u200bve prosp\u011bch ve\u0159ejn\u00fdch slu\u017eeb, zraniteln\u00fdch osob, soci\u00e1ln\u00ed spravedlnosti\u2026<\/span><\/em><span dir=\"auto\">\u00a0\u201c.<\/span><\/p>\n<p><span dir=\"auto\">Lid\u00e9 na konci \u017eivota jsou pr\u00e1v\u011b ti, kte\u0159\u00ed jsou k\u0159ehc\u00ed a obzvl\u00e1\u0161t\u011b zraniteln\u00ed. Zdravotn\u00ed poji\u0161\u0165ovny propl\u00e1cej\u00ed ur\u010dit\u00e9 druhy\u00a0<\/span><em><span dir=\"auto\">p\u00e9\u010de. Eutanazie a asistovan\u00e1 sebevra\u017eda by za takov\u00e9 nem\u011bly b\u00fdt pova\u017eov\u00e1ny.<\/span><\/em><\/p>\n<p><span dir=\"auto\">V Kanad\u011b nab\u00eddla poji\u0161\u0165ovna Veterans Mutual Insurance Company n\u011bkter\u00fdm veter\u00e1n\u016fm eutanazii, proto\u017ee jejich zdravotnick\u00e9 vybaven\u00ed se stalo p\u0159\u00edli\u0161 drah\u00fdm, a proto se c\u00edtili jako p\u0159\u00edt\u011b\u017e pro spole\u010dnost. Tento materialistick\u00fd soucit, zam\u011b\u0159en\u00fd sp\u00ed\u0161e na ziskovost ne\u017e na solidaritu, je pln\u011b v souladu s demont\u00e1\u017e\u00ed z\u00e1padn\u00edch hodnot.<\/span><\/p>\n<p><span dir=\"auto\">Eutanazie prezentovan\u00e1 jako soucit s um\u00edraj\u00edc\u00edmi nebo se v\u0161emi, kte\u0159\u00ed trp\u00ed bez ohledu na v\u011bk, tedy nen\u00ed nic jin\u00e9ho ne\u017e obrovsk\u00e1 le\u017e, kter\u00e1 m\u00e1 ovlivnit lid a zejm\u00e9na poslance parlamentu.<\/span><\/p>\n<h3 class=\"wp-block-heading\"><strong><span dir=\"auto\">Legalizovan\u00e1 eutanazie, ospravedln\u011bn\u00e1 vra\u017eda<\/span><\/strong><\/h3>\n<p><span dir=\"auto\">Existuj\u00ed obavy, \u017ee eutanazie se bude st\u00e1le m\u00e9n\u011b omezovat na nevyl\u00e9\u010diteln\u011b nemocn\u00e9 osoby, jak je tomu ji\u017e v Kanad\u011b, kde m\u016f\u017ee b\u00fdt \u017eena eutanaziov\u00e1na i p\u0159es sv\u016fj nesouhlas.<\/span><span id=\"easy-footnote-15-510834\" class=\"easy-footnote-margin-adjust\"><\/span><span class=\"easy-footnote\"><a title=\"\" href=\"https:\/\/reseauinternational.net\/business-de-leuthanasie-quand-la-medecine-rend-la-mort-plus-utile-que-la-vie\/#easy-footnote-bottom-15-510834\" data-hasqtip=\"14\" aria-describedby=\"qtip-14\"><sup><span dir=\"auto\">15<\/span><\/sup><\/a><\/span><span dir=\"auto\">\u00a0a v Belgii, kde m\u016f\u017ee b\u00fdt 23let\u00e1 d\u00edvka utracena kv\u016fli depresi\u2026<\/span><span id=\"easy-footnote-16-510834\" class=\"easy-footnote-margin-adjust\"><\/span><span class=\"easy-footnote\"><a title=\"\" href=\"https:\/\/reseauinternational.net\/business-de-leuthanasie-quand-la-medecine-rend-la-mort-plus-utile-que-la-vie\/#easy-footnote-bottom-16-510834\" data-hasqtip=\"15\" aria-describedby=\"qtip-15\"><sup><span dir=\"auto\">16<\/span><\/sup><\/a><\/span><\/p>\n<p><span dir=\"auto\">Je \u017e\u00e1douc\u00ed, aby si poslanci, kter\u00fdm je n\u00e1vrh z\u00e1kona znovu p\u0159edkl\u00e1d\u00e1n, vyslechli sv\u011bdectv\u00ed mlad\u00fdch lid\u00ed se zdravotn\u00edm posti\u017een\u00edm, kte\u0159\u00ed se ob\u00e1vaj\u00ed o svou budoucnost. Pochopen\u00ed toho, \u017ee mlad\u00fd \u010dlov\u011bk na invalidn\u00edm voz\u00edku se dr\u017e\u00ed \u017eivota, m\u016f\u017ee unikat t\u011bm mimo oblast zdravotnictv\u00ed, ale pokud maj\u00ed volen\u00ed z\u00e1stupci volit, m\u011bli by jim bezpodm\u00edne\u010dn\u011b naslouchat a setk\u00e1vat se s nimi.<\/span><\/p>\n<p><span dir=\"auto\">Mlad\u00ed lid\u00e9 se ob\u00e1vaj\u00ed, \u017ee tento z\u00e1kon c\u00edl\u00ed na mlad\u0161\u00ed lidi, kte\u0159\u00ed trp\u00ed depres\u00ed nebo posti\u017een\u00edm, co\u017e je jak\u00e1si p\u0159edzv\u011bst toho, co se m\u016f\u017ee st\u00e1t a co se ji\u017e d\u011bje v dev\u00edti zem\u00edch, kde je eutanazie leg\u00e1ln\u00ed.<\/span><span id=\"easy-footnote-17-510834\" class=\"easy-footnote-margin-adjust\"><\/span><span class=\"easy-footnote\"><a title=\"\" href=\"https:\/\/reseauinternational.net\/business-de-leuthanasie-quand-la-medecine-rend-la-mort-plus-utile-que-la-vie\/#easy-footnote-bottom-17-510834\" data-hasqtip=\"16\" aria-describedby=\"qtip-16\"><sup><span dir=\"auto\">17<\/span><\/sup><\/a><\/span><\/p>\n<p><span dir=\"auto\">Ale i star\u0161\u00ed lid\u00e9 s\u00a0zna\u010dn\u00fdm majetkem by se m\u011bli c\u00edtit ohro\u017eeni, jeliko\u017e \u010detn\u00e9 p\u0159\u00edklady v\u00a0tiskov\u00e9m projevu ukazuj\u00ed, \u017ee snaha zabr\u00e1nit promarn\u011bn\u00ed d\u011bdictv\u00ed seniorem pova\u017eovan\u00fdm za du\u0161evn\u011b k\u0159ehk\u00e9ho m\u016f\u017ee v\u00e9st k\u00a0pr\u00e1vn\u00edm krok\u016fm.<\/span><\/p>\n<p><span dir=\"auto\">Vol\u00e1n\u00ed o pomoc proti tomuto pro Francouze smrt\u00edc\u00edmu z\u00e1konu se oz\u00fdvaj\u00ed ze v\u0161ech stran, zejm\u00e9na od zdravotnick\u00fdch pracovn\u00edk\u016f.<\/span><span id=\"easy-footnote-18-510834\" class=\"easy-footnote-margin-adjust\"><\/span><span class=\"easy-footnote\"><a title=\"\" href=\"https:\/\/reseauinternational.net\/business-de-leuthanasie-quand-la-medecine-rend-la-mort-plus-utile-que-la-vie\/#easy-footnote-bottom-18-510834\" data-hasqtip=\"17\" aria-describedby=\"qtip-17\"><sup><span dir=\"auto\">18 let<\/span><\/sup><\/a><\/span><\/p>\n<p><span dir=\"auto\">A\u0165 si je na\u0161i volen\u00ed z\u00e1stupci p\u0159e\u010dtou, setkejte se s t\u011bmito lidmi p\u0159ed volbami!<\/span><\/p>\n<p><strong><span dir=\"auto\">ERIC MERCIER<\/span><\/strong><span dir=\"auto\">\u00a0: Draz\u00ed p\u0159\u00e1tel\u00e9, zasl\u00e1n\u00edm jednoduch\u00e9ho e-mailu na tuto adresu:\u00a0<\/span><a href=\"mailto:suppressionprojetloieuthanasie@gmail.com\"><span dir=\"auto\">suppressionprojetloieuthanasie@gmail.com<\/span><\/a><span dir=\"auto\">\u00a0mi m\u016f\u017eete pomoci pomoci v\u00e1m; v s\u00e1zce je moje kari\u00e9ra pe\u010dovatele.<\/span><\/p>\n<p><span dir=\"auto\">P\u0159e\u010dt\u011bte si tento dopis, t\u00fdk\u00e1 se v\u00e1s! Za\u0161lete jej sv\u00e9mu poslanci s \u00factou a zdvo\u0159ilost\u00ed, jednejte klidn\u011b, d\u016frazn\u011b a spravedliv\u011b. S up\u0159\u00edmnou \u00factou.<\/span><span id=\"easy-footnote-19-510834\" class=\"easy-footnote-margin-adjust\"><\/span><span class=\"easy-footnote\"><a title=\"\" href=\"https:\/\/reseauinternational.net\/business-de-leuthanasie-quand-la-medecine-rend-la-mort-plus-utile-que-la-vie\/#easy-footnote-bottom-19-510834\" data-hasqtip=\"18\" aria-describedby=\"qtip-18\"><sup><span dir=\"auto\">19<\/span><\/sup><\/a><\/span><\/p>\n<p><span dir=\"auto\">\u201e\u00a0<\/span><em><span dir=\"auto\">VRA\u017dDY NA P\u0158EDPIS<\/span><\/em><span dir=\"auto\">\u00a0\u201c: \u201e\u00a0<\/span><em><span dir=\"auto\">Ob\u00e1v\u00e1m se ageismu. Za chv\u00edli u\u017e mlad\u00ed lid\u00e9 nebudou cht\u00edt platit za seniory. Budete m\u00edt ekonomickou eutanazii<\/span><\/em><span dir=\"auto\">\u00a0.\u201c Marie de Hennezel ve sv\u00e9 knize \u201e\u00a0<\/span><em><span dir=\"auto\">Nerozlou\u010dili jsme se<\/span><\/em><span dir=\"auto\">\u00a0\u201c p\u0159evypr\u00e1v\u011bla slova Henriho Caillaveta, b\u00fdval\u00e9ho prezidenta ADMD, Asociace pro pr\u00e1vo zem\u0159\u00edt d\u016fstojn\u011b. Tento sen\u00e1tor, b\u00fdval\u00fd poslanec parlamentu a zedn\u00e1\u0159 byl v\u00e1\u0161niv\u00fdm zast\u00e1ncem eutanazie. Tyto pozn\u00e1mky, pronesen\u00e9 p\u0159ed v\u00edce ne\u017e 20 lety, nepochybn\u011b p\u0159edznamenaly, co se stane ve Francii\u2026<\/span><span id=\"easy-footnote-20-510834\" class=\"easy-footnote-margin-adjust\"><\/span><span class=\"easy-footnote\"><a title=\"\" href=\"https:\/\/reseauinternational.net\/business-de-leuthanasie-quand-la-medecine-rend-la-mort-plus-utile-que-la-vie\/#easy-footnote-bottom-20-510834\" data-hasqtip=\"19\" aria-describedby=\"qtip-19\"><sup><span dir=\"auto\">20<\/span><\/sup><\/a><\/span><\/p>\n<p><a href=\"https:\/\/x.com\/L_Bouffard_off\"><span dir=\"auto\">@L_Bouffard_off Sledujte tohoto mlad\u00e9ho mu\u017ee na Twitteru!<\/span><\/a><\/p>\n<p><span dir=\"auto\">\u201e\u00a0<\/span><strong><em><span dir=\"auto\">Kdy\u017e medic\u00edna \u010din\u00ed smrt u\u017eite\u010dn\u011bj\u0161\u00ed ne\u017e \u017eivot<\/span><\/em><span dir=\"auto\">\u00a0\u201c\u00a0<\/span><\/strong><em><span dir=\"auto\">(n\u00e1zev \u010dl\u00e1nku je od n\u011bj p\u0159evzat)<\/span><\/em><\/p>\n<p><span dir=\"auto\">\u017dena byla utracena. Jej\u00ed obli\u010dej byl naroubov\u00e1n na jin\u00fd. \u0158\u00edk\u00e1 se n\u00e1m, \u017ee je to l\u00e9ka\u0159sk\u00fd v\u00fdkon. J\u00e1 ale vid\u00edm n\u011bco jin\u00e9ho. Vid\u00edm hranici, kter\u00e1 byla pr\u00e1v\u011b p\u0159ekro\u010dena. Proto\u017ee\u00a0<\/span><strong><em><span dir=\"auto\">poprv\u00e9 smrt nen\u00ed jen tak akceptov\u00e1na, nebo dokonce vyprovokov\u00e1na. Je organizovan\u00e1, optimalizovan\u00e1, zu\u017eitkovan\u00e1<\/span><\/em><\/strong><span dir=\"auto\">\u00a0. Protokoly, harmonogramy, in\u017een\u00fd\u0159i, \u010dekaj\u00edc\u00ed p\u0159\u00edjemci.<\/span><\/p>\n<p><strong><span dir=\"auto\">Smrt se st\u00e1v\u00e1 f\u00e1z\u00ed p\u00e9\u010de<\/span><\/strong><span dir=\"auto\">\u00a0. A od t\u00e9 chv\u00edle se v\u0161echno hrout\u00ed.\u00a0<\/span><strong><em><span dir=\"auto\">Kdy\u017e je eutanazie spojena s darov\u00e1n\u00edm org\u00e1n\u016f, vyslan\u00fd sign\u00e1l je neuv\u011b\u0159iteln\u011b n\u00e1siln\u00fd:\u00a0<\/span><\/em><em><span dir=\"auto\">\u201eMoje smrt bude u\u017eite\u010dn\u011bj\u0161\u00ed ne\u017e m\u016fj \u017eivot<\/span><\/em><span dir=\"auto\">\u00a0.<\/span><\/strong><span dir=\"auto\">\u00a0\u201c Nejde o abstraktn\u00ed svobodu. Je to mor\u00e1ln\u00ed tlak, kter\u00fd dopad\u00e1 na ty nejzraniteln\u011bj\u0161\u00ed. Na ty, kte\u0159\u00ed ji\u017e pochybuj\u00ed o sv\u00e9m m\u00edst\u011b ve spole\u010dnosti. Na ty, kter\u00fdm spole\u010dnost neust\u00e1le \u0159\u00edk\u00e1, \u017ee stoj\u00ed p\u0159\u00edli\u0161 mnoho, \u017ee jsou p\u0159\u00edli\u0161 z\u00e1visl\u00ed, \u017ee v\u0161echno zpomaluj\u00ed.\u00a0<\/span><strong><em><span dir=\"auto\">M\u016f\u017eeme je\u0161t\u011b mluvit o svobodn\u00e9 volb\u011b, kdy\u017e se va\u0161e smrt prom\u011bnila v projekt u\u017eite\u010dn\u00fd pro ostatn\u00ed<\/span><\/em><\/strong><span dir=\"auto\">\u00a0? M\u016f\u017eeme je\u0161t\u011b zm\u011bnit n\u00e1zor, kdy\u017e na v\u00e1\u0161 zmizen\u00ed \u010dekaj\u00ed \u017eivoty? Tomu \u0159\u00edk\u00e1me pokrok. J\u00e1 to vid\u00edm jako velk\u00e9 varov\u00e1n\u00ed. V den, kdy spole\u010dnost zorganizuje smrt tak, aby byla u\u017eite\u010dn\u00e1,\u00a0<\/span><strong><em><span dir=\"auto\">nepokro\u010d\u00ed soucit: je to my\u0161lenka, \u017ee n\u011bkter\u00e9 \u017eivoty maj\u00ed men\u0161\u00ed hodnotu ne\u017e jejich zmizen\u00ed.<\/span><\/em><\/strong><\/p>\n<p><a href=\"https:\/\/x.com\/F_Desouche\"><span dir=\"auto\">@F_Desouche<\/span><\/a><br \/>\n<span dir=\"auto\">1. z\u00e1\u0159\u00ed 2023 \u2013 Transplantace org\u00e1n\u016f: lukrativn\u00ed cesta obchodov\u00e1n\u00ed s migranty pro organizovan\u00fd zlo\u010din a n\u00e1kladn\u00e1 pro Francii. Neleg\u00e1ln\u00ed imigranti maj\u00ed p\u0159ednost p\u0159ed francouzsk\u00fdmi ob\u010dany, proto\u017ee jsou o n\u011bco mlad\u0161\u00ed. \u201e\u00a0<\/span><em><span dir=\"auto\">Z obavy z ozna\u010den\u00ed rasist\u016f se jen m\u00e1lo zdravotnick\u00fdch pracovn\u00edk\u016f odv\u00e1\u017e\u00ed promluvit<\/span><\/em><span dir=\"auto\">\u00a0.\u201c<\/span><\/p>\n<p><span dir=\"auto\">ECLJ \u2013 Evropsk\u00e9 centrum pro pr\u00e1vo a spravedlnost, 28. ledna 2026<\/span><\/p>\n<p><span dir=\"auto\">@ECLJ_Official<\/span><br \/>\n<em><span dir=\"auto\">\u201e\u00a0<\/span><strong><span dir=\"auto\">Zva\u017eoval\/a jste po asistovan\u00e9 sebevra\u017ed\u011b darov\u00e1n\u00ed org\u00e1n\u016f?\u201c Ot\u00e1zka nen\u00ed ani smy\u0161len\u00e1, ani provokativn\u00ed. Je to skute\u010dn\u00e1 ot\u00e1zka, kter\u00e1 se klade v #Kanad\u011b, #Belgii, #Lucembursku\u2026 v\u0161ude, kde je #eutanazie leg\u00e1ln\u00ed.<\/span><\/strong><\/em><\/p>\n<p><span dir=\"auto\">@LeFigaroTV<\/span><br \/>\n<em><span dir=\"auto\">V Kanad\u011b je eutanazie zodpov\u011bdn\u00e1 za 5 % \u00famrt\u00ed.<\/span><\/em><\/p>\n<p><a href=\"https:\/\/x.com\/LiseSantolini\"><span dir=\"auto\">@LiseSantolini<\/span><\/a><br \/>\n<span dir=\"auto\">\u201e\u00a0<\/span><strong><em><span dir=\"auto\">To otev\u00edr\u00e1 dve\u0159e v\u0161em, kte\u0159\u00ed se cht\u011bj\u00ed zbavit \u201a\u00a0<\/span><\/em><em><span dir=\"auto\">ne\u017e\u00e1douc\u00edch\u2018. Tento druh odklonu otev\u00edr\u00e1 d\u011bsiv\u00e9 dve\u0159e: v\u0161em t\u011bm, kte\u0159\u00ed se budou cht\u00edt zbavit \u201ane\u017e\u00e1douc\u00edch\u2018, k\u0159ehk\u00fdch, otravn\u00fdch, pod rou\u0161kou soucitu<\/span><\/em><\/strong><span dir=\"auto\">\u00a0.\u201c<\/span><\/p>\n<p><span dir=\"auto\">Dnes, 5. \u00fanora, Claire Fourcadeov\u00e1 informuje, \u017ee v\u00fdbor N\u00e1rodn\u00edho shrom\u00e1\u017ed\u011bn\u00ed zam\u00edtl\u00a0<\/span><strong><em><span dir=\"auto\">pozm\u011b\u0148ovac\u00ed n\u00e1vrh, jeho\u017e c\u00edlem bylo zak\u00e1zat \u201eeutanazii za \u00fa\u010delem zisku\u201c. Levicov\u00ed poslanci jej zam\u00edtli. Rozum\u00edte n\u011b\u010demu z toho? J\u00e1 ne<\/span><\/em><\/strong><span dir=\"auto\">\u00a0.<\/span><\/p>\n<p><strong><span dir=\"auto\">Ve skute\u010dnosti je zcela jasn\u00e9, \u017ee roz\u0161\u00ed\u0159en\u00ed eutanazie m\u00e1 za c\u00edl vytvo\u0159it LUKRATIVN\u00cd trh se smrt\u00ed.<\/span><\/strong><\/p>\n<p><span dir=\"auto\">Ob\u010dan\u00e9, \u010dlenov\u00e9 parlamentu, sen\u00e1to\u0159i, zdravotn\u00edci, poslechn\u011bte si videa na toto t\u00e9ma, kter\u00e1 vytvo\u0159il Dr. Louis Fouch\u00e9, a zejm\u00e9na jeho prezentaci ve Vierzonu na za\u010d\u00e1tku 26. \u00fanora (smrt\u00edc\u00ed rozhovory).<\/span><\/p>\n<p><a href=\"https:\/\/youtu.be\/IY3u2Hy8uso?si=7JpilOpwyofserJc\"><span dir=\"auto\">https:\/\/youtu.be\/IY3u2Hy8uso?si=7JpilOpwyofserJc<\/span><\/a><\/p>\n<p><span dir=\"auto\">Z\u00e1v\u011brem zd\u016frazn\u011bme, \u017ee tlak bude nevyhnuteln\u011b existovat, zejm\u00e9na \u201ed\u00edky\u201c poddajn\u00fdm m\u00e9di\u00edm.<\/span><\/p>\n<p><span dir=\"auto\">@heloise_dn 5. \u00fanora 2026<\/span><br \/>\n<span dir=\"auto\">[Konec \u017eivota] \u201e\u00a0<\/span><em><span dir=\"auto\">I kdy\u017e prohla\u0161ujeme, \u017ee nikdy nebude pod tlakem, toto poselstv\u00ed se bude \u0161\u00ed\u0159it: ve vy\u010derpan\u00fdch rodin\u00e1ch, v p\u0159epln\u011bn\u00fdch nemocnic\u00edch. V mysl\u00edch star\u0161\u00edch lid\u00ed, kte\u0159\u00ed se boj\u00ed b\u00fdt p\u0159\u00edt\u011b\u017e\u00ed. A v mysl\u00edch nemocn\u00fdch, kte\u0159\u00ed se ji\u017e omlouvaj\u00ed za svou existenci<\/span><\/em><span dir=\"auto\">\u00a0.\u201c<\/span><span id=\"easy-footnote-21-510834\" class=\"easy-footnote-margin-adjust\"><\/span><span class=\"easy-footnote\"><a title=\"\" href=\"https:\/\/reseauinternational.net\/business-de-leuthanasie-quand-la-medecine-rend-la-mort-plus-utile-que-la-vie\/#easy-footnote-bottom-21-510834\" data-hasqtip=\"20\" aria-describedby=\"qtip-20\"><sup><span dir=\"auto\">21<\/span><\/sup><\/a><\/span><\/p>\n<p><strong><span dir=\"auto\">Nakonec je t\u0159eba poznamenat, \u017ee z\u00e1kon o eutanazii bude v rozporu se z\u00e1konem o prevenci sebevra\u017ed! Radost z oboustrann\u00e9ho vyu\u017eit\u00ed.<\/span><\/strong><\/p>\n<p><span dir=\"auto\">@allianceVITA #DirectAN<\/span><br \/>\n<span dir=\"auto\">Prevence sebevra\u017ed ohro\u017eena z\u00e1konem o konci \u017eivota! Poslanci ve v\u00fdboru otev\u00edraj\u00ed p\u0159\u00edstup k asistovan\u00e9 sebevra\u017ed\u011b a eutanazii lidem trp\u00edc\u00edm v\u00fdhradn\u011b psychickou t\u00edsn\u00ed!<\/span><\/p>\n<p><span dir=\"auto\">\u2192 Nem\u016f\u017eeme sou\u010dasn\u011b prov\u00e1d\u011bt prevenci sebevra\u017ed a reagovat na psychick\u00e9 utrpen\u00ed smrt\u00ed<\/span><\/p>\n<p><span dir=\"auto\">\u201e\u00a0<\/span><strong><em><span dir=\"auto\">Za p\u00e1r t\u00fddn\u016f bude zlo\u010dinem odporovat n\u011b\u010d\u00edmu p\u0159\u00e1n\u00ed zem\u0159\u00edt\u2026 Tento den pov\u011bdom\u00ed je na\u010dasov\u00e1n velmi \u0161patn\u011b, proto\u017ee p\u0159ich\u00e1z\u00ed p\u0159\u00edmo uprost\u0159ed debaty o pr\u00e1vu na smrt\u2026 Tolik nesrovnalost\u00ed,<\/span><\/em><\/strong><span dir=\"auto\">\u00a0\u201c \u0159ekla Dr. Rogez Veronique na X. Jak je mo\u017en\u00e9, \u017ee tento z\u00e1kon byl schv\u00e1len v tento den, 5. \u00fanora 2026?<\/span><\/p>\n<p><span dir=\"auto\">@clairefourcade3 Pozm\u011b\u0148ovac\u00ed n\u00e1vrhy zam\u00edtnuty!<\/span><\/p>\n<p><strong><em><span dir=\"auto\">Ma\u0159en\u00ed spravedlnosti: je zak\u00e1z\u00e1no sna\u017eit se odradit osobu od \u017e\u00e1dosti o smrt.<\/span><\/em><\/strong><\/p>\n<p><strong><em><span dir=\"auto\">\u2013 s v\u00fdjimkou psychiatr\u016f a psycholog\u016f, pro kter\u00e9 je to jejich profese? ODM\u00cdTNUTO<\/span><\/em><\/strong><\/p>\n<p><strong><em><span dir=\"auto\">\u2013 s v\u00fdjimkou organizac\u00ed pro prevenci a podporu sebevra\u017ed? ODM\u00cdTNUTO<\/span><\/em><\/strong><\/p>\n<p><strong><em><span dir=\"auto\">\u2013 s v\u00fdjimkou n\u00e1bo\u017eensk\u00fdch z\u00e1stupc\u016f? ZAM\u00cdTNUTO<\/span><\/em><\/strong><\/p>\n<p><strong><span dir=\"auto\">Kone\u010dn\u011b, klasick\u00fdm pozorov\u00e1n\u00edm je, \u017ee \u010d\u00edm v\u00edce mluv\u00edme o sebevra\u017ed\u00e1ch, t\u00edm v\u00edce lid\u00ed sebevra\u017edu sp\u00e1ch\u00e1.<\/span><\/strong><\/p>\n<p><span dir=\"auto\">P\u0159edpokl\u00e1d\u00e1 se, \u017ee Dalidina smrt vyvolala v n\u00e1sleduj\u00edc\u00edch m\u011bs\u00edc\u00edch \u010detn\u00e9 sebevra\u017edy.<\/span><\/p>\n<p><a href=\"https:\/\/x.com\/koztoujours\"><strong><span dir=\"auto\">Erwan Le Morhedec<\/span><\/strong><\/a><span dir=\"auto\">\u00a0@koztoujour 30. ledna 2026.<\/span><\/p>\n<p><span dir=\"auto\">\u201eNic nevnucujeme,\u201c opakuj\u00ed v\u0161ichni. Mlad\u00fd Werther, Marilyn Monroe, Dalida a Pierre B\u00e9r\u00e9govoy rozhodn\u011b nic vnucovat necht\u011bli. Ale sebevra\u017eda je naka\u017eliv\u00e1. S asistenc\u00ed, nebo bez n\u00ed. M\u016fj sloupek z pond\u011bl\u00ed pro\u00a0<\/span><em><a href=\"https:\/\/la-croix.com\/a-vif\/la-legalisation-du-suicide-assiste-tend-a-inciter-les-plus-fragiles-au-suicide-autonome-2026012\"><span dir=\"auto\">La Croix<\/span><\/a><\/em><span dir=\"auto\">\u00a0.<\/span><\/p>\n<p><span dir=\"auto\">Neust\u00e1l\u00fd n\u00e1r\u016fst eutanazie ve v\u0161ech zem\u00edch, kter\u00e9 ji legalizovaly, ukazuje, jak iluzorn\u00ed jsou kontroln\u00ed syst\u00e9my. V dob\u011b, kdy \u010dlenov\u00e9 parlamentu aktivn\u011b bojuj\u00ed za legalizaci ve Francii, by tato \u010d\u00edsla a situace m\u011bla slou\u017eit jako varovn\u00fd sign\u00e1l a povzbudit k maxim\u00e1ln\u00ed opatrnosti.\u00a0<\/span><strong><span dir=\"auto\">Jakmile je z\u00e1kaz zab\u00edjen\u00ed zru\u0161en, \u017e\u00e1dn\u00fd r\u00e1mec u\u017e neexistuje.<\/span><\/strong><\/p>\n<p><em><span dir=\"auto\">Zdroj:\u00a0<\/span><a href=\"https:\/\/docteur.nicoledelepine.fr\/business-de-leuthanasie-quand-la-medecine-rend-la-mort-plus-utile-que-la-vie\/\"><span dir=\"auto\">Dr. Nicole Del\u00e9pine<\/span><\/a><\/em><\/p>\n<ol>\n<li><span dir=\"auto\">M\u00edra p\u0159e\u017eit\u00ed se zv\u00fd\u0161ila z m\u00e9n\u011b ne\u017e 20 % v 60. letech 20. stolet\u00ed na v\u00edce ne\u017e 50 % v roce 2000 u dosp\u011bl\u00fdch a na v\u00edce ne\u017e 80 % u d\u011bt\u00ed mlad\u0161\u00edch patn\u00e1cti let. Aktualizovan\u00e9 \u00fadaje nejsou k dispozici.<\/span><\/li>\n<li><span id=\"easy-footnote-bottom-2-510834\" class=\"easy-footnote-margin-adjust\"><\/span><span dir=\"auto\">Na veletrhu Marca Pietteura \u201eOd rakoviny k \u017eivotu\u201c Line Turco a N a G Del\u00e9pine 2025.<\/span><\/li>\n<li><span id=\"easy-footnote-bottom-3-510834\" class=\"easy-footnote-margin-adjust\"><\/span><span dir=\"auto\">N\u011bkte\u0159\u00ed pr\u00e1vem ut\u00edkaj\u00ed<\/span><\/li>\n<li><span id=\"easy-footnote-bottom-4-510834\" class=\"easy-footnote-margin-adjust\"><\/span><span dir=\"auto\">Protokol CMF cyklofosfamid-methotrex\u00e1t-fluorouracil, popsan\u00fd v roce 1976 Giannim Bonadonnou, se na n\u011bkolik desetilet\u00ed stal standardem adjuvantn\u00ed chemoterapie nemetastatick\u00fdch karcinom\u016f prsu.<\/span><\/li>\n<li><span id=\"easy-footnote-bottom-5-510834\" class=\"easy-footnote-margin-adjust\"><\/span><span dir=\"auto\">Deficit zhor\u0161uje bezplatn\u00e9 p\u0159ij\u00edm\u00e1n\u00ed lid\u00ed z cel\u00e9ho sv\u011bta, kter\u00e9 p\u0159ed p\u00e1r dny je\u0161t\u011b umocnila St\u00e1tn\u00ed rada.<\/span><\/li>\n<li><span id=\"easy-footnote-bottom-6-510834\" class=\"easy-footnote-margin-adjust\"><\/span><span dir=\"auto\">Prvky ze studie IEP z b\u0159ezna 2025 \u201eEkonomick\u00e9 aspekty \u201easistovan\u00e9ho um\u00edr\u00e1n\u00ed\u201c. Mezi st\u0159etem z\u00e1jm\u016f a rizikem utilitarismu lidsk\u00e9ho \u017eivota.\u201c Studie proveden\u00e1 Laurentem Aventinem, ekonomem zdravotnictv\u00ed.<\/span><\/li>\n<li><span id=\"easy-footnote-bottom-7-510834\" class=\"easy-footnote-margin-adjust\"><\/span><span dir=\"auto\">V\u00fddaje na zdravotnictv\u00ed v roce 2023 \u2013 V\u00fdsledky zdravotn\u00edch \u00fa\u010dt\u016f \u2013 vyd\u00e1n\u00ed z roku 2024\u00a0<\/span><a href=\"https:\/\/drees.solidarites-sante.gouv.fr\/publications-communique-de-presse-documents-de-reference\/panoramas-de-la-drees\/241120-Panorama-CNS24\"><span dir=\"auto\">https:\/\/drees.solidarites-sante.gouv.fr\/publications-communique-de-presse-documents-de-reference\/panoramas-de-la-drees\/241120-Panorama-CNS24<\/span><\/a><\/li>\n<li><span id=\"easy-footnote-bottom-8-510834\" class=\"easy-footnote-margin-adjust\"><\/span><span dir=\"auto\">Cl\u00e9mence. Pr\u016fm\u011brn\u00e1 d\u00e9lka \u017eivota v domovech d\u016fchodc\u016f: Jak dlouho lid\u00e9 \u017eij\u00ed v domov\u011b d\u016fchodc\u016f?\u00a0<\/span><a href=\"http:\/\/www.annuaire-retraite\/\"><span dir=\"auto\">www.annuaire-retraite.com<\/span><\/a><span dir=\"auto\">\u00a0, 16. \u00fanora 2024<\/span><\/li>\n<li><span id=\"easy-footnote-bottom-9-510834\" class=\"easy-footnote-margin-adjust\"><\/span><span dir=\"auto\">Guy Delande, L\u00e9ka\u0159sko-ekonomick\u00e9 hodnocen\u00ed n\u00e1klad\u016f na p\u00e9\u010di na konci \u017eivota, Akademie v\u011bd a letters of Montpellier, zased\u00e1n\u00ed 19. b\u0159ezna 2018, Bull. Acad. Sc. Lett. Montp., sv. 49 (2018)<\/span><\/li>\n<li><span id=\"easy-footnote-bottom-10-510834\" class=\"easy-footnote-margin-adjust\"><\/span><span dir=\"auto\">Tabulky francouzsk\u00e9 ekonomiky, vyd\u00e1n\u00ed 2017\u00a0<\/span><a href=\"https:\/\/www.insee.fr\/fr\/statistiques\/2569388?sommaire=2587886\"><span dir=\"auto\">https:\/\/www.insee.fr\/fr\/statistiques\/2569388?sommaire=2587886<\/span><\/a><\/li>\n<li><span id=\"easy-footnote-bottom-11-510834\" class=\"easy-footnote-margin-adjust\"><\/span><span dir=\"auto\">Drees. (2024). Ztr\u00e1ta autonomie doma: senio\u0159i byli v roce 2022 posti\u017eeni m\u00e9n\u011b \u010dasto ne\u017e v roce 2015 \u2013 Prvn\u00ed v\u00fdsledky pr\u016fzkumu autonomie z roku 2022. Drees Studies and Results, \u010d. 1318<\/span><\/li>\n<li><span id=\"easy-footnote-bottom-12-510834\" class=\"easy-footnote-margin-adjust\"><\/span><span dir=\"auto\">Drees (2024). Pot\u0159eba person\u00e1lu pro star\u0161\u00ed osoby, kter\u00e9 ztr\u00e1cej\u00ed autonomii. Dreesova zpr\u00e1va, \u010d. 123<\/span><\/li>\n<li><span id=\"easy-footnote-bottom-13-510834\" class=\"easy-footnote-margin-adjust\"><\/span><span dir=\"auto\">Jean-Marc Sauv\u00e9: Asistovan\u00e1 smrt, \u201eto je vrcholn\u00fd trik liberalismu, jak u\u0161et\u0159it pen\u00edze na soci\u00e1ln\u00edm st\u00e1t\u011b\u201c &#8211; Le Figaro<\/span><\/li>\n<li><span id=\"easy-footnote-bottom-14-510834\" class=\"easy-footnote-margin-adjust\"><\/span><span dir=\"auto\">L. Avantin, Ekonomick\u00e9 aspekty \u201easistovan\u00e9ho um\u00edr\u00e1n\u00ed\u201c Studie Institutu pro etiku a politiku 1. 4. 2025 Akce, Pozn\u00e1mky z IEP\u00a0<\/span><a href=\"https:\/\/www.ethique-politique.fr\/les-aspects-economiques-de-laide-a-mourir\/\"><span dir=\"auto\">https:\/\/www.ethique-politique.fr\/les-aspects-economiques-de-laide-a-mourir\/<\/span><\/a><\/li>\n<li><span id=\"easy-footnote-bottom-15-510834\" class=\"easy-footnote-margin-adjust\"><\/span><a href=\"https:\/\/tribunechretienne.com\/meurtre-par-euthanasie-au-canada-une-femme-mise-a-mort-malgre-son-souhait-de-vivre\/\"><span dir=\"auto\">https:\/\/tribunechretienne.com\/meurtre-par-euthanasie-au-canada-une-femme-mise-a-mort-malgre-son-souhait-de-vivre\/<\/span><\/a><\/li>\n<li><span id=\"easy-footnote-bottom-16-510834\" class=\"easy-footnote-margin-adjust\"><\/span><span dir=\"auto\">Z\u00e1kon o eutanazii z 28. kv\u011btna 2002, od roku 2014 roz\u0161\u00ed\u0159en na nezletil\u00e9\u00a0<\/span><a href=\"https:\/\/avocatsbruxelles.be\/droit-euthanasie-belgique\/\"><span dir=\"auto\">https:\/\/avocatsbruxelles.be\/droit-euthanasie-belgique\/<\/span><\/a><\/li>\n<li><span id=\"easy-footnote-bottom-17-510834\" class=\"easy-footnote-margin-adjust\"><\/span><a href=\"https:\/\/x.com\/Europe1\/status\/2018955006330782053?s=20\"><span dir=\"auto\">https:\/\/x.com\/Europe1\/status\/2018955006330782053?s=20<\/span><\/a><\/li>\n<li><span id=\"easy-footnote-bottom-18-510834\" class=\"easy-footnote-margin-adjust\"><\/span><span dir=\"auto\">Twitter, 4. \u00fanora 2026\u00a0<\/span><a href=\"https:\/\/x.com\/VeriteDiffusee\/status\/2019073982679408916?s=20\"><span dir=\"auto\">https:\/\/x.com\/VeriteDiffusee\/status\/2019073982679408916?s=20<\/span><\/a><\/li>\n<li><span id=\"easy-footnote-bottom-19-510834\" class=\"easy-footnote-margin-adjust\"><\/span><span dir=\"auto\">Eric Mercier [30. 1. 12:41] Eric:\u00a0<\/span><a href=\"https:\/\/youtu.be\/JxfwSqMr-h8?si=i1HrnlreW62HkSwP\"><span dir=\"auto\">https:\/\/youtu.be\/JxfwSqMr-h8?si=i1HrnlreW62HkSwP<\/span><\/a><\/li>\n<li><span id=\"easy-footnote-bottom-20-510834\" class=\"easy-footnote-margin-adjust\"><\/span><span dir=\"auto\">P\u0159es: (38 minut)\u00a0<\/span><a href=\"https:\/\/youtu.be\/of6nEZvZ-TM?si=\\\\_z\\\\_VBlSnI5ElCxjK\"><span dir=\"auto\">https:\/\/youtu.be\/of6nEZvZ-TM?si=\\\\_z\\\\_VBlSnI5ElCxjK<\/span><\/a><\/li>\n<li><span id=\"easy-footnote-bottom-21-510834\" class=\"easy-footnote-margin-adjust\"><\/span><span dir=\"auto\">U\u017e p\u0159ed v\u00edce ne\u017e dvaceti lety se nemocn\u00ed a\/nebo star\u0161\u00ed lid\u00e9 omlouvali za to, \u017ee tu st\u00e1le jsou\u2026 Toto poselstv\u00ed se dob\u0159e vrylo do mysl\u00ed star\u0161\u00edch lid\u00ed d\u00edky medi\u00e1ln\u00ed kampani o n\u00e1kladech na soci\u00e1ln\u00ed zabezpe\u010den\u00ed, kter\u00e9 nejsou nov\u00e9\u2026 Nez\u00e1le\u017e\u00ed na tom, zda se pr\u00e1va roz\u0161\u00ed\u0159\u00ed a zda st\u00e1le koluj\u00ed miliony dal\u0161\u00edch karet zdravotn\u00edho poji\u0161t\u011bn\u00ed.<\/span><\/li>\n<\/ol>\n","protected":false},"excerpt":{"rendered":"<p>Eutanazie, ned\u00edln\u00e1 sou\u010d\u00e1st byznysu s rakovinou a darov\u00e1n\u00edm org\u00e1n\u016f Ani soucit, ani filozofie, jen \u00faspory&#8230;<\/p>\n","protected":false},"author":2,"featured_media":99052,"comment_status":"closed","ping_status":"closed","sticky":false,"template":"","format":"standard","meta":[],"categories":[7],"tags":[1042,228,3714,630,839],"_links":{"self":[{"href":"https:\/\/www.infokuryr.cz\/n\/wp-json\/wp\/v2\/posts\/99051"}],"collection":[{"href":"https:\/\/www.infokuryr.cz\/n\/wp-json\/wp\/v2\/posts"}],"about":[{"href":"https:\/\/www.infokuryr.cz\/n\/wp-json\/wp\/v2\/types\/post"}],"author":[{"embeddable":true,"href":"https:\/\/www.infokuryr.cz\/n\/wp-json\/wp\/v2\/users\/2"}],"replies":[{"embeddable":true,"href":"https:\/\/www.infokuryr.cz\/n\/wp-json\/wp\/v2\/comments?post=99051"}],"version-history":[{"count":0,"href":"https:\/\/www.infokuryr.cz\/n\/wp-json\/wp\/v2\/posts\/99051\/revisions"}],"wp:featuredmedia":[{"embeddable":true,"href":"https:\/\/www.infokuryr.cz\/n\/wp-json\/wp\/v2\/media\/99052"}],"wp:attachment":[{"href":"https:\/\/www.infokuryr.cz\/n\/wp-json\/wp\/v2\/media?parent=99051"}],"wp:term":[{"taxonomy":"category","embeddable":true,"href":"https:\/\/www.infokuryr.cz\/n\/wp-json\/wp\/v2\/categories?post=99051"},{"taxonomy":"post_tag","embeddable":true,"href":"https:\/\/www.infokuryr.cz\/n\/wp-json\/wp\/v2\/tags?post=99051"}],"curies":[{"name":"wp","href":"https:\/\/api.w.org\/{rel}","templated":true}]}}