{"id":99049,"date":"2026-02-09T00:22:14","date_gmt":"2026-02-08T23:22:14","guid":{"rendered":"https:\/\/www.infokuryr.cz\/n\/?p=99049"},"modified":"2026-02-08T15:00:17","modified_gmt":"2026-02-08T14:00:17","slug":"zimni-olympijske-hry-2026-v-milane-behem-zahajovaciho-ceremonialu-vypiskani-americke-a-izraelske-delegace","status":"publish","type":"post","link":"https:\/\/www.infokuryr.cz\/n\/2026\/02\/09\/zimni-olympijske-hry-2026-v-milane-behem-zahajovaciho-ceremonialu-vypiskani-americke-a-izraelske-delegace\/","title":{"rendered":"Zimn\u00ed olympijsk\u00e9 hry 2026 v Mil\u00e1n\u011b: B\u011bhem zahajovac\u00edho ceremoni\u00e1lu vyp\u00edsk\u00e1n\u00ed americk\u00e9 a izraelsk\u00e9 delegace"},"content":{"rendered":"<div id=\"fb-root\"><\/div>\n<p><strong><span dir=\"auto\">MOV vyz\u00fdv\u00e1 k respektu uprost\u0159ed protest\u016f souvisej\u00edc\u00edch s p\u0159\u00edtomnost\u00ed agent\u016f ICE a nap\u011bt\u00edm na Bl\u00edzk\u00e9m v\u00fdchod\u011b<\/span><\/strong><\/p>\n<p><span dir=\"auto\">Slavnostn\u00ed zah\u00e1jen\u00ed zimn\u00edch olympijsk\u00fdch her 2026 v Mil\u00e1n\u011b v Cortin\u011b, kter\u00e9 se konalo v p\u00e1tek, bylo poznamen\u00e1no hlasit\u00fdm bu\u010den\u00edm ve\u0159ejnosti, kdy\u017e delegace ze Spojen\u00fdch st\u00e1t\u016f a Izraele vstoupily na stadion San Siro.<\/span><\/p>\n<p><span dir=\"auto\">Americkou delegaci vedl viceprezident Spojen\u00fdch st\u00e1t\u016f J. D. Vance, kter\u00e9ho doprov\u00e1zel ministr zahrani\u010d\u00ed Marco Rubio.<\/span><\/p>\n<p><span dir=\"auto\">Kdy\u017e se na ob\u0159\u00ed obrazovce stadionu objevil JD Vance, m\u00e1val davu a z\u00e1rove\u0148 m\u00e1val americkou vlajkou, publikum reagovalo p\u00edsk\u00e1n\u00edm a bu\u010den\u00edm, jak vypl\u00fdv\u00e1 z \u017eiv\u00e9ho vys\u00edl\u00e1n\u00ed ud\u00e1losti.<\/span><\/p>\n<p><span dir=\"auto\">\u201e\u00a0<\/span><em><span dir=\"auto\">Toto je viceprezident J. D. Vance a jeho \u017eena Usha. Jejda, to je na n\u011bj ale moc bu\u010den\u00ed<\/span><\/em><span dir=\"auto\">\u00a0,\u201c poznamenal moder\u00e1tor v rozhlasov\u00e9m vys\u00edl\u00e1n\u00ed.<\/span><\/p>\n<p><span dir=\"auto\">Tato reakce p\u0159ich\u00e1z\u00ed po n\u011bkolika dnech nap\u011bt\u00ed souvisej\u00edc\u00edho s \u00fa\u010dast\u00ed agent\u016f americk\u00e9 imigra\u010dn\u00ed a celn\u00ed spr\u00e1vy (ICE) na bezpe\u010dnostn\u00edch opat\u0159en\u00edch her.<\/span><\/p>\n<p><span dir=\"auto\">Americk\u00e9 ministerstvo vnit\u0159n\u00ed bezpe\u010dnosti potvrdilo p\u0159\u00edtomnost person\u00e1lu vy\u0161et\u0159ovac\u00edch slu\u017eeb ministerstva vnit\u0159n\u00ed bezpe\u010dnosti v Mil\u00e1n\u011b, co\u017e vyvolalo vlnu protest\u016f a siln\u00fd odpor italsk\u00fdch politik\u016f i ob\u010dan\u016f.<\/span><\/p>\n<p><span dir=\"auto\">\u201e\u00a0<\/span><em><span dir=\"auto\">V Mil\u00e1n\u011b nejsou v\u00edt\u00e1ni<\/span><\/em><span dir=\"auto\">\u00a0,\u201c \u0159ekl v rozhlasov\u00e9m rozhovoru starosta m\u011bsta Giuseppe Sala a popsal ICE jako \u201e\u00a0<\/span><em><span dir=\"auto\">milici, kter\u00e1 zab\u00edj\u00ed<\/span><\/em><span dir=\"auto\">\u00a0\u201c.<\/span><\/p>\n<p><span dir=\"auto\">Minul\u00fd v\u00edkend se na n\u00e1m\u011bst\u00ed Piazza 25 Aprile shrom\u00e1\u017edily tis\u00edce lid\u00ed, aby odsoudily p\u0159\u00edtomnost t\u011bchto agent\u016f a zv\u00fd\u0161ily pov\u011bdom\u00ed o mo\u017en\u00e9m poru\u0161ov\u00e1n\u00ed ob\u010dansk\u00fdch pr\u00e1v.<\/span><\/p>\n<p><span dir=\"auto\">P\u0159ed zah\u00e1jen\u00edm ceremoni\u00e1lu prezidentka Mezin\u00e1rodn\u00edho olympijsk\u00e9ho v\u00fdboru Kirsty Coventryov\u00e1 reagovala na tyto obavy prohl\u00e1\u0161en\u00edm: \u201e\u00a0<\/span><em><span dir=\"auto\">Douf\u00e1m, \u017ee zahajovac\u00ed ceremoni\u00e1l v\u0161ichni vn\u00edmaj\u00ed jako p\u0159\u00edle\u017eitost k vz\u00e1jemn\u00e9 \u00fact\u011b<\/span><\/em><span dir=\"auto\">\u00a0.\u201c<\/span><\/p>\n<p><span dir=\"auto\">Izraelsk\u00e1 delegace, slo\u017een\u00e1 z dev\u00edti olympijsk\u00fdch sportovc\u016f a jednoho paralympijsk\u00e9ho sportovce, se p\u0159i vstupu na stadion setkala tak\u00e9 s \u201e\u00a0<\/span><em><span dir=\"auto\">n\u011bjak\u00fdm bu\u010den\u00edm<\/span><\/em><span dir=\"auto\">\u00a0\u201c, a\u010dkoli hluk davu byl do zna\u010dn\u00e9 m\u00edry maskov\u00e1n hudbou.<\/span><\/p>\n<p><span dir=\"auto\">Krom\u011b toho byly hl\u00e1\u0161eny dal\u0161\u00ed demonstrace v Cortin\u011b d&#8217;Ampezzo a Predazzu, kde byly organizov\u00e1ny paraleln\u00ed pochody.<\/span><\/p>\n<p><span dir=\"auto\">Bezpe\u010dnost z\u016fst\u00e1v\u00e1 pro n\u011bkolik delegac\u00ed hlavn\u00edm probl\u00e9mem v kontextu zv\u00fd\u0161en\u00e9 politick\u00e9 citlivosti b\u011bhem her.<\/span><\/p>\n<p><span dir=\"auto\">Podle palestinsk\u00fdch p\u0159edstavitel\u016f bylo v Gaze od zah\u00e1jen\u00ed izraelsk\u00e9 ofenz\u00edvy 7. \u0159\u00edjna 2023 zabito v\u00edce ne\u017e 800 sportovc\u016f, zat\u00edmco sportovn\u00ed komunita nad\u00e1le trp\u00ed bombardov\u00e1n\u00edm, hladomorem a kolapsem infrastruktury.<\/span><\/p>\n<p><em><span dir=\"auto\">od\u00a0<\/span><a href=\"https:\/\/www.aa.com.tr\/fr\/monde\/jo-d-hiver-2026-%C3%A0-milan-hu%C3%A9es-contre-les-d%C3%A9l%C3%A9gations-am%C3%A9ricaine-et-isra%C3%A9lienne-lors-de-la-c%C3%A9r%C3%A9monie-d-ouverture\/3823187\"><strong><span dir=\"auto\">Merve Berkerov\u00e9<\/span><\/strong><\/a><\/em><\/p>\n<p>&nbsp;<\/p>\n<p>&nbsp;<\/p>\n","protected":false},"excerpt":{"rendered":"<p>MOV vyz\u00fdv\u00e1 k respektu uprost\u0159ed protest\u016f souvisej\u00edc\u00edch s p\u0159\u00edtomnost\u00ed agent\u016f ICE a nap\u011bt\u00edm na Bl\u00edzk\u00e9m&#8230;<\/p>\n","protected":false},"author":2,"featured_media":99050,"comment_status":"closed","ping_status":"closed","sticky":false,"template":"","format":"standard","meta":[],"categories":[7],"tags":[898,6091,1696,95,2910],"_links":{"self":[{"href":"https:\/\/www.infokuryr.cz\/n\/wp-json\/wp\/v2\/posts\/99049"}],"collection":[{"href":"https:\/\/www.infokuryr.cz\/n\/wp-json\/wp\/v2\/posts"}],"about":[{"href":"https:\/\/www.infokuryr.cz\/n\/wp-json\/wp\/v2\/types\/post"}],"author":[{"embeddable":true,"href":"https:\/\/www.infokuryr.cz\/n\/wp-json\/wp\/v2\/users\/2"}],"replies":[{"embeddable":true,"href":"https:\/\/www.infokuryr.cz\/n\/wp-json\/wp\/v2\/comments?post=99049"}],"version-history":[{"count":0,"href":"https:\/\/www.infokuryr.cz\/n\/wp-json\/wp\/v2\/posts\/99049\/revisions"}],"wp:featuredmedia":[{"embeddable":true,"href":"https:\/\/www.infokuryr.cz\/n\/wp-json\/wp\/v2\/media\/99050"}],"wp:attachment":[{"href":"https:\/\/www.infokuryr.cz\/n\/wp-json\/wp\/v2\/media?parent=99049"}],"wp:term":[{"taxonomy":"category","embeddable":true,"href":"https:\/\/www.infokuryr.cz\/n\/wp-json\/wp\/v2\/categories?post=99049"},{"taxonomy":"post_tag","embeddable":true,"href":"https:\/\/www.infokuryr.cz\/n\/wp-json\/wp\/v2\/tags?post=99049"}],"curies":[{"name":"wp","href":"https:\/\/api.w.org\/{rel}","templated":true}]}}