{"id":99010,"date":"2026-02-08T05:55:39","date_gmt":"2026-02-08T04:55:39","guid":{"rendered":"https:\/\/www.infokuryr.cz\/n\/?p=99010"},"modified":"2026-02-08T06:42:01","modified_gmt":"2026-02-08T05:42:01","slug":"analyza-klimatickych-dat-za-tisice-let-ne-nase-zeme-se-neprehriva","status":"publish","type":"post","link":"https:\/\/www.infokuryr.cz\/n\/2026\/02\/08\/analyza-klimatickych-dat-za-tisice-let-ne-nase-zeme-se-neprehriva\/","title":{"rendered":"Anal\u00fdza klimatick\u00fdch dat za tis\u00edce let: Ne, na\u0161e Zem\u011b se nep\u0159eh\u0159\u00edv\u00e1"},"content":{"rendered":"<div id=\"fb-root\"><\/div>\n<p><strong><span dir=\"auto\">Klimati\u010dt\u00ed alarmist\u00e9 se opakovan\u011b sna\u017e\u00ed p\u0159esv\u011bd\u010dit lidi, \u017ee se Zem\u011b otepluje p\u0159\u00edli\u0161 rychle a bude se p\u0159eh\u0159\u00edvat. To ale prost\u011b nen\u00ed pravda. Pouze se vrac\u00edme k optim\u00e1ln\u00edmu klimatu.<\/span><\/strong><\/p>\n<p><span dir=\"auto\">P\u0159ed zhruba 10 000 a\u017e 6 000 lety existovalo v holoc\u00e9nu obdob\u00ed zn\u00e1m\u00e9 jako \u201eklimatick\u00e9 optimum\u201c. Jednalo se o klimatick\u00e9 obdob\u00ed v\u00fdrazn\u011b teplej\u0161\u00ed ne\u017e p\u0159edchoz\u00ed doba ledov\u00e1 i n\u00e1sledn\u00e9 obdob\u00ed neoglaci\u00e1lu, kter\u00e9 se vyzna\u010dovalo stabiln\u00edm klesaj\u00edc\u00edm teplotn\u00edm r\u016fstem. Toto obdob\u00ed zahrnuje tak\u00e9 \u201emalou dobu ledovou\u201c, kter\u00e1 za\u010dala (s region\u00e1ln\u00edmi rozd\u00edly) mezi lety 1200 a 1550 a trvala a\u017e do posledn\u00ed t\u0159etiny 17. stolet\u00ed.<\/span><\/p>\n<p><span dir=\"auto\">Jak ukazuje n\u00e1sleduj\u00edc\u00ed obr\u00e1zek s\u00a0<\/span><a href=\"https:\/\/wattsupwiththat.com\/2026\/02\/05\/holocene-warming\/\"><span dir=\"auto\">daty<\/span><\/a><span dir=\"auto\">\u00a0z Makasarsk\u00e9ho pr\u016flivu (Indon\u00e9sie) a Gr\u00f3nska, po tis\u00edce let bylo v\u00fdrazn\u011b tepleji ne\u017e dnes. Po t\u00e9m\u011b\u0159 7 000 let na\u0161e planeta za\u017e\u00edvala obdob\u00ed ochlazov\u00e1n\u00ed, kter\u00e9 skon\u010dilo teprve p\u0159ed n\u011bkolika sty lety.<\/span><\/p>\n<figure class=\"wp-block-image size-full\"><img decoding=\"async\" loading=\"lazy\" class=\"wp-image-163098 aligncenter\" src=\"https:\/\/report24.news\/wp-content\/uploads\/2026\/02\/Figure-1_Makassar-Strait-and-Vinther-Greenland-reconstruction.webp\" sizes=\"(max-width: 1280px) 100vw, 1280px\" srcset=\"https:\/\/report24.news\/wp-content\/uploads\/2026\/02\/Figure-1_Makassar-Strait-and-Vinther-Greenland-reconstruction.webp 1280w, https:\/\/report24.news\/wp-content\/uploads\/2026\/02\/Figure-1_Makassar-Strait-and-Vinther-Greenland-reconstruction-768x432.webp 768w, https:\/\/report24.news\/wp-content\/uploads\/2026\/02\/Figure-1_Makassar-Strait-and-Vinther-Greenland-reconstruction-150x85.webp 150w, https:\/\/report24.news\/wp-content\/uploads\/2026\/02\/Figure-1_Makassar-Strait-and-Vinther-Greenland-reconstruction-600x338.webp 600w\" alt=\"\" width=\"890\" height=\"501\" \/><\/figure>\n<p><span dir=\"auto\">Nav\u00edc toto obdob\u00ed klimatick\u00e9ho optima bylo dobou, kdy lidstvo vzkv\u00e9talo a vzniklo mnoho vysp\u011bl\u00fdch civilizac\u00ed, kter\u00e9 zn\u00e1me dnes. Lidstvo vzkv\u00e9talo, zat\u00edmco n\u00e1sledn\u00e1 doba ledov\u00e1 p\u0159inesla ne\u00farodu, mor a dal\u0161\u00ed pohromy. To v\u0161e jsou v\u0161ak fakta, v\u016f\u010di kter\u00fdm se klimati\u010dt\u00ed fanatici br\u00e1n\u00ed.<\/span><\/p>\n<p><span dir=\"auto\">Nav\u00edc ned\u00e1vn\u00e9 zv\u00fd\u0161en\u00ed teploty nen\u00ed ani zdaleka \u201ebezprecedentn\u00ed\u201c. Krom\u011b toho, \u017ee m\u011b\u0159en\u00ed jsou manipulov\u00e1na pomoc\u00ed \u201emimozemsk\u00fdch stanic\u201c a \u0161patn\u011b um\u00edst\u011bn\u00fdch m\u011b\u0159ic\u00edch p\u0159\u00edstroj\u016f, do\u0161lo kolem roku 9700 p\u0159. n. l. k v\u00fdrazn\u011b masivn\u011bj\u0161\u00edmu zv\u00fd\u0161en\u00ed teploty, ne\u017e jak\u00e9 pozorujeme v sou\u010dasnosti.<\/span><\/p>\n<p><span dir=\"auto\">Nejd\u016fle\u017eit\u011bj\u0161\u00edm d\u016fvodem, pro\u010d tyto sou\u010dasn\u00e9 zm\u011bny vedou k v\u011bt\u0161\u00edm probl\u00e9m\u016fm, je to, \u017ee na na\u0161\u00ed planet\u011b dnes \u017eije mnohem v\u00edce lid\u00ed ne\u017e v minulosti. Zejm\u00e9na v chud\u00fdch, p\u0159elidn\u011bn\u00fdch zem\u00edch \u017eije mnoho lid\u00ed v oblastech, kter\u00e9 p\u016fvodn\u011b nebyly ur\u010deny k ob\u00fdv\u00e1n\u00ed. M\u00edsto \u0159e\u0161en\u00ed t\u011bchto skute\u010dn\u00fdch probl\u00e9m\u016f se v\u0161ak vyv\u00edjej\u00ed pokusy o ovlivn\u011bn\u00ed po\u010das\u00ed, \u010d\u00edm\u017e se pl\u00fdtv\u00e1 cenn\u00fdmi zdroji.<\/span><\/p>\n<p><img decoding=\"async\" loading=\"lazy\" class=\"alignnone size-full wp-image-1185\" src=\"http:\/\/www.infokuryr.cz\/n\/wp-content\/uploads\/2021\/04\/kuryr-podpis.png\" alt=\"\" width=\"84\" height=\"24\" \/><\/p>\n<p>&nbsp;<\/p>\n","protected":false},"excerpt":{"rendered":"<p>Klimati\u010dt\u00ed alarmist\u00e9 se opakovan\u011b sna\u017e\u00ed p\u0159esv\u011bd\u010dit lidi, \u017ee se Zem\u011b otepluje p\u0159\u00edli\u0161 rychle a bude&#8230;<\/p>\n","protected":false},"author":2,"featured_media":99011,"comment_status":"closed","ping_status":"closed","sticky":false,"template":"","format":"standard","meta":[],"categories":[7],"tags":[1042,1620,873,10549],"_links":{"self":[{"href":"https:\/\/www.infokuryr.cz\/n\/wp-json\/wp\/v2\/posts\/99010"}],"collection":[{"href":"https:\/\/www.infokuryr.cz\/n\/wp-json\/wp\/v2\/posts"}],"about":[{"href":"https:\/\/www.infokuryr.cz\/n\/wp-json\/wp\/v2\/types\/post"}],"author":[{"embeddable":true,"href":"https:\/\/www.infokuryr.cz\/n\/wp-json\/wp\/v2\/users\/2"}],"replies":[{"embeddable":true,"href":"https:\/\/www.infokuryr.cz\/n\/wp-json\/wp\/v2\/comments?post=99010"}],"version-history":[{"count":0,"href":"https:\/\/www.infokuryr.cz\/n\/wp-json\/wp\/v2\/posts\/99010\/revisions"}],"wp:featuredmedia":[{"embeddable":true,"href":"https:\/\/www.infokuryr.cz\/n\/wp-json\/wp\/v2\/media\/99011"}],"wp:attachment":[{"href":"https:\/\/www.infokuryr.cz\/n\/wp-json\/wp\/v2\/media?parent=99010"}],"wp:term":[{"taxonomy":"category","embeddable":true,"href":"https:\/\/www.infokuryr.cz\/n\/wp-json\/wp\/v2\/categories?post=99010"},{"taxonomy":"post_tag","embeddable":true,"href":"https:\/\/www.infokuryr.cz\/n\/wp-json\/wp\/v2\/tags?post=99010"}],"curies":[{"name":"wp","href":"https:\/\/api.w.org\/{rel}","templated":true}]}}