{"id":99000,"date":"2026-02-08T05:54:17","date_gmt":"2026-02-08T04:54:17","guid":{"rendered":"https:\/\/www.infokuryr.cz\/n\/?p=99000"},"modified":"2026-02-08T05:54:17","modified_gmt":"2026-02-08T04:54:17","slug":"verejnopravni-ale-vybrana-realita-hamplova-se-pustila-do-ct","status":"publish","type":"post","link":"https:\/\/www.infokuryr.cz\/n\/2026\/02\/08\/verejnopravni-ale-vybrana-realita-hamplova-se-pustila-do-ct\/","title":{"rendered":"Ve\u0159ejnopr\u00e1vn\u00ed, ale vybran\u00e1 realita. Hamplov\u00e1 se pustila do \u010cT"},"content":{"rendered":"<div id=\"fb-root\"><\/div>\n<h4 class=\"description\"><b>Rozd\u00edln\u00e9 reakce horn\u00edk\u016f ve Stonav\u011b a odbor\u00e1\u0159\u016f v Ostrav\u011b vyvolaly kritiku \u010cesk\u00e9 televize. Sen\u00e1torka Jana Zwyrtek Hamplov\u00e1 mluv\u00ed o selektivn\u00edm zpravodajstv\u00ed.<\/b><\/h4>\n<p>Ud\u00e1losti posledn\u00edch dn\u016f v\u00a0Moravskoslezsk\u00e9m kraji uk\u00e1zaly v\u00fdrazn\u00fd rozd\u00edl v\u00a0tom, jak ve\u0159ejnost reaguje na jednotliv\u00e9 politiky. Zat\u00edmco na odbor\u00e1\u0159sk\u00e9m m\u00edtinku v\u00a0Ostrav\u011b sklidil Filip Turek bou\u0159liv\u00fd potlesk, d\u011bkovn\u00fd videovzkaz prezidenta Petra Pavla p\u0159i\u00a0ukon\u010den\u00ed t\u011b\u017eby uhl\u00ed ve Stonav\u011b\u00a0<b><a href=\"https:\/\/www.prvnizpravy.cz\/zpravy\/politika\/bourlivy-potlesk-pro-turka-piskot-pro-pavla-ostravsko-promluvilo\/\">doprov\u00e1zel<\/a><\/b>\u00a0hlasit\u00fd p\u00edskot. Pr\u00e1v\u011b tento kontrast se stal p\u0159edm\u011btem kritiky zp\u016fsobu, jak\u00fdm o\u00a0cel\u00e9 ud\u00e1losti informovala \u010cesk\u00e1 televize.<\/p>\n<p>K situaci se vyj\u00e1d\u0159ila sen\u00e1torka a\u00a0advok\u00e1tka Jana Zwyrtek Hamplov\u00e1. Ve sv\u00e9m p\u0159\u00edsp\u011bvku upozornila na to, \u017ee div\u00e1ci ve\u0159ejnopr\u00e1vn\u00ed televize se podle jej\u00edho n\u00e1zoru nedozv\u011bd\u011bli \u00fapln\u00fd obraz toho, co se ve Stonav\u011b skute\u010dn\u011b odehr\u00e1lo. Kritizovala zejm\u00e9na skute\u010dnost, \u017ee negativn\u00ed reakce horn\u00edk\u016f na vystoupen\u00ed prezidenta Petra Pavla i\u00a0p\u0159ijet\u00ed dal\u0161\u00edch politik\u016f se ve zpravodajstv\u00ed neobjevily.<br \/>\nPodle Hamplov\u00e9 \u010cesk\u00e1 televize odvys\u00edlala pouze uhlazenou a\u00a0vybranou \u010d\u00e1st d\u011bn\u00ed, zat\u00edmco momenty, kter\u00e9 se do tohoto obrazu nehodily, z\u016fstaly stranou. Takov\u00fd p\u0159\u00edstup\u00a0<b><a href=\"https:\/\/www.facebook.com\/hamplova65\" target=\"_blank\" rel=\"noopener\">ozna\u010dila<\/a><\/b>\u00a0za selektivn\u00ed a\u00a0v\u00a0rozporu s\u00a0rol\u00ed m\u00e9dia, kter\u00e9 je financov\u00e1no z\u00a0povinn\u00fdch koncesion\u00e1\u0159sk\u00fdch poplatk\u016f.<\/p>\n<p>\u201eStonava byla up\u0159\u00edmn\u00e1. \u010cesk\u00e1 televize nikoli. Prezident Petr Pavel byl horn\u00edky ve Stonav\u011b p\u0159i\u00a0sv\u00e9m hezky napsan\u00e9m d\u011bkovn\u00e9m videoprojevu hlasit\u011b vyp\u00edsk\u00e1n. Filipu Turkovi se naopak tleskalo, na m\u00edst\u011b byl tak\u00e9 premi\u00e9r Andrej Babi\u0161 a\u00a0ministr Ale\u0161 Juchelka. Div\u00e1ci \u010cesk\u00e9 televize se ale ve zpravodajstv\u00ed dozv\u011bd\u011bli jen tu uhlazenou, vyselektovanou \u010d\u00e1st. Ta, kter\u00e1 se nehodila (p\u00edskot a\u00a0p\u0159ijet\u00ed vl\u00e1dn\u00edch politik\u016f), byla \u201avyst\u0159ihnuta\u2018\u2026<\/p>\n<p>Ano, \u010cesk\u00e1 televize je ve\u0159ejnopr\u00e1vn\u00ed. Ne, \u010cesk\u00e1 televize u\u017e d\u00e1vno nevys\u00edl\u00e1 jako ve\u0159ejnopr\u00e1vn\u00ed. Ano, \u010ceskou televizi plat\u00edte sv\u00fdmi poplatky. Ne, \u010cesk\u00e1 televize se nechov\u00e1 podle toho. Neslou\u017e\u00ed \u201alidu\u2018, jak by m\u011bla, ale pouze \u201an\u011bkter\u00e9mu lidu\u2018, ov\u0161em za pen\u00edze v\u0161ech. N\u011bkdo si n\u00e1m \u201ana\u0161i\u2018 \u010ceskou televizi zkr\u00e1tka tak trochu zprivatizoval,\u201c napsala v\u00a0reakci na po\u010d\u00edn\u00e1n\u00ed \u010cesk\u00e9 televize na soci\u00e1ln\u00ed s\u00edti Facebook sen\u00e1torka.<\/p>\n<p>Kritika, kterou sen\u00e1torka Hamplov\u00e1 formulovala, nez\u016fst\u00e1v\u00e1 ojedin\u011bl\u00e1. Dlouhodob\u011b s\u00edl\u00ed nespokojenost \u010d\u00e1sti ve\u0159ejnosti s\u00a0t\u00edm, jak \u010cesk\u00e1 televize pracuje s\u00a0politicky citliv\u00fdmi t\u00e9maty. V\u00fd\u010ditky sm\u011b\u0159uj\u00ed k\u00a0nevyv\u00e1\u017eenosti, k\u00a0jednostrann\u00e9mu v\u00fdb\u011bru informac\u00ed i\u00a0k\u00a0tomu, \u017ee n\u011bkter\u00e9 n\u00e1zory a\u00a0spole\u010densk\u00e9 skupiny z\u016fst\u00e1vaj\u00ed systematicky mimo hlavn\u00ed proud zpravodajstv\u00ed.<\/p>\n<p>V\u00fdsledkem je klesaj\u00edc\u00ed sledovanost i eroduj\u00edc\u00ed d\u016fv\u011bryhodnost instituce, kter\u00e1 m\u00e1 b\u00fdt jedn\u00edm ze z\u00e1kladn\u00edch pil\u00ed\u0159\u016f ve\u0159ejn\u00e9 debaty. Stonava se tak nestala jen symbolem konce t\u011b\u017eby uhl\u00ed, ale i dal\u0161\u00edm d\u016fkazem toho, \u017ee ve\u0159ejnopr\u00e1vn\u00ed m\u00e9dium se st\u00e1le \u010dast\u011bji vzdaluje realit\u011b, kterou \u017eij\u00ed lid\u00e9 mimo pra\u017esk\u00e1 studia. A pr\u00e1v\u011b to je probl\u00e9m, kter\u00fd u\u017e nelze d\u00e1l p\u0159ehl\u00ed\u017eet.<\/p>\n<p><i><strong>Jana Zwyrtek Hamplov\u00e1,<\/strong> sen\u00e1torka a\u00a0Bart\u00e1k, prvnizpravy.cz, repro: facebook<\/i><\/p>\n<p><img decoding=\"async\" loading=\"lazy\" class=\"alignnone size-medium wp-image-16169\" src=\"http:\/\/www.infokuryr.cz\/n\/wp-content\/uploads\/2022\/10\/HAMPLOVA-300x169.jpg\" alt=\"\" width=\"300\" height=\"169\" srcset=\"https:\/\/www.infokuryr.cz\/n\/wp-content\/uploads\/2022\/10\/HAMPLOVA-300x169.jpg 300w, https:\/\/www.infokuryr.cz\/n\/wp-content\/uploads\/2022\/10\/HAMPLOVA.jpg 678w\" sizes=\"(max-width: 300px) 100vw, 300px\" \/><\/p>\n<h4>Pozn\u00e1mka:<\/h4>\n<p>V p\u0159\u00edpad\u011b, \u017ee vl\u00e1dn\u00ed koalice neud\u011bl\u00e1 v kr\u00e1tk\u00e9m term\u00ednu nic s \u010ceskou televiz\u00ed a \u010cesk\u00fdm rozhlasem, pak nev\u00edm, pro\u010d jsme je volili. Toleranc\u00ed ke lh\u00e1\u0159\u016fm, zlod\u011bj\u016fm a manipul\u00e1tor\u016f si koleduj\u00ed o dal\u0161\u00ed volebn\u00ed v\u00fdprask, nejprve do Sen\u00e1tu, pak znovuzvolen\u00ed Gumy107 na Hrad a nakonec n\u00e1vrat ulhan\u00fdch up\u00edr\u016f z b\u00fdval\u00e9 Fialovy P\u011btikoalice. Prvn\u00ed karambol je na cest\u011b \u2013 provokativn\u00ed sjezd sude\u0165\u00e1k\u016f v Brn\u011b. Jestlipak n\u00e1s \u010dek\u00e1 u Moravce v OVM jako jeho host tlust\u00fd sude\u0165\u00e1k Posselt, aby vykl\u00e1dal o \u201csm\u00ed\u0159en\u00ed\u201d?<br \/>\n<em>-vd-<\/em><\/p>\n<p>&nbsp;<\/p>\n","protected":false},"excerpt":{"rendered":"<p>Rozd\u00edln\u00e9 reakce horn\u00edk\u016f ve Stonav\u011b a odbor\u00e1\u0159\u016f v Ostrav\u011b vyvolaly kritiku \u010cesk\u00e9 televize. Sen\u00e1torka Jana&#8230;<\/p>\n","protected":false},"author":2,"featured_media":99001,"comment_status":"closed","ping_status":"closed","sticky":false,"template":"","format":"standard","meta":[],"categories":[6],"tags":[47,28,851],"_links":{"self":[{"href":"https:\/\/www.infokuryr.cz\/n\/wp-json\/wp\/v2\/posts\/99000"}],"collection":[{"href":"https:\/\/www.infokuryr.cz\/n\/wp-json\/wp\/v2\/posts"}],"about":[{"href":"https:\/\/www.infokuryr.cz\/n\/wp-json\/wp\/v2\/types\/post"}],"author":[{"embeddable":true,"href":"https:\/\/www.infokuryr.cz\/n\/wp-json\/wp\/v2\/users\/2"}],"replies":[{"embeddable":true,"href":"https:\/\/www.infokuryr.cz\/n\/wp-json\/wp\/v2\/comments?post=99000"}],"version-history":[{"count":0,"href":"https:\/\/www.infokuryr.cz\/n\/wp-json\/wp\/v2\/posts\/99000\/revisions"}],"wp:featuredmedia":[{"embeddable":true,"href":"https:\/\/www.infokuryr.cz\/n\/wp-json\/wp\/v2\/media\/99001"}],"wp:attachment":[{"href":"https:\/\/www.infokuryr.cz\/n\/wp-json\/wp\/v2\/media?parent=99000"}],"wp:term":[{"taxonomy":"category","embeddable":true,"href":"https:\/\/www.infokuryr.cz\/n\/wp-json\/wp\/v2\/categories?post=99000"},{"taxonomy":"post_tag","embeddable":true,"href":"https:\/\/www.infokuryr.cz\/n\/wp-json\/wp\/v2\/tags?post=99000"}],"curies":[{"name":"wp","href":"https:\/\/api.w.org\/{rel}","templated":true}]}}