{"id":98963,"date":"2026-02-08T00:21:03","date_gmt":"2026-02-07T23:21:03","guid":{"rendered":"https:\/\/www.infokuryr.cz\/n\/?p=98963"},"modified":"2026-02-07T09:21:55","modified_gmt":"2026-02-07T08:21:55","slug":"syrsky-migrant-odsouzeny-za-sexualni-napadeni-nezletile-osoby-v-nemecku-bojuje-proti-vydani-z-velke-britanie-pote-co-uprchl-z-podmineneho-trestu","status":"publish","type":"post","link":"https:\/\/www.infokuryr.cz\/n\/2026\/02\/08\/syrsky-migrant-odsouzeny-za-sexualni-napadeni-nezletile-osoby-v-nemecku-bojuje-proti-vydani-z-velke-britanie-pote-co-uprchl-z-podmineneho-trestu\/","title":{"rendered":"Syrsk\u00fd migrant odsouzen\u00fd za sexu\u00e1ln\u00ed napaden\u00ed nezletil\u00e9 osoby v N\u011bmecku bojuje proti vyd\u00e1n\u00ed z Velk\u00e9 Brit\u00e1nie pot\u00e9, co uprchl z podm\u00edn\u011bn\u00e9ho trestu"},"content":{"rendered":"<div id=\"fb-root\"><\/div>\n<h3 class=\"s-tagline fw-tagline\"><span dir=\"auto\">Odsouzen\u00fd syrsk\u00fd sexu\u00e1ln\u00ed delikvent tvrd\u00ed, \u017ee jeho vyd\u00e1n\u00ed by poru\u0161ilo jeho lidsk\u00e9 pr\u00e1vo na rodinn\u00fd \u017eivot, jeliko\u017e nyn\u00ed \u017eije ve Spojen\u00e9m kr\u00e1lovstv\u00ed s man\u017eelkou a d\u00edt\u011btem<\/span><\/h3>\n<p><span dir=\"auto\">Syrsk\u00fd migrant, kter\u00fd byl v N\u011bmecku usv\u011bd\u010den ze sexu\u00e1ln\u00edho napaden\u00ed patn\u00e1ctilet\u00e9 d\u00edvky, ne\u017e se vyhnul podm\u00ednce a uprchl do Velk\u00e9 Brit\u00e1nie, bojuje proti sv\u00e9mu vyd\u00e1n\u00ed zp\u011bt do N\u011bmecka s tvrzen\u00edm, \u017ee nucen\u00fd n\u00e1vrat by poru\u0161il jeho lidsk\u00e1 pr\u00e1va.<\/span><\/p>\n<p><span dir=\"auto\">P\u0159\u00edpad vzbudil pozornost v N\u011bmecku i ve Velk\u00e9 Brit\u00e1nii pot\u00e9, co vy\u0161lo najevo, \u017ee 34let\u00fd Azizadeen Alsheikh Suliman, kter\u00fd \u017eil v Anglii v ubytov\u00e1n\u00ed financovan\u00e9m z dan\u00ed dan\u00ed, je hled\u00e1n na z\u00e1klad\u011b evropsk\u00e9ho zatyka\u010de za poru\u0161en\u00ed podm\u00ednek trestu.<\/span><\/p>\n<p><span dir=\"auto\">K \u00fatoku do\u0161lo v Osnabr\u00fccku v roce 2022, kdy se tehdy patn\u00e1ctilet\u00e1 ob\u011b\u0165 setkala s mu\u017eem v centru m\u011bsta brzy r\u00e1no. Jak informoval den\u00edk\u00a0<\/span><a href=\"https:\/\/www.bild.de\/regional\/niedersachsen\/prozess-schiebt-england-vergewaltiger-nach-deutschland-ab-6970b972707d4aa20757bce0\"><span dir=\"auto\">Bild<\/span><\/a><span dir=\"auto\">\u00a0, mu\u017e k n\u00ed p\u0159istoupil pod z\u00e1minkou, \u017ee si po\u017e\u00e1d\u00e1 o cigaretu, ne\u017e se ji pokusil pol\u00edbit a pozd\u011bji ji sexu\u00e1ln\u011b napadl na nedalek\u00e9m n\u00e1dvo\u0159\u00ed.<\/span><\/p>\n<p><a href=\"https:\/\/www.thesun.co.uk\/news\/37951914\/migrant-sex-assault-girl-fleeing-germany-fighting-deportation\/\"><span dir=\"auto\">Noviny The Sun<\/span><\/a><span dir=\"auto\">\u00a0poznamenaly, \u017ee \u0161kola\u010dku osah\u00e1val, ne\u017e se j\u00ed odhalil.<\/span><\/p>\n<p><span dir=\"auto\">N\u011bmeck\u00e9 soudy ho pozd\u011bji usv\u011bd\u010dily ze sexu\u00e1ln\u00edho napaden\u00ed a tak\u00e9 z distribuce drog nezletil\u00e9 osob\u011b, za co\u017e dostal dvoulet\u00fd podm\u00edn\u011bn\u00fd trest odn\u011bt\u00ed svobody s podm\u00ednkou propu\u0161t\u011bn\u00ed. Bylo mu tak\u00e9 ulo\u017eeno zaplatit ob\u011bti od\u0161kodn\u011bn\u00ed ve v\u00fd\u0161i 3 000 eur, co\u017e dosud nebylo spln\u011bno.<\/span><\/p>\n<p><span dir=\"auto\">M\u00edsto toho Sulejman uprchl z N\u011bmecka, co\u017e vedlo k vyd\u00e1n\u00ed evropsk\u00e9ho zatyka\u010de. Pozd\u011bji se na mal\u00e9 lodi v Laman\u0161sk\u00e9m pr\u016flivu dostal do Brit\u00e1nie, kde po\u017e\u00e1dal o azyl s pou\u017eit\u00edm jin\u00e9ho pravopisu sv\u00e9ho jm\u00e9na, co\u017e mu umo\u017enilo n\u011bkolik let se vyh\u00fdbat odhalen\u00ed.<\/span><\/p>\n<p><span dir=\"auto\">Byl ubytov\u00e1n v hotelu financovan\u00e9m z dan\u00ed dan\u00ed v oblasti Velk\u00e9ho Manchesteru, kde \u017eil se svou \u017eenou a mal\u00fdm d\u00edt\u011btem, ne\u017e byl nakonec identifikov\u00e1n. Na \u017e\u00e1dost n\u011bmeck\u00fdch \u00fa\u0159ad\u016f bylo zah\u00e1jeno \u0159\u00edzen\u00ed o vyd\u00e1n\u00ed.<\/span><\/p>\n<p><span dir=\"auto\">B\u011bhem sly\u0161en\u00ed u Westminstersk\u00e9ho magistr\u00e1tn\u00edho soudu soudci rozhodli, \u017ee by m\u011bl b\u00fdt vr\u00e1cen do N\u011bmecka. Soudce Timothy King potvrdil, \u017ee d\u0159\u00edv\u011bj\u0161\u00ed rozhodnut\u00ed na\u0159izuj\u00edc\u00ed vyd\u00e1n\u00ed z\u016fstanou v platnosti, a ob\u017ealovan\u00e9mu sd\u011blil, \u017ee \u017e\u00e1dn\u00fd z argument\u016f proti vyd\u00e1n\u00ed nebyl p\u0159ijat.<\/span><\/p>\n<p><span dir=\"auto\">Sulejman se v\u0161ak odvolal s tvrzen\u00edm, \u017ee v p\u0159\u00edpad\u011b navr\u00e1cen\u00ed do N\u011bmecka mu hroz\u00ed smrt, proto\u017ee jeho bratranec zabil n\u011bkolik \u010dlen\u016f jin\u00e9ho gangu v konfliktu, kter\u00fd vznikl v S\u00fdrii, a \u017ee by se v p\u0159\u00edpad\u011b navr\u00e1cen\u00ed mohl st\u00e1t ter\u010dem pomsty. Jeho obhajoba se rovn\u011b\u017e odvolala na \u010dl\u00e1nek 8 Evropsk\u00e9 \u00famluvy o lidsk\u00fdch pr\u00e1vech a argumentovala, \u017ee jeho vyd\u00e1n\u00ed by ho nespravedliv\u011b odd\u011blilo od man\u017eelky a d\u00edt\u011bte.<\/span><\/p>\n<p><span dir=\"auto\">Odvol\u00e1n\u00ed se nyn\u00ed projedn\u00e1v\u00e1 ve Spojen\u00e9m kr\u00e1lovstv\u00ed.<\/span><\/p>\n<p><span dir=\"auto\">Pokud by byl Suliman vr\u00e1cen do N\u011bmecka, je pravd\u011bpodobn\u00e9, \u017ee by musel odpykat podstatnou \u010d\u00e1st sv\u00e9ho podm\u00edn\u011bn\u00e9ho trestu, po jeho\u017e uplynut\u00ed by mu byl odebr\u00e1n azylov\u00fd status, co\u017e by mohlo v\u00e9st k deportaci zp\u011bt do S\u00fdrie.<\/span><\/p>\n<p><img decoding=\"async\" loading=\"lazy\" class=\"alignnone size-full wp-image-1185\" src=\"http:\/\/www.infokuryr.cz\/n\/wp-content\/uploads\/2021\/04\/kuryr-podpis.png\" alt=\"\" width=\"84\" height=\"24\" \/><\/p>\n<p>&nbsp;<\/p>\n","protected":false},"excerpt":{"rendered":"<p>Odsouzen\u00fd syrsk\u00fd sexu\u00e1ln\u00ed delikvent tvrd\u00ed, \u017ee jeho vyd\u00e1n\u00ed by poru\u0161ilo jeho lidsk\u00e9 pr\u00e1vo na rodinn\u00fd&#8230;<\/p>\n","protected":false},"author":2,"featured_media":98964,"comment_status":"closed","ping_status":"closed","sticky":false,"template":"","format":"standard","meta":[],"categories":[7],"tags":[61,3463,84,2852],"_links":{"self":[{"href":"https:\/\/www.infokuryr.cz\/n\/wp-json\/wp\/v2\/posts\/98963"}],"collection":[{"href":"https:\/\/www.infokuryr.cz\/n\/wp-json\/wp\/v2\/posts"}],"about":[{"href":"https:\/\/www.infokuryr.cz\/n\/wp-json\/wp\/v2\/types\/post"}],"author":[{"embeddable":true,"href":"https:\/\/www.infokuryr.cz\/n\/wp-json\/wp\/v2\/users\/2"}],"replies":[{"embeddable":true,"href":"https:\/\/www.infokuryr.cz\/n\/wp-json\/wp\/v2\/comments?post=98963"}],"version-history":[{"count":0,"href":"https:\/\/www.infokuryr.cz\/n\/wp-json\/wp\/v2\/posts\/98963\/revisions"}],"wp:featuredmedia":[{"embeddable":true,"href":"https:\/\/www.infokuryr.cz\/n\/wp-json\/wp\/v2\/media\/98964"}],"wp:attachment":[{"href":"https:\/\/www.infokuryr.cz\/n\/wp-json\/wp\/v2\/media?parent=98963"}],"wp:term":[{"taxonomy":"category","embeddable":true,"href":"https:\/\/www.infokuryr.cz\/n\/wp-json\/wp\/v2\/categories?post=98963"},{"taxonomy":"post_tag","embeddable":true,"href":"https:\/\/www.infokuryr.cz\/n\/wp-json\/wp\/v2\/tags?post=98963"}],"curies":[{"name":"wp","href":"https:\/\/api.w.org\/{rel}","templated":true}]}}