{"id":98961,"date":"2026-02-08T00:20:09","date_gmt":"2026-02-07T23:20:09","guid":{"rendered":"https:\/\/www.infokuryr.cz\/n\/?p=98961"},"modified":"2026-02-07T09:18:10","modified_gmt":"2026-02-07T08:18:10","slug":"propalestinsti-aktiviste-vandalizovali-zbrojni-spolecnost-navzdory-nasili-byli-osvobozeni","status":"publish","type":"post","link":"https:\/\/www.infokuryr.cz\/n\/2026\/02\/08\/propalestinsti-aktiviste-vandalizovali-zbrojni-spolecnost-navzdory-nasili-byli-osvobozeni\/","title":{"rendered":"Propalestin\u0161t\u00ed aktivist\u00e9 vandalizovali zbrojn\u00ed spole\u010dnost \u2013 navzdory n\u00e1sil\u00ed byli osvobozeni"},"content":{"rendered":"<div id=\"fb-root\"><\/div>\n<p><strong><span dir=\"auto\">Britsk\u00fd justi\u010dn\u00ed syst\u00e9m op\u011bt ukazuje, jak daleko se zem\u011b posouv\u00e1. Brut\u00e1ln\u00ed \u00fatok propalestinsk\u00fdch \u201eaktivist\u016f\u201c b\u011bhem vloup\u00e1n\u00ed do zbrojovky z\u016fst\u00e1v\u00e1 z velk\u00e9 \u010d\u00e1sti nepotrest\u00e1n. P\u0159esto jsou p\u0159\u00edsp\u011bvky na Facebooku trestn\u00fdm \u010dinem.<\/span><\/strong><\/p>\n<p><span dir=\"auto\">Britsk\u00fd syst\u00e9m soudnictv\u00ed je evidentn\u011b v naprost\u00e9m chaosu. \u0160est levicov\u00fdch propalestinsk\u00fdch \u201eaktivist\u016f\u201c vniklo do zbrojovky, zdemolovalo prostory, napadlo policisty \u2013\u00a0<\/span><a href=\"https:\/\/news.sky.com\/story\/six-palestine-action-activists-cleared-of-aggravated-burglary-at-israel-linked-defence-firm-13493449\"><span dir=\"auto\">a pot\u00e9 ode\u0161lo ze soudn\u00ed s\u00edn\u011b jako svobodn\u00ed mu\u017ei<\/span><\/a><span dir=\"auto\"> . Jedna policistka utrp\u011bla poran\u011bn\u00ed p\u00e1te\u0159e. Pro porotu to v\u0161ak zjevn\u011b nebyl dostate\u010dn\u00fd d\u016fvod k trestn\u00edmu st\u00edh\u00e1n\u00ed.<\/span><\/p>\n<figure class=\"wp-block-embed is-type-rich is-provider-twitter wp-block-embed-twitter\">\n<div class=\"wp-block-embed__wrapper\">\n<div class=\"twitter-tweet twitter-tweet-rendered\"><iframe id=\"twitter-widget-0\" class=\"\" title=\"X P\u0159\u00edsp\u011bvek\" src=\"https:\/\/platform.twitter.com\/embed\/Tweet.html?dnt=true&amp;embedId=twitter-widget-0&amp;features=eyJ0ZndfdGltZWxpbmVfbGlzdCI6eyJidWNrZXQiOltdLCJ2ZXJzaW9uIjpudWxsfSwidGZ3X2ZvbGxvd2VyX2NvdW50X3N1bnNldCI6eyJidWNrZXQiOnRydWUsInZlcnNpb24iOm51bGx9LCJ0ZndfdHdlZXRfZWRpdF9iYWNrZW5kIjp7ImJ1Y2tldCI6Im9uIiwidmVyc2lvbiI6bnVsbH0sInRmd19yZWZzcmNfc2Vzc2lvbiI6eyJidWNrZXQiOiJvbiIsInZlcnNpb24iOm51bGx9LCJ0ZndfZm9zbnJfc29mdF9pbnRlcnZlbnRpb25zX2VuYWJsZWQiOnsiYnVja2V0Ijoib24iLCJ2ZXJzaW9uIjpudWxsfSwidGZ3X21peGVkX21lZGlhXzE1ODk3Ijp7ImJ1Y2tldCI6InRyZWF0bWVudCIsInZlcnNpb24iOm51bGx9LCJ0ZndfZXhwZXJpbWVudHNfY29va2llX2V4cGlyYXRpb24iOnsiYnVja2V0IjoxMjA5NjAwLCJ2ZXJzaW9uIjpudWxsfSwidGZ3X3Nob3dfYmlyZHdhdGNoX3Bpdm90c19lbmFibGVkIjp7ImJ1Y2tldCI6Im9uIiwidmVyc2lvbiI6bnVsbH0sInRmd19kdXBsaWNhdGVfc2NyaWJlc190b19zZXR0aW5ncyI6eyJidWNrZXQiOiJvbiIsInZlcnNpb24iOm51bGx9LCJ0ZndfdXNlX3Byb2ZpbGVfaW1hZ2Vfc2hhcGVfZW5hYmxlZCI6eyJidWNrZXQiOiJvbiIsInZlcnNpb24iOm51bGx9LCJ0ZndfdmlkZW9faGxzX2R5bmFtaWNfbWFuaWZlc3RzXzE1MDgyIjp7ImJ1Y2tldCI6InRydWVfYml0cmF0ZSIsInZlcnNpb24iOm51bGx9LCJ0ZndfbGVnYWN5X3RpbWVsaW5lX3N1bnNldCI6eyJidWNrZXQiOnRydWUsInZlcnNpb24iOm51bGx9LCJ0ZndfdHdlZXRfZWRpdF9mcm9udGVuZCI6eyJidWNrZXQiOiJvbiIsInZlcnNpb24iOm51bGx9fQ%3D%3D&amp;frame=false&amp;hideCard=false&amp;hideThread=false&amp;id=2019172866043089362&amp;lang=cs&amp;origin=https%3A%2F%2Freport24.news%2Fpro-palaestina-aktivisten-verwuesten-ruestungsfirma-freispruch-trotz-gewalt%2F&amp;sessionId=13300bf1a783c3d9722f91a124711c3b6dc5ebe6&amp;theme=light&amp;widgetsVersion=2615f7e52b7e0%3A1702314776716&amp;width=550px\" frameborder=\"0\" scrolling=\"no\" allowfullscreen=\"allowfullscreen\" data-tweet-id=\"2019172866043089362\" data-mce-fragment=\"1\"><\/iframe><\/div>\n<\/div>\n<\/figure>\n<p><span dir=\"auto\">M\u00edsto \u010dinu se nach\u00e1zelo v pobo\u010dce izraelsk\u00e9 obrann\u00e9 spole\u010dnosti Elbit Systems. Pachatel\u00e9 dorazili s palicemi, p\u00e1\u010didly, hasic\u00edmi p\u0159\u00edstroji, r\u016fzn\u00fdm n\u00e1\u0159ad\u00edm a upraven\u00fdm vozidlem k zastaven\u00ed v\u00fdroby. Kdy\u017e zas\u00e1hla policistka, ude\u0159ila ji kladivem do p\u00e1te\u0159e. Toto je jedin\u00fd p\u0159\u00edpad, kter\u00fd se znovu projedn\u00e1v\u00e1.<\/span><\/p>\n<p><span dir=\"auto\">Ostatn\u00ed obvin\u011bn\u00ed v\u0161ak porota zam\u00edtla. Sd\u011blen\u00ed je jasn\u00e9: ti, kte\u0159\u00ed poch\u00e1zej\u00ed ze \u201espr\u00e1vn\u00e9ho\u201c politick\u00e9ho prost\u0159ed\u00ed, se mohou t\u011b\u0161it na shov\u00edvavost. Ti, kte\u0159\u00ed se nedodr\u017euj\u00ed ideologick\u00fdch sm\u011brnic, naopak poc\u00edt\u00ed plnou s\u00edlu st\u00e1tu.<\/span><\/p>\n<p><span dir=\"auto\">Nap\u0159\u00edklad ti lid\u00e9, kte\u0159\u00ed na Facebooku zve\u0159ej\u0148uj\u00ed \u201eur\u00e1\u017eliv\u00fd\u201c nebo \u201eznepokojiv\u00fd\u201c obsah, kter\u00fd nezapad\u00e1 do \u00fazk\u00e9ho koridoru n\u00e1zor\u016f definovan\u00e9ho levicovou my\u0161lenkovou polici\u00ed. Dom\u00e1c\u00ed n\u00e1v\u0161t\u011bvy, v\u00fdslechy, konfiskace \u2013 to v\u0161e kv\u016fli n\u00e1zor\u016fm, vtip\u016fm nebo politick\u00e9 kritice. To v\u0161e je d\u016fsledkem levicov\u00e9 politiky, kter\u00e1 legitimizuje nen\u00e1vist k Izraeli a pron\u00e1sleduje odli\u0161n\u00e9 n\u00e1zory.<\/span><\/p>\n<p><img decoding=\"async\" loading=\"lazy\" class=\"alignnone size-full wp-image-1185\" src=\"http:\/\/www.infokuryr.cz\/n\/wp-content\/uploads\/2021\/04\/kuryr-podpis.png\" alt=\"\" width=\"84\" height=\"24\" \/><\/p>\n<p>&nbsp;<\/p>\n","protected":false},"excerpt":{"rendered":"<p>Britsk\u00fd justi\u010dn\u00ed syst\u00e9m op\u011bt ukazuje, jak daleko se zem\u011b posouv\u00e1. Brut\u00e1ln\u00ed \u00fatok propalestinsk\u00fdch \u201eaktivist\u016f\u201c b\u011bhem&#8230;<\/p>\n","protected":false},"author":2,"featured_media":98962,"comment_status":"closed","ping_status":"closed","sticky":false,"template":"","format":"standard","meta":[],"categories":[7],"tags":[61,230,313,324],"_links":{"self":[{"href":"https:\/\/www.infokuryr.cz\/n\/wp-json\/wp\/v2\/posts\/98961"}],"collection":[{"href":"https:\/\/www.infokuryr.cz\/n\/wp-json\/wp\/v2\/posts"}],"about":[{"href":"https:\/\/www.infokuryr.cz\/n\/wp-json\/wp\/v2\/types\/post"}],"author":[{"embeddable":true,"href":"https:\/\/www.infokuryr.cz\/n\/wp-json\/wp\/v2\/users\/2"}],"replies":[{"embeddable":true,"href":"https:\/\/www.infokuryr.cz\/n\/wp-json\/wp\/v2\/comments?post=98961"}],"version-history":[{"count":0,"href":"https:\/\/www.infokuryr.cz\/n\/wp-json\/wp\/v2\/posts\/98961\/revisions"}],"wp:featuredmedia":[{"embeddable":true,"href":"https:\/\/www.infokuryr.cz\/n\/wp-json\/wp\/v2\/media\/98962"}],"wp:attachment":[{"href":"https:\/\/www.infokuryr.cz\/n\/wp-json\/wp\/v2\/media?parent=98961"}],"wp:term":[{"taxonomy":"category","embeddable":true,"href":"https:\/\/www.infokuryr.cz\/n\/wp-json\/wp\/v2\/categories?post=98961"},{"taxonomy":"post_tag","embeddable":true,"href":"https:\/\/www.infokuryr.cz\/n\/wp-json\/wp\/v2\/tags?post=98961"}],"curies":[{"name":"wp","href":"https:\/\/api.w.org\/{rel}","templated":true}]}}