{"id":98895,"date":"2026-02-07T00:19:34","date_gmt":"2026-02-06T23:19:34","guid":{"rendered":"https:\/\/www.infokuryr.cz\/n\/?p=98895"},"modified":"2026-02-06T11:02:52","modified_gmt":"2026-02-06T10:02:52","slug":"obcan-do-toho-jak-bude-strategicky-ockovan-nema-co-kecat-babisova-vlada-nemeni-kurz","status":"publish","type":"post","link":"https:\/\/www.infokuryr.cz\/n\/2026\/02\/07\/obcan-do-toho-jak-bude-strategicky-ockovan-nema-co-kecat-babisova-vlada-nemeni-kurz\/","title":{"rendered":"Ob\u010dan do toho, jak bude strategicky o\u010dkov\u00e1n, nem\u00e1 co kecat. Babi\u0161ova vl\u00e1da nem\u011bn\u00ed kurz"},"content":{"rendered":"<div id=\"fb-root\"><\/div>\n<p>Babi\u0161 se sice vymlouv\u00e1, \u017ee za chyby vl\u00e1dy b\u011bhem \u201epandemie\u201c mohou \u0161patn\u00e9 rady odborn\u00edk\u016f, jeho\u00a0<strong><a href=\"https:\/\/www.nespokojeny.cz\/tag\/adam-vojtech\/\" target=\"_blank\" rel=\"noopener\">ministr Vojt\u011bch<\/a><\/strong>\u00a0se ale obklopuje na ministerstvu\u00a0<strong><a href=\"https:\/\/www.nespokojeny.cz\/zadna-sebereflexe-covidove-totality-u-nove-vlady-nehrozi-fanaticti-poradci-jsou-zpet\/\" target=\"_blank\" rel=\"noopener\">st\u00e1le stejn\u00fdmi lidmi<\/a><\/strong>. U\u017e samotn\u00e9\u00a0<strong>jmenov\u00e1n\u00ed Vojt\u011bcha jako jedn\u00e9 z hlavn\u00edch tv\u00e1\u0159\u00ed covidov\u00e9 totality je v\u00fdsm\u011bchem<\/strong>\u00a0jak\u00e9koliv sebereflexi, jeho dal\u0161\u00ed kroky v \u00fa\u0159adu jen napl\u0148uj\u00ed opr\u00e1vn\u011bn\u00e9 obavy: Podpora n\u00e1rodn\u00ed o\u010dkovac\u00ed strategie. Podpora \u010dlenstv\u00ed ve WHO. Ministerstvo jako jedin\u00fd zdroj \u201eodborn\u00e9 pravdy\u201c.<span id=\"more-64325\"><\/span><\/p>\n<h2><strong>N\u00e1rodn\u00ed o\u010dkovac\u00ed strategie: Babi\u0161ova vl\u00e1da nem\u011bn\u00ed kurz.<\/strong><\/h2>\n<p>Premi\u00e9r Babi\u0161 se sice omlouv\u00e1 za chyby, kter\u00e9 jeho vl\u00e1da ud\u011blala b\u011bhem pandemie kv\u016fli vadn\u00fdm rad\u00e1m odborn\u00edk\u016f, jeho\u00a0<strong><a href=\"https:\/\/www.nespokojeny.cz\/tag\/adam-vojtech\/\" target=\"_blank\" rel=\"noopener\">ministr Vojt\u011bch<\/a><\/strong>\u00a0se ale obklopuje na ministerstvu\u00a0<strong><a href=\"https:\/\/www.nespokojeny.cz\/zadna-sebereflexe-covidove-totality-u-nove-vlady-nehrozi-fanaticti-poradci-jsou-zpet\/\" target=\"_blank\" rel=\"noopener\">st\u00e1le stejn\u00fdmi lidmi<\/a><\/strong>. \u017d\u00e1dn\u00e1 zm\u011bna kurzu nen\u00ed na obzoru a i kontroverzn\u00ed\u00a0<strong><a href=\"https:\/\/www.nespokojeny.cz\/ockovat-nediskutovat-to-je-nova-narodni-ockovaci-strategie-ministerstva-zdravotnictvi\/\" target=\"_blank\" rel=\"noopener\">N\u00e1rodn\u00ed o\u010dkovac\u00ed strategie<\/a><\/strong>\u00a0jede d\u00e1l ve stejn\u00e9m duchu, jak ji p\u0159ipravil Vojt\u011bch\u016fv p\u0159edch\u016fdce V\u00e1lek. Je to zvl\u00e1\u0161tn\u00ed, proto\u017ee premi\u00e9r si evidentn\u011b uv\u011bdomuje, \u017ee to byl pr\u00e1v\u011b nesmysln\u00fd tlak na o\u010dkov\u00e1n\u00ed, co mu v roce 2021 prohr\u00e1lo volby. Chce si to zopakovat?<\/p>\n<p>Ukazuje se, \u017ee minister\u0161t\u00ed \u00fa\u0159edn\u00edci p\u0159i p\u0159\u00edprav\u011b N\u00e1rodn\u00ed o\u010dkovac\u00ed strategie \u00fapln\u011b vynechali \u00da\u0159ad pro ochranu osobn\u00edch \u00fadaj\u016f. Jeho p\u0159edseda Ji\u0159\u00ed Kauck\u00fd se do\u017eaduje n\u00e1pravy. Ani to ale pravd\u011bpodobn\u011b pl\u00e1ny na masivn\u00ed zv\u00fd\u0161en\u00ed proo\u010dkovanosti populace nezastav\u00ed. P\u0159ipom\u00ednky ve\u0159ejnosti ministerstvo osly\u0161elo. Ob\u010dan do toho, jak bude strategicky o\u010dkov\u00e1n, zkr\u00e1tka nem\u00e1 co kecat. [<a href=\"https:\/\/www.facebook.com\/watch\/?v=1401158868079236\" target=\"_blank\" rel=\"noopener\">zdroj<\/a>]<\/p>\n<h2><strong>N\u00e1rodn\u00ed o\u010dkovac\u00ed strategie je jeden velk\u00fd podvod na lidi.\u00a0<\/strong><\/h2>\n<p>A\u0165 u\u017e se schov\u00e1v\u00e1 za jakoukoli l\u00edbivou prezentaci, barevn\u00e9 grafy a slogany o \u201eochran\u011b ve\u0159ejn\u00e9ho zdrav\u00ed\u201c, ve skute\u010dnosti\u00a0<strong>jde o stejn\u00fd typ n\u00e1tlaku, jak\u00fd jsme za\u017eili b\u011bhem covidu<\/strong>, jen tentokr\u00e1t bez pandemie.<\/p>\n<p>Nejde o otev\u0159enou diskusi. Nejde o skute\u010dn\u011b informovan\u00fd souhlas.<\/p>\n<p><strong>Jde o p\u0159edem dan\u00fd sm\u011br, ve kter\u00e9m je o\u010dkov\u00e1n\u00ed prezentov\u00e1no jako jedin\u00e9 spr\u00e1vn\u00e9 \u0159e\u0161en\u00ed, zat\u00edmco v\u0161echny ostatn\u00ed cesty jsou systematicky vytla\u010dov\u00e1ny na okraj<\/strong>.<\/p>\n<p>O t\u011bchto v\u011bcech rozhoduj\u00ed lid\u00e9, kte\u0159\u00ed nenesou osobn\u00ed odpov\u011bdnost za d\u016fsledky sv\u00fdch rozhodnut\u00ed. Lid\u00e9, kte\u0159\u00ed nikdy nest\u00e1li u l\u016f\u017eka kriticky nemocn\u00e9ho pacienta, kte\u0159\u00ed nevid\u011bli komplikace v re\u00e1ln\u00e9 klinick\u00e9 praxi, a p\u0159esto si n\u00e1rokuj\u00ed pr\u00e1vo \u0159\u00eddit zdrav\u00ed cel\u00e9 spole\u010dnosti.<\/p>\n<p>Rozhoduj\u00ed \u00fa\u0159edn\u00edci a politi\u010dt\u00ed nominanti, nikoli ti, kte\u0159\u00ed maj\u00ed zku\u0161enost z ter\u00e9nu a respekt k pacientovi jako k lidsk\u00e9 bytosti.<\/p>\n<p>Proto bych o\u010dek\u00e1vala, \u017ee lid\u00e9 jako \u0160ebelov\u00e1, Vojt\u011bch, \u0160\u0165astn\u00fd a dal\u0161\u00ed p\u016fjdou osobn\u00edm p\u0159\u00edkladem.<\/p>\n<p>Ne slovy a tiskov\u00fdmi konferencemi, ale plnou osobn\u00ed odpov\u011bdnost\u00ed za syst\u00e9m, kter\u00fd prosazuj\u00ed.<\/p>\n<p>A \u017ee budou stejn\u011b otev\u0159en\u00ed i k dlouhodob\u00e9mu sledov\u00e1n\u00ed dopad\u016f, komplikac\u00ed a re\u00e1ln\u00fdch v\u00fdsledk\u016f,nejen t\u011bch, kter\u00e9 se hod\u00ed do prezentac\u00ed.<\/p>\n<p><strong>O\u010dkov\u00e1n\u00ed nen\u00ed jedin\u00e1 cesta.<\/strong><\/p>\n<p>Nikdy nebylo a nikdy nebude.<\/p>\n<p>Z\u00e1kladn\u00ed cestou je prevence, zdrav\u00fd \u017eivotn\u00ed styl, kvalitn\u00ed a dostupn\u00e1 strava, p\u0159irozen\u00fd pohyb, pr\u00e1ce se stresem, sp\u00e1nek, v\u010dasn\u00e1 a c\u00edlen\u00e1 diagnostika, individu\u00e1ln\u00ed p\u0159\u00edstup k pacientovi aj.<\/p>\n<p>To jsou skute\u010dn\u00e9 pil\u00ed\u0159e zdrav\u00ed. Ne direktivy shora!<\/p>\n<p>Zdrav\u00ed se ned\u00e1 nadiktovat vyhl\u00e1\u0161kou. D\u016fv\u011bra se ned\u00e1 vynutit strategi\u00ed. A respekt k lidem se ned\u00e1 nahradit n\u00e1tlakem p\u0159evle\u010den\u00fdm za \u201eodborn\u00e9 doporu\u010den\u00ed\u201c.<\/p>\n<p><strong>Pokud st\u00e1t skute\u010dn\u011b chce zdrav\u011bj\u0161\u00ed populaci, mus\u00ed za\u010d\u00edt mluvit pravdu, p\u0159iznat chyby minulosti a otev\u0159\u00edt prostor pluralit\u011b n\u00e1zor\u016f<\/strong>.<\/p>\n<p>Proto\u017ee syst\u00e9m, kter\u00fd se nepou\u010d\u00ed, je odsouzen\u00fd opakovat stejn\u00e9 chyby, jen s nov\u00fdm n\u00e1zvem programu. [<a href=\"https:\/\/www.facebook.com\/redova.petra\/posts\/pfbid01SHNi4P993fV78QdVtVaHkjDHohEdTphY9uqXBmmvAeZ61Wpz4qCVLA6Dk2Qy8Dsl\" target=\"_blank\" rel=\"noopener\">zdroj<\/a>]<\/p>\n<h2><strong>Podpora n\u00e1rodn\u00ed o\u010dkovac\u00ed strategie. Podpora \u010dlenstv\u00ed ve WHO.<\/strong><\/h2>\n<p>Notuj\u00ed si sou\u010dasn\u00fd ministr zdravotnictv\u00ed Vojt\u011bch, b\u00fdval\u00fd ministr zdravotnictv\u00ed V\u00e1lek, \u0160ebelov\u00e1 a \u010d\u00e1ste\u010dn\u011b i Boris \u0160\u0165astn\u00fd. Ten alespo\u0148 vyz\u00fdv\u00e1 k revizi NOS.<\/p>\n<p>V Ot\u00e1zk\u00e1ch VM se hovo\u0159\u00ed o\u00a0<strong><a href=\"https:\/\/www.nespokojeny.cz\/tri-roky-od-covidu-v-poslanecke-snemovne-dopady-ockovani-a-mimoradnych-opatreni\/\" target=\"_blank\" rel=\"noopener\">semin\u00e1\u0159i 3 roky od Covidu<\/a><\/strong>, hovo\u0159\u00ed se o Jind\u0159ichu Rajchlovi a samoz\u0159ejm\u011b Jind\u0159ich Rajchl ve studiu nen\u00ed.<\/p>\n<p>P\u0159ipom\u00edn\u00e1m, \u017ee ANO z\u00edskalo 1,8 mil. hlas\u016f. Voli\u010di ANO tedy dali NOS i WHO zelenou.<\/p>\n<p>My v PRO budeme nad\u00e1le h\u00e1jit naprostou dobrovolnost u ve\u0161ker\u00e9ho o\u010dkov\u00e1n\u00ed, naprost\u00e9 pr\u00e1vo rodi\u010d\u016f rozhodnout o sv\u00fdch d\u011btech v r\u00e1mci v\u00fdhrady sv\u011bdom\u00ed a \u010dl\u00e1nek 2 \u00damluvy o lidsk\u00fdch pr\u00e1vech a biomedic\u00edn\u011b \u2013 Nad\u0159azenost lidsk\u00e9 bytosti.<\/p>\n<p><strong>Z\u00e1jmy a blaho lidsk\u00e9 bytosti jsou nad\u0159azeny z\u00e1jm\u016fm spole\u010dnosti nebo v\u011bdy<\/strong>.<\/p>\n<p>Vy v\u00edte, na jak\u00e9 stran\u011b stoj\u00edm 6 let a zn\u00e1te m\u00e9 n\u00e1zory i znalosti ohledn\u011b komer\u010dn\u00ed medic\u00edny, infek\u010dn\u00edch teori\u00ed a o\u010dkov\u00e1n\u00ed.<\/p>\n<p>V\u011b\u0159te, neuhnu ani o p\u00ed\u010f. [<a href=\"https:\/\/www.facebook.com\/lenka.tarabova.374\/posts\/pfbid0KCa4enusYEThTKzR8cwB6eSoHnxQ2pGxfu4monX5MJggw5W4KHGwNNkZGbNQ7mFBl\" target=\"_blank\" rel=\"noopener\">zdroj<\/a>]<\/p>\n<p>A vy po\u0159\u00e1d p\u0159\u00edkopy, p\u0159\u00edkopy\u2026<\/p>\n<p><strong>Pod\u00edvejte, jak si kluci rozum\u00ed!<\/strong>\u00a0N\u011bkter\u00e1 d\u016fle\u017eit\u00e1 t\u00e9mata jsou toti\u017e pr\u016f\u0159ezov\u00e1 a spojuj\u00edc\u00ed a ka\u017ed\u00fd v\u00ed, \u017ee kdy\u017e budou t\u00e1hnout za jeden provaz, na ka\u017ed\u00e9ho se dostane!<\/p>\n<p>Kdepak \u2013 je\u0161t\u011b to nen\u00ed tak \u0161patn\u00e9. V\u017edy\u0165 tady u\u017e jen chyb\u011blo, aby si V\u00e1lek s Vojt\u011bchem padli do n\u00e1ru\u010d\u00ed a dali si u Moravce hubana. Jak jde o zdrav\u00ed d\u011bt\u00ed, tak mus\u00ed v\u0161echny ty \u017eabomy\u0161\u00ed spory stranou.<\/p>\n<p>A to je kr\u00e1sn\u00e9. [<a href=\"https:\/\/www.facebook.com\/watch\/?v=868795929361882\" target=\"_blank\" rel=\"noopener\">zdroj<\/a>]<\/p>\n<div id=\"arve-iframe-69850804bf1b9524950475\" class=\"arve aligncenter\" data-mode=\"normal\" data-provider=\"iframe\"><span class=\"arve-inner\"><span class=\"arve-embed arve-embed--has-aspect-ratio\"><iframe class=\"arve-iframe fitvidsignore\" src=\"https:\/\/www.facebook.com\/plugins\/video.php?height=314&amp;href=https%3A%2F%2Fwww.facebook.com%2Freel%2F868795929361882%2F&amp;show_text=false&amp;width=560&amp;t=0\" frameborder=\"0\" scrolling=\"no\" allowfullscreen=\"allowfullscreen\" data-arve=\"arve-iframe-69850804bf1b9524950475\" data-src-no-ap=\"https:\/\/www.facebook.com\/plugins\/video.php?height=314&amp;href=https%3A%2F%2Fwww.facebook.com%2Freel%2F868795929361882%2F&amp;show_text=false&amp;width=560&amp;t=0\" data-mce-fragment=\"1\"><\/iframe><\/span><\/span><\/div>\n<h2><strong>V\u0161echno to jede metodou va\u0159en\u00e9 \u017e\u00e1by.<\/strong><\/h2>\n<p>Adam Vojt\u011bch v\u010dera v OVM \u0159ekl jasn\u011b: O\u010dkovac\u00ed strategii m\u011bnit nebudeme. Ani p\u0159ehodnocovat.<\/p>\n<p>Tak\u017ee vid\u00edte, \u017ee jsem nekecala, nov\u00e1 vl\u00e1da jede p\u0159esn\u011b v kolej\u00edch t\u00e9 star\u00e9.<\/p>\n<p>V t\u00e9to souvislosti pot\u0159ebuji upozornit na jednu d\u016fle\u017eitou v\u011bc. Pros\u00edm neple\u0165te to. Oni se na tom toti\u017e velmi to\u010d\u00ed a velmi to zd\u016fraz\u0148uj\u00ed.<\/p>\n<p><strong>O\u010dkovac\u00ed strategie toti\u017e nepo\u010d\u00edt\u00e1 s t\u00edm, \u017ee by jak\u00e9koliv dal\u0161\u00ed o\u010dkov\u00e1n\u00ed bylo povinn\u00e9 ze z\u00e1kona. Neust\u00e1le opakuj\u00ed, \u017ee p\u016fjde jen o nepovinn\u00e9 o\u010dkov\u00e1n\u00ed. A t\u00edm matou ve\u0159ejnost. Proto\u017ee ono sice bude nepovinn\u00e9, ale ta mas\u00edrka, se kterou n\u00e1rodn\u00ed o\u010dkovac\u00ed strategie po\u010d\u00edt\u00e1, tu nep\u016fjde minout.<\/strong><\/p>\n<p>U\u017e te\u010f se d\u011bje to, \u017ee poji\u0161\u0165ovny nab\u00edzej\u00ed v\u00fdhody t\u011bm, kdo nap\u0159\u00edklad chod\u00ed na preventivn\u00ed prohl\u00eddky a takto se postupn\u011b budou rozd\u011blovat dal\u0161\u00ed pacienti. Kdo d\u011bl\u00e1, co se po n\u011bm chce, tedy \u201edb\u00e1 na prevenci\u201c \u2013 a o\u010dkov\u00e1n\u00ed je p\u0159ece nejlep\u0161\u00ed prevence, \u017ee ano \u2013 bude m\u00edt v\u00fdhody, kdo ned\u011bl\u00e1, nebude m\u00edt v\u00fdhody \u2013 a ty n\u016f\u017eky se budou postupn\u011b rozev\u00edrat.\u00a0<strong>Nejd\u0159\u00edv neo\u010dkovan\u00fd nedostane p\u0159\u00edsp\u011bvek na obrou\u010dky na br\u00fdle, pozd\u011bji nedostane l\u00e1zn\u011b a nakonec t\u0159eba nedostane nov\u00fd ky\u010deln\u00ed kloub<\/strong>\u2026<\/p>\n<p>Stejn\u011b tak to pojede u l\u00e9ka\u0159\u016f. U\u017e te\u010f dostali n\u011bme\u010dt\u00ed l\u00e9ka\u0159i limit, kolik mus\u00ed nao\u010dkovat ka\u017ed\u00e9 \u010dtvrtlet\u00ed lid\u00ed. Zat\u00edm je ten limit sm\u011b\u0161n\u011b n\u00edzk\u00fd\u2026. zat\u00edm. Pro\u010d takov\u00fd limit v\u016fbec zav\u00e1d\u011bj\u00ed, kdy\u017e ne proto, aby ho mohli postupn\u011b zvy\u0161ovat?\u00a0<strong>L\u00e9ka\u0159, jeho\u017e platby od poji\u0161\u0165ovny budou z\u00e1viset na to, jak m\u00e1 proo\u010dkova\u00e9 pacienty, samoz\u0159ejm\u011b bude nesmlouvav\u011b tla\u010dit na lidi, aby si vakc\u00ednu nechali p\u00edchnout a on splnil limit<\/strong>\u2026.<\/p>\n<p>V\u0161echno to jede metodou va\u0159en\u00e9 \u017e\u00e1by. Oni maj\u00ed \u010das. Ne\u0159eknou v\u00e1m, \u017ee z\u00edtra budete v\u0161ichni o\u010dkovan\u00ed proti ch\u0159ipce a rozhodn\u011b v\u00e1m nikdo ne\u0159ekne, \u017ee je to povinn\u00e9, ale t\u0159eba m\u016f\u017ee st\u00e1t \u010dasem zam\u011bstnavatel\u016fm, kte\u0159\u00ed budou m\u00edt proo\u010dkovan\u00e9 zam\u011bstnance, nab\u00eddnout n\u011bjakou \u00falevu na dan\u00edch, nebo n\u011bjak\u00fd jin\u00fd benefit. A co ud\u011bl\u00e1 v\u00e1\u0161 zam\u011bstnavatel?\u00a0<strong>Prost\u011b po v\u00e1s bude cht\u00edt, abyste mu dobrovoln\u011b p\u0159inesli potvrzen\u00ed, \u017ee jste o\u010dkovan\u00ed proti ch\u0159ipce a jen takov\u00ed zam\u011bstnanci budou m\u00edt t\u0159eba n\u00e1rok na flexipas. Nebo na slu\u017eebn\u00ed auto nebo whatever\u2026. Prost\u011b soft metody.<\/strong><\/p>\n<p>Jak to bude vypadat ve \u0161kol\u00e1ch se pod\u00edvejte n\u00ed\u017ee\u2026.<\/p>\n<p>Tak\u017ee nedejte na to, \u017ee neust\u00e1le opakuj\u00ed, \u017ee to nebude povinn\u00e9.<\/p>\n<p>No nebude, ale\u00a0<strong>stejn\u011b v\u00e1s dotla\u010d\u00ed<\/strong>. V\u011bd\u00ed jak, maj\u00ed v tom l\u00e9ta praxe.<\/p>\n<p>Jinak Okamura te\u010f na Prim\u011b \u0159ekl, \u017ee NOS se mus\u00ed p\u0159ehodnotit. To je fajn a d\u011bkuji za to, ale stejn\u011b si mysl\u00edm, \u017ee dokud ned\u00e1 povel Babi\u0161, je jedno, co kdo \u0159\u00edk\u00e1. Vojt\u011bch si na ministerstvo natahal lidi bl\u00edzk\u00e9 Aveniru, jako Ma\u010far a ti prost\u011b v\u00ed, kudy m\u00e1 b\u011b\u017eet zaj\u00edc. Zastavit to m\u016f\u017ee jedin\u011b Babi\u0161. A je ot\u00e1zka, jestli chce. [<a href=\"https:\/\/www.facebook.com\/watch\/?v=1695179628485553\" target=\"_blank\" rel=\"noopener\">zdroj<\/a>]<\/p>\n<div id=\"arve-iframe-69850804bfd99400100523\" class=\"arve aligncenter\" data-mode=\"normal\" data-provider=\"iframe\"><span class=\"arve-inner\"><span class=\"arve-embed arve-embed--has-aspect-ratio\"><iframe class=\"arve-iframe fitvidsignore\" src=\"https:\/\/www.facebook.com\/plugins\/video.php?height=314&amp;href=https%3A%2F%2Fwww.facebook.com%2Freel%2F1695179628485553%2F&amp;show_text=false&amp;width=560&amp;t=0\" frameborder=\"0\" scrolling=\"no\" allowfullscreen=\"allowfullscreen\" data-arve=\"arve-iframe-69850804bfd99400100523\" data-src-no-ap=\"https:\/\/www.facebook.com\/plugins\/video.php?height=314&amp;href=https%3A%2F%2Fwww.facebook.com%2Freel%2F1695179628485553%2F&amp;show_text=false&amp;width=560&amp;t=0\" data-mce-fragment=\"1\"><\/iframe><\/span><\/span><\/div>\n<h2><strong>Agresivita vlny ch\u0159ipkov\u00e9 epidemie nesouvis\u00ed s proo\u010dkovanost\u00ed.\u00a0<\/strong><\/h2>\n<p><a href=\"https:\/\/www.nespokojeny.cz\/ockovat-nediskutovat-to-je-nova-narodni-ockovaci-strategie-ministerstva-zdravotnictvi\/\" target=\"_blank\" rel=\"noopener\"><strong>N\u00e1rodn\u00ed o\u010dkovac\u00ed strategie<\/strong><\/a>\u00a0slibuje, \u017ee pokud budou \u010de\u0161t\u00ed zam\u011bstnanci v\u00edce proo\u010dkov\u00e1ni proti ch\u0159ipce, mohlo by to \u010desk\u00e9 ekonomice u\u0161et\u0159it a\u017e 27 miliard korun. Auto\u0159i vych\u00e1zej\u00ed z anal\u00fdzy n\u00e1klad\u016f na nemocn\u00e9 zam\u011bstnance, kterou si nechala zpracovat Hospod\u00e1\u0159sk\u00e1 komora. Jen\u017ee stav\u011bt jak\u00e1koliv v\u00fdchodiska na p\u0159edpokladu, \u017ee lid\u00e9, kte\u0159\u00ed se nechaj\u00ed o\u010dkovat, ch\u0159ipku nedostanou, je\u00a0<strong>manipulace, kterou ministerstvo ohlupuje ve\u0159ejnost<\/strong>.<\/p>\n<p>Po\u0159\u00e1d \u010dek\u00e1m, zda letos v neproo\u010dkovan\u00e9m \u010cesku budou um\u00edrat lid\u00e9 na ch\u0159ipkov\u00e1 onemocn\u011bn\u00ed stejn\u011b jako v p\u0159edchoz\u00edch letech nebo nedej Bo\u017ee jako v mnohem proo\u010dkovan\u011bj\u0161\u00edm Irsku nebo D\u00e1nsku.<\/p>\n<p>Kdy\u017e jde \u0160ebelov\u00e9 o ta data\u2026<\/p>\n<p>M\u011bla by zm\u00ednit, \u017ee\u00a0<strong>dvakr\u00e1t v\u00edce proo\u010dkovan\u00e9 D\u00e1nsko, kter\u00e9 n\u00e1m d\u00e1v\u00e1 za vzor m\u00e1 dvakr\u00e1t hor\u0161\u00ed pr\u016fb\u011bh leto\u0161n\u00ed vlny ch\u0159ipky ne\u017e dvakr\u00e1t m\u00e9n\u011b proo\u010dkovan\u00e9 \u010cesko<\/strong>.<\/p>\n<p>Pokud by se cht\u011bl n\u011bkdo to\u010dit na v\u00fdb\u011brov\u00e9m zkreslen\u00ed, pak ov\u011b\u0159itelnost hypot\u00e9zy: \u201eAgresivita vlny ch\u0159ipkov\u00e9 epidemie nesouvis\u00ed s proo\u010dkovanost\u00ed\u201c, se d\u00e1 reprodukovat na datech z Irska nebo \u0160pan\u011blska.<\/p>\n<p>To je p\u0159esn\u011b ten typ opakovatelnosti, kter\u00fd v\u011bda po\u017eaduje.<\/p>\n<p><a title=\"\" href=\"https:\/\/www.nespokojeny.cz\/wp-content\/uploads\/chripka_uzis_02_2026.jpg\" data-rel=\"lightbox-image-0\" data-magnific_type=\"image\" data-rl_title=\"\" data-rl_caption=\"\"><img decoding=\"async\" loading=\"lazy\" class=\"aligncenter wp-image-64359\" src=\"https:\/\/www.nespokojeny.cz\/wp-content\/uploads\/chripka_uzis_02_2026.jpg\" sizes=\"(max-width: 700px) 100vw, 700px\" srcset=\"https:\/\/www.nespokojeny.cz\/wp-content\/uploads\/chripka_uzis_02_2026.jpg 845w, https:\/\/www.nespokojeny.cz\/wp-content\/uploads\/chripka_uzis_02_2026-300x238.jpg 300w, https:\/\/www.nespokojeny.cz\/wp-content\/uploads\/chripka_uzis_02_2026-450x357.jpg 450w, https:\/\/www.nespokojeny.cz\/wp-content\/uploads\/chripka_uzis_02_2026-150x119.jpg 150w, https:\/\/www.nespokojeny.cz\/wp-content\/uploads\/chripka_uzis_02_2026-768x610.jpg 768w\" alt=\"\" width=\"626\" height=\"497\" \/><\/a><\/p>\n<p>Irsko n\u00e1m tak\u00e9 \u0160ebelov\u00e1 d\u00e1v\u00e1 za vzor.<\/p>\n<p>V Irsku je to nemlich to sam\u00e9, co v D\u00e1nsku a porovn\u00e1n\u00ed s \u010ceskem je tedy stejn\u00e9.<\/p>\n<p>A je\u0161t\u011b \u0160pan\u011blsko? Jako v\u00e1\u017en\u011b?<\/p>\n<p>A\u010dkoliv je \u0160pan\u011blsko st\u00e1tem St\u0159edomo\u0159\u00ed a dalo by se \u010dekat, \u017ee \u010dast\u011bj\u0161\u00ed \u010derven\u00e9 a fialov\u00e9 vlny slune\u010dn\u00edho spektra \u0160pan\u011bl\u016fm poskytuje komparovatelnou v\u00fdhodu, opak je pravdou.<\/p>\n<p><strong>M\u00e1 dokonce 4,5 kr\u00e1t vy\u0161\u0161\u00ed \u00famrtnost na ch\u0159ipku ne\u017e \u010cesko a je dvakr\u00e1t proo\u010dkovan\u011bj\u0161\u00ed<\/strong>, ne\u017e my co v \u017eijeme permanentn\u011b v zim\u011b bez slun\u00ed\u010dka. V prosinci jsme m\u011bli dva slune\u010dn\u00e9 dny a zaznamenali jsme na n\u011bkter\u00fdch stanic\u00edch jen 12 hodin slune\u010dn\u00edho svitu za m\u011bs\u00edc. V Alicante ve \u0160pan\u011blsku to bylo 182 hodin slune\u010dn\u00edho svitu. Pravda \u0160pan\u011blsko nen\u00ed jen p\u0159\u00edmo\u0159sk\u00e9, ale je i p\u0159\u00edmo\u0159sk\u00e9.<\/p>\n<p>\u0160ebelov\u00e1 je trubka, pokud si neum\u00ed jednodu\u0161e opat\u0159it pot\u0159ebn\u00e1 data a kv\u00e1k\u00e1, co j\u00ed slina do zob\u00e1ku p\u0159inese, ale lidem by to m\u011blo doj\u00edt, v\u011bt\u0161inov\u011b to snad trubky nejsou.<\/p>\n<p>Demograficky jsou na tom zem\u011b podobn\u011b, nejmlad\u0161\u00ed populaci m\u00e1 Irsko. [<a href=\"https:\/\/www.facebook.com\/roman.kovarik.90\/posts\/pfbid02muApDsS84rvzNB5qWaEjEVnFyX9U9CTm1HSzruyuA53WeNKNSvwjjAorBzF5eSAhl\" target=\"_blank\" rel=\"noopener\">zdroj<\/a>]<\/p>\n<p><a title=\"\" href=\"https:\/\/www.nespokojeny.cz\/wp-content\/uploads\/zmeny_prosadime_vojtech.jpg\" data-rel=\"lightbox-image-1\" data-magnific_type=\"image\" data-rl_title=\"\" data-rl_caption=\"\"><img decoding=\"async\" loading=\"lazy\" class=\"aligncenter wp-image-64332\" src=\"https:\/\/www.nespokojeny.cz\/wp-content\/uploads\/zmeny_prosadime_vojtech.jpg\" sizes=\"(max-width: 450px) 100vw, 450px\" srcset=\"https:\/\/www.nespokojeny.cz\/wp-content\/uploads\/zmeny_prosadime_vojtech.jpg 828w, https:\/\/www.nespokojeny.cz\/wp-content\/uploads\/zmeny_prosadime_vojtech-255x300.jpg 255w, https:\/\/www.nespokojeny.cz\/wp-content\/uploads\/zmeny_prosadime_vojtech-382x450.jpg 382w, https:\/\/www.nespokojeny.cz\/wp-content\/uploads\/zmeny_prosadime_vojtech-127x150.jpg 127w, https:\/\/www.nespokojeny.cz\/wp-content\/uploads\/zmeny_prosadime_vojtech-768x904.jpg 768w\" alt=\"\" width=\"450\" height=\"530\" \/><\/a><\/p>\n<h2><strong>Jedno veden\u00ed, jedna metodologie, jeden zdroj \u201ev\u011bdeck\u00e9\u201c pravdy.<\/strong><\/h2>\n<p>Zat\u00edmco ve\u0159ejnost \u0159e\u0161\u00ed ono zhmotn\u011bl\u00e9 nic (kauza SMS zavr\u0161en\u00e1 ned\u011bln\u00ed demonstrac\u00ed Milionu chvilek a Petra Kol\u00e1\u0159e), ministr zdravotnictv\u00ed Adam Vojt\u011bch a jeho n\u00e1m\u011bstek Ladislav \u0160vec nen\u00e1padn\u011b p\u0159ipravuj\u00ed revoluci v oblasti ochrany ve\u0159ejn\u00e9ho zdrav\u00ed.<\/p>\n<p>Jde o projekt, kter\u00fd zat\u00edm unik\u00e1 ve\u0159ejnosti, ohledn\u011b n\u011bho\u017e se nevede \u017e\u00e1dn\u00e1 seri\u00f3zn\u00ed odborn\u00e1 diskuse. Kter\u00fd p\u0159itom bude m\u00edt\u00a0<strong>dalekos\u00e1hl\u00e9 d\u016fsledky z hlediska ochrany zdrav\u00ed, ale i ekonomiky a pr\u00e1va<\/strong>.<\/p>\n<p>Jde o obrovsk\u00fd, a p\u0159itom nen\u00e1padn\u00fd, projekt. Kolem n\u011bho\u017e u\u017e krou\u017e\u00ed z\u00e1jemci.<\/p>\n<p>Ani ne p\u0159ed m\u011bs\u00edcem zve\u0159ejnilo MZ seznam nov\u00fdch poradc\u016f. A v n\u011bm rezonuje zejm\u00e9na jedno jm\u00e9no:<\/p>\n<p>\u201edoc.\u00a0<strong><a href=\"https:\/\/www.nespokojeny.cz\/tag\/rastislav-madar\/\" target=\"_blank\" rel=\"noopener\">MUDr. Rastislav Ma\u010far<\/a><\/strong>, PhD., MBA, FRCPS se bude v\u011bnovat epidemiologii a ochran\u011b a podpo\u0159e ve\u0159ejn\u00e9ho zdrav\u00ed.\u201d<\/p>\n<p>Vizi n\u00e1m\u011bstka \u0160vece,\u00a0<strong>podle n\u00ed\u017e m\u00e1me m\u00edt jedin\u00fd zdroj odborn\u00e9 pravdy<\/strong>\u00a0(z\u0159ejm\u011b pod veden\u00edm pana Ma\u010fara), pova\u017euji za v\u00fdsm\u011bch v\u0161em, kdo ned\u00e1vnou omluvu p\u0159edsedy vl\u00e1dy Andreje Babi\u0161e za covidov\u00e9 obdob\u00ed brali v\u00e1\u017en\u011b.\u00a0<strong>Tohle je snad nejtemn\u011bj\u0161\u00ed forma dystopie<\/strong>. Dystopie, na kter\u00e9 se u\u017e re\u00e1ln\u011b pracuje.<\/p>\n<p>Cituji z \u010dl\u00e1nku: \u201cA to je pr\u00e1v\u011b t\u0159eba v\u011bc, kterou bychom r\u00e1di t\u00edm sjednocen\u00edm ochrany ve\u0159ejn\u00e9ho zdrav\u00ed do budoucna eliminovali tak, aby p\u0159\u00ed\u0161t\u00ed krizi \u0159e\u0161il profesion\u00e1ln\u00ed management, profesion\u00e1ln\u00ed instituce s jednou hlavou, s jedn\u00edm veden\u00edm, s jednou metodologi\u00ed. A m\u011bli jsme vlastn\u011b jeden zdroj v\u011bdeck\u00e9 pravdy.\u201d [<a href=\"https:\/\/www.facebook.com\/TomasNielsen22\/posts\/pfbid05fgHsTGjBq78uDpe4Z29A7GgDu8kVuZa2mHpSXwCxn8HtRXdsCs287CNTv7A9MVJl\" target=\"_blank\" rel=\"noopener\">zdroj<\/a>]<\/p>\n<p><span style=\"font-size: 10pt;\"><a href=\"https:\/\/www.nespokojeny.cz\/obcan-do-toho-jak-bude-strategicky-ockovan-nema-co-kecat-babisova-vlada-nemeni-kurz\/\">NESPOKOJEN\u00dd<\/a><\/span><\/p>\n<p>&nbsp;<\/p>\n","protected":false},"excerpt":{"rendered":"<p>Babi\u0161 se sice vymlouv\u00e1, \u017ee za chyby vl\u00e1dy b\u011bhem \u201epandemie\u201c mohou \u0161patn\u00e9 rady odborn\u00edk\u016f, jeho\u00a0ministr&#8230;<\/p>\n","protected":false},"author":2,"featured_media":98897,"comment_status":"closed","ping_status":"closed","sticky":false,"template":"","format":"standard","meta":[],"categories":[6],"tags":[126,213,1505,1894,99],"_links":{"self":[{"href":"https:\/\/www.infokuryr.cz\/n\/wp-json\/wp\/v2\/posts\/98895"}],"collection":[{"href":"https:\/\/www.infokuryr.cz\/n\/wp-json\/wp\/v2\/posts"}],"about":[{"href":"https:\/\/www.infokuryr.cz\/n\/wp-json\/wp\/v2\/types\/post"}],"author":[{"embeddable":true,"href":"https:\/\/www.infokuryr.cz\/n\/wp-json\/wp\/v2\/users\/2"}],"replies":[{"embeddable":true,"href":"https:\/\/www.infokuryr.cz\/n\/wp-json\/wp\/v2\/comments?post=98895"}],"version-history":[{"count":1,"href":"https:\/\/www.infokuryr.cz\/n\/wp-json\/wp\/v2\/posts\/98895\/revisions"}],"predecessor-version":[{"id":98896,"href":"https:\/\/www.infokuryr.cz\/n\/wp-json\/wp\/v2\/posts\/98895\/revisions\/98896"}],"wp:featuredmedia":[{"embeddable":true,"href":"https:\/\/www.infokuryr.cz\/n\/wp-json\/wp\/v2\/media\/98897"}],"wp:attachment":[{"href":"https:\/\/www.infokuryr.cz\/n\/wp-json\/wp\/v2\/media?parent=98895"}],"wp:term":[{"taxonomy":"category","embeddable":true,"href":"https:\/\/www.infokuryr.cz\/n\/wp-json\/wp\/v2\/categories?post=98895"},{"taxonomy":"post_tag","embeddable":true,"href":"https:\/\/www.infokuryr.cz\/n\/wp-json\/wp\/v2\/tags?post=98895"}],"curies":[{"name":"wp","href":"https:\/\/api.w.org\/{rel}","templated":true}]}}