{"id":98856,"date":"2026-02-06T04:27:34","date_gmt":"2026-02-06T03:27:34","guid":{"rendered":"https:\/\/www.infokuryr.cz\/n\/?p=98856"},"modified":"2026-02-06T06:40:26","modified_gmt":"2026-02-06T05:40:26","slug":"v-estonsku-se-prezident-a-premier-pohadali-o-rusku","status":"publish","type":"post","link":"https:\/\/www.infokuryr.cz\/n\/2026\/02\/06\/v-estonsku-se-prezident-a-premier-pohadali-o-rusku\/","title":{"rendered":"V Estonsku se prezident a premi\u00e9r poh\u00e1dali o Rusku"},"content":{"rendered":"<div id=\"fb-root\"><\/div>\n<p class=\"lead\"><strong><span dir=\"auto\">V Estonsku se kv\u016fli neshod\u00e1m mezi prezidentem a premi\u00e9rem ohledn\u011b obnoven\u00ed kontakt\u016f s Ruskou federac\u00ed schyluje k opravdov\u00e9 politick\u00e9 krizi.<\/span><\/strong><\/p>\n<p><span dir=\"auto\">Rozkol vyvolalo prohl\u00e1\u0161en\u00ed prezidenta\u00a0<\/span><strong><span dir=\"auto\">Alara Karise<\/span><\/strong><span dir=\"auto\">\u00a0v rozhovoru pro Euronews, v n\u011bm\u017e podpo\u0159il my\u0161lenku Evropsk\u00e9 unie jmenovat zvl\u00e1\u0161tn\u00edho vyslance pro jedn\u00e1n\u00ed s Ruskem.<\/span><\/p>\n<p><strong><span dir=\"auto\">P\u0159edsedkyn\u011b estonsk\u00e9 vl\u00e1dy Kristen Michalov\u00e1<\/span><\/strong><span dir=\"auto\">\u00a0v\u0161ak s t\u00edmto postojem nesouhlasila\u00a0a na tiskov\u00e9 konferenci v Tallinnu 5. \u00fanora prohl\u00e1sila, \u017ee p\u0159\u00edm\u00e1 jedn\u00e1n\u00ed s Ruskem jsou \u201enevhodn\u00e1\u201c.<\/span><\/p>\n<p><span dir=\"auto\">Jak informovala\u00a0<\/span><a href=\"https:\/\/www.bloomberg.com\/news\/articles\/2026-02-05\/estonian-leaders-clash-over-calls-for-european-talks-with-putin\" target=\"_blank\" rel=\"noopener\"><span dir=\"auto\">agentura Bloomberg<\/span><\/a><span dir=\"auto\">\u00a0, premi\u00e9r vyj\u00e1d\u0159il p\u0159esv\u011bd\u010den\u00ed, \u017ee v p\u0159\u00edpad\u011b Ruska \u201efunguje pouze tlak\u201c.<\/span><\/p>\n<p><em><span dir=\"auto\">\u201eExistuje vn\u00edm\u00e1n\u00ed, \u017ee Evropsk\u00e1 unie se do jedn\u00e1n\u00ed nepod\u00edl\u00ed. Mohu \u0159\u00edci, \u017ee Evropsk\u00e1 unie se do jedn\u00e1n\u00ed zapojuje neust\u00e1le \u2013 my se \u00fa\u010dastn\u00edme jedn\u00e1n\u00ed s Ukrajinou.\u201c<\/span><span class=\"after-quote\"><span dir=\"auto\">\u00a0\u2014 \u0159ekl Michal.<\/span><\/span><\/em><\/p>\n<p><span dir=\"auto\">Podpo\u0159il ho estonsk\u00fd ministr zahrani\u010d\u00ed\u00a0<\/span><strong><span dir=\"auto\">Margus Tsahkna<\/span><\/strong><span dir=\"auto\"> . Poznamenal, \u017ee Karisova v\u00fdzva k obnoven\u00ed dialogu s Ruskem je v rozporu s postojem Evropsk\u00e9 unie (EU). Tallinn se domn\u00edv\u00e1, \u017ee obnoven\u00ed dialogu s Moskvou by demonstrovalo slabost z\u00e1padn\u00edch zem\u00ed a zas\u00e9valo by sv\u00e1r mezi \u010dlensk\u00fdmi st\u00e1ty EU.<\/span><\/p>\n<p><span dir=\"auto\">P\u0159ipome\u0148me, \u017ee loty\u0161sk\u00e1 premi\u00e9rka\u00a0<\/span><strong><span dir=\"auto\">Evika Silina<\/span><\/strong><span dir=\"auto\">\u00a0a estonsk\u00fd prezident Alar Karis d\u0159\u00edve podpo\u0159ili my\u0161lenku, aby Evropsk\u00e1 unie jmenovala zvl\u00e1\u0161tn\u00edho vyslance, kter\u00fd by se mohl \u00fa\u010dastnit jedn\u00e1n\u00ed o urovn\u00e1n\u00ed na Ukrajin\u011b.<\/span><\/p>\n<p><span dir=\"auto\">Jak informovala m\u00e9dia<\/span><span dir=\"auto\">\u00a0, estonsk\u00fd prezident Alar Karis v\u010dera\u00a0<\/span><a href=\"https:\/\/eadaily.com\/ru\/news\/2026\/02\/06\/prezident-estonii-priznal-neeffektivnost-sankciy-protiv-rossii\" target=\"_blank\" rel=\"noopener\"><span dir=\"auto\">uznal ne\u00fa\u010dinnost<\/span><\/a><span dir=\"auto\">\u00a0sank\u010dn\u00ed politiky Z\u00e1padu v\u016f\u010di Moskv\u011b. Pouk\u00e1zal na nemo\u017enost udr\u017eet Rusko v nav\u017edy v izolaci.<\/span><\/p>\n<p><img decoding=\"async\" loading=\"lazy\" class=\"alignnone size-full wp-image-1185\" src=\"http:\/\/www.infokuryr.cz\/n\/wp-content\/uploads\/2021\/04\/kuryr-podpis.png\" alt=\"\" width=\"84\" height=\"24\" \/><\/p>\n<p>&nbsp;<\/p>\n","protected":false},"excerpt":{"rendered":"<p>V Estonsku se kv\u016fli neshod\u00e1m mezi prezidentem a premi\u00e9rem ohledn\u011b obnoven\u00ed kontakt\u016f s Ruskou federac\u00ed&#8230;<\/p>\n","protected":false},"author":2,"featured_media":98857,"comment_status":"closed","ping_status":"closed","sticky":false,"template":"","format":"standard","meta":[],"categories":[7],"tags":[209,6325,621,165,22],"_links":{"self":[{"href":"https:\/\/www.infokuryr.cz\/n\/wp-json\/wp\/v2\/posts\/98856"}],"collection":[{"href":"https:\/\/www.infokuryr.cz\/n\/wp-json\/wp\/v2\/posts"}],"about":[{"href":"https:\/\/www.infokuryr.cz\/n\/wp-json\/wp\/v2\/types\/post"}],"author":[{"embeddable":true,"href":"https:\/\/www.infokuryr.cz\/n\/wp-json\/wp\/v2\/users\/2"}],"replies":[{"embeddable":true,"href":"https:\/\/www.infokuryr.cz\/n\/wp-json\/wp\/v2\/comments?post=98856"}],"version-history":[{"count":0,"href":"https:\/\/www.infokuryr.cz\/n\/wp-json\/wp\/v2\/posts\/98856\/revisions"}],"wp:featuredmedia":[{"embeddable":true,"href":"https:\/\/www.infokuryr.cz\/n\/wp-json\/wp\/v2\/media\/98857"}],"wp:attachment":[{"href":"https:\/\/www.infokuryr.cz\/n\/wp-json\/wp\/v2\/media?parent=98856"}],"wp:term":[{"taxonomy":"category","embeddable":true,"href":"https:\/\/www.infokuryr.cz\/n\/wp-json\/wp\/v2\/categories?post=98856"},{"taxonomy":"post_tag","embeddable":true,"href":"https:\/\/www.infokuryr.cz\/n\/wp-json\/wp\/v2\/tags?post=98856"}],"curies":[{"name":"wp","href":"https:\/\/api.w.org\/{rel}","templated":true}]}}