{"id":98815,"date":"2026-02-06T00:40:08","date_gmt":"2026-02-05T23:40:08","guid":{"rendered":"https:\/\/www.infokuryr.cz\/n\/?p=98815"},"modified":"2026-02-05T18:48:12","modified_gmt":"2026-02-05T17:48:12","slug":"hammer-gang-osm-let-vezeni-pro-maju-t-rozzlobeni-levicaci-si-z-nasili-delaji-povinnost","status":"publish","type":"post","link":"https:\/\/www.infokuryr.cz\/n\/2026\/02\/06\/hammer-gang-osm-let-vezeni-pro-maju-t-rozzlobeni-levicaci-si-z-nasili-delaji-povinnost\/","title":{"rendered":"Hammer Gang: Osm let v\u011bzen\u00ed pro \u201eMaju T.\u201c \u2013 rozzloben\u00ed levi\u010d\u00e1ci si z n\u00e1sil\u00ed d\u011blaj\u00ed povinnost"},"content":{"rendered":"<div id=\"fb-root\"><\/div>\n<p><strong><span dir=\"auto\">Dal\u0161\u00ed rozsudek v Ma\u010farsku t\u00fdkaj\u00edc\u00ed se gangu: Ve st\u0159edu 4. \u00fanora 2026, byl Simeon T. (biologick\u00fd mu\u017e, kter\u00fd se identifikuje jako nebin\u00e1rn\u00ed a vystupuje pod jm\u00e9nem Maja T.) odsouzen k\u00a0 <\/span><a href=\"https:\/\/www.zdfheute.de\/politik\/deutschland\/maja-t-urteil-budapest-100.html\" target=\"_blank\" rel=\"noreferrer noopener\"><span dir=\"auto\">osmi let\u016fm v\u011bzen\u00ed<\/span><\/a><span dir=\"auto\">\u00a0\u00a0. Ob\u017ealoba po\u017eadovala trest a\u017e 24 let. V t\u00e9to souvislosti lze trest za odsouzen\u00ed za t\u011b\u017ek\u00e9 ubl\u00ed\u017een\u00ed na zdrav\u00ed a \u010dlenstv\u00ed ve zlo\u010dineck\u00e9 organizaci (\u201eAntifa East\u201c) st\u00e1le pova\u017eovat za m\u00edrn\u00fd. T.-ovi spolupracovn\u00edci jsou v\u0161ak zu\u0159iv\u00ed.<\/span><\/strong><\/p>\n<p><span dir=\"auto\">Kulisy k tomu byla s\u00e9rie c\u00edlen\u00fdch \u00fatok\u016f v Budape\u0161ti mezi 9. a 11. \u00fanorem 2023: Na p\u011bti r\u016fzn\u00fdch m\u00edstech byli lid\u00e9 brut\u00e1ln\u011b napadeni krajn\u011b levicovou skupinou \u201eHammer Gang\u201c, proto\u017ee si je pachatel\u00e9 spletli s \u00fa\u010dastn\u00edky ka\u017edoro\u010dn\u00edho \u201eDne cti\u201c, a proto je pova\u017eovali za pravicov\u00e9 extremisty. P\u0159ibli\u017en\u011b 20 krajn\u011b levicov\u00fdch extremist\u016f se pro \u00fatoky vyzbrojilo kladivy, obu\u0161ky a pep\u0159ov\u00fdmi spreji. T. byl pravd\u011bpodobn\u011b jedn\u00edm z nich. Dev\u011bt lid\u00ed bylo zran\u011bno, jedna ob\u011b\u0165 utrp\u011bla zlomeninu lebky.<\/span><\/p>\n<p><a href=\"https:\/\/www.spiegel.de\/politik\/news-in-echtzeit-usa-schiessen-iranische-drohne-ab-maskierte-toeten-gaddafis-sohn-hoecke-will-ministerpraesident-werden-a-2228e758-d7df-4725-99b5-e41211baaeab\" target=\"_blank\" rel=\"noreferrer noopener\"><span dir=\"auto\">T. byl zat\u010den v Berl\u00edn\u011b v prosinci 2023<\/span><\/a><span dir=\"auto\">\u00a0\u00a0a v \u010dervnu 2024 vyd\u00e1n do Ma\u010farska. Kr\u00e1tce pot\u00e9 vydal Spolkov\u00fd \u00fastavn\u00ed soud p\u0159edb\u011b\u017en\u00e9 opat\u0159en\u00ed, v n\u011bm\u017e rozhodl, \u017ee vyd\u00e1n\u00ed bylo nez\u00e1konn\u00e9. To T. nepomohlo; soudn\u00ed proces v Ma\u010farsku za\u010dal v \u00fanoru 2025.<\/span><\/p>\n<p><span dir=\"auto\">N\u011bkolik levicov\u00fdch n\u011bmeck\u00fdch politik\u016f nav\u0161t\u00edvilo T. ve v\u011bzen\u00ed a odsoudilo politicky motivovan\u00fd \u201emonstrproces\u201c: n\u00e1sil\u00ed a otev\u0159en\u00fd extremismus byly b\u011b\u017en\u011b prohla\u0161ov\u00e1ny za dobr\u00e9 a spr\u00e1vn\u00e9, proto\u017ee se sami v\u011b\u0159ili, \u017ee jsou na prav\u00e9 (lev\u00e9) stran\u011b. S\u00e1m T. si neust\u00e1le st\u011b\u017eoval na \u0161patn\u00e9 v\u011bze\u0148sk\u00e9 podm\u00ednky, \u010deho\u017e n\u011bmeck\u00fd mainstream vd\u011b\u010dn\u011b vyu\u017e\u00edval a opakovan\u011b je senzacechtiv\u011b zviditel\u0148oval. Vn\u00edman\u00fdm zlem nebylo brut\u00e1ln\u00ed, \u017eivot ohro\u017euj\u00edc\u00ed n\u00e1sil\u00ed levicov\u00fdch extremist\u016f, ale sp\u00ed\u0161e Ma\u010fa\u0159i, kte\u0159\u00ed se je odv\u00e1\u017eili za n\u011bj st\u00edhat. Levicov\u00ed extremist\u00e9 se bou\u0159ili po cel\u00e9m N\u011bmecku a po\u017eadovali T.-ovo propu\u0161t\u011bn\u00ed.<\/span><\/p>\n<p><span dir=\"auto\">I nyn\u00ed, pot\u00e9, co soud v Budape\u0161ti odsoudil T., je brut\u00e1ln\u00ed n\u00e1sil\u00ed p\u00e1chan\u00e9 levic\u00ed nad\u00e1le oslavov\u00e1no politiky a m\u00e9dii. Levicov\u00e1 strana v Durynsku\u00a0<\/span><a href=\"https:\/\/www.berliner-zeitung.de\/news\/maja-t-muss-ins-gefaengnis-reaktionen-und-deutschlandweite-proteste-li.10017585\" target=\"_blank\" rel=\"noreferrer noopener\"><span dir=\"auto\">vym\u00fd\u0161l\u00ed<\/span><\/a><span dir=\"auto\"> \u201eskand\u00e1l\u201c \u2013 tvrd\u00ed, \u017ee jde o p\u0159\u00edpad, \u201ekter\u00fd nem\u011bl b\u00fdt nikdy otev\u0159en\u201c. Stovky antifa\u0161ist\u016f okam\u017eit\u011b protestovaly v n\u011bmeck\u00fdch m\u011bstech a po\u017eadovaly repatriaci T. z Ma\u010farska. M\u00e9dia bagatelizuj\u00ed T.-ovo jedn\u00e1n\u00ed jako pouh\u00e9ho \u201eaktivistu\u201c. Levicov\u00e1 strana v Evropsk\u00e9m parlamentu dokonce pov\u00fd\u0161ila \u00fatok na \u201edemokratickou povinnost\u201c, kdy\u017e T. prezentovala jako hrdinsk\u00e9ho antifa\u0161istu a prohl\u00e1sila: \u201eAntifa\u0161ismus nen\u00ed terorismus, je to demokratick\u00e1 povinnost.\u201c<\/span><\/p>\n<figure class=\"wp-block-embed is-type-rich is-provider-twitter wp-block-embed-twitter\">\n<div class=\"wp-block-embed__wrapper\">\n<div class=\"twitter-tweet twitter-tweet-rendered\"><iframe id=\"twitter-widget-0\" class=\"\" title=\"X P\u0159\u00edsp\u011bvek\" src=\"https:\/\/platform.twitter.com\/embed\/Tweet.html?dnt=true&amp;embedId=twitter-widget-0&amp;features=eyJ0ZndfdGltZWxpbmVfbGlzdCI6eyJidWNrZXQiOltdLCJ2ZXJzaW9uIjpudWxsfSwidGZ3X2ZvbGxvd2VyX2NvdW50X3N1bnNldCI6eyJidWNrZXQiOnRydWUsInZlcnNpb24iOm51bGx9LCJ0ZndfdHdlZXRfZWRpdF9iYWNrZW5kIjp7ImJ1Y2tldCI6Im9uIiwidmVyc2lvbiI6bnVsbH0sInRmd19yZWZzcmNfc2Vzc2lvbiI6eyJidWNrZXQiOiJvbiIsInZlcnNpb24iOm51bGx9LCJ0ZndfZm9zbnJfc29mdF9pbnRlcnZlbnRpb25zX2VuYWJsZWQiOnsiYnVja2V0Ijoib24iLCJ2ZXJzaW9uIjpudWxsfSwidGZ3X21peGVkX21lZGlhXzE1ODk3Ijp7ImJ1Y2tldCI6InRyZWF0bWVudCIsInZlcnNpb24iOm51bGx9LCJ0ZndfZXhwZXJpbWVudHNfY29va2llX2V4cGlyYXRpb24iOnsiYnVja2V0IjoxMjA5NjAwLCJ2ZXJzaW9uIjpudWxsfSwidGZ3X3Nob3dfYmlyZHdhdGNoX3Bpdm90c19lbmFibGVkIjp7ImJ1Y2tldCI6Im9uIiwidmVyc2lvbiI6bnVsbH0sInRmd19kdXBsaWNhdGVfc2NyaWJlc190b19zZXR0aW5ncyI6eyJidWNrZXQiOiJvbiIsInZlcnNpb24iOm51bGx9LCJ0ZndfdXNlX3Byb2ZpbGVfaW1hZ2Vfc2hhcGVfZW5hYmxlZCI6eyJidWNrZXQiOiJvbiIsInZlcnNpb24iOm51bGx9LCJ0ZndfdmlkZW9faGxzX2R5bmFtaWNfbWFuaWZlc3RzXzE1MDgyIjp7ImJ1Y2tldCI6InRydWVfYml0cmF0ZSIsInZlcnNpb24iOm51bGx9LCJ0ZndfbGVnYWN5X3RpbWVsaW5lX3N1bnNldCI6eyJidWNrZXQiOnRydWUsInZlcnNpb24iOm51bGx9LCJ0ZndfdHdlZXRfZWRpdF9mcm9udGVuZCI6eyJidWNrZXQiOiJvbiIsInZlcnNpb24iOm51bGx9fQ%3D%3D&amp;frame=false&amp;hideCard=false&amp;hideThread=false&amp;id=2019109851968991498&amp;lang=cs&amp;origin=https%3A%2F%2Freport24.news%2Fhammerbande-acht-jahre-haft-fuer-maja-t-wuetende-linke-erheben-gewalt-zur-pflicht%2F&amp;sessionId=27524fa1fa3c0ca4bddbe8bca2090a045263d61d&amp;theme=light&amp;widgetsVersion=2615f7e52b7e0%3A1702314776716&amp;width=550px\" frameborder=\"0\" scrolling=\"no\" allowfullscreen=\"allowfullscreen\" data-tweet-id=\"2019109851968991498\" data-mce-fragment=\"1\"><\/iframe><\/div>\n<\/div>\n<\/figure>\n<p><span dir=\"auto\">Jan Karon (z port\u00e1lu Nius)\u00a0<\/span><a href=\"https:\/\/x.com\/jannibal_\/status\/2019223148437336260?s=20\" target=\"_blank\" rel=\"noreferrer noopener\"><span dir=\"auto\">na X uvedl:<\/span><\/a><span dir=\"auto\">\u00a0\u201eKa\u017ed\u00fd, kdo se div\u00ed, jak lze doj\u00edt k z\u00e1v\u011bru, \u017ee \u017eijeme v levicov\u00e9m st\u00e1t\u011b, by se m\u011bl pod\u00edvat na ud\u00e1losti kolem Maji T. Ukazuj\u00ed, jak hluboce je solidarita s levicov\u011b extremistick\u00fdmi strukturami zako\u0159en\u011bna v politice a m\u00e9di\u00edch, a to i v dob\u011b, kdy se osobnosti jako Lars Klingbeil a Saskia Esken (SPD) nebo dolnosask\u00fd \u00da\u0159ad pro ochranu \u00fastavy ozna\u010duj\u00ed za Antifu, zat\u00edmco ob\u011bti \u201ekladivov\u00e9ho gangu\u201c, v\u010detn\u011b lid\u00ed se zlomen\u00fdmi kostmi a zran\u011bn\u00edmi hlavy, jsou zjevn\u011b akceptov\u00e1ny, proto\u017ee \u00fadajn\u011b postihly \u201espr\u00e1vn\u00e9\u201c lidi.\u201c<\/span><\/p>\n<p><span dir=\"auto\">V dob\u00e1ch, kdy je kdokoli s nepohodln\u00fdm n\u00e1zorem rychle ozna\u010den za nacistu nebo pravicov\u00e9ho extremistu, by tato nerovnov\u00e1ha m\u011bla lidi znepokojovat. Z\u00edtra by se sami mohli st\u00e1t ob\u011b\u0165mi levicov\u00fdch terorist\u016f, proto\u017ee se v\u011bdom\u011b \u010di nev\u011bdom\u011b odch\u00fdlili od levicov\u00e9ho sc\u00e9n\u00e1\u0159e \u2013 a proto jsou p\u0159etv\u00e1\u0159eni v pachatele, kte\u0159\u00ed si \u00fadajn\u011b \u201ezaslou\u017e\u00ed\u201c n\u00e1sil\u00ed.<\/span><\/p>\n<p><img decoding=\"async\" loading=\"lazy\" class=\"alignnone size-full wp-image-1185\" src=\"http:\/\/www.infokuryr.cz\/n\/wp-content\/uploads\/2021\/04\/kuryr-podpis.png\" alt=\"\" width=\"84\" height=\"24\" \/><\/p>\n<p>&nbsp;<\/p>\n","protected":false},"excerpt":{"rendered":"<p>Dal\u0161\u00ed rozsudek v Ma\u010farsku t\u00fdkaj\u00edc\u00ed se gangu: Ve st\u0159edu 4. \u00fanora 2026, byl Simeon T&#8230;.<\/p>\n","protected":false},"author":2,"featured_media":98816,"comment_status":"closed","ping_status":"closed","sticky":false,"template":"","format":"standard","meta":[],"categories":[7],"tags":[2804,8181,78,520],"_links":{"self":[{"href":"https:\/\/www.infokuryr.cz\/n\/wp-json\/wp\/v2\/posts\/98815"}],"collection":[{"href":"https:\/\/www.infokuryr.cz\/n\/wp-json\/wp\/v2\/posts"}],"about":[{"href":"https:\/\/www.infokuryr.cz\/n\/wp-json\/wp\/v2\/types\/post"}],"author":[{"embeddable":true,"href":"https:\/\/www.infokuryr.cz\/n\/wp-json\/wp\/v2\/users\/2"}],"replies":[{"embeddable":true,"href":"https:\/\/www.infokuryr.cz\/n\/wp-json\/wp\/v2\/comments?post=98815"}],"version-history":[{"count":0,"href":"https:\/\/www.infokuryr.cz\/n\/wp-json\/wp\/v2\/posts\/98815\/revisions"}],"wp:featuredmedia":[{"embeddable":true,"href":"https:\/\/www.infokuryr.cz\/n\/wp-json\/wp\/v2\/media\/98816"}],"wp:attachment":[{"href":"https:\/\/www.infokuryr.cz\/n\/wp-json\/wp\/v2\/media?parent=98815"}],"wp:term":[{"taxonomy":"category","embeddable":true,"href":"https:\/\/www.infokuryr.cz\/n\/wp-json\/wp\/v2\/categories?post=98815"},{"taxonomy":"post_tag","embeddable":true,"href":"https:\/\/www.infokuryr.cz\/n\/wp-json\/wp\/v2\/tags?post=98815"}],"curies":[{"name":"wp","href":"https:\/\/api.w.org\/{rel}","templated":true}]}}