{"id":98789,"date":"2026-02-06T00:30:33","date_gmt":"2026-02-05T23:30:33","guid":{"rendered":"https:\/\/www.infokuryr.cz\/n\/?p=98789"},"modified":"2026-02-05T17:37:06","modified_gmt":"2026-02-05T16:37:06","slug":"seznamte-se-s-byvalou-modni-blogerkou-a-podezrelym-doktorem-ktery-stoji-za-iranskou-psycho-operaci-30-000-mrtvych","status":"publish","type":"post","link":"https:\/\/www.infokuryr.cz\/n\/2026\/02\/06\/seznamte-se-s-byvalou-modni-blogerkou-a-podezrelym-doktorem-ktery-stoji-za-iranskou-psycho-operaci-30-000-mrtvych\/","title":{"rendered":"Seznamte se s b\u00fdvalou m\u00f3dn\u00ed blogerkou a podez\u0159el\u00fdm doktorem, kter\u00fd stoj\u00ed za \u00edr\u00e1nskou psycho-operac\u00ed \u201e30 000 mrtv\u00fdch\u201c"},"content":{"rendered":"<div id=\"fb-root\"><\/div>\n<div class=\"elementor-element elementor-element-1fb4c2c elementor-widget elementor-widget-theme-post-content\" data-id=\"1fb4c2c\" data-element_type=\"widget\" data-e-type=\"widget\" data-widget_type=\"theme-post-content.default\">\n<div class=\"elementor-widget-container\">\n<p><strong><span dir=\"auto\">Tvrzen\u00ed, \u017ee b\u011bhem dvou dn\u016f protest\u016f a nepokoj\u016f v \u00cdr\u00e1nu \u201ebylo zabito 30 000 lid\u00ed\u201c, se zd\u00e1 b\u00fdt z velk\u00e9 \u010d\u00e1sti zalo\u017eeno na jedin\u00e9m anonymn\u00edm zdroji, kter\u00fd p\u0159iznal, \u017ee toto \u010d\u00edslo extrapoloval na z\u00e1klad\u011b p\u0159edpokladu bez d\u016fkaz\u016f, \u017ee \u201eofici\u00e1ln\u011b zaznamenan\u00e1 \u00famrt\u00ed souvisej\u00edc\u00ed s repres\u00ed pravd\u011bpodobn\u011b p\u0159edstavuj\u00ed m\u00e9n\u011b ne\u017e 10 % skute\u010dn\u00e9ho po\u010dtu ob\u011bt\u00ed\u201c.<\/span><\/strong><\/p>\n<p><span dir=\"auto\">Tento cit\u00e1t den\u00edk The Guardian p\u0159ipsal \u00fadajn\u00e9mu l\u00e9ka\u0159i, jeho\u017e skute\u010dn\u00e9 jm\u00e9no noviny odm\u00edtly zve\u0159ejnit, ale jeho\u017e toto\u017enost \u00fadajn\u011b ov\u011b\u0159ily.<\/span><\/p>\n<p><span dir=\"auto\">Pochybn\u00e9 tvrzen\u00ed o \u201e30 000\u201c \u00famrt\u00edch vzniklo 25. ledna v \u010dasopise TIME a rychle se ho chopil den\u00edk The Guardian, kl\u00ed\u010dov\u00fd hlas v levicov\u011b orientovan\u00e9 lond\u00fdnsk\u00e9 spole\u010dnosti. Evrop\u0161t\u00ed politici se pot\u00e9 chopili po\u010dtu ob\u011bt\u00ed, aby ospravedlnili ozna\u010den\u00ed \u00edr\u00e1nsk\u00fdch revolu\u010dn\u00edch gard za teroristickou organizaci \u2013 v podstat\u011b tak dali zelenou dal\u0161\u00edmu vojensk\u00e9mu \u00fatoku USA a Izraele proti \u00cdr\u00e1nu.<\/span><\/p>\n<p><span dir=\"auto\">Autorkou \u010dl\u00e1nku v Guardianu je b\u00fdval\u00e1 m\u00f3dn\u00ed blogerka Deepa Parent, kter\u00e1 se stala hlavn\u00edm zdrojem propagandy o v\u00e1lce s \u00cdr\u00e1nem pro den\u00edk The Guardian a od n\u00e1siln\u00fdch nepokoj\u016f, kter\u00e9 ot\u0159\u00e1sly zem\u00ed 8. a 9. ledna, napsala pro n\u011bj p\u0159es tucet \u010dl\u00e1nk\u016f, v nich\u017e propagovala narativ o zm\u011bn\u011b re\u017eimu v \u00cdr\u00e1nsk\u00e9 isl\u00e1msk\u00e9 republice.<\/span><\/p>\n<p><span dir=\"auto\">Parent se stala tv\u00e1\u0159\u00ed \u00fatok\u016f den\u00edku Guardian na \u00cdr\u00e1n, p\u0159esto\u017ee zjevn\u011b nem\u00e1 k t\u00e9to zemi \u017e\u00e1dn\u00fd vztah a nemluv\u00ed jej\u00edm jazykem. Per\u0161tina nen\u00ed uvedena mezi \u0161esti jazyky, o kter\u00fdch tvrd\u00ed, \u017ee je dvojjazy\u010dn\u00e1 nebo jimi\u017e se do ur\u010dit\u00e9 m\u00edry domluv\u00ed profesion\u00e1ln\u011b.<\/span><\/p>\n<p><span dir=\"auto\">Ne\u017e kolem roku 2019 p\u0159ijala p\u0159\u00edjmen\u00ed Parent, psala \u00edr\u00e1nsk\u00e1 korespondentka den\u00edku Guardian pod jm\u00e9nem Deepa Kalukuri. Jej\u00ed novin\u00e1\u0159sk\u00e9 p\u0159\u00edsp\u011bvky se z velk\u00e9 \u010d\u00e1sti omezovaly na m\u00f3dn\u00ed recenze v indick\u00fdch m\u00e9di\u00edch. Typick\u00fd \u010dl\u00e1nek, publikovan\u00fd v indick\u00e9m \u010dasopise Just For Women v roce 2016, m\u011bl titulek: \u201eSamantha si klade v\u00e1\u017en\u00e9 m\u00f3dn\u00ed c\u00edle! Pod\u00edvejte se na tohle!\u201c<\/span><\/p>\n<p><span dir=\"auto\">\u201eCo m\u016f\u017ee b\u00fdt lep\u0161\u00edho ne\u017e mal\u00e9 \u010dern\u00e9 \u0161aty na v\u00edkendovou p\u00e1rty? Samantha zkombinovala sv\u00e9 mal\u00e9 \u010dern\u00e9 \u0161aty s t\u011bmito \u00fa\u017easn\u00fdmi jehlov\u00fdmi podpatky! Milujeme to!!! P\u0159ejeme v\u00e1m m\u00f3dn\u00ed v\u00edkend!!!!\u201c<\/span><\/p>\n<p><span dir=\"auto\">Jinde v \u010dl\u00e1nku, kter\u00fd indick\u00fdm hospody\u0148k\u00e1m vysv\u011btloval, \u017ee \u201epochopen\u00ed akci\u00ed nen\u00ed tak slo\u017eit\u00e9, jak se l\u00ed\u010d\u00ed ve zpr\u00e1v\u00e1ch\u201c, vysv\u011btlila, \u017ee investov\u00e1n\u00ed je ve skute\u010dnosti docela jednoduch\u00e9: \u201eJe to jako videohra, jen va\u0161eho obl\u00edben\u00e9ho Batmana nahrad\u00ed burzovn\u00ed makl\u00e9\u0159, kter\u00fd v\u00e1m na konci obchodn\u00ed seance d\u00e1 spr\u00e1vnou investi\u010dn\u00ed radu.\u201c<\/span><\/p>\n<h3 class=\"wp-block-heading has-medium-font-size\"><strong><span dir=\"auto\">Vyd\u00e1no nakladatelstv\u00edm The Guardian, sponzorov\u00e1no spole\u010dnost\u00ed Omidyar<\/span><\/strong><\/h3>\n<p><span dir=\"auto\">Kdy\u017e v z\u00e1\u0159\u00ed 2022 za\u010daly protesty \u201e\u017deny, \u017eivot, svoboda\u201c po smrti mlad\u00e9 \u017eeny v \u00edr\u00e1nsk\u00e9 vazb\u011b, nepravd\u011bpodobn\u00e1 Parent se n\u00e1hle objevila jako kontaktn\u00ed osoba den\u00edku The Guardian pro ob\u010dansk\u00e9 nepokoje v zemi, s n\u00ed\u017e zjevn\u011b nem\u011bla \u017e\u00e1dn\u00e9 profesn\u00ed ani osobn\u00ed zku\u0161enosti.<\/span><\/p>\n<p><span dir=\"auto\">Velk\u00e1 \u010d\u00e1st Parentovy pr\u00e1ce v takzvan\u00e9 sekci \u201ePr\u00e1va a svoboda\u201c den\u00edku The Guardian byla financov\u00e1na nevl\u00e1dn\u00ed organizac\u00ed s n\u00e1zvem Humanity United, kterou zalo\u017eil technologick\u00fd miliard\u00e1\u0159 Pierre Omidyar a jeho man\u017eelka Pam.<\/span><\/p>\n<figure class=\"wp-block-image aligncenter size-large\"><img decoding=\"async\" loading=\"lazy\" class=\"aligncenter\" src=\"https:\/\/i0.wp.com\/thegrayzone.com\/wp-content\/uploads\/2026\/02\/Screenshot-2026-02-01-at-12.31.58-PM.png?resize=1024%2C511&amp;ssl=1\" alt=\"\" width=\"761\" height=\"380\" \/><\/figure>\n<p><span dir=\"auto\">Jak informoval server The Grayzone, Omidyar spolupracuje s americk\u00fdmi zpravodajsk\u00fdmi slu\u017ebami, jako je USAID a National Endowment for Democracy, na podpo\u0159e zm\u011bny re\u017eim\u016f od Ukrajiny po Filip\u00edny a z\u00e1rove\u0148 prosazuje r\u016fzn\u00e1 \u201eopat\u0159en\u00ed proti dezinforma\u010dn\u00edm informac\u00edm\u201c zam\u011b\u0159en\u00e1 na potla\u010den\u00ed syst\u00e9mov\u011b kritick\u00fdch n\u00e1zor\u016f.<\/span><\/p>\n<h3 class=\"wp-block-heading has-medium-font-size\"><strong><span dir=\"auto\">Kan\u00e1l pro aktivisty podporuj\u00edc\u00ed zm\u011bnu re\u017eimu v Teher\u00e1nu<\/span><\/strong><\/h3>\n<p><span dir=\"auto\">Zat\u00edmco n\u00e1sil\u00ed v \u00cdr\u00e1nu nad\u00e1le dominuje titulk\u016fm, Parent prakticky p\u0159iznala, \u017ee jedn\u00e1 jako zprost\u0159edkovatel aktivist\u016f za zm\u011bnu re\u017eimu v \u00cdr\u00e1nu podporovan\u00fdch ze zahrani\u010d\u00ed. 30. ledna na Twitteru\/X ozn\u00e1mila, \u017ee dostala \u201epovolen\u00ed\u201c zve\u0159ejnit zpr\u00e1vu od \u201estudenta\u201c z Teher\u00e1nu, kter\u00fd uvedl: \u201eV\u0161ichni se p\u0159ipravujeme vyj\u00edt do ulic a obsadit kl\u00ed\u010dov\u00e1 centra, jakmile Amerika za\u00fato\u010d\u00ed.\u201c<\/span><\/p>\n<div class=\"twitter-tweet twitter-tweet-rendered\"><iframe id=\"twitter-widget-0\" class=\"\" title=\"X Post\" src=\"https:\/\/platform.twitter.com\/embed\/Tweet.html?dnt=false&amp;embedId=twitter-widget-0&amp;features=eyJ0ZndfdGltZWxpbmVfbGlzdCI6eyJidWNrZXQiOltdLCJ2ZXJzaW9uIjpudWxsfSwidGZ3X2ZvbGxvd2VyX2NvdW50X3N1bnNldCI6eyJidWNrZXQiOnRydWUsInZlcnNpb24iOm51bGx9LCJ0ZndfdHdlZXRfZWRpdF9iYWNrZW5kIjp7ImJ1Y2tldCI6Im9uIiwidmVyc2lvbiI6bnVsbH0sInRmd19yZWZzcmNfc2Vzc2lvbiI6eyJidWNrZXQiOiJvbiIsInZlcnNpb24iOm51bGx9LCJ0ZndfZm9zbnJfc29mdF9pbnRlcnZlbnRpb25zX2VuYWJsZWQiOnsiYnVja2V0Ijoib24iLCJ2ZXJzaW9uIjpudWxsfSwidGZ3X21peGVkX21lZGlhXzE1ODk3Ijp7ImJ1Y2tldCI6InRyZWF0bWVudCIsInZlcnNpb24iOm51bGx9LCJ0ZndfZXhwZXJpbWVudHNfY29va2llX2V4cGlyYXRpb24iOnsiYnVja2V0IjoxMjA5NjAwLCJ2ZXJzaW9uIjpudWxsfSwidGZ3X3Nob3dfYmlyZHdhdGNoX3Bpdm90c19lbmFibGVkIjp7ImJ1Y2tldCI6Im9uIiwidmVyc2lvbiI6bnVsbH0sInRmd19kdXBsaWNhdGVfc2NyaWJlc190b19zZXR0aW5ncyI6eyJidWNrZXQiOiJvbiIsInZlcnNpb24iOm51bGx9LCJ0ZndfdXNlX3Byb2ZpbGVfaW1hZ2Vfc2hhcGVfZW5hYmxlZCI6eyJidWNrZXQiOiJvbiIsInZlcnNpb24iOm51bGx9LCJ0ZndfdmlkZW9faGxzX2R5bmFtaWNfbWFuaWZlc3RzXzE1MDgyIjp7ImJ1Y2tldCI6InRydWVfYml0cmF0ZSIsInZlcnNpb24iOm51bGx9LCJ0ZndfbGVnYWN5X3RpbWVsaW5lX3N1bnNldCI6eyJidWNrZXQiOnRydWUsInZlcnNpb24iOm51bGx9LCJ0ZndfdHdlZXRfZWRpdF9mcm9udGVuZCI6eyJidWNrZXQiOiJvbiIsInZlcnNpb24iOm51bGx9fQ%3D%3D&amp;frame=false&amp;hideCard=false&amp;hideThread=false&amp;id=2017299494216298692&amp;lang=cs&amp;origin=https%3A%2F%2Funcutnews.ch%2Flernen-sie-den-ehemaligen-modeblogger-und-zwielichtigen-arzt-hinter-der-iranischen-psy-op-30-000-tote-kennen%2F&amp;sessionId=2c526da5abe127bc87a4b272f6c89dc1cf64ba2a&amp;theme=light&amp;widgetsVersion=2615f7e52b7e0%3A1702314776716&amp;width=550px\" frameborder=\"0\" scrolling=\"no\" allowfullscreen=\"allowfullscreen\" data-tweet-id=\"2017299494216298692\" data-mce-fragment=\"1\"><\/iframe><\/div>\n<p><em><strong><span dir=\"auto\">P\u0159eklady \u201eX\u201c<\/span><\/strong><span dir=\"auto\">\u00a0: Trumpovy v\u00fdroky se dostaly k protestuj\u00edc\u00edm v \u00cdr\u00e1nu. Domn\u00edvaj\u00ed se, \u017ee \u201em\u00e1 na rukou krev\u201c, proto\u017ee lidem \u0159ekl, \u017ee \u201epomoc je na cest\u011b\u201c. Studenti v Teher\u00e1nu (z jin\u00fdch m\u011bst nejsou \u017e\u00e1dn\u00e9 zpr\u00e1vy) pl\u00e1nuj\u00ed napsat americk\u00e9mu ministerstvu zahrani\u010d\u00ed o tom, jak nezodpov\u011bdn\u00e9 bylo jeho prohl\u00e1\u0161en\u00ed.<\/span><\/em><\/p>\n<p><em><span dir=\"auto\">Trump: \u201eV sou\u010dasn\u00e9 dob\u011b m\u00e1me velkou flotilu na cest\u011b do \u00cdr\u00e1nu.\u201c<\/span><\/em><\/p>\n<p><span dir=\"auto\">V roce 2025, pot\u00e9, co se \u00cdr\u00e1n a Izrael dohodly na p\u0159\u00edm\u011b\u0159\u00ed po 12denn\u00ed v\u00e1lce vyvolan\u00e9 Izraelem, Parent ozn\u00e1mila, \u017ee od jin\u00e9ho, \u200b\u200bnejmenovan\u00e9ho zdroje obdr\u017eela povolen\u00ed zve\u0159ejnit \u201eprvn\u00ed zpr\u00e1vu a reakci\u201c z Teher\u00e1nu. Zdroj litoval konce izraelsk\u00e9 v\u00e1lky proti \u00cdr\u00e1nu: \u201eTohle je to nejhor\u0161\u00ed, co mohou ud\u011blat. Pokud to ud\u011blaj\u00ed, Isl\u00e1msk\u00e1 republika ud\u011bl\u00e1 \u00edr\u00e1nsk\u00e9mu lidu peklo.\u201c<\/span><\/p>\n<div class=\"twitter-tweet twitter-tweet-rendered\"><iframe id=\"twitter-widget-1\" class=\"\" title=\"X Post\" src=\"https:\/\/platform.twitter.com\/embed\/Tweet.html?dnt=false&amp;embedId=twitter-widget-1&amp;features=eyJ0ZndfdGltZWxpbmVfbGlzdCI6eyJidWNrZXQiOltdLCJ2ZXJzaW9uIjpudWxsfSwidGZ3X2ZvbGxvd2VyX2NvdW50X3N1bnNldCI6eyJidWNrZXQiOnRydWUsInZlcnNpb24iOm51bGx9LCJ0ZndfdHdlZXRfZWRpdF9iYWNrZW5kIjp7ImJ1Y2tldCI6Im9uIiwidmVyc2lvbiI6bnVsbH0sInRmd19yZWZzcmNfc2Vzc2lvbiI6eyJidWNrZXQiOiJvbiIsInZlcnNpb24iOm51bGx9LCJ0ZndfZm9zbnJfc29mdF9pbnRlcnZlbnRpb25zX2VuYWJsZWQiOnsiYnVja2V0Ijoib24iLCJ2ZXJzaW9uIjpudWxsfSwidGZ3X21peGVkX21lZGlhXzE1ODk3Ijp7ImJ1Y2tldCI6InRyZWF0bWVudCIsInZlcnNpb24iOm51bGx9LCJ0ZndfZXhwZXJpbWVudHNfY29va2llX2V4cGlyYXRpb24iOnsiYnVja2V0IjoxMjA5NjAwLCJ2ZXJzaW9uIjpudWxsfSwidGZ3X3Nob3dfYmlyZHdhdGNoX3Bpdm90c19lbmFibGVkIjp7ImJ1Y2tldCI6Im9uIiwidmVyc2lvbiI6bnVsbH0sInRmd19kdXBsaWNhdGVfc2NyaWJlc190b19zZXR0aW5ncyI6eyJidWNrZXQiOiJvbiIsInZlcnNpb24iOm51bGx9LCJ0ZndfdXNlX3Byb2ZpbGVfaW1hZ2Vfc2hhcGVfZW5hYmxlZCI6eyJidWNrZXQiOiJvbiIsInZlcnNpb24iOm51bGx9LCJ0ZndfdmlkZW9faGxzX2R5bmFtaWNfbWFuaWZlc3RzXzE1MDgyIjp7ImJ1Y2tldCI6InRydWVfYml0cmF0ZSIsInZlcnNpb24iOm51bGx9LCJ0ZndfbGVnYWN5X3RpbWVsaW5lX3N1bnNldCI6eyJidWNrZXQiOnRydWUsInZlcnNpb24iOm51bGx9LCJ0ZndfdHdlZXRfZWRpdF9mcm9udGVuZCI6eyJidWNrZXQiOiJvbiIsInZlcnNpb24iOm51bGx9fQ%3D%3D&amp;frame=false&amp;hideCard=false&amp;hideThread=false&amp;id=1937295154144051563&amp;lang=cs&amp;origin=https%3A%2F%2Funcutnews.ch%2Flernen-sie-den-ehemaligen-modeblogger-und-zwielichtigen-arzt-hinter-der-iranischen-psy-op-30-000-tote-kennen%2F&amp;sessionId=2c526da5abe127bc87a4b272f6c89dc1cf64ba2a&amp;theme=light&amp;widgetsVersion=2615f7e52b7e0%3A1702314776716&amp;width=550px\" frameborder=\"0\" scrolling=\"no\" allowfullscreen=\"allowfullscreen\" data-tweet-id=\"1937295154144051563\" data-mce-fragment=\"1\"><\/iframe><\/div>\n<p><em><strong><span dir=\"auto\">P\u0159eklad od \u201eX\u201c<\/span><\/strong><span dir=\"auto\">\u00a0: V Teher\u00e1nu jsou 3:10 r\u00e1no a toto je prvn\u00ed zpr\u00e1va a reakce z hlavn\u00edho m\u011bsta, kterou jsem obdr\u017eel p\u0159es Telegram v reakci na Trumpovo ozn\u00e1men\u00ed o p\u0159\u00edm\u011b\u0159\u00ed mezi Izraelem a \u00cdr\u00e1nem. Sd\u00edleno s laskav\u00fdm svolen\u00edm.<\/span><\/em><\/p>\n<h3 class=\"wp-block-heading has-medium-font-size\"><strong><span dir=\"auto\">\u201eNemus\u00edme nikoho p\u0159esv\u011bd\u010dovat\u201c skute\u010dn\u00fdmi d\u016fkazy<\/span><\/strong><\/h3>\n<p><span dir=\"auto\">Kdy\u017e kriti\u010dt\u00ed pozorovatel\u00e9 za\u010dali m\u00edt podez\u0159en\u00ed, \u017ee \u010d\u00edslo 30 000 \u00famrt\u00ed je pravd\u011bpodobn\u011b p\u0159ehnan\u00e9, Parent na soci\u00e1ln\u00edch s\u00edt\u00edch vysv\u011btlila, \u017ee jako novin\u00e1\u0159ka nen\u00ed povinna dokazovat tvrzen\u00ed, kter\u00e1 zve\u0159ejnila. Jedin\u00e9, na \u010dem podle n\u00ed z\u00e1le\u017e\u00ed, je, aby \u201eti, kte\u0159\u00ed rozhoduj\u00ed\u201c, byli donutini k akci.<\/span><\/p>\n<p><span dir=\"auto\">\u201eNemus\u00edme nikoho p\u0159esv\u011bd\u010dovat o masakru, kter\u00fd \u00cdr\u00e1nsk\u00e1 isl\u00e1msk\u00e1 republika sp\u00e1chala na nevinn\u00fdch civilistech,\u201c napsala, proto\u017ee \u201eti, kte\u0159\u00ed rozhoduj\u00ed, nevid\u00ed tweety od troll\u016f, vid\u00ed ov\u011b\u0159en\u00e9 \u00fa\u010dty a zpr\u00e1vy.\u201c<\/span><\/p>\n<div class=\"twitter-tweet twitter-tweet-rendered\"><iframe id=\"twitter-widget-2\" class=\"\" title=\"X Post\" src=\"https:\/\/platform.twitter.com\/embed\/Tweet.html?dnt=false&amp;embedId=twitter-widget-2&amp;features=eyJ0ZndfdGltZWxpbmVfbGlzdCI6eyJidWNrZXQiOltdLCJ2ZXJzaW9uIjpudWxsfSwidGZ3X2ZvbGxvd2VyX2NvdW50X3N1bnNldCI6eyJidWNrZXQiOnRydWUsInZlcnNpb24iOm51bGx9LCJ0ZndfdHdlZXRfZWRpdF9iYWNrZW5kIjp7ImJ1Y2tldCI6Im9uIiwidmVyc2lvbiI6bnVsbH0sInRmd19yZWZzcmNfc2Vzc2lvbiI6eyJidWNrZXQiOiJvbiIsInZlcnNpb24iOm51bGx9LCJ0ZndfZm9zbnJfc29mdF9pbnRlcnZlbnRpb25zX2VuYWJsZWQiOnsiYnVja2V0Ijoib24iLCJ2ZXJzaW9uIjpudWxsfSwidGZ3X21peGVkX21lZGlhXzE1ODk3Ijp7ImJ1Y2tldCI6InRyZWF0bWVudCIsInZlcnNpb24iOm51bGx9LCJ0ZndfZXhwZXJpbWVudHNfY29va2llX2V4cGlyYXRpb24iOnsiYnVja2V0IjoxMjA5NjAwLCJ2ZXJzaW9uIjpudWxsfSwidGZ3X3Nob3dfYmlyZHdhdGNoX3Bpdm90c19lbmFibGVkIjp7ImJ1Y2tldCI6Im9uIiwidmVyc2lvbiI6bnVsbH0sInRmd19kdXBsaWNhdGVfc2NyaWJlc190b19zZXR0aW5ncyI6eyJidWNrZXQiOiJvbiIsInZlcnNpb24iOm51bGx9LCJ0ZndfdXNlX3Byb2ZpbGVfaW1hZ2Vfc2hhcGVfZW5hYmxlZCI6eyJidWNrZXQiOiJvbiIsInZlcnNpb24iOm51bGx9LCJ0ZndfdmlkZW9faGxzX2R5bmFtaWNfbWFuaWZlc3RzXzE1MDgyIjp7ImJ1Y2tldCI6InRydWVfYml0cmF0ZSIsInZlcnNpb24iOm51bGx9LCJ0ZndfbGVnYWN5X3RpbWVsaW5lX3N1bnNldCI6eyJidWNrZXQiOnRydWUsInZlcnNpb24iOm51bGx9LCJ0ZndfdHdlZXRfZWRpdF9mcm9udGVuZCI6eyJidWNrZXQiOiJvbiIsInZlcnNpb24iOm51bGx9fQ%3D%3D&amp;frame=false&amp;hideCard=false&amp;hideThread=false&amp;id=2015573675911602625&amp;lang=cs&amp;origin=https%3A%2F%2Funcutnews.ch%2Flernen-sie-den-ehemaligen-modeblogger-und-zwielichtigen-arzt-hinter-der-iranischen-psy-op-30-000-tote-kennen%2F&amp;sessionId=2c526da5abe127bc87a4b272f6c89dc1cf64ba2a&amp;theme=light&amp;widgetsVersion=2615f7e52b7e0%3A1702314776716&amp;width=550px\" frameborder=\"0\" scrolling=\"no\" allowfullscreen=\"allowfullscreen\" data-tweet-id=\"2015573675911602625\" data-mce-fragment=\"1\"><\/iframe><\/div>\n<p><em><strong><span dir=\"auto\">P\u0159eklady \u201eX\u201c<\/span><\/strong><span dir=\"auto\">\u00a0: Nemus\u00edme nikoho p\u0159esv\u011bd\u010dovat o masakru, kter\u00fd \u00cdr\u00e1nsk\u00e1 strana sp\u00e1chala na nevinn\u00fdch civilistech. V m\u00fdch p\u0159\u00edm\u00fdch zpr\u00e1v\u00e1ch a odpov\u011bd\u00edch m\u00e1m trolly. Ignorujte je a nev\u011bnujte jim pozornost. Osoby s rozhodovac\u00ed pravomoc\u00ed nevid\u00ed tweety od troll\u016f, vid\u00ed ov\u011b\u0159en\u00e9 \u00fa\u010dty a zpr\u00e1vy.<\/span><\/em><\/p>\n<p><em><span dir=\"auto\">Pokud by n\u011bkdo cht\u011bl nesouhlasit!!! Existuje p\u0159\u00edli\u0161 mnoho zdokumentovan\u00fdch a ov\u011b\u0159en\u00fdch d\u016fkaz\u016f, \u017ee jedin\u00e9, co LIDSTVO je\u0161t\u011b m\u016f\u017ee ud\u011blat, je st\u00e1t p\u0159i \u00edr\u00e1nsk\u00e9m lidu, kter\u00fd je t\u00edmto re\u017eimem dr\u017een jako rukojm\u00ed ji\u017e 47 krvav\u00fdch let!!<\/span><\/em><\/p>\n<p><span dir=\"auto\">Matka den\u00edku The Guardian proto p\u0159iznala, \u017ee jej\u00ed publikace m\u011bla za c\u00edl manipulovat z\u00e1padn\u00ed vl\u00e1dn\u00ed \u00fa\u0159edn\u00edky, sp\u00ed\u0161e ne\u017e informovat lidi, kte\u0159\u00ed je vol\u00ed.<\/span><\/p>\n<p><span dir=\"auto\">Jen o den pozd\u011bji si v\u0161ak Parent z\u0159ejm\u011b rozmyslela a p\u0159edstavila \u201eanonymn\u00edho l\u00e9ka\u0159e\u201c, kter\u00fd podle n\u00ed toto \u010d\u00edslo potvrdil. Tato osoba, kterou Parent ozna\u010dovala pseudonymem \u201eDr. Ahmadi\u201c, podle n\u00ed n\u011bjak\u00fdm zp\u016fsobem \u201evybudovala s\u00ed\u0165 v\u00edce ne\u017e 80 zdravotnick\u00fdch pracovn\u00edk\u016f ve 12 z 31 \u00edr\u00e1nsk\u00fdch provinci\u00ed, aby si vym\u011b\u0148ovali pozorov\u00e1n\u00ed a data\u201c. A hle, \u010d\u00edslo vypo\u010d\u00edtan\u00e9 touto nepr\u016fhlednou s\u00edt\u00ed dokonale odpov\u00eddalo odhadu \u00edr\u00e1nsk\u00e9ho monarchisty v N\u011bmecku, kter\u00fd byl jedin\u00fdm zdrojem \u010d\u00edsla 30 000 mrtv\u00fdch.<\/span><\/p>\n<h3 class=\"wp-block-heading has-medium-font-size\"><strong><span dir=\"auto\">\u201eVelk\u00e1 le\u017e\u201c<\/span><\/strong><\/h3>\n<p><span dir=\"auto\">Od doby, kdy \u010dasopis TIME 25. ledna zve\u0159ejnil \u010dl\u00e1nek, v n\u011bm\u017e bez jak\u00fdchkoli jasn\u00fdch d\u016fkaz\u016f tvrdil, \u017ee \u00cdr\u00e1n zabil b\u011bhem dvou dn\u016f 30 000 protestuj\u00edc\u00edch, se toto \u010d\u00edslo stalo dogmatem mezi aktivisty za zm\u011bnu re\u017eimu a jejich novin\u00e1\u0159sk\u00fdmi podporovateli. \u010cl\u00e1nek v TIME, napsan\u00fd ve spolupr\u00e1ci s Kayem Arminem Serjoiem, persky mluv\u00edc\u00edm p\u0159isp\u011bvatelem do den\u00edku The Times of Israel, rezonoval v mainstreamov\u00fdch m\u00e9di\u00edch s pochybn\u00fdmi \u00fadaji. TIME tvrdil, \u017ee toto \u010d\u00edslo z\u00edskal od \u201edvou vysok\u00fdch \u00fa\u0159edn\u00edk\u016f [\u00edr\u00e1nsk\u00e9ho] ministerstva zdravotnictv\u00ed\u201c.<\/span><\/p>\n<p><span dir=\"auto\">A\u010dkoli \u010dasopis p\u0159ipustil, \u017ee \u010d\u00edslo nem\u016f\u017ee ov\u011b\u0159it, TIME tvrdil, \u017ee po\u010det ob\u011bt\u00ed potvrdil t\u00edm, \u017ee trval na tom, \u017ee je \u201ezhruba v souladu\u201c s po\u010dtem sestaven\u00fdm n\u011bmeck\u00fdm o\u010dn\u00edm chirurgem Amirem Parastou.<\/span><\/p>\n<p><span dir=\"auto\">TIME v\u0161ak sv\u00e9 \u010dten\u00e1\u0159e neinformoval o tom, \u017ee Amir Parasta byl beznad\u011bjn\u011b kompromitovan\u00fd zdroj. Parasta je ve skute\u010dnosti bl\u00edzk\u00fdm d\u016fv\u011brn\u00edkem a lobbistou samozvan\u00e9ho \u201ekorunn\u00edho prince\u201c Rezy Pahlav\u00edho \u2013 syna svr\u017een\u00e9ho \u00edr\u00e1nsk\u00e9ho \u0161\u00e1ha. Pahlav\u00ed, kter\u00fd \u017eije v Potomacu v Marylandu, v lednu leto\u0161n\u00edho roku vyzval \u00cdr\u00e1nce k pou\u017eit\u00ed n\u00e1sil\u00ed ve sv\u00e9 zemi. Kdy\u017e tato kampa\u0148 selhala, hlasit\u011b po\u017eadoval, aby \u201ev\u0161ichni\u201c zah\u00e1jili vojensk\u00fd \u00fatok na zemi, kterou jako mal\u00fd chlapec opustil s miliony dolar\u016f ukraden\u00e9ho majetku.<\/span><\/p>\n<p><span dir=\"auto\">Parasta otev\u0159en\u011b vystupuje jako poradce NUFDI, nejv\u00fdznamn\u011bj\u0161\u00ed lobbistick\u00e9 skupiny se s\u00eddlem v USA, kter\u00e1 usiluje o realizaci Pahlav\u00edho snu o znovuustaven\u00ed sebe a sv\u00e9 rodiny jako \u00edr\u00e1nsk\u00fdch panovn\u00edk\u016f.<\/span><\/p>\n<div class=\"twitter-tweet twitter-tweet-rendered\"><iframe id=\"twitter-widget-3\" class=\"\" title=\"X Post\" src=\"https:\/\/platform.twitter.com\/embed\/Tweet.html?dnt=false&amp;embedId=twitter-widget-3&amp;features=eyJ0ZndfdGltZWxpbmVfbGlzdCI6eyJidWNrZXQiOltdLCJ2ZXJzaW9uIjpudWxsfSwidGZ3X2ZvbGxvd2VyX2NvdW50X3N1bnNldCI6eyJidWNrZXQiOnRydWUsInZlcnNpb24iOm51bGx9LCJ0ZndfdHdlZXRfZWRpdF9iYWNrZW5kIjp7ImJ1Y2tldCI6Im9uIiwidmVyc2lvbiI6bnVsbH0sInRmd19yZWZzcmNfc2Vzc2lvbiI6eyJidWNrZXQiOiJvbiIsInZlcnNpb24iOm51bGx9LCJ0ZndfZm9zbnJfc29mdF9pbnRlcnZlbnRpb25zX2VuYWJsZWQiOnsiYnVja2V0Ijoib24iLCJ2ZXJzaW9uIjpudWxsfSwidGZ3X21peGVkX21lZGlhXzE1ODk3Ijp7ImJ1Y2tldCI6InRyZWF0bWVudCIsInZlcnNpb24iOm51bGx9LCJ0ZndfZXhwZXJpbWVudHNfY29va2llX2V4cGlyYXRpb24iOnsiYnVja2V0IjoxMjA5NjAwLCJ2ZXJzaW9uIjpudWxsfSwidGZ3X3Nob3dfYmlyZHdhdGNoX3Bpdm90c19lbmFibGVkIjp7ImJ1Y2tldCI6Im9uIiwidmVyc2lvbiI6bnVsbH0sInRmd19kdXBsaWNhdGVfc2NyaWJlc190b19zZXR0aW5ncyI6eyJidWNrZXQiOiJvbiIsInZlcnNpb24iOm51bGx9LCJ0ZndfdXNlX3Byb2ZpbGVfaW1hZ2Vfc2hhcGVfZW5hYmxlZCI6eyJidWNrZXQiOiJvbiIsInZlcnNpb24iOm51bGx9LCJ0ZndfdmlkZW9faGxzX2R5bmFtaWNfbWFuaWZlc3RzXzE1MDgyIjp7ImJ1Y2tldCI6InRydWVfYml0cmF0ZSIsInZlcnNpb24iOm51bGx9LCJ0ZndfbGVnYWN5X3RpbWVsaW5lX3N1bnNldCI6eyJidWNrZXQiOnRydWUsInZlcnNpb24iOm51bGx9LCJ0ZndfdHdlZXRfZWRpdF9mcm9udGVuZCI6eyJidWNrZXQiOiJvbiIsInZlcnNpb24iOm51bGx9fQ%3D%3D&amp;frame=false&amp;hideCard=false&amp;hideThread=false&amp;id=2013057127967854671&amp;lang=cs&amp;origin=https%3A%2F%2Funcutnews.ch%2Flernen-sie-den-ehemaligen-modeblogger-und-zwielichtigen-arzt-hinter-der-iranischen-psy-op-30-000-tote-kennen%2F&amp;sessionId=2c526da5abe127bc87a4b272f6c89dc1cf64ba2a&amp;theme=light&amp;widgetsVersion=2615f7e52b7e0%3A1702314776716&amp;width=550px\" frameborder=\"0\" scrolling=\"no\" allowfullscreen=\"allowfullscreen\" data-tweet-id=\"2013057127967854671\" data-mce-fragment=\"1\"><\/iframe><\/div>\n<p><em><strong><span dir=\"auto\">P\u0159eklady \u201eX\u201c<\/span><\/strong><span dir=\"auto\">\u00a0: Tuto neexistuj\u00edc\u00ed \u201ezpr\u00e1vu\u201c obsahuj\u00edc\u00ed zjevn\u011b zfal\u0161ovan\u00e9 statistiky britsk\u00fdm m\u00e9di\u00edm p\u0159edlo\u017eil Dr. Amir Parasta, n\u011bmeck\u00fd monarchistick\u00fd lobbista a bl\u00edzk\u00fd d\u016fv\u011brn\u00edk \u201ekorunn\u00edho prince\u201c Rezy Pahlav\u00edho. Parasta, jedin\u00fd l\u00e9ka\u0159 zm\u00edn\u011bn\u00fd v \u010dl\u00e1nku, je vid\u011bt vpravo.<\/span><\/em><\/p>\n<p><em><span dir=\"auto\">\u00cdr\u00e1n p\u0159i brut\u00e1ln\u00edch z\u00e1sahech zabil 16 500 protestuj\u00edc\u00edch a v\u00edce ne\u017e 300 000 zranil, uv\u00e1d\u00ed zpr\u00e1va \u2013 re\u017eim je obvi\u0148ov\u00e1n z \u201egenocidy pod rou\u0161kou digit\u00e1ln\u00ed temnoty\u201c. https:\/\/trib.al\/r5rQjKf<\/span><\/em><\/p>\n<p><span dir=\"auto\">\u00cdr\u00e1nsk\u00e1 vl\u00e1da zase \u010d\u00edslo 30 000 odm\u00edtla jako \u201evelkou le\u017e v Hitlerov\u011b stylu\u201c a vykreslila zobrazen\u00ed \u201emasov\u00e9 vra\u017edy\u201c v \u00cdr\u00e1nu jako sou\u010d\u00e1st kampan\u011b veden\u00e9 USA a Izraelem na z\u00edsk\u00e1n\u00ed podpory pro zm\u011bnu re\u017eimu.<\/span><\/p>\n<p><span dir=\"auto\">Ve velk\u00e9 \u010d\u00e1sti z\u00e1padn\u00edho sv\u011bta se zd\u00e1, \u017ee \u201evelk\u00e1 le\u017e\u201c funguje tak, jak m\u011bla. 28. ledna, kdy\u017e mainstreamov\u00e1 m\u00e9dia sv\u011bdomit\u011b \u0161\u00ed\u0159ila \u00fadajn\u00fd masivn\u00ed nov\u00fd po\u010det ob\u011bt\u00ed, jeden evropsk\u00fd zdroj informoval, \u017ee byl informov\u00e1n, \u017ee revidovan\u00fd po\u010det ob\u011bt\u00ed je dostate\u010dn\u00fd k tomu, aby p\u0159esv\u011bd\u010dil It\u00e1lii a \u0160pan\u011blsko, aby kone\u010dn\u011b uvalily sankce na \u00edr\u00e1nsk\u00e9 IRGC.<\/span><\/p>\n<p><span dir=\"auto\">\u201eBrutalita toho, \u010deho jsme sv\u011bdky, p\u0159im\u011bla ministry a hlavn\u00ed m\u011bsta k p\u0159ehodnocen\u00ed sv\u00fdch postoj\u016f,\u201c \u0159ekl serveru Euro News anonymn\u00ed vysoce postaven\u00fd evropsk\u00fd diplomat.<\/span><\/p>\n<p><span dir=\"auto\">\u00da\u0159edn\u00edk popsal rozhodnut\u00ed It\u00e1lie a \u0160pan\u011blska \u2013 posledn\u00ed dv\u011b v\u00fdznamn\u00e1 odm\u00edtnut\u00ed uvalit sankce EU na IRGC \u2013 jako \u201ed\u016fle\u017eit\u00fd sign\u00e1l \u00edr\u00e1nsk\u00e9 vl\u00e1d\u011b a vyj\u00e1d\u0159en\u00ed podpory \u00edr\u00e1nsk\u00e9 diaspo\u0159e\u201c, kter\u00e1, jak poznamenal diplomat, \u201eto ji\u017e dlouho po\u017eaduje\u201c.<\/span><\/p>\n<p><span dir=\"auto\">Jak uvedl server The Grayzone, mainstreamov\u00e1 m\u00e9dia se p\u0159i informov\u00e1n\u00ed o st\u00e1le rostouc\u00edm po\u010dtu ob\u011bt\u00ed, kter\u00e9 p\u0159ipisuj\u00ed Teher\u00e1nu, spol\u00e9haj\u00ed t\u00e9m\u011b\u0159 v\u00fdhradn\u011b na \u00edr\u00e1nsk\u00e9 diasporn\u00ed skupiny \u00fazce napojen\u00e9 na americkou vl\u00e1du.<\/span><\/p>\n<p><span dir=\"auto\">Parent nebyl v\u00fdjimkou a \u010dasto citoval jednu z organizac\u00ed, o kter\u00fdch informoval The Grayzone, je\u017e p\u016fsob\u00ed pod n\u00e1zvem \u201eAktivist\u00e9 za lidsk\u00e1 pr\u00e1va v \u00cdr\u00e1nu\u201c. Tato skupina dost\u00e1v\u00e1 zna\u010dn\u00e9 finan\u010dn\u00ed prost\u0159edky od N\u00e1rodn\u00ed nadace pro demokracii, dce\u0159in\u00e9 spole\u010dnosti CIA zalo\u017een\u00e9 za Reaganovy administrativy, aby distancovala tajn\u00e9 snahy Washingtonu o zm\u011bnu re\u017eimu od zdiskreditovan\u00fdch americk\u00fdch zpravodajsk\u00fdch slu\u017eeb.<\/span><\/p>\n<h3 class=\"wp-block-heading has-medium-font-size\"><strong><span dir=\"auto\">Mate\u0159sk\u00e1 spole\u010dnost den\u00edku The Guardian se spol\u00e9h\u00e1 na \u201eov\u011b\u0159ova\u010de fakt\u016f\u201c financovan\u00e9ho ministerstvem zahrani\u010d\u00ed.<\/span><\/strong><\/h3>\n<p><span dir=\"auto\">Parent se p\u0159i sv\u00e9m tvrzen\u00ed, \u017ee \u00cdr\u00e1n b\u011bhem lednov\u00fdch nepokoj\u016f zabil \u201e30 000\u201c ob\u010dan\u016f, odvol\u00e1vala na podobn\u00fd zdroj, kdy\u017e tvrdila, \u017ee den\u00edk The Guardian z\u00edskal fotografie ukazuj\u00edc\u00ed \u201et\u011bla se st\u0159eln\u00fdmi zran\u011bn\u00edmi zbl\u00edzka na hlav\u011b, jak jsou p\u0159ev\u00e1\u017eena z nemocni\u010dn\u00edch m\u00e1rnic, zat\u00edmco jsou st\u00e1le p\u0159ipojena ke katetr\u016fm, v\u00fd\u017eivov\u00fdm sond\u00e1m nebo endotrache\u00e1ln\u00edm trubic\u00edm\u201c. A\u010dkoli Parent otev\u0159en\u011b p\u0159iznala, \u017ee The Guardian \u201efotografie nez\u00e1visle neov\u011b\u0159il\u201c, nicm\u00e9n\u011b tvrdila, \u017ee je \u201eov\u011b\u0159ila \u00edr\u00e1nsk\u00e1 organizace pro ov\u011b\u0159ov\u00e1n\u00ed fakt\u016f\u201c s n\u00e1zvem \u201eFactnameh\u201c.<\/span><\/p>\n<p><span dir=\"auto\">Podle vlastn\u00edch prohl\u00e1\u0161en\u00ed Factnameh nen\u00ed \u00edr\u00e1nskou organizac\u00ed. Na sv\u00fdch webov\u00fdch str\u00e1nk\u00e1ch se Factnameh popisuje jako dce\u0159in\u00e1 spole\u010dnost \u201eASL19, soukrom\u00e9 spole\u010dnosti se s\u00eddlem v kanadsk\u00e9m Torontu\u201c.<\/span><\/p>\n<p><span dir=\"auto\">Je\u0161t\u011b d\u016fle\u017eit\u011bj\u0161\u00ed je, \u017ee Factnameh nen\u00ed skute\u010dn\u011b neutr\u00e1ln\u00ed organizac\u00ed pro ov\u011b\u0159ov\u00e1n\u00ed fakt\u016f, ale sp\u00ed\u0161e dal\u0161\u00edm uzlem v rozs\u00e1hl\u00e9 s\u00edti americk\u00fdch vl\u00e1dn\u00edch agentur, jejich\u017e c\u00edlem je svrhnout vl\u00e1du v \u00cdr\u00e1nu. Ve\u0159ejn\u00e9 z\u00e1znamy ukazuj\u00ed, \u017ee Factnameh jen v letech 2022 a\u017e 2023 obdr\u017eela od americk\u00e9ho ministerstva zahrani\u010d\u00ed t\u00e9m\u011b\u0159 2,9 milionu dolar\u016f.<\/span><\/p>\n<p><span dir=\"auto\">Zat\u00edmco Parent skr\u00fdv\u00e1 svou podporu zm\u011bny re\u017eimu za reputac\u00ed den\u00edku The Guardian, na soci\u00e1ln\u00edch s\u00edt\u00edch je ohledn\u011b sv\u00fdch n\u00e1zor\u016f m\u00e9n\u011b zdr\u017eenliv\u00e1. Na ot\u00e1zku na Twitteru\/X, zda si \u00cdr\u00e1nci, kte\u0159\u00ed nesouhlas\u00ed s jejich vl\u00e1dou, skute\u010dn\u011b p\u0159ej\u00ed b\u00fdt bombardov\u00e1ni Izraelem, odpov\u011bd\u011bla: \u201eD\u00e1vaj\u00ed p\u0159ednost svobod\u011b od Isl\u00e1msk\u00e9 republiky a u\u017e byli zabiti silami re\u017eimu.\u201c<\/span><\/p>\n<p><strong><em><span dir=\"auto\">Od Wyatta Reeda, Maxe Blumenthala<\/span><\/em><\/strong><\/p>\n<\/div>\n<\/div>\n<div class=\"elementor-element elementor-element-8c57238 quelle dc-has-condition dc-condition-empty elementor-widget elementor-widget-heading\" data-id=\"8c57238\" data-element_type=\"widget\" data-e-type=\"widget\" data-widget_type=\"heading.default\">\n<div class=\"elementor-widget-container\">\n<h3 class=\"elementor-heading-title elementor-size-default\"><span style=\"font-size: 10pt;\"><a href=\"https:\/\/ronpaulinstitute.org\/meet-the-former-fashion-blogger-and-shady-doctor-behind-the-30000-dead-iran-psy-op\/\" target=\"_blank\" rel=\"nofollow noopener\"><span dir=\"auto\">Zdroj<\/span><\/a><\/span><\/h3>\n<p>&nbsp;<\/p>\n<\/div>\n<\/div>\n","protected":false},"excerpt":{"rendered":"<p>Tvrzen\u00ed, \u017ee b\u011bhem dvou dn\u016f protest\u016f a nepokoj\u016f v \u00cdr\u00e1nu \u201ebylo zabito 30 000 lid\u00ed\u201c,&#8230;<\/p>\n","protected":false},"author":2,"featured_media":98790,"comment_status":"closed","ping_status":"closed","sticky":false,"template":"","format":"standard","meta":[],"categories":[7],"tags":[1042,28,38,851,95],"_links":{"self":[{"href":"https:\/\/www.infokuryr.cz\/n\/wp-json\/wp\/v2\/posts\/98789"}],"collection":[{"href":"https:\/\/www.infokuryr.cz\/n\/wp-json\/wp\/v2\/posts"}],"about":[{"href":"https:\/\/www.infokuryr.cz\/n\/wp-json\/wp\/v2\/types\/post"}],"author":[{"embeddable":true,"href":"https:\/\/www.infokuryr.cz\/n\/wp-json\/wp\/v2\/users\/2"}],"replies":[{"embeddable":true,"href":"https:\/\/www.infokuryr.cz\/n\/wp-json\/wp\/v2\/comments?post=98789"}],"version-history":[{"count":0,"href":"https:\/\/www.infokuryr.cz\/n\/wp-json\/wp\/v2\/posts\/98789\/revisions"}],"wp:featuredmedia":[{"embeddable":true,"href":"https:\/\/www.infokuryr.cz\/n\/wp-json\/wp\/v2\/media\/98790"}],"wp:attachment":[{"href":"https:\/\/www.infokuryr.cz\/n\/wp-json\/wp\/v2\/media?parent=98789"}],"wp:term":[{"taxonomy":"category","embeddable":true,"href":"https:\/\/www.infokuryr.cz\/n\/wp-json\/wp\/v2\/categories?post=98789"},{"taxonomy":"post_tag","embeddable":true,"href":"https:\/\/www.infokuryr.cz\/n\/wp-json\/wp\/v2\/tags?post=98789"}],"curies":[{"name":"wp","href":"https:\/\/api.w.org\/{rel}","templated":true}]}}