{"id":98782,"date":"2026-02-06T00:25:26","date_gmt":"2026-02-05T23:25:26","guid":{"rendered":"https:\/\/www.infokuryr.cz\/n\/?p=98782"},"modified":"2026-02-05T12:48:17","modified_gmt":"2026-02-05T11:48:17","slug":"petr-vlk-brno-a-sjezd-sudetaku-jak-to-pojima-normalni-brno","status":"publish","type":"post","link":"https:\/\/www.infokuryr.cz\/n\/2026\/02\/06\/petr-vlk-brno-a-sjezd-sudetaku-jak-to-pojima-normalni-brno\/","title":{"rendered":"Petr Vlk: Brno a sjezd Sude\u0165\u00e1k\u016f. Jak to poj\u00edm\u00e1 norm\u00e1ln\u00ed Brno"},"content":{"rendered":"<div id=\"fb-root\"><\/div>\n<p>Vlk\u016fv \u00favod:<\/p>\n<p>P\u0159\u00edtel Honza \u0158ezn\u00ed\u010dek mi poslal zaj\u00edmav\u00fd materi\u00e1l \u2013 z\u00e1pis jin\u00e9ho brn\u011bnsk\u00e9ho p\u0159\u00edtele -V\u00e1clava Fi\u0161era z\u00a0besedy a\u00a0n\u00e1sledn\u00e9 diskuse, \u010di\u00a0sp\u00ed\u0161e \u201ediskuse\u201c ohledn\u011b \u010desko n\u011bmeck\u00e9 vz\u00e1jemn\u00e9 minulosti, detailech toho, jak k\u00a0odsunu do\u0161lo a\u00a0co to znamen\u00e1 pro dne\u0161ek s\u00a0vidinou sjezdu Sude\u0165\u00e1k\u016f v\u00a0Brn\u011b. Rozhodl jsem se tento materi\u00e1l vydat na Kose, proto\u017ee ten exces v\u00a0Brn\u011b pova\u017euji za kardin\u00e1ln\u00ed a\u00a0smrtelnou chybu \u010desk\u00e9 politiky a\u00a0jej\u00edch politick\u00fdch elit. M\u00edra jejich sebemrska\u010dstv\u00ed je zcela neuv\u011b\u0159iteln\u00e1 a\u00a0ve sv\u011bt\u011b naprosto ojedin\u011bl\u00e1. Zkou\u0161\u00edm si p\u0159edstavit podobnou akci z\u00a0Polska odsunut\u00fdch Nemc\u016f, kte\u0159\u00ed ov\u0161em byly odsunuti z\u00a0p\u016fvodn\u011b n\u011bmeck\u00fdch \u00fazem\u00ed, kter\u00e9 po\u00a0v\u00e1lce p\u0159ipadly rozhodnut\u00edm v\u00edt\u011bz\u016f Polsku, zat\u00edmco odsun Sude\u0165\u00e1k\u016f z\u00a0\u010cech byl podm\u00edn\u011bn jejich aktivn\u00ed \u00falohou p\u0159i\u00a0rozbit\u00ed republiky! \u00a0M\u00e1te dost fantazie na to, abyste n\u011bjakou takovouhle akci vyprojektovali dejme tomu do Krakova??? To by je Pol\u00e1ci svorn\u011b fofrem hnali, \u017ee by se mo\u017en\u00e1 nezastavili ani na R\u00fdn\u011b. Jen \u010de\u0161t\u00ed vci\u0165ova\u010di to maj\u00ed nastaven\u00e9 \u00fapln\u011b jinak! U\u017e proto, mus\u00ed text V\u00e1clava Fi\u0161era na sklo. Jen mne \u0161okuje , ba d\u011bs\u00ed, ta naprost\u00e1 nejednotnost \u00fa\u010dastn\u00edk\u016f t\u00e9, V\u00e1clavem Fi\u0161erem popisovan\u00e9 p\u0159edn\u00e1\u0161ky! Ale dost \u0159e\u010d\u00ed. Tady je Fi\u0161er\u016fv text.<\/p>\n<p>*<\/p>\n<p><strong>Ke sjezdu SDL<\/strong><\/p>\n<p>Leto\u0161n\u00ed seri\u00e1l besed na aktu\u00e1ln\u00ed t\u00e9mata, kter\u00e9 jsme zvykl\u00ed naz\u00fdvat \u201e<em>Diskuzn\u00edmi \u010dtvrtky<\/em>\u201c v Brn\u011b, jsme otev\u0159eli t\u00e9matem, kter\u00e9 n\u00e1s zaj\u00edm\u00e1 dlouhodob\u011b (viz protesty proti kon\u00e1n\u00ed tzv. Pout\u00ed sm\u00ed\u0159en\u00ed) a\u00a0pro rok 2026 se st\u00e1v\u00e1 t\u00e9matem \u00fast\u0159edn\u00edm pro vzedmutou aktivitu \u010desk\u00fdch vlastenecky orientovan\u00fdch organizac\u00ed nap\u0159\u00ed\u010d politick\u00fdm spektrem.<\/p>\n<p>T\u00edmto t\u00e9matem je zam\u00fd\u0161len\u00e9 proveden\u00ed 76.\u00a0sjezdu Sudeton\u011bmeck\u00e9ho krajansk\u00e9ho sdru\u017een\u00ed (tzv.\u00a0Sudetsk\u00e9ho landsmanschaftu\/SDL) v\u00a0kv\u011btnu v\u00a0Brn\u011b.<\/p>\n<p>Lednov\u00fd D\u010c nesl n\u00e1zev\u00a0<em>\u201eSjezd SDL v\u00a0Brn\u011b nen\u00ed snahou o\u00a0porozum\u011bn\u00ed, ale o\u00a0revizi historie\u201c<\/em>\u00a0a\u00a0v\u00edce ne\u017e pades\u00e1tka \u00fa\u010dastn\u00edk\u016f se v\u00a0s\u00e1le na K\u0159enov\u00e9 se\u0161la k\u00a0diskuzi s\u00a0historikem a\u00a0ne\u00fanavn\u00fdm vlastencem doktorem\u00a0<strong>Ji\u0159\u00edm Jaro\u0161em Nickellim<\/strong>. Nutno v\u0161ak p\u0159edeslat, \u017ee t\u00e9ma se uk\u00e1zalo natolik jit\u0159\u00edc\u00ed, \u017ee se nepoda\u0159ilo udr\u017eet \u0159\u00edzenou v\u011bcnou diskuzi a\u00a0po\u0159ad musel b\u00fdt ukon\u010den d\u0159\u00edve, ne\u017e byl vy\u010derp\u00e1n potenci\u00e1l diskuze k\u00a0\u00favodn\u00edmu vystoupen\u00ed. Nu\u017e, pou\u010den\u00ed pro p\u0159\u00ed\u0161t\u011b.<br \/>\nProgram zah\u00e1jil sv\u00fdm slovem p\u0159edseda m\u011bstsk\u00e9ho i\u00a0krajsk\u00e9ho v\u00fdboru KS\u010cM\u00a0<strong>Martin \u0158\u00edha<\/strong>, kter\u00fd t\u00e9ma otev\u0159el p\u0159ipomenut\u00edm, \u017ee pr\u00e1v\u011b brn\u011bn\u0161t\u00ed komunist\u00e9 vytrvale upozor\u0148uj\u00ed na st\u00e1le \u017eiv\u00e9 nep\u0159\u00e1telstv\u00ed n\u011bmeck\u00fdch neonacistick\u00fdch organizac\u00ed v\u010detn\u011b\u00a0<em>SDL<\/em>\u00a0v\u016f\u010di \u010cesk\u00e9 republice a\u00a0na bagatelizaci re\u00e1ln\u00fdch hrozeb maskovan\u00fdch do projekt\u016f organizac\u00ed jako\u00a0<em>Meeting Brno<\/em>, viz nap\u0159\u00edklad\u00a0<em>Pouti \u201esm\u00ed\u0159en\u00ed\u201c<\/em>.<\/p>\n<p>Mimochodem, pamatujeme si na vzkaz nejmenovan\u00e9ho p\u0159edsedy \u00daV KS\u010cM, \u017ee m\u00e1me-li v\u00a0Brn\u011b probl\u00e9m se sude\u0165\u00e1ky, je n\u00e1\u0161 a\u00a0m\u00e1me si jej vy\u0159e\u0161it sami \u2026 i\u00a0ticho \u010di\u00a0nicne\u0159\u00edkaj\u00edc\u00ed odezvy na dopisy \u00fastavn\u00edm \u010dinitel\u016fm.<\/p>\n<p>Je proto z\u0159ejm\u00e9, \u017ee ohl\u00e1\u0161en\u00fd z\u00e1m\u011br SDL uskute\u010dnit 76.\u00a0sjezd v\u00a0Brn\u011b \u2013 na pozv\u00e1n\u00ed agentury Meeting Brno \u2013 nen\u00ed okam\u017eit\u00fdm n\u00e1padem, ale plodem letit\u00e9 p\u0159\u00edpravy a\u00a0budov\u00e1n\u00ed pron\u011bmeck\u00e9\u00a0<em>\u201ep\u00e1t\u00e9 kolony\u201c<\/em>\u00a0v\u00a0\u010cech\u00e1ch, za aktivn\u00ed hmotn\u00e9 podpory p\u0159edstaviteli m\u011bsta Brna i\u00a0Jihomoravsk\u00e9ho kraje a\u00a0umo\u017en\u011bn\u00e9 letitou nete\u010dnost\u00ed v\u011bt\u0161iny \u010desk\u00e9 spole\u010dnosti! Posledn\u00ed z\u0159etelnou propaga\u010dn\u00ed a\u00a0\u0159ekn\u011bme i\u00a0testovac\u00ed akc\u00ed byla konference\u00a0<em>\u201e120 let Moravsk\u00e9ho vyrovn\u00e1n\u00ed a\u00a0Evropa z\u00edt\u0159ka\u201c<\/em>\u00a0a\u00a0konference\u00a0<em>\u201eLiter\u00e1rn\u00ed Atlantida se vyno\u0159uje \u2013 pocta J\u00fcrgenu Serkemu\u201c<\/em>\u00a0loni v\u00a0listopadu, za kterou n\u00e1sledovalo ve\u0159ejn\u00e9\u00a0<em>\u201ePozv\u00e1n\u00ed pro Sudeton\u011bmeck\u00e9 krajansk\u00e9 sdru\u017een\u00ed od \u010desk\u00fdch intelektu\u00e1l\u016f a\u00a0um\u011blc\u016f\u201c<\/em>\u00a0(viz jejich web\u00a0<a href=\"http:\/\/www.meetingbrno.cz\/\">ZDE<\/a>). V\u011bt\u0161ina jmen signat\u00e1\u0159\u016f nep\u0159ekvap\u00ed. Vrcholem neomalen\u00e9 drzosti je ned\u00e1vn\u00e9 vy\u010d\u00edslen\u00ed \u201epo\u017eadavku\u201c (!) p\u0159edstavitele SDL\u00a0<strong>Berndta Posselta<\/strong>\u00a0na od\u0161kodn\u011bn\u00ed odsunut\u00fdch N\u011bmc\u016f (tzn.\u00a0pronacistick\u00fdch N\u011bmc\u016f) \u010d\u00e1stkou 530 miliard Euro za \u00fajmu v\u00a0d\u016fsledku odsunu!!!<\/p>\n<p>Ale zp\u011bt k\u00a0akci. Za \u00favodn\u00edm slovem poskytl historik\u00a0<strong>Ji\u0159\u00ed Jaro\u0161 Nickelli<\/strong> r\u00e1mcov\u00fd vhled do problematiky prost\u0159ednictv\u00edm \u010dty\u0159 vybran\u00fdch d\u00edl\u010d\u00edch okruh\u016f. Nejprve osv\u011btlil historick\u00e9 ko\u0159eny pov\u00e1le\u010dn\u00e9ho odsunu N\u011bmc\u016f nejen z \u00fazem\u00ed \u010cSR (!), proto\u017ee (mezin\u00e1rodn\u00ed) pr\u00e1vn\u00ed legitimita odsunu protokolem Postupimsk\u00e9 konference je vyvrcholen\u00edm \u0159et\u011bzce ud\u00e1lost\u00ed a aktivit pron\u011bmeck\u00e9 \u010d\u00e1sti \u010desk\u00fdch ob\u010dan\u016f s n\u011bmeckou n\u00e1rodnost\u00ed sm\u011brovan\u00fdch proti st\u00e1tu, po\u010d\u00ednaj\u00edc\u00edch vlastn\u011b ji\u017e se vznikem \u010ceskoslovenska! Pro n\u011bkter\u00e9 z \u00fa\u010dastn\u00edk\u016f ve\u0159ejnosti otev\u0159en\u00e9 besedy pak mohlo b\u00fdt i\u00a0p\u0159ekvapen\u00edm, \u017ee my\u0161lenka na odsun n\u011bmeck\u00e9ho obyvatelstva z\u00a0\u00fazem\u00ed \u010ceskoslovenska (ale tak\u00e9 nap\u0159\u00edklad Polska!) nen\u00ed Bene\u0161ova, nato\u017e \u010desk\u00e1.<\/p>\n<p>Uzr\u00e1la v\u00a0Anglii a\u00a0u\u00a0jej\u00edho zrodu byl sice\u00a0<strong>Neville Chamberlain<\/strong>, britsk\u00fd premi\u00e9r, av\u0161ak program odsunu vypracoval z pov\u011b\u0159en\u00ed britsk\u00e9ho ministerstva zahrani\u010d\u00ed (Chamberlain mezit\u00edm zem\u0159el) oxfordsk\u00fd profesor\u00a0<strong>John David Mabbott<\/strong> a tento program se stal posl\u00e9ze z\u00e1kladem pro rozhovory mezi v\u00edt\u011bzn\u00fdmi mocnostmi, p\u0159i\u010dem\u017e (podobn\u011b jako v Mnichov\u011b) mohl exilov\u00fd prezident<strong>\u00a0Bene\u0161<\/strong>\u00a0v\u00fdsledek leda p\u0159ijmout. Nen\u00ed p\u0159itom \u017e\u00e1dn\u00fdm tajemstv\u00edm (jen se o\u00a0tom nemluv\u00ed), \u017ee protokol je v\u00fdsledkem soupe\u0159en\u00ed dvou n\u00e1zorov\u00fdch proud\u016f v\u00a0Brit\u00e1nii.<\/p>\n<p>P\u0159i\u010dem\u017e jeden z nich m\u011bl za c\u00edl (a tento pl\u00e1n i z\u00e1jmov\u00e9 kruhy z\u0159ejm\u011b st\u00e1le existuj\u00ed) zni\u010den\u00ed st\u00e1tnosti v\u0161ech v\u00fdchodn\u00edch slovansk\u00fdch evropsk\u00fdch st\u00e1t\u016f a kter\u00fdm hr\u00e1lo n\u011bmeck\u00e9 \u201eta\u017een\u00ed na v\u00fdchod\u201c do noty. Dalo by se i \u0159\u00edci, \u017ee odsun byl ve sv\u00e9 v\u00fdsledn\u00e9 podob\u011b snad i snahou (z\u00e1padn\u00edch \u201espojenc\u016f\u201c) zachr\u00e1nit \u0159\u00ed\u0161skon\u011bmeckou men\u0161inu p\u0159ed spravedliv\u00fdm potrest\u00e1n\u00edm v na\u0161em st\u00e1t\u011b podle platn\u00e9ho pr\u00e1va?!<\/p>\n<p>Nyn\u00ed ji\u017e stru\u010dn\u011b. Druh\u00fd blok byl st\u00e1le v intenc\u00edch historicko-pr\u00e1vn\u00edho pohledu v\u011bnov\u00e1n legitimit\u011b zam\u00fd\u0161len\u00e9ho uskute\u010dn\u011bn\u00ed sjezdu SDL. Bylo konstatov\u00e1no, \u017ee vzhledem<br \/>\nk neskryt\u00fdm po\u017eadavk\u016fm SDL na zru\u0161en\u00ed \u201eBene\u0161ov\u00fdch\u201c, spr\u00e1vn\u011b prezidentsk\u00fdch dekret\u016f spojen\u00fdch s odsunem, a tedy mimo jin\u00e9 ke zpochyb\u0148ov\u00e1n\u00ed legality \u010desk\u00e9 st\u00e1tnosti je t\u0159eba na uskute\u010dn\u011bn\u00ed sjezdu legitimn\u011b nahl\u00ed\u017eet jako na odporuj\u00edc\u00ed \u00dastav\u011b \u010cR. Dod\u00e1v\u00e1m osobn\u00ed pozn\u00e1mku, \u017ee jaksi \u201ekouzlem necht\u011bn\u00e9ho\u201c je pravd\u011bpodobn\u011b ji\u017e pozv\u00e1n\u00ed ke kon\u00e1n\u00ed sjezdu kdekoli v\u00a0\u201e\u010cesku\u201c na hran\u011b kvalifikace trestn\u00e9ho \u010dinu podle\u00a0<em>paragrafu 318a<\/em> trestn\u00edho z\u00e1kon\u00edku \u2013 neopr\u00e1vn\u011bn\u00e1 \u010dinnost pro ciz\u00ed moc, pop\u0159\u00edpad\u011b i novelizovan\u00e9ho paragrafu 403 trestn\u00edho z\u00e1kon\u00edku \u2013 Zalo\u017een\u00ed, podpora a propagace hnut\u00ed sm\u011b\u0159uj\u00edc\u00edho k potla\u010den\u00ed pr\u00e1v a\u00a0svobod \u010dlov\u011bka\/\u2026 kdo<em> \u201ehl\u00e1s\u00e1 rasovou, etnickou, n\u00e1rodnostn\u00ed, n\u00e1bo\u017eenskou \u010di t\u0159\u00eddn\u00ed\u00a0<\/em><em>z\u00e1\u0161\u0165 nebo z\u00e1\u0161\u0165 v\u016f\u010di jin\u00e9 skupin\u011b osob\u201c,<\/em> p\u0159i\u010dem\u017e ji\u017e p\u0159\u00edprava je trestn\u00e1! Je tedy t\u0159eba naj\u00edt pr\u00e1vn\u00edka vlastence.<\/p>\n<p>T\u0159et\u00ed t\u00e9ma bylo v\u011bnov\u00e1no reparac\u00edm, respektive op\u011bt racion\u00e1ln\u00edmu vhledu do prostoru\u00a0 desetilet\u00ed trvaj\u00edc\u00edch dohad\u016f a tvrzen\u00ed, pravdiv\u00fdch i zav\u00e1d\u011bj\u00edc\u00edch, ba i vysloven\u011b l\u017eiv\u00fdch. Pro po\u0159\u00e1dek je tedy t\u0159eba vyslovit sd\u011blen\u00ed opakovan\u011b potvrzovan\u00e9 uzn\u00e1van\u00fdmi pr\u00e1vn\u00edky a dokonce i ministerstvem zahrani\u010d\u00ed! T\u00edmto sd\u011blen\u00edm je fakt, \u017ee Posledn\u00ed, \u010dtvrt\u00fd \u00favodn\u00ed blok byl v\u011bnov\u00e1n nejv\u011bt\u0161\u00edmu \u201eo\u0159\u00ed\u0161ku k\u00a0rozlousknut\u00ed\u201c a\u00a0sice tzv.\u00a0<em>Pouti sm\u00ed\u0159en\u00ed<\/em>, po\u0159\u00e1dan\u00e9 agenturou\u00a0<em>Meeting Brno<\/em>\u00a0v\u017edy na z\u00e1v\u011br \u201efestivalu porozum\u011bn\u00ed\u201c v\u00a0term\u00ednu bl\u00edzk\u00e9m v\u00fdro\u010d\u00ed vyveden\u00ed N\u011bmc\u016f z\u00a0Brna ve dnech 30.-31.\u00a0kv\u011btna 1945. Vzhledem k\u00a0tomu, \u017ee konkr\u00e9tn\u011b tomuto t\u00e9matu se p\u0159i\u00a0diskuz\u00edch v\u011bnujeme opakovan\u011b, nen\u00ed ji\u017e t\u0159eba opakovat argumenty proti smy\u0161lenk\u00e1m o\u00a0\u201epochodu smrti\u201c, za jejich\u017e vznikem stoj\u00ed p\u0159edv\u00e1le\u010dn\u00fd brn\u011bnsk\u00fd zastupitel za n\u011bmeckou soci\u00e1ln\u00ed demokracii, ale tak\u00e9 pov\u00e1le\u010dn\u00fd viceprezident SDL\u00a0<strong>Wenzel Jaksch.<\/strong><\/p>\n<p>Bylo tak v\u00edce prostoru pro p\u0159ipomenut\u00ed podobn\u00fdch evakua\u010dn\u00edch center, v\u00a0nich\u017e tak\u00e9 zem\u0159elo a\u017e tis\u00edce ob\u011bt\u00ed infek\u010dn\u00edch chorob v\u00a0d\u016fsledku nevyhovuj\u00edc\u00edch hygienick\u00fdch podm\u00ednek \u2013 v\u00a0t\u00e1borech postaven\u00fdch N\u011bmci na pomoc n\u011bmeck\u00e9mu obyvatelstvu evakuovan\u00e9mu \/ prchaj\u00edc\u00edmu p\u0159ed postupuj\u00edc\u00ed frontou. Ob\u011b\u0165mi p\u0159itom nebyli jen N\u011bmci, ale tak\u00e9 \u010ce\u0161i z\u00a0okol\u00ed t\u00e1bor\u016f. No a\u00a0p\u0159ekvapiv\u011b pr\u00e1v\u011b tento bod otev\u0159el zpo\u010d\u00e1tku spo\u0159\u00e1danou, av\u0161ak brzy \u017eivelnou \u201ediskuzi\u201c \u010di\u00a0sp\u00ed\u0161e nezvladateln\u00e9 p\u0159ek\u0159ikov\u00e1n\u00ed se mimo vyhl\u00e1\u0161en\u00e9 t\u00e9ma, kter\u00e9 vy\u00fastilo k\u00a0p\u0159ed\u010dasn\u00e9mu rozpu\u0161t\u011bn\u00ed diskuzn\u00edho \u010dtvrtku. Bohu\u017eel byl slovn\u011b atakov\u00e1n i\u00a0pozvan\u00fd doktor\u00a0<strong>Nickelli<\/strong>, kter\u00fd s pochopiteln\u00fdm znechucen\u00edm ode\u0161el. Zaslou\u017e\u00ed si hlubokou omluvu.<\/p>\n<p>O co v h\u00e1dce \u0161lo? Ve zkratce \u2013 kdy\u017e pominu fantaskn\u00ed na\u0159\u010den\u00ed doktora Nickelliho z nekompetentnosti a dal\u0161\u00ed p\u0159ipom\u00ednky \u201emimo m\u00edsu\u201c, pak \u0161lo v z\u00e1sad\u011b o vyhrocen\u00ed sporu o pojet\u00ed protest\u016f proti Pouti sm\u00ed\u0159en\u00ed mezi \u0159ekn\u011bme \u201ekonzervativci\u201c a \u201eliber\u00e1ly\u201c. Bohu\u017eel, pr\u00e1v\u011b strana liber\u00e1ln\u00edho p\u0159\u00edstupu, do\u017eaduj\u00edc\u00ed se vysly\u0161en\u00ed proklamac\u00ed Meetingu Brno o porozum\u011bn\u00ed projevila odhodlanou neochotu pr\u00e1v\u011b k dorozum\u011bn\u00ed a pochopen\u00ed argument\u016f protistrany pro setrv\u00e1v\u00e1n\u00ed na za\u017eit\u00e9m zp\u016fsobu odm\u00edt\u00e1n\u00ed pochodu s transparenty p\u0159ed Mendlov\u00fdm n\u00e1m\u011bst\u00edm. Do\u0161lo k tomu, k \u010demu doj\u00edt muselo \u2013 v\u0161eobecn\u00e1 h\u00e1dka. P\u0159esto si dovol\u00edm vyvodit u\u017eite\u010dn\u00e9 pou\u010den\u00ed.<\/p>\n<p>Za prv\u00e9 \u2013 i za cenu nespokojenosti n\u011bkolika vylou\u010den\u00fdch jednotlivc\u016f, kte\u0159\u00ed rad\u011bji hledaj\u00ed h\u00e1dky ne\u017e odpov\u011bdi na ot\u00e1zky je nezbytn\u00e9 nap\u0159\u00ed\u0161t\u011b zav\u00e9st pravidlo moder\u00e1torem pevn\u011b \u0159\u00edzen\u00e9 diskuze a\u00a0to k\u00a0diskutovan\u00e9mu t\u00e9matu.<\/p>\n<p>Za druh\u00e9 \u2013 proto\u017ee se m\u011bn\u00ed prost\u0159ed\u00ed, je skute\u010dn\u011b t\u0159eba hledat i nov\u00e9, efektivn\u011bj\u0161\u00ed n\u00e1stroje komunikace (ta je z podstaty oboustrann\u00e1). Nap\u0159\u00edklad nau\u010dit se bezprost\u0159edn\u011b na m\u00edst\u011b projev\u016f p\u0159edstavitel\u016f SDL a jejich p\u0159isluhova\u010d\u016f ru\u0161it jejich bohorovnou sebejistotu p\u0159i p\u00e1ch\u00e1n\u00ed v pravd\u011b protist\u00e1tn\u00ed \u010dinnosti. Je t\u0159eba odm\u00edtnout jejich hru na ubl\u00ed\u017een\u00e9 N\u011bmce a nep\u0159\u00e1telsk\u00e9 \u010cechy a\u00a0u\u010dinit z\u00a0jejich povrchn\u00edch manipulac\u00ed vlastn\u00ed bumerang. Jako v\u00fdchodisko p\u0159itom sta\u010d\u00ed jen se sezn\u00e1mit s\u00a0floskulemi na\u00a0<em>webu Meeting Brno<\/em>.<\/p>\n<p>Informaci z bou\u0159liv\u00e9ho jedn\u00e1n\u00ed lednov\u00e9ho diskuzn\u00edho \u010dtvrtku mi dovolte uzav\u0159\u00edt apelac\u00ed na vlasteneckou svornost! Uv\u011bdomme si, \u017ee \u010del\u00edme zavil\u00e9mu a zku\u0161en\u00e9mu nep\u0159\u00edteli, bez jak\u00fdchkoli skrupul\u00ed v\u016f\u010di n\u00e1m. Nen\u00ed je\u0161t\u011b pozd\u011b, ale nejvy\u0161\u0161\u00ed \u010das d\u00e1t najevo odhodl\u00e1n\u00ed \u010delit mu jednotn\u011b, jakkoli se pochopiteln\u011b m\u016f\u017eeme a\u00a0budeme v\u00a0d\u00edl\u010d\u00edch n\u00e1zorech rozch\u00e1zet.<\/p>\n<p><strong>BU\u010eME N\u00c1RODEM SVORN\u00ddM V\u00a0BOJI O\u00a0SVOU VLAST A\u00a0VLASTN\u00cd ZEMI<\/strong><\/p>\n<p><strong>PRO\u00a0<\/strong><strong>SV\u00c9 POTOMKY!<\/strong><\/p>\n<p>A\u0165 na n\u00e1s mohou b\u00fdt hrd\u00ed tak jako jsme my na ty, co n\u00e1m vlast vybojovali i\u00a0za cenu sv\u00fdch \u017eivot\u016f. Jak hovo\u0159\u00ed \u00fast\u0159edn\u00ed motto Klubu \u010desk\u00e9ho pohrani\u010d\u00ed:<\/p>\n<p><strong>\u201cJen z\u016fstane-li na\u0161e pohrani\u010d\u00ed \u010desk\u00e9, z\u016fstane \u010deskou i\u00a0cel\u00e1 na\u0161e vlast!<\/strong><\/p>\n<p>**<\/p>\n<p><strong><em>V\u00e1clav Fi\u0161er a\u00a0Petr Vlk,\u00a0<a href=\"https:\/\/vlkovobloguje.wordpress.com\/2026\/02\/04\/brno-a-sjezd-sudetaku-jak-to-pojima-normalni-brno\/\">Kosa Zostra<\/a><\/em><\/strong><\/p>\n<p>\u00davodn\u00ed fotografie zachycuje nastoupen\u00e9 p\u0159\u00edslu\u0161n\u00edky sudeton\u011bmeck\u00e9ho freikorpsu, ozbrojen\u00e9 teroristick\u00e9 organizace sude\u0165\u00e1k\u016f, kter\u00e1 vra\u017edila \u010desk\u00e9 \u00fa\u0159edn\u00edky, policisty a\u00a0\u010detn\u00edky. Mnoz\u00ed z\u00a0nich jsou p\u0159\u00edm\u00fdmi p\u0159edky dne\u0161n\u00edch sudeton\u011bmeck\u00fdch spoka\u0159\u016f.<\/p>\n<p>*<\/p>\n<p><strong>Pozn\u00e1mka:<\/strong><\/p>\n<p>Sraz sude\u0165\u00e1k\u016f s\u00a0moravsk\u00fdmi kolaboranty s\u00a0nacizmem chystan\u00fd na kv\u011bten do Brno je vy\u00fast\u011bn\u00edm dlouhodob\u00e9 tendence zrady \u010desk\u00fdch n\u00e1rodn\u00edch z\u00e1jm\u016f vnit\u0159n\u00ed 5.\u00a0kolonou, kterou zah\u00e1jil\u00a0<strong>V\u00e1clav Havel<\/strong>\u00a0omluvou sude\u0165\u00e1k\u016fm za odsun a\u00a0n\u00e1sledovanou letitou spoluprac\u00ed lidovc\u016f (KDU-\u010cSL), Starost\u016f a\u00a0nez\u00e1visl\u00fdch (STAN) a\u00a0n\u011bkter\u00fdch p\u0159edstavitel\u016f katolick\u00e9 c\u00edrkve. Figurky z\u00a0t\u011bchto kruh\u016f se pravideln\u011b setk\u00e1valy se sude\u0165\u00e1ky, p\u0159\u00edm\u00fdmi d\u011bdici a\u00a0pokra\u010dovateli nacistick\u00e9 Henleinovy strany, na jejich sjezdech. Jen nam\u00e1tkou jmenuji\u00a0<strong>arcibiskupa Graubnera<\/strong>\u00a0(dne\u0161n\u00ed primas \u010desk\u00fd!), sv\u00e9ho \u010dasu ministry\u00a0<strong>Daniela Hermana<\/strong>\u00a0(KDU-\u010cSL),\u00a0<strong>Mikul\u00e1\u0161e Beka<\/strong>\u00a0(STAN),\u00a0<strong>Pavla B\u011blohl\u00e1vka<\/strong> (sv\u00e9ho \u010dasu p\u0159edseda a\u00a0m\u00edstop\u0159edseda vl\u00e1dy za KDU-\u010cSL) a\u00a0dal\u0161\u00ed. Jist\u011b jste si v\u0161imli, \u017ee jde o\u00a0lidi z\u00a0kruh\u016f katolick\u00e9 c\u00edrkve s\u00a0\u00fazk\u00fdmi vztahy k\u00a0bavorsk\u00e9 zemsk\u00e9 vl\u00e1d\u011b, na kterou jsou nav\u00e1z\u00e1ni nejen ideologicky ale pravd\u011bpodobn\u011b i\u00a0finan\u010dn\u011b. Pro pen\u00edze a\u00a0p\u0159es n\u011b z\u00edskan\u00fd vliv se zrazuj\u00ed lid\u00e9 nej\u010dast\u011bji.<\/p>\n<p>Vl\u00e1du ve spolkov\u00e9 zemi Bavorsko letit\u011b dr\u017e\u00ed strana\u00a0<strong>CSU<\/strong>, k\u0159es\u0165ansko soci\u00e1ln\u00ed unie. Sudet\u0161t\u00ed N\u011bmci jsou jej\u00ed po\u010detnou, mo\u017en\u00e1 nejpo\u010detn\u011bj\u0161\u00ed voli\u010dskou z\u00e1kladnou. Dokonce vedle Bavor\u016f, \u0160v\u00e1b\u016f a\u00a0Frank\u016f jsou tzv.\u00a0sudet\u0161t\u00ed N\u011bmci pova\u017eov\u00e1ni za 4.\u00a0bavorsk\u00fd kmen. Na uzn\u00e1n\u00ed \u201en\u00e1rok\u016f\u201c sude\u0165\u00e1k\u016f tak netla\u010d\u00ed jen oni sami a\u00a0nepo\u010detn\u00e1, zato halasn\u00e1 5.\u00a0kolona z\u00a0Brna, ale i\u00a0spolkov\u00e1 vl\u00e1da Bavorska a\u00a0proto\u017ee CSU b\u00fdv\u00e1 d\u016fle\u017eitou sou\u010d\u00e1t\u00ed celon\u011bmeck\u00e9 vl\u00e1dn\u00ed v\u011bt\u0161iny, tak i\u00a0spolkov\u00e1 vl\u00e1da. Sude\u0165\u00e1k\u016fm a\u00a0osobn\u00edmu p\u0159\u00e1teli b\u00fdval\u00e9ho premi\u00e9ra Petra Fialy pak p\u0159\u00e1la i\u00a0cel\u00e9 jeho vl\u00e1da. Sraz sude\u0165\u00e1k\u016f v\u00a0Brn\u011b byl pravd\u011bpodobn\u011b napl\u00e1nov\u00e1n nejen pro l\u00e9ta p\u011bstovan\u00e9 prosude\u0165\u00e1ck\u00e9 podhoub\u00ed v\u010detn\u011b radnice a\u00a0\u201eneziskovek\u201c typu\u00a0<em>Pou\u0165 \u201esm\u00ed\u0159en\u00ed\u201c<\/em>\u00a0a\u00a0<em>\u201eMeating Brno\u201c<\/em>, ale i\u00a0v\u00a0domn\u011bn\u00ed, \u017ee Fialova vl\u00e1da ustoj\u00ed dal\u0161\u00ed volby a\u00a0pak uspo\u0159\u00e1d\u00e1 v\u00a0Brn\u011b velk\u00e9 ofici\u00e1ln\u011b \u201eusm\u00ed\u0159en\u00ed\u201c s\u00a0krypton\u00e1cky, ke kter\u00fdm m\u011bla i\u00a0ideov\u011b velmi bl\u00edzko (viz bezhlav\u00e1 podpora banderovsk\u00e9 Ukrajiny).<\/p>\n<p><strong>Je nejvy\u0161\u0161\u00ed \u010das zorganizovat protisude\u0165\u00e1ckou akci a\u00a0do Brna svolat protestn\u00ed akci, kter\u00e1 by sude\u0165\u00e1ck\u00fd sraz ve m\u011bst\u011b p\u0159ekazila. V\u00a0tomto sm\u011bru mus\u00edme tla\u010dit i\u00a0na vl\u00e1du, aby mocensky zakro\u010dila.<\/strong><\/p>\n<p>Nezapome\u0148me, \u017ee n\u011bmeck\u00e1 politika v\u00a0dob\u011b krize \u010dasto za\u010dne podporovat r\u016fzn\u00e9 extremisty a\u00a0s\u00a0jejich pomoc\u00ed hledat vn\u011bj\u0161\u00edho nep\u0159\u00edtele, ke kter\u00e9mu se sna\u017e\u00ed upnout frustrovanou ve\u0159ejnost, aby odvedla pozornost od vnit\u0159n\u00edch probl\u00e9m\u016f, kter\u00e9 nen\u00ed schopna ve st\u00e1vaj\u00edc\u00edm politick\u00e9m syst\u00e9mu \u0159e\u0161it. Bylo tak p\u0159ed 1.\u00a0sv\u011btovou v\u00e1lkou, bylo tak i\u00a0p\u0159i\u00a0n\u00e1stupu Hitlera. Ten star\u00fd scen\u00e1\u0159 v\u00a0nov\u00e9 \u0159e\u017eii se m\u016f\u017ee realizovat znovu. Sou\u010dasn\u00e1 n\u011bmeck\u00e1 ekonomika za\u010d\u00edn\u00e1 upadat do hlubok\u00e9 krize bez perspektivy brzk\u00e9ho zlep\u0161en\u00ed a\u00a0odveden\u00ed pozornosti k\u00a0\u201enespln\u011bn\u00fdm n\u00e1rok\u016fm sudetsk\u00fdch N\u011bmc\u016f\u201c m\u016f\u017ee b\u00fdt jednou z\u00a0v\u00edtan\u00fdch z\u00e1minek.<\/p>\n<p><em>-vd-<\/em><\/p>\n<figure id=\"attachment_204657\" class=\"wp-caption aligncenter\" style=\"width: 717px;\" aria-describedby=\"caption-attachment-204657\"><img decoding=\"async\" loading=\"lazy\" class=\"wp-image-204657\" src=\"https:\/\/www.novarepublika.cz\/wp-content\/uploads\/2026\/02\/Henlein-s-Hitlerem.webp\" alt=\"\" width=\"717\" height=\"426\" \/><figcaption id=\"caption-attachment-204657\" class=\"wp-caption-text\">Usm\u00edvaj\u00edc\u00ed se Konr\u00e1d Henlein, v\u016fdce sudetsk\u00fdch N\u011bmec\u016f, na tribun\u011b spolu s\u00a0celon\u011bmeck\u00fdch v\u016fdce Adolfem Hitlerem<\/figcaption><\/figure>\n<figure id=\"attachment_204658\" class=\"wp-caption aligncenter\" style=\"width: 745px; text-align: justify;\" aria-describedby=\"caption-attachment-204658\"><img decoding=\"async\" loading=\"lazy\" class=\"wp-image-204658\" src=\"https:\/\/www.novarepublika.cz\/wp-content\/uploads\/2026\/02\/Hnelein_Frank_v_civilu_-300x195.webp\" sizes=\"auto, (max-width: 753px) 100vw, 753px\" srcset=\"https:\/\/www.novarepublika.cz\/wp-content\/uploads\/2026\/02\/Hnelein_Frank_v_civilu_-300x195.webp 300w, https:\/\/www.novarepublika.cz\/wp-content\/uploads\/2026\/02\/Hnelein_Frank_v_civilu_-768x500.webp 768w, https:\/\/www.novarepublika.cz\/wp-content\/uploads\/2026\/02\/Hnelein_Frank_v_civilu_.webp 800w\" alt=\"\" width=\"745\" height=\"484\" \/><figcaption id=\"caption-attachment-204658\" class=\"wp-caption-text\">Konr\u00e1d Henlein a\u00a0K.F. Frank v\u00edt\u00e1ni zdivo\u010del\u00fdmi N\u011bmeci v\u00a0Liberci (1938). K.H. Frank,knihkupec z\u00a0Karelov\u00fdch VAr\u016f a\u00a0pozd\u011bj\u0161\u00ed zastupuj\u00edc\u00ed \u0159\u00ed\u0161sk\u00fd protektor, vrah \u010desk\u00fdch vlastenc\u016f, ale i\u00a0nevinn\u00fdch z\u00a0Lidic a\u00a0Le\u017e\u00e1k\u016f, byl autorem my\u0161lenky likvidace \u010desk\u00e9ho n\u00e1roda. V\u00a0nacistick\u00e9 ideologii pokra\u010dovali jak zak0aldatel\u00e9 Sudeton\u011bmeck\u00e9ho Landsmanschaftu, tak i\u00a0dne\u0161n\u00ed \u010dlenov\u00e9 spolku Witiko, kter\u00fd je ned\u00edlnou sou\u010d\u00e1st\u00ed Landsmanschaftu.<\/figcaption><\/figure>\n<p>*<\/p>\n<p>Podrobnosti o\u00a0sudeton\u011bmeck\u00e9m hnut\u00ed, jeho zakladatel\u00edch a\u00a0c\u00edlech se v\u00edc do\u010dtete na webu\u00a0<a href=\"https:\/\/ceske-narodni-listy.estranky.cz\/\">\u010cesk\u00fdch n\u00e1rodn\u00edch listech<\/a> a v pracech histori\u010dky Evy Hahnov\u00e9. Eva Hahnov\u00e1 byla n\u011bjakou dobu i placen\u00e1 zam\u011bstnankyn\u011b Landsman\u0161aftu, tak\u017ee velmi dob\u0159e zn\u00e1 a popsala my\u0161len\u00ed \u010dlen\u016f tohto skrz naskrz revan\u0161istick\u00e9ho spolku.<\/p>\n<p><img decoding=\"async\" loading=\"lazy\" class=\"alignnone size-full wp-image-1185\" src=\"http:\/\/www.infokuryr.cz\/n\/wp-content\/uploads\/2021\/04\/kuryr-podpis.png\" alt=\"\" width=\"84\" height=\"24\" \/><\/p>\n<p>&nbsp;<\/p>\n","protected":false},"excerpt":{"rendered":"<p>Vlk\u016fv \u00favod: P\u0159\u00edtel Honza \u0158ezn\u00ed\u010dek mi poslal zaj\u00edmav\u00fd materi\u00e1l \u2013 z\u00e1pis jin\u00e9ho brn\u011bnsk\u00e9ho p\u0159\u00edtele -V\u00e1clava&#8230;<\/p>\n","protected":false},"author":2,"featured_media":98783,"comment_status":"closed","ping_status":"closed","sticky":false,"template":"","format":"standard","meta":[],"categories":[6],"tags":[336,1503,10535,2886,7378,112],"_links":{"self":[{"href":"https:\/\/www.infokuryr.cz\/n\/wp-json\/wp\/v2\/posts\/98782"}],"collection":[{"href":"https:\/\/www.infokuryr.cz\/n\/wp-json\/wp\/v2\/posts"}],"about":[{"href":"https:\/\/www.infokuryr.cz\/n\/wp-json\/wp\/v2\/types\/post"}],"author":[{"embeddable":true,"href":"https:\/\/www.infokuryr.cz\/n\/wp-json\/wp\/v2\/users\/2"}],"replies":[{"embeddable":true,"href":"https:\/\/www.infokuryr.cz\/n\/wp-json\/wp\/v2\/comments?post=98782"}],"version-history":[{"count":1,"href":"https:\/\/www.infokuryr.cz\/n\/wp-json\/wp\/v2\/posts\/98782\/revisions"}],"predecessor-version":[{"id":98784,"href":"https:\/\/www.infokuryr.cz\/n\/wp-json\/wp\/v2\/posts\/98782\/revisions\/98784"}],"wp:featuredmedia":[{"embeddable":true,"href":"https:\/\/www.infokuryr.cz\/n\/wp-json\/wp\/v2\/media\/98783"}],"wp:attachment":[{"href":"https:\/\/www.infokuryr.cz\/n\/wp-json\/wp\/v2\/media?parent=98782"}],"wp:term":[{"taxonomy":"category","embeddable":true,"href":"https:\/\/www.infokuryr.cz\/n\/wp-json\/wp\/v2\/categories?post=98782"},{"taxonomy":"post_tag","embeddable":true,"href":"https:\/\/www.infokuryr.cz\/n\/wp-json\/wp\/v2\/tags?post=98782"}],"curies":[{"name":"wp","href":"https:\/\/api.w.org\/{rel}","templated":true}]}}