{"id":98780,"date":"2026-02-06T00:22:31","date_gmt":"2026-02-05T23:22:31","guid":{"rendered":"https:\/\/www.infokuryr.cz\/n\/?p=98780"},"modified":"2026-02-05T12:40:53","modified_gmt":"2026-02-05T11:40:53","slug":"stepan-chab-snaha-o-privatizaci-demokracie","status":"publish","type":"post","link":"https:\/\/www.infokuryr.cz\/n\/2026\/02\/06\/stepan-chab-snaha-o-privatizaci-demokracie\/","title":{"rendered":"\u0160t\u011bp\u00e1n Ch\u00e1b: Snaha o privatizaci demokracie"},"content":{"rendered":"<div id=\"fb-root\"><\/div>\n<p><strong>Nakoukl jsem na za\u010d\u00e1tek demonstrace Milionu chvilek.<\/strong> Na proslov Mikul\u00e1\u0161e Min\u00e1\u0159e. Na skandov\u00e1n\u00ed davu. P\u0159e\u010detl si, co k\u00a0tomu maj\u00ed nejvy\u0161\u0161\u00ed z\u00a0politik\u016f.<\/p>\n<p><img class=\"aries_aspectRatio\" \/>Velmi m\u011b zaujal term\u00edn, kter\u00fdm Mikul\u00e1\u0161 Min\u00e1\u0159\u00a0<a href=\"https:\/\/www.facebook.com\/milionchvilek\/videos\/936262468864189\" target=\"_blank\" rel=\"noopener\"><strong>ozna\u010dil<\/strong><\/a>\u00a0p\u0159evzet\u00ed vl\u00e1dy na podkladu demokratick\u00fdch voleb. T\u00edm term\u00ednem bylo slovo uchv\u00e1cen\u00ed.<\/p>\n<p>Strany vl\u00e1dy Andreje Babi\u0161e podle Min\u00e1\u0159e nep\u0159evzaly podle zvyklost\u00ed po\u00a0demokratick\u00fdch volb\u00e1ch politickou moc nad zem\u00ed.\u00a0<strong>Ony tu moc uchv\u00e1tily.<\/strong><\/p>\n<p>\u201eUchv\u00e1tit znamen\u00e1 prudce a\u00a0n\u00e1siln\u011b se n\u011b\u010deho zmocnit, vz\u00edt v\u011bc silou. Jde o\u00a0sloveso, vyjad\u0159uj\u00edc\u00ed akt podman\u011bn\u00ed.\u201c<\/p>\n<p>Fascinuj\u00edc\u00ed volba slov. N\u00e1jezdn\u00edci z\u00a0um\u00edrn\u011bn\u011b st\u0159edov\u00e9ho hnut\u00ed ANO, um\u00edrn\u011bn\u011b pravicov\u00fdch Motorist\u016f a\u00a0um\u00edrn\u011bn\u011b levicov\u00e9 SPD.<\/p>\n<p><strong>D\u00e1le Min\u00e1\u0159 n\u011bkolikr\u00e1t zm\u00ednil petici Stoj\u00edme za prezidentem,<\/strong>\u00a0kter\u00e1 nasb\u00edrala na 600 tis\u00edc podpis\u016f. A\u00a0p\u0159i\u0161la velk\u00e1 Min\u00e1\u0159ova v\u00fdzva z\u00edskat t\u011bch podpis\u016f jeden milion. \u010c\u00edsla jsou to fascinuj\u00edc\u00ed. Jen p\u0159ipomenu i\u00a0jin\u00e1, nem\u00e9n\u011b fascinuj\u00edc\u00ed. Volebn\u00ed \u010d\u00edsla stran Fialovy vl\u00e1dy plus Pir\u00e1t\u016f se do\u0161plhala p\u0159i\u00a0volb\u00e1ch t\u00e9m\u011b\u0159 k\u00a0dv\u011bma a\u00a0p\u016fl milionu hlas\u016f. Tak\u017ee i\u00a0kdyby Min\u00e1\u0159 nasb\u00edral dva miliony hlas\u016f, nedos\u00e1hne ani na \u010d\u00edsla volebn\u00edho debaklu z\u00a0\u0159\u00edjna 2025.<\/p>\n<p><center><\/center>Ale jdeme d\u00e1l. Vl\u00e1d\u011b byla Poslaneckou sn\u011bmovnou vyslovena d\u016fv\u011bra 15.\u00a0ledna 2026, tedy dva t\u00fddny nazp\u011bt.<\/p>\n<p>Na to Milion chvilek \u00fasty Min\u00e1\u0159e reagoval slovy \u2013 \u201edo\u0161la n\u00e1m trp\u011blivost\u201c nebo \u201eje na \u010dase tomu u\u017e \u0159\u00edct dost\u201c nebo pak \u201ezem\u011b je pln\u00e1 lid\u00ed, kte\u0159\u00ed \u0159\u00edkaj\u00ed \u2013 m\u00e1me toho dost\u201c n\u00e1sledovan\u00e9 skandov\u00e1n\u00edm davu tohoto chytlav\u00e9ho hesla.<\/p>\n<p><strong>Man\u011b si vzpom\u00edn\u00e1m na rok 2021, kdy vl\u00e1du nad zem\u00ed uchv\u00e1tila (pou\u017eiju-li Min\u00e1\u0159\u016fv term\u00edn) vl\u00e1da Petra Fialy.<\/strong>\u00a0Druh\u00e1 strana brblala, na\u0159\u00edkala, ale \u017ee by \u010dtrn\u00e1ct dn\u00ed po\u00a0vysloven\u00ed d\u016fv\u011bry uplat\u0148ovala sv\u00e9 pr\u00e1vo na nesouhlas? Ten p\u0159ece projela v\u00a0\u0159\u00edjnov\u00fdch volb\u00e1ch roku 2021. Stejn\u011b jako Fialova vl\u00e1da prohr\u00e1la sv\u016fj boj p\u0159i\u00a0lo\u0148sk\u00fdch \u0159\u00edjnov\u00fdch volb\u00e1ch.<\/p>\n<p>Demonstrace proti Fialov\u011b vl\u00e1d\u011b byly n\u011bkdy v\u00a0z\u00e1\u0159\u00ed 2022, t\u00e9m\u011b\u0159 rok od voleb.<\/p>\n<p>A tady je t\u0159eba si v\u0161imnout a\u00a0porovnat d\u016fvody.<\/p>\n<p>V roce 2022 se protestovalo proti ne\u010dinnosti vl\u00e1dy stran absurdn\u00edho zvy\u0161ov\u00e1n\u00ed cen energi\u00ed, ne\u010dinnosti vl\u00e1dy stran inflace, byl to k\u0159ik \u2013 m\u00e1me se re\u00e1ln\u011b h\u016f\u0159 a vid\u00edme, \u017ee je to z\u010d\u00e1sti i vinou vl\u00e1dy. Nebyla to tedy demonstrace apriori proti Fialovi a jeho vl\u00e1d\u011b, ale proti konkr\u00e9tn\u00edm probl\u00e9m\u016fm. Dalo se to ch\u00e1pat, proto\u017ee \u010d\u00e1st spole\u010dnosti se skute\u010dn\u011b propadala do chudoby.<\/p>\n<p><strong>V\u010dera se ov\u0161em demonstrovalo vlastn\u011b bez d\u016fvodu.<\/strong>\u00a0Babi\u0161ova vl\u00e1da prakticky je\u0161t\u011b neusedla do k\u0159esel. Zat\u00edm stihla do druh\u00e9ho \u010dten\u00ed poslat novelizaci stavebn\u00edho z\u00e1kona (kter\u00e1 m\u00e1 zrychlit stavebn\u00ed povolov\u00e1n\u00ed, to snad nikomu nevad\u00ed). Nic moc dal\u0161\u00edho. Ale Milion chvilek vol\u00e1 \u2013 \u201edo\u0161la n\u00e1m trp\u011blivost\u201c. S\u00a0\u010d\u00edm konkr\u00e9tn\u011b?<\/p>\n<p>Ale darmo mluvit, ono toti\u017e v\u016fbec nejde o\u00a0volby.<\/p>\n<p><strong>Prezident\u00a0<a href=\"https:\/\/www.facebook.com\/prezidentpavel\/posts\/pfbid0YqMuYJwwsBrMaxJFg7UsWGBuoGTJ1aPH7eDCafRw7bmR1ndRW2Ky1tE7uPDm5gTXl?locale=cs_CZ\" target=\"_blank\" rel=\"noopener\">poslal<\/a>\u00a0demonstruj\u00edc\u00edm z\u00a0dovolen\u00e9 p\u0159es Facebook zdravici.<\/strong>\u00a0\u201e\u2026V\u00e1\u017e\u00edm si v\u0161ech, kte\u0159\u00ed jsou p\u0159ipraveni p\u0159idat sv\u016fj hlas k\u00a0obran\u011b slu\u0161nosti, pravdy, solidarity a\u00a0respektu jednoho k\u00a0druh\u00e9mu. Obrana t\u011bchto hodnot nen\u00ed naivitou ani p\u0159ekonanou ,havlovskou iluz\u00ed\u2019. Je \u017eivotaschopnou alternativou k\u00a0bezhodnotov\u00e9mu pragmatismu, kter\u00fd v\u011b\u0159\u00ed, \u017ee s\u00edla je v\u00edc ne\u017e pr\u00e1vo, arogance v\u00edc ne\u017e slu\u0161nost a\u00a0\u017ee svobodu slova lze nahradit svobodou lh\u00e1t, p\u0159ekrucovat a\u00a0ur\u00e1\u017eet\u2026\u201c<\/p>\n<p>Politick\u00fd k\u00fd\u010d, to je prvn\u00ed, co m\u011b u\u00a0\u010dten\u00ed napadlo. Dovol\u00e1v\u00e1n\u00ed se nejvy\u0161\u0161\u00edch hodnot u\u00a0boje \u010dist\u011b koryt\u00e1\u0159sk\u00e9ho. A\u017e se mi trochu zvedl \u017ealudek nad t\u00edm zn\u00e1sil\u0148ov\u00e1n\u00edm pojm\u016f lidsk\u00e9 spole\u010dnosti.<\/p>\n<p><strong>Vpravd\u011b, za\u010d\u00ednaj\u00edc\u00ed v\u00e1lka mezi Hradem a\u00a0Strakovkou, nen\u00ed v\u00e1lkou hodnotovou.<\/strong>\u00a0Tady je nutn\u00e9 si p\u0159ipomenout slova ministra Macinky. Ten na XTV\u00a0<a href=\"https:\/\/www.echo24.cz\/a\/HFu8C\/macinka-politicke-neziskovky-lidska-prava-dotace-vyzva-transformace-zahranicni-veci-ministr-vicepremier?fbclid=IwY2xjawPfXhFleHRuA2FlbQIxMABicmlkETBmUGRRR0twMjdtQThPb1Nqc3J0YwZhcHBfaWQQMjIyMDM5MTc4ODIwMDg5MgABHvKBAITfs0Rhv9vHtFGUUtc0fDbQufmgFw3makQ_b56T9fx1VzqcCY93jl63_aem_PPF-EAe41j1qC2nzUXDysQ\" target=\"_blank\" rel=\"noopener\"><strong>vyjmenoval<\/strong><\/a>\u00a0n\u011bkolik neziskovek, jejich program\u016f a\u00a0financ\u00ed putuj\u00edc\u00edch k\u00a0nim z\u00a0kasy ministerstva. \u201eSt\u00e1t nen\u00ed platformou pro aktivismus. Politick\u00e1 rozhodnut\u00ed nemaj\u00ed vznikat v\u00a0kancel\u00e1\u0159\u00edch neziskov\u00fdch organizac\u00ed, kter\u00e9 nikdo nevolil,\u201c zkonstatoval Macinka a\u00a0\u0159ekl, \u017ee se jedn\u00e1 o\u00a0des\u00edtky a\u017e stovky milion\u016f korun do nata\u017een\u00fdch rukou politick\u00fdch neziskovek, kter\u00e9 jeho ministerstvo \u0161krtne. A\u00a0nejde samoz\u0159ejm\u011b jen o\u00a0cifru pen\u011bz, ale i\u00a0o\u00a0omezen\u00ed vlivu neziskovek na politiku zem\u011b.<\/p>\n<p>A tady, jak to \u010dtu, je ten hlavn\u00ed probl\u00e9m. Nikoliv nedotknuteln\u00e9 hodnoty, ale \u201ed\u00edpstejtov\u00e1\u201c doposud skryt\u011b spoluvl\u00e1dnouc\u00ed vrstva neziskovek a\u00a0jim naslouchaj\u00edc\u00edch politik\u016f. Tak\u017ee slu\u0161nost, pravda, solidarita ani respekt mezi lidmi nebudou nikterak ohro\u017eeny. Tedy nad m\u00edru hyenismu a\u00a0hulv\u00e1tstv\u00ed v\u00a0politice obvykl\u00e9.<\/p>\n<p>Prezident i\u00a0chvilka\u0159i se sna\u017e\u00ed konflikt vykreslit jako hodnotov\u00fd, snad a\u017e osudov\u00fd, ale je to jen dal\u0161\u00ed \u00fapln\u011b tup\u00e1 rva\u010dka o\u00a0pen\u011b\u017eenky da\u0148ov\u00fdch poplatn\u00edk\u016f. Divadeln\u00ed p\u0159edstaven\u00ed, fra\u0161ka, oblbov\u00e1n\u00ed mas a\u00a0vytv\u00e1\u0159en\u00ed on\u00e9 blb\u00e9 n\u00e1lady hrani\u010d\u00edc\u00ed a\u017e s\u00a0chronickou depres\u00ed.<\/p>\n<p><strong>Pak je tu samoz\u0159ejm\u011b i\u00a0pokra\u010duj\u00edc\u00ed rozd\u011blen\u00ed na my a\u00a0oni<\/strong>. Min\u00e1\u0159 na demonstraci o\u00a0druh\u00e9 stran\u011b barik\u00e1dy mluvil jako o\u00a0hulv\u00e1tech, zr\u00e1dc\u00edch, exministryn\u011b Eva Decroix druhou stranu z\u00a0davu na Starom\u011bstsk\u00e9m n\u00e1m\u011bst\u00ed ozna\u010dila za\u00a0<a href=\"https:\/\/www.facebook.com\/decroix.cz\/posts\/pfbid02gFYBWAJwSYvkitpUfQ7aKPTnKmtXxqguYRjhuCCpsGopjSRG8EXgEP42Nfazaitul?locale=cs_CZ\" target=\"_blank\" rel=\"noopener\"><strong>svolo\u010d<\/strong><\/a>.<\/p>\n<p>P\u0159ipojil se i\u00a0prezident, a\u010d v\u00a0um\u00edrn\u011bn\u011bj\u0161\u00ed, ale p\u0159esto p\u0159\u00edkladn\u011b rozd\u011bluj\u00edc\u00ed replice: \u201eChci pod\u011bkovat v\u0161em, kte\u0159\u00ed dnes ze v\u0161ech kout\u016f zem\u011b p\u0159ijeli do Prahy vyj\u00e1d\u0159it sv\u016fj n\u00e1zora podporu slu\u0161n\u00e9 \u010cesk\u00e9 republice,\u201c napsal prezident. Nep\u0159ijel jsem do Prahy podpo\u0159it neziskovk\u00e1\u0159skou lobby, mohl by mi n\u011bkdo nadefinovat tu \u010d\u00e1st republiky, kterou lze ozna\u010dit za neslu\u0161nou? To je n\u011bjak\u00fd neofolt\u00fdnismus, kter\u00fd m\u00e1 zahnat \u010d\u00e1st spole\u010dnosti za politicky dezinfek\u010dn\u00ed p\u0159\u00edkopy pro folt\u00fdnovsk\u00e9 \u201esvin\u011b\u201c?<\/p>\n<p><strong>Jen\u017ee vl\u00e1da Petra Fialy, kter\u00e1 podobnou r\u00e9toriku protla\u010dovala, skon\u010dila.<\/strong>\u00a0A prezident, pokud nechce paralyzovat \u010deskou politiku, by m\u011bl za\u010d\u00edt trochu p\u0159em\u00fd\u0161let. I\u00a0ten Milo\u0161 Zeman po\u00a0volb\u00e1ch 2021 sice d\u011blal k\u016f\u017ei\u010dky, ale v\u00e1lku s\u00a0Fialou nezah\u00e1jil. V\u011bd\u011bl, \u017ee by to zemi v\u00fdznamn\u011b u\u0161kodilo. Ale to je prezidentovi asi jedno. Nu, co \u010dinit, snad dostane Petr Kol\u00e1\u0159 rozum a\u00a0za\u010dne vl\u00e1dnout skrze prezidenta trochu rozumn\u011bji.<\/p>\n<p>\u201eTohle je jen za\u010d\u00e1tek,\u201c zazn\u011blo na konci projevu Mikul\u00e1\u0161e Min\u00e1\u0159e. Demonstrace proti v\u00fdsledk\u016fm voleb budou pokra\u010dovat.<\/p>\n<p><a href=\"https:\/\/www.krajskelisty.cz\/praha\/34556-snaha-o-privatizaci-demokracie-komentar-stepana-chaba.htm\"><em>\u0160T\u011aP\u00c1N CH\u00c1B<\/em><\/a><\/p>\n<p><img decoding=\"async\" loading=\"lazy\" class=\"alignnone  wp-image-96529\" src=\"http:\/\/www.infokuryr.cz\/n\/wp-content\/uploads\/2026\/01\/stepan-chab.jpg\" alt=\"\" width=\"148\" height=\"158\" \/><\/p>\n<p><em>Na sn\u00edmku hlavn\u00ed mluv\u010d\u00ed na tribun\u011b Milionu chvilek pro demokracii \u2013 demagog a defraudant Mikul\u00e1\u0161 Min\u00e1\u0159<\/em><\/p>\n<p>&nbsp;<\/p>\n","protected":false},"excerpt":{"rendered":"<p>Nakoukl jsem na za\u010d\u00e1tek demonstrace Milionu chvilek. Na proslov Mikul\u00e1\u0161e Min\u00e1\u0159e. Na skandov\u00e1n\u00ed davu. P\u0159e\u010detl&#8230;<\/p>\n","protected":false},"author":2,"featured_media":98781,"comment_status":"closed","ping_status":"closed","sticky":false,"template":"","format":"standard","meta":[],"categories":[6],"tags":[169,1503,257,51,122],"_links":{"self":[{"href":"https:\/\/www.infokuryr.cz\/n\/wp-json\/wp\/v2\/posts\/98780"}],"collection":[{"href":"https:\/\/www.infokuryr.cz\/n\/wp-json\/wp\/v2\/posts"}],"about":[{"href":"https:\/\/www.infokuryr.cz\/n\/wp-json\/wp\/v2\/types\/post"}],"author":[{"embeddable":true,"href":"https:\/\/www.infokuryr.cz\/n\/wp-json\/wp\/v2\/users\/2"}],"replies":[{"embeddable":true,"href":"https:\/\/www.infokuryr.cz\/n\/wp-json\/wp\/v2\/comments?post=98780"}],"version-history":[{"count":0,"href":"https:\/\/www.infokuryr.cz\/n\/wp-json\/wp\/v2\/posts\/98780\/revisions"}],"wp:featuredmedia":[{"embeddable":true,"href":"https:\/\/www.infokuryr.cz\/n\/wp-json\/wp\/v2\/media\/98781"}],"wp:attachment":[{"href":"https:\/\/www.infokuryr.cz\/n\/wp-json\/wp\/v2\/media?parent=98780"}],"wp:term":[{"taxonomy":"category","embeddable":true,"href":"https:\/\/www.infokuryr.cz\/n\/wp-json\/wp\/v2\/categories?post=98780"},{"taxonomy":"post_tag","embeddable":true,"href":"https:\/\/www.infokuryr.cz\/n\/wp-json\/wp\/v2\/tags?post=98780"}],"curies":[{"name":"wp","href":"https:\/\/api.w.org\/{rel}","templated":true}]}}