{"id":9878,"date":"2022-04-22T13:16:38","date_gmt":"2022-04-22T11:16:38","guid":{"rendered":"http:\/\/www.infokuryr.cz\/n\/?p=9878"},"modified":"2022-04-22T13:16:38","modified_gmt":"2022-04-22T11:16:38","slug":"selanka-na-prime-pro-ods-urcite-kriticke-dotazy-zmizely-obvineni-se-nezkoumaji-dukazu-netreba","status":"publish","type":"post","link":"https:\/\/www.infokuryr.cz\/n\/2022\/04\/22\/selanka-na-prime-pro-ods-urcite-kriticke-dotazy-zmizely-obvineni-se-nezkoumaji-dukazu-netreba\/","title":{"rendered":"Selanka na Prim\u011b. Pro ODS ur\u010dit\u011b. Kritick\u00e9 dotazy zmizely. Obvin\u011bn\u00ed se nezkoumaj\u00ed, d\u016fkaz\u016f net\u0159eba.."},"content":{"rendered":"<div id=\"fb-root\"><\/div>\n<p><strong>Od\u00e9es\u00e1ci N\u011bmcov\u00e1 a Fiala si klidn\u011b dovol\u00ed v televizi Prima lh\u00e1t a lh\u00e1t a lh\u00e1t a moder\u00e1torka na to nereaguje!!!<\/strong><\/p>\n<p><iframe loading=\"lazy\" title=\"Selanka na Prim\u011b. Pro ODS ur\u010dit\u011b. Kritick\u00e9 dotazy zmizely. Obvin\u011bn\u00ed se nezkoumaj\u00ed, d\u016fkaz\u016f net\u0159eba..\" width=\"640\" height=\"360\" src=\"https:\/\/www.youtube.com\/embed\/yW3E_tnLKRA?start=1&#038;feature=oembed\" frameborder=\"0\" allow=\"accelerometer; autoplay; clipboard-write; encrypted-media; gyroscope; picture-in-picture\" allowfullscreen><\/iframe><\/p>\n<p><img decoding=\"async\" loading=\"lazy\" class=\"alignnone size-full wp-image-1185\" src=\"http:\/\/www.infokuryr.cz\/n\/wp-content\/uploads\/2021\/04\/kuryr-podpis.png\" alt=\"\" width=\"84\" height=\"24\" \/><\/p>\n<p>&nbsp;<\/p>\n","protected":false},"excerpt":{"rendered":"<p>Od\u00e9es\u00e1ci N\u011bmcov\u00e1 a Fiala si klidn\u011b dovol\u00ed v televizi Prima lh\u00e1t a lh\u00e1t a lh\u00e1t&#8230;<\/p>\n","protected":false},"author":2,"featured_media":9642,"comment_status":"closed","ping_status":"closed","sticky":false,"template":"","format":"standard","meta":[],"categories":[6],"tags":[1512,1497,851,864,192,889],"_links":{"self":[{"href":"https:\/\/www.infokuryr.cz\/n\/wp-json\/wp\/v2\/posts\/9878"}],"collection":[{"href":"https:\/\/www.infokuryr.cz\/n\/wp-json\/wp\/v2\/posts"}],"about":[{"href":"https:\/\/www.infokuryr.cz\/n\/wp-json\/wp\/v2\/types\/post"}],"author":[{"embeddable":true,"href":"https:\/\/www.infokuryr.cz\/n\/wp-json\/wp\/v2\/users\/2"}],"replies":[{"embeddable":true,"href":"https:\/\/www.infokuryr.cz\/n\/wp-json\/wp\/v2\/comments?post=9878"}],"version-history":[{"count":0,"href":"https:\/\/www.infokuryr.cz\/n\/wp-json\/wp\/v2\/posts\/9878\/revisions"}],"wp:featuredmedia":[{"embeddable":true,"href":"https:\/\/www.infokuryr.cz\/n\/wp-json\/wp\/v2\/media\/9642"}],"wp:attachment":[{"href":"https:\/\/www.infokuryr.cz\/n\/wp-json\/wp\/v2\/media?parent=9878"}],"wp:term":[{"taxonomy":"category","embeddable":true,"href":"https:\/\/www.infokuryr.cz\/n\/wp-json\/wp\/v2\/categories?post=9878"},{"taxonomy":"post_tag","embeddable":true,"href":"https:\/\/www.infokuryr.cz\/n\/wp-json\/wp\/v2\/tags?post=9878"}],"curies":[{"name":"wp","href":"https:\/\/api.w.org\/{rel}","templated":true}]}}