{"id":98771,"date":"2026-02-06T00:23:26","date_gmt":"2026-02-05T23:23:26","guid":{"rendered":"https:\/\/www.infokuryr.cz\/n\/?p=98771"},"modified":"2026-02-05T12:24:05","modified_gmt":"2026-02-05T11:24:05","slug":"vznikla-v-evrope-nova-mocenska-osa-mezi-nemeckem-a-italii","status":"publish","type":"post","link":"https:\/\/www.infokuryr.cz\/n\/2026\/02\/06\/vznikla-v-evrope-nova-mocenska-osa-mezi-nemeckem-a-italii\/","title":{"rendered":"Vznikla v Evrop\u011b nov\u00e1 mocensk\u00e1 osa mezi N\u011bmeckem a It\u00e1li\u00ed?"},"content":{"rendered":"<div id=\"fb-root\"><\/div>\n<h3 class=\"s-tagline fw-tagline\"><span dir=\"auto\">Francie je \u201enov\u00e1 It\u00e1lie\u201c, uv\u00e1d\u00ed jeden britsk\u00fd port\u00e1l, proto\u017ee Francie pod Macronem za\u010d\u00edn\u00e1 vypadat jako \u201eproblematick\u00fd \u010dlensk\u00fd st\u00e1t EU\u201c<\/span><\/h3>\n<p><span dir=\"auto\">Italsk\u00e1 premi\u00e9rka Giorgia Meloni a n\u011bmeck\u00fd kancl\u00e9\u0159 Friedrich Merz podepsali v \u0158\u00edm\u011b \u201edohodu o partnerstv\u00ed\u201c, kter\u00e1 se zam\u011b\u0159uje na pos\u00edlen\u00ed bezpe\u010dnostn\u00ed politiky a evropsk\u00e9ho obrann\u00e9ho pr\u016fmyslu, p\u0159\u00edsn\u011bj\u0161\u00ed opat\u0159en\u00ed proti migraci, omezen\u00ed \u201enadm\u011brn\u00e9 regulace\u201c Bruselu a stimulaci obchodu, uv\u00e1d\u00ed \u010dl\u00e1nek v den\u00edku Telegraph, na kter\u00fd cituje\u00a0<\/span><a href=\"https:\/\/mandiner.hu\/kulfold\/2026\/02\/varatlan-szovetseget-kotott-meloni-aminek-macron-nem-fog-orulni\"><span dir=\"auto\">Mandiner<\/span><\/a><span dir=\"auto\">\u00a0.<\/span><\/p>\n<p><span dir=\"auto\">Britsk\u00fd port\u00e1l uv\u00e1d\u00ed, \u017ee It\u00e1lie a N\u011bmecko \u201ep\u0159evzaly kormidlo Evropy od Emmanuela Macrona v historick\u00e9m zlomu\u201c a p\u0159edpov\u00edd\u00e1, \u017ee francouzsk\u00fd prezident Emanuel Macron nebude s t\u00edmto nov\u00fdm p\u0159\u00e1telstv\u00edm spokojen\u00fd, proto\u017ee se zd\u00e1, \u017ee vrh\u00e1 st\u00edn na Francii a je\u0161t\u011b ost\u0159eji na tradi\u010dn\u00ed francouzsko-n\u011bmeckou mocenskou osu.<\/span><\/p>\n<p><span dir=\"auto\">Na jejich setk\u00e1n\u00ed Merz tisku \u0159ekl: \u201eIt\u00e1lie a N\u011bmecko jsou si bl\u00ed\u017e ne\u017e kdy d\u0159\u00edve.\u201c A jeden diplomat EU byl citov\u00e1n, kdy\u017e prohl\u00e1sil, \u017ee Berl\u00edn \u201epot\u0159ebuje partnery, se kter\u00fdmi m\u016f\u017ee spolupracovat\u201c, a \u0158\u00edm se v tuto chv\u00edli zd\u00e1 b\u00fdt stabiln\u011bj\u0161\u00ed ne\u017e Pa\u0159\u00ed\u017e.<\/span><\/p>\n<p><span dir=\"auto\">Ital\u0161t\u00ed p\u0159edstavitel\u00e9 uvedli, \u017ee dohoda poukazuje na \u201enov\u00e9 t\u011b\u017ei\u0161t\u011b\u201c v r\u00e1mci EU, uv\u00e1d\u00ed Telegraph, kter\u00fd \u010dten\u00e1\u0159\u016fm tak\u00e9 p\u0159ipom\u00edn\u00e1, \u017ee se v posledn\u00edch n\u011bkolika letech hodn\u011b zm\u011bnilo. Zat\u00edmco Meloni byla mnoh\u00fdmi pova\u017eov\u00e1na za euroskeptickou populistku, nyn\u00ed je vn\u00edm\u00e1na jako \u201epragmati\u010dka\u201c a jedna z nejvlivn\u011bj\u0161\u00edch evropsk\u00fdch l\u00eddr\u016f.<\/span><\/p>\n<p><span dir=\"auto\">List doch\u00e1z\u00ed k z\u00e1v\u011bru, \u017ee duo Merz-Meloni by posunulo politickou agendu kontinentu\u00a0 <\/span><span dir=\"auto\">\u201ekonzervativn\u011bj\u0161\u00edm sm\u011brem\u201c, zat\u00edmco vliv Pa\u0159\u00ed\u017ee by d\u00e1le poklesl.<\/span><\/p>\n<p><span dir=\"auto\">Britsk\u00fd port\u00e1l pot\u00e9 uva\u017euje o nov\u00e9 realit\u011b, kde je Francie \u201enovou It\u00e1li\u00ed\u201c, kv\u016fli obav\u00e1m z dluh\u016f a politick\u00e9 nejistoty. Francie podle nich za\u010d\u00edn\u00e1 vypadat jako \u201eproblematick\u00fd \u010dlensk\u00fd st\u00e1t EU\u201c, zat\u00edmco It\u00e1lie pod veden\u00edm Meloniho se sna\u017e\u00ed vl\u00e1dnout do opa\u010dn\u00e9 pozice.<\/span><\/p>\n<p><span dir=\"auto\">Jeden francouzsk\u00fd zdroj port\u00e1lu sd\u011blil, \u017ee Merz se domn\u00edv\u00e1, \u017ee by bylo obt\u00ed\u017en\u00e9 vysv\u011btlit n\u011bmeck\u00e9 ve\u0159ejnosti, pro\u010d by bylo dobr\u00e9 \u201esd\u00edlet dluh\u201c s partnerem, kter\u00fd \u201epades\u00e1t let nebyl schopen vyrovnat sv\u016fj rozpo\u010det\u201c.<\/span><\/p>\n<p><span dir=\"auto\">Mezit\u00edm Meloniov\u00e1 ve sv\u00e9 zemi \u201eud\u011blala po\u0159\u00e1dek\u201c.<\/span><\/p>\n<p><span dir=\"auto\">Port\u00e1l se tak\u00e9 domn\u00edv\u00e1, \u017ee osa Merz-Meloni by neprosazovala antiamerikanismus francouzsk\u00e9ho stylu a konfronta\u010dn\u00ed chov\u00e1n\u00ed v\u016f\u010di Donaldu Trumpovi.<\/span><\/p>\n<p><span dir=\"auto\">Anal\u00fdza zd\u016fraz\u0148uje Merz\u016fv z\u00e1vazek k NATO a transatlantick\u00e9 reflexy a charakterizuje Meloniovou jako \u201ena\u0161ept\u00e1va\u010de Trumpa\u201c, v\u010detn\u011b Elona Muska mezi jeho kontakty. Auto\u0159i p\u0159esto varuj\u00ed, \u017ee Pa\u0159\u00ed\u017e lze \u201eodsunout stranou\u201c, ale \u201enelze ji ignorovat\u201c.<\/span><\/p>\n<p><span dir=\"auto\">Macronovo funk\u010dn\u00ed obdob\u00ed kon\u010d\u00ed v roce 2027, ale \u010dl\u00e1nek v\u00a0<\/span><a href=\"https:\/\/www.lemonde.fr\/en\/politics\/article\/2025\/07\/11\/macron-can-t-run-in-2027-but-he-is-hinting-at-a-return-in-2032_6743262_5.html\"><span dir=\"auto\">den\u00edku Le Monde<\/span><\/a><span dir=\"auto\"> z lo\u0148sk\u00e9ho l\u00e9ta nazna\u010dil, \u017ee by francouzsk\u00fd prezident mohl znovu kandidovat v roce 2032, kdy\u017e na stranick\u00e9m shrom\u00e1\u017ed\u011bn\u00ed \u0159ekl mlad\u00fdm lidem: \u201eBudu v\u00e1s pot\u0159ebovat za dva roky, za p\u011bt let, za deset let.<\/span><span dir=\"auto\">\u201c<\/span><\/p>\n<p><img decoding=\"async\" loading=\"lazy\" class=\"alignnone size-full wp-image-1185\" src=\"http:\/\/www.infokuryr.cz\/n\/wp-content\/uploads\/2021\/04\/kuryr-podpis.png\" alt=\"\" width=\"84\" height=\"24\" \/><\/p>\n<p>&nbsp;<\/p>\n<p>&nbsp;<\/p>\n","protected":false},"excerpt":{"rendered":"<p>Francie je \u201enov\u00e1 It\u00e1lie\u201c, uv\u00e1d\u00ed jeden britsk\u00fd port\u00e1l, proto\u017ee Francie pod Macronem za\u010d\u00edn\u00e1 vypadat jako&#8230;<\/p>\n","protected":false},"author":2,"featured_media":98772,"comment_status":"closed","ping_status":"closed","sticky":false,"template":"","format":"standard","meta":[],"categories":[7],"tags":[191,357,84,122],"_links":{"self":[{"href":"https:\/\/www.infokuryr.cz\/n\/wp-json\/wp\/v2\/posts\/98771"}],"collection":[{"href":"https:\/\/www.infokuryr.cz\/n\/wp-json\/wp\/v2\/posts"}],"about":[{"href":"https:\/\/www.infokuryr.cz\/n\/wp-json\/wp\/v2\/types\/post"}],"author":[{"embeddable":true,"href":"https:\/\/www.infokuryr.cz\/n\/wp-json\/wp\/v2\/users\/2"}],"replies":[{"embeddable":true,"href":"https:\/\/www.infokuryr.cz\/n\/wp-json\/wp\/v2\/comments?post=98771"}],"version-history":[{"count":0,"href":"https:\/\/www.infokuryr.cz\/n\/wp-json\/wp\/v2\/posts\/98771\/revisions"}],"wp:featuredmedia":[{"embeddable":true,"href":"https:\/\/www.infokuryr.cz\/n\/wp-json\/wp\/v2\/media\/98772"}],"wp:attachment":[{"href":"https:\/\/www.infokuryr.cz\/n\/wp-json\/wp\/v2\/media?parent=98771"}],"wp:term":[{"taxonomy":"category","embeddable":true,"href":"https:\/\/www.infokuryr.cz\/n\/wp-json\/wp\/v2\/categories?post=98771"},{"taxonomy":"post_tag","embeddable":true,"href":"https:\/\/www.infokuryr.cz\/n\/wp-json\/wp\/v2\/tags?post=98771"}],"curies":[{"name":"wp","href":"https:\/\/api.w.org\/{rel}","templated":true}]}}