{"id":98721,"date":"2026-02-05T00:32:01","date_gmt":"2026-02-04T23:32:01","guid":{"rendered":"https:\/\/www.infokuryr.cz\/n\/?p=98721"},"modified":"2026-02-04T18:54:21","modified_gmt":"2026-02-04T17:54:21","slug":"francouzsky-soud-potvrdil-vetrne-turbiny-zpusobuji-lidem-nemoci","status":"publish","type":"post","link":"https:\/\/www.infokuryr.cz\/n\/2026\/02\/05\/francouzsky-soud-potvrdil-vetrne-turbiny-zpusobuji-lidem-nemoci\/","title":{"rendered":"Francouzsk\u00fd soud potvrdil: V\u011btrn\u00e9 turb\u00edny zp\u016fsobuj\u00ed lidem nemoci"},"content":{"rendered":"<div id=\"fb-root\"><\/div>\n<p><strong><span dir=\"auto\">Lobby v\u011btrn\u00e9 energie a greeny dlouhodob\u011b bagatelizuj\u00ed dopady v\u011btrn\u00fdch elektr\u00e1ren na zdrav\u00ed. Francouzsk\u00fd soud nyn\u00ed potvrdil to, na co si mnoho lid\u00ed \u017eij\u00edc\u00edch v bl\u00edzkosti takov\u00fdch za\u0159\u00edzen\u00ed opakovan\u011b st\u011b\u017eovalo: Infrazvuk je \u0161kodliv\u00fd pro zdrav\u00ed.<\/span><\/strong><\/p>\n<p><span dir=\"auto\">Lid\u00e9 \u017eij\u00edc\u00ed v bl\u00edzkosti v\u011btrn\u00fdch elektr\u00e1ren si \u010dasto st\u011b\u017euj\u00ed na zdravotn\u00ed probl\u00e9my spojen\u00e9 s turb\u00ednami. Pat\u0159\u00ed mezi n\u011b bolesti hlavy, nespavost a dif\u00fazn\u00ed \u00fazkost zp\u016fsoben\u00e1 infrazvukem z lopatek rotoru.\u00a0<\/span><a href=\"https:\/\/archive.is\/f7DMU\"><span dir=\"auto\">Jeden takov\u00fd p\u0159\u00edpad byl projedn\u00e1v\u00e1n u francouzsk\u00e9ho soudu<\/span><\/a><span dir=\"auto\"> .<\/span><\/p>\n<p><span dir=\"auto\">V severofrancouzsk\u00e9m departementu Somme podala b\u00fdval\u00e1 u\u010ditelka \u017ealobu na v\u011btrnou farmu s dvan\u00e1cti turb\u00ednami, kter\u00e1 se nach\u00e1zela v\u00edce ne\u017e 500 metr\u016f od jej\u00edho domova. Od jej\u00edho uveden\u00ed do provozu v roce 2009 trp\u011bla siln\u00fdmi bolestmi hlavy, poruchami sp\u00e1nku, stresem a \u00fazkost\u00ed, kter\u00e9 d\u0159\u00edve neza\u017e\u00edvala. Neurologick\u00e1 zpr\u00e1va stanovila, \u017ee p\u0159\u00edznaky pravideln\u011b mizely, jakmile \u017ealobkyn\u011b opustila oblast nebo byly turb\u00edny odstaveny. Pro soudce ve \u0160trasburku byla souvislost \u201ep\u0159\u00edm\u00e1 a jist\u00e1\u201c.<\/span><\/p>\n<p><span dir=\"auto\">Soud se zam\u011b\u0159il na l\u00e9ka\u0159sk\u00e9 zpr\u00e1vy a technick\u00e1 m\u011b\u0159en\u00ed. \u017dalobci p\u0159edlo\u017eili studie o n\u00edzkofrekven\u010dn\u00edm zvuku a infrazvuku, tj. frekven\u010dn\u00edch p\u00e1smech pod 20 hertz\u016f, kter\u00e9 jsou nesly\u0161iteln\u00e9, ale fyzicky vn\u00edmateln\u00e9. Tyto v\u0161ak v procesu schvalov\u00e1n\u00ed nehraj\u00ed prakticky \u017e\u00e1dnou roli, proto\u017ee je nelze sly\u0161et.<\/span><\/p>\n<p><span dir=\"auto\">Soudci v\u00fdslovn\u011b zm\u00ednili, \u017ee roli sehr\u00e1lo i ru\u0161en\u00ed zraku. Neust\u00e1le blikaj\u00edc\u00ed sv\u011btla na sloupech, ve dne b\u00edl\u00e1 a v noci \u010derven\u00e1, vytv\u00e1\u0159ela trvalou stresovou situaci, kter\u00e1 bydlen\u00ed ve vlastn\u00edm dom\u011b ob\u010das \u010dinila nesnesiteln\u00fdm.<\/span><\/p>\n<p><span dir=\"auto\">Pr\u00e1vn\u00edk \u017ealobce spr\u00e1vn\u011b hovo\u0159il o historick\u00e9m okam\u017eiku. Soud poprv\u00e9 v\u00fdslovn\u011b uznal, \u017ee v\u011btrn\u00e9 turb\u00edny mohou po\u0161kozovat nejen krajinu, ale i lidi. Pr\u00e1vn\u011b se to ozna\u010duje jako \u201eneobvykl\u00e9 naru\u0161en\u00ed okol\u00ed\u201c. To znamen\u00e1, \u017ee \u017ealobce (stejn\u011b jako jak\u00e1koli jin\u00e1 dot\u010den\u00e1 strana, kter\u00e1 se na toto rozhodnut\u00ed odvol\u00e1v\u00e1) nyn\u00ed m\u016f\u017ee \u017ealovat o n\u00e1hradu \u0161kody, omezen\u00ed provozu a dokonce i odstaven\u00ed turb\u00edn.<\/span><\/p>\n<p><span dir=\"auto\">Pro investory a provozovatele takov\u00fdch v\u011btrn\u00fdch elektr\u00e1ren je to v\u0161ak t\u011b\u017ek\u00e1 r\u00e1na. Banky, poji\u0161\u0165ovny a fondy jsou citliv\u00e9 na pr\u00e1vn\u00ed nejistotu. Pokud v\u011btrn\u00e9 elektr\u00e1rny ji\u017e nebudou pova\u017eov\u00e1ny za infrastrukturu prakticky bez odpov\u011bdnosti, ale sp\u00ed\u0161e za potenci\u00e1ln\u00ed zdroj n\u00e1rok\u016f na od\u0161kodn\u011bn\u00ed, n\u00e1klady na financov\u00e1n\u00ed se zv\u00fd\u0161\u00ed nebo se projekty zcela opust\u00ed. D\u016fvodem je, \u017ee rozhodnut\u00ed zvy\u0161uje tzv. projektov\u00e9 riziko.<\/span><\/p>\n<p><img decoding=\"async\" loading=\"lazy\" class=\"alignnone size-full wp-image-1185\" src=\"http:\/\/www.infokuryr.cz\/n\/wp-content\/uploads\/2021\/04\/kuryr-podpis.png\" alt=\"\" width=\"84\" height=\"24\" \/><\/p>\n<p>&nbsp;<\/p>\n","protected":false},"excerpt":{"rendered":"<p>Lobby v\u011btrn\u00e9 energie a greeny dlouhodob\u011b bagatelizuj\u00ed dopady v\u011btrn\u00fdch elektr\u00e1ren na zdrav\u00ed. Francouzsk\u00fd soud nyn\u00ed&#8230;<\/p>\n","protected":false},"author":2,"featured_media":98722,"comment_status":"closed","ping_status":"closed","sticky":false,"template":"","format":"standard","meta":[],"categories":[7],"tags":[130,324,2625,21],"_links":{"self":[{"href":"https:\/\/www.infokuryr.cz\/n\/wp-json\/wp\/v2\/posts\/98721"}],"collection":[{"href":"https:\/\/www.infokuryr.cz\/n\/wp-json\/wp\/v2\/posts"}],"about":[{"href":"https:\/\/www.infokuryr.cz\/n\/wp-json\/wp\/v2\/types\/post"}],"author":[{"embeddable":true,"href":"https:\/\/www.infokuryr.cz\/n\/wp-json\/wp\/v2\/users\/2"}],"replies":[{"embeddable":true,"href":"https:\/\/www.infokuryr.cz\/n\/wp-json\/wp\/v2\/comments?post=98721"}],"version-history":[{"count":0,"href":"https:\/\/www.infokuryr.cz\/n\/wp-json\/wp\/v2\/posts\/98721\/revisions"}],"wp:featuredmedia":[{"embeddable":true,"href":"https:\/\/www.infokuryr.cz\/n\/wp-json\/wp\/v2\/media\/98722"}],"wp:attachment":[{"href":"https:\/\/www.infokuryr.cz\/n\/wp-json\/wp\/v2\/media?parent=98721"}],"wp:term":[{"taxonomy":"category","embeddable":true,"href":"https:\/\/www.infokuryr.cz\/n\/wp-json\/wp\/v2\/categories?post=98721"},{"taxonomy":"post_tag","embeddable":true,"href":"https:\/\/www.infokuryr.cz\/n\/wp-json\/wp\/v2\/tags?post=98721"}],"curies":[{"name":"wp","href":"https:\/\/api.w.org\/{rel}","templated":true}]}}