{"id":98698,"date":"2026-02-05T00:22:54","date_gmt":"2026-02-04T23:22:54","guid":{"rendered":"https:\/\/www.infokuryr.cz\/n\/?p=98698"},"modified":"2026-02-04T14:12:26","modified_gmt":"2026-02-04T13:12:26","slug":"dalsi-masakr-ceske-televize-pruzkum-stem-priznal-ze-ji-veri-jen-15-divaku-zruste-ji","status":"publish","type":"post","link":"https:\/\/www.infokuryr.cz\/n\/2026\/02\/05\/dalsi-masakr-ceske-televize-pruzkum-stem-priznal-ze-ji-veri-jen-15-divaku-zruste-ji\/","title":{"rendered":"Dal\u0161\u00ed masakr \u010cesk\u00e9 televize: pr\u016fzkum STEM p\u0159iznal, \u017ee j\u00ed v\u011b\u0159\u00ed jen 15% div\u00e1k\u016f! Zru\u0161te ji!"},"content":{"rendered":"<div id=\"fb-root\"><\/div>\n<div class=\"introtext\">\n<h4>Tak to tady je\u0161t\u011b nebylo. Od n\u00e1siln\u00e9ho p\u0159evzet\u00ed probruselsk\u00fdmi zlo\u010dinci v \u010dele se &#8222;spac\u00e1kem Rumlem a Buzkovou&#8220;, kdy lid\u00e9 nasko\u010dili na vlnu zoufal\u00e9ho vol\u00e1n\u00ed o pomoc v roce 2000 se ve\u0159ejnopr\u00e1vn\u00ed medium dopracovalo ke katastrof\u011b.<\/h4>\n<\/div>\n<div class=\"fulltext\">\n<p>A vzhledem k tomu, \u017ee tento pr\u016fzkum instituc\u00ed zadal ve\u0159ejnopr\u00e1vn\u00ed Rozhlas, lze v\u011b\u0159it, \u017ee v\u00fdzkumn\u00e1 agentura STEM tentokr\u00e1t v\u00fdzkum d\u011blala poctiv\u011b.<\/p>\n<h2 class=\"main-header\">V\u00fdzkum STEM: \u010cesk\u00e9 televizi ned\u016fv\u011b\u0159uje v\u011bt\u0161ina obyvatel \u010ceska<\/h2>\n<p>\u0158editel\u00a0<strong>\u010cesk\u00e9 televize Hynek Chud\u00e1rek<\/strong>\u00a0asi p\u0159\u00edli\u0161 nepod\u011bkuje ve\u0159ejnopr\u00e1vn\u00edm koleg\u016fm z\u00a0<strong>\u010cesk\u00e9ho rozhlasu<\/strong>. Podle nov\u00e9ho v\u00fdzkumu, kter\u00fd je ur\u010den prim\u00e1rn\u011b pro veden\u00ed \u010cRo a\u00a0<strong>Radu \u010cRo<\/strong>\u00a0a kter\u00fd zkoumal krom\u011b jin\u00e9ho vn\u00edm\u00e1n\u00ed ve\u0159ejnopr\u00e1vnosti v\u00a0<strong>\u010cesk\u00e9 republice<\/strong>, vyplynulo, \u017ee \u010cesk\u00e9 televizi ned\u016fv\u011b\u0159uje v\u011bt\u0161ina lid\u00ed v\u00a0<strong>\u010cesku<\/strong>. Konkr\u00e9tn\u011b 52 procent &#8211; 28 procent obyvatel \u010ceska\u00a0<strong>sp\u00ed\u0161e ned\u016fv\u011b\u0159uje\u00a0<\/strong>\u010cT a ve\u0159ejnopr\u00e1vn\u00ed televizi\u00a0<strong>ur\u010dit\u011b ned\u016fv\u011b\u0159uje\u00a0<\/strong>24 procent (viz men\u0161\u00ed obr\u00e1zek dole). Ur\u010dit\u011b d\u016fv\u011b\u0159uje 15 procent, sp\u00ed\u0161e d\u016fv\u011b\u0159uje 34 procent (celkov\u00fd sou\u010det v prezentaci 101 procent souvis\u00ed se zaokrouhlov\u00e1n\u00edm). Vypl\u00fdv\u00e1 to z v\u00fdzkumu agentury\u00a0<strong>STEM<\/strong>, kter\u00fd m\u00e1\u00a0<strong>Borovan.cz<\/strong>\u00a0k dispozici (viz\u00a0<a href=\"https:\/\/rada.rozhlas.cz\/sites\/default\/files\/documents\/e1ddffcdfebb04bdd4765327fbe01ca0.pdf\" target=\"_blank\" rel=\"noopener\"><strong>zde<\/strong><\/a>) a kter\u00fd minul\u00fd t\u00fdden vzala na v\u011bdom\u00ed Rada \u010cRo.<\/p>\n<p>Naopak \u010cesk\u00fd rozhlas ze stejn\u00e9ho v\u00fdzkumu vych\u00e1z\u00ed dob\u0159e. Ve\u0159ejnopr\u00e1vn\u00edmu r\u00e1diu d\u016fv\u011b\u0159uje 57 procent &#8211; ur\u010dit\u011b d\u016fv\u011b\u0159uje 17 procent a sp\u00ed\u0161e d\u016fv\u011b\u0159uje 40 procent. Sp\u00ed\u0161e ned\u016fv\u011b\u0159uje 26 procent, ur\u010dit\u011b ned\u016fv\u011b\u0159uje 17 procent.<\/p>\n<p>To ale nen\u00ed v\u0161e: v\u0161imn\u011bte si, kdy byl v\u00fdzkum zadan\u00fd, a\u00a0pro\u010d se nesm\u011ble objevuje a\u017e nyn\u00ed, kdy je situace je\u0161t\u011b hor\u0161\u00ed. \u010cesk\u00e1 televize je prolhan\u00e1,\u00a0o platech a pen\u011bz\u00edch utracen\u00fdch v \u010cesk\u00e9 televizi nesm\u00edme v\u011bd\u011bt nic, a\u010d je plat\u00edme, manipul\u00e1tor Moravec si sm\u00ed \u0159\u00edkat, co ho napadne a nikdo ho nepotrest\u00e1, a\u00a0banda koment\u00e1tor\u016f se tam chov\u00e1 jako p\u0159\u00edv\u011bsek soudruha Pavla a jeho politru\u010dky pod dohledem z Ukrajiny!\u00a0<img decoding=\"async\" loading=\"lazy\" class=\"aligncenter\" src=\"https:\/\/www.skrytapravda.cz\/images\/blogy\/2944\/2026\/pr%C5%AFzkum_92eb3.webp\" alt=\"pr\u016fzkum 92eb3\" width=\"658\" height=\"552\" \/><\/p>\n<p>A fra\u0161ka nakonec z teprve nyn\u00ed zve\u0159ejn\u011bn\u00e9ho pr\u016fzkumu: n\u011bkte\u0159\u00ed analfabeti z extremistick\u00e9 skupiny Petra Pavla a v\u0159\u00edskaj\u00edc\u00ed opozice toto zv\u011b\u0159ejnili (t\u0159eba Marian Jure\u010dka) jako d\u016fvod, pro\u010d cht\u011bj\u00ed ve sn\u011bmovn\u011b odvolat vl\u00e1du a \u017ee i ob\u010dan\u00e9 to tak vid\u00ed. Po upozorn\u011bn\u00ed, \u017ee ti tupci nech\u00e1pou, \u017ee to nen\u00ed o nov\u00e9 vl\u00e1d\u011b, ale o band\u011b kolem Fialy, Jure\u010dky, Raku\u0161ana \u010di v\u0159\u00edskaj\u00edc\u00ed Decroixov\u00e9 &#8211; bitcoinov\u00e9 to s hanbou smazali.\u00a0Vid\u00edte posledn\u00ed t\u0159i \u0159\u00e1dky?<\/p>\n<h4>A zde potvrzen\u00ed:<\/h4>\n<p><img decoding=\"async\" loading=\"lazy\" class=\"aligncenter\" src=\"https:\/\/www.skrytapravda.cz\/images\/blogy\/2944\/2026\/v%C3%BDzkum_2025_konec_vl%C3%A1dy_af257.webp\" alt=\"v\u00fdzkum 2025 konec vl\u00e1dy af257\" width=\"773\" height=\"415\" \/><\/p>\n<p>Nejde o to najednou v\u011b\u0159it pr\u016fzkum\u016fm, kdy\u017e jindy je znev\u011brohod\u0148ujeme. Jde o to, \u017ee ty pr\u016fzkumy si ud\u011blali sami pro sebe a ur\u010dit\u011b si nenap\u00ed\u0161\u00ed o sob\u011b hor\u0161\u00ed hodnocen\u00ed, ne\u017e ve skute\u010dnosti je.<\/p>\n<p><strong>U\u017e ch\u00e1pete, pro\u010d se s t\u00edm b\u00fdval\u00fd soudruh Petr Pavel nechlub\u00ed, pro\u010d se\u00a0 t\u00edm sou\u010dasn\u00e1 opozice nechlub\u00ed&#8230;?<\/strong><\/p>\n<p><strong>A u\u017e ch\u00e1pete, co se se\u0161lo za lidi na Starom\u011bstsk\u00e9m n\u00e1m\u011bst\u00ed pod svolavateli Milion chvilek @ Milion Ukrajinc\u016f?<\/strong><\/p>\n<div class=\"clauthor\">\n<div id=\"article_author\"><a href=\"https:\/\/www.skrytapravda.cz\/z-domova\/2994-dalsi-masakr-ceske-televize-pruzkum-stem-priznal-ze-ji-veri-jen-15-divaku-zruste-ji\">Petr Pokorn\u00fd<\/a><\/div>\n<div><\/div>\n<\/div>\n<\/div>\n","protected":false},"excerpt":{"rendered":"<p>Tak to tady je\u0161t\u011b nebylo. Od n\u00e1siln\u00e9ho p\u0159evzet\u00ed probruselsk\u00fdmi zlo\u010dinci v \u010dele se &#8222;spac\u00e1kem Rumlem&#8230;<\/p>\n","protected":false},"author":2,"featured_media":98699,"comment_status":"closed","ping_status":"closed","sticky":false,"template":"","format":"standard","meta":[],"categories":[6],"tags":[47,1441,1503,620],"_links":{"self":[{"href":"https:\/\/www.infokuryr.cz\/n\/wp-json\/wp\/v2\/posts\/98698"}],"collection":[{"href":"https:\/\/www.infokuryr.cz\/n\/wp-json\/wp\/v2\/posts"}],"about":[{"href":"https:\/\/www.infokuryr.cz\/n\/wp-json\/wp\/v2\/types\/post"}],"author":[{"embeddable":true,"href":"https:\/\/www.infokuryr.cz\/n\/wp-json\/wp\/v2\/users\/2"}],"replies":[{"embeddable":true,"href":"https:\/\/www.infokuryr.cz\/n\/wp-json\/wp\/v2\/comments?post=98698"}],"version-history":[{"count":1,"href":"https:\/\/www.infokuryr.cz\/n\/wp-json\/wp\/v2\/posts\/98698\/revisions"}],"predecessor-version":[{"id":98700,"href":"https:\/\/www.infokuryr.cz\/n\/wp-json\/wp\/v2\/posts\/98698\/revisions\/98700"}],"wp:featuredmedia":[{"embeddable":true,"href":"https:\/\/www.infokuryr.cz\/n\/wp-json\/wp\/v2\/media\/98699"}],"wp:attachment":[{"href":"https:\/\/www.infokuryr.cz\/n\/wp-json\/wp\/v2\/media?parent=98698"}],"wp:term":[{"taxonomy":"category","embeddable":true,"href":"https:\/\/www.infokuryr.cz\/n\/wp-json\/wp\/v2\/categories?post=98698"},{"taxonomy":"post_tag","embeddable":true,"href":"https:\/\/www.infokuryr.cz\/n\/wp-json\/wp\/v2\/tags?post=98698"}],"curies":[{"name":"wp","href":"https:\/\/api.w.org\/{rel}","templated":true}]}}