{"id":98689,"date":"2026-02-05T00:13:15","date_gmt":"2026-02-04T23:13:15","guid":{"rendered":"https:\/\/www.infokuryr.cz\/n\/?p=98689"},"modified":"2026-02-04T13:46:42","modified_gmt":"2026-02-04T12:46:42","slug":"erik-best-ignorovani-josefa-baxy","status":"publish","type":"post","link":"https:\/\/www.infokuryr.cz\/n\/2026\/02\/05\/erik-best-ignorovani-josefa-baxy\/","title":{"rendered":"Erik Best: Ignorov\u00e1n\u00ed Josefa Baxy"},"content":{"rendered":"<div id=\"fb-root\"><\/div>\n<p>P\u0159edseda ODS\u00a0<a href=\"https:\/\/www.psp.cz\/eknih\/2025ps\/stenprot\/008schuz\/s008002.htm\" target=\"_blank\" rel=\"noopener\">Martin Kupka<\/a>\u00a0v\u010dera p\u0159i zah\u00e1jen\u00ed\u00a0<a href=\"https:\/\/www.ceskatelevize.cz\/porady\/17481510639-mimoradna-schuze-snemovny-o-vysloveni-neduvery-vlade\/\" target=\"_blank\" rel=\"noopener\">mimo\u0159\u00e1dn\u00e9 sch\u016fze<\/a>\u00a0Sn\u011bmovny prohl\u00e1sil, \u017ee jedn\u00edm z\u00a0kl\u00ed\u010dov\u00fdch d\u016fvod\u016f pro vysloven\u00ed ned\u016fv\u011bry vl\u00e1d\u011b je nerespektov\u00e1n\u00ed role \u00dastavn\u00edho soudu ze strany premi\u00e9ra Andreje Babi\u0161e. Babi\u0161 m\u00e1 mo\u017enost podat kompeten\u010dn\u00ed \u017ealobu na prezidenta Petra Pavla ohledn\u011b jeho neochoty jmenovat poslance Filipa Turka ministrem, \u0159ekl Kupka, ale nepod\u00e1 ji, proto\u017ee tvrd\u00ed, \u017ee m\u00e1 s\u00a0\u00dastavn\u00edm soudem \u201esv\u00e9 zku\u0161enosti\u201c.<\/p>\n<p>P\u0159edseda \u00dastavn\u00edho soudu\u00a0<a href=\"https:\/\/cnn.iprima.cz\/baxa-doba-je-nejista-a-nestabilni-debata-zhrubla-urazky-se-nevyhybaji-ani-ustavnimu-soudu-502611\" target=\"_blank\" rel=\"noopener\">Josef Baxa<\/a>\u00a029. ledna pro CNN Prima News uvedl, \u017ee s\u00e1m nem\u00e1 jasno v\u00a0tom, jestli prezident je, nebo nen\u00ed povinen jmenovat na n\u00e1vrh p\u0159edsedy vl\u00e1dy ministra, a\u00a0dodal, \u017ee si mysl\u00ed, \u017ee nen\u00ed \u010dlov\u011bk, kter\u00fd by v\u00a0tom m\u011bl jasno.<\/p>\n<p>Takto se vyj\u00e1d\u0159il dva t\u00fddny pot\u00e9, co doln\u00ed komora parlamentu\u00a0<a href=\"https:\/\/www.psp.cz\/sqw\/hlasy.sqw?g=86493&amp;l=cz\" target=\"_blank\" rel=\"noopener\">pom\u011brem hlas\u016f 101:77<\/a>\u00a0schv\u00e1lila\u00a0<a href=\"https:\/\/www.psp.cz\/eknih\/2025ps\/stenprot\/005schuz\/s005219.htm\" target=\"_blank\" rel=\"noopener\">usnesen\u00ed<\/a>, kter\u00fdm vyzvala prezidenta, aby respektoval \u00dastavu a\u00a0jmenoval \u010dlena vl\u00e1dy podle n\u00e1vrhu premi\u00e9ra.<\/p>\n<p>T\u00edm, \u017ee zcela ignoroval toto usnesen\u00ed a\u00a0\u0159ekl, \u017ee v\u00a0t\u00e9to ot\u00e1zce nem\u00e1 z\u0159ejm\u011b jasno nikdo, se Baxa postavil\u00a0<a href=\"https:\/\/www.hrad.cz\/cs\/pro-media\/tiskove-zpravy\/aktualni-tiskove-zpravy\/vyjadreni-kpr-k-usneseni-poslanecke-snemovny-parlamentu-cr-19019#from-list\" target=\"_blank\" rel=\"noopener\">na stranu Hradu<\/a>. A\u00a0to je jeden z\u00a0d\u016fvod\u016f, pro\u010d se Babi\u0161 sna\u017e\u00ed Baxu ignorovat a\u00a0m\u00e1 tak mal\u00fd respekt k\u00a0jeho \u00dastavn\u00edmu soudu.<\/p>\n<p><a href=\"https:\/\/www.fsfinalword.cz\/?page=archive&amp;day=2026-02-04\">Erik Best<\/a><\/p>\n<p><img decoding=\"async\" loading=\"lazy\" class=\"alignnone  wp-image-1179\" src=\"http:\/\/www.infokuryr.cz\/n\/wp-content\/uploads\/2021\/04\/erik-best.jpg\" alt=\"\" width=\"128\" height=\"144\" \/><\/p>\n<p>&nbsp;<\/p>\n","protected":false},"excerpt":{"rendered":"<p>P\u0159edseda ODS\u00a0Martin Kupka\u00a0v\u010dera p\u0159i zah\u00e1jen\u00ed\u00a0mimo\u0159\u00e1dn\u00e9 sch\u016fze\u00a0Sn\u011bmovny prohl\u00e1sil, \u017ee jedn\u00edm z\u00a0kl\u00ed\u010dov\u00fdch d\u016fvod\u016f pro vysloven\u00ed ned\u016fv\u011bry vl\u00e1d\u011b&#8230;<\/p>\n","protected":false},"author":2,"featured_media":92556,"comment_status":"closed","ping_status":"closed","sticky":false,"template":"","format":"standard","meta":[],"categories":[6],"tags":[5781,1503,335],"_links":{"self":[{"href":"https:\/\/www.infokuryr.cz\/n\/wp-json\/wp\/v2\/posts\/98689"}],"collection":[{"href":"https:\/\/www.infokuryr.cz\/n\/wp-json\/wp\/v2\/posts"}],"about":[{"href":"https:\/\/www.infokuryr.cz\/n\/wp-json\/wp\/v2\/types\/post"}],"author":[{"embeddable":true,"href":"https:\/\/www.infokuryr.cz\/n\/wp-json\/wp\/v2\/users\/2"}],"replies":[{"embeddable":true,"href":"https:\/\/www.infokuryr.cz\/n\/wp-json\/wp\/v2\/comments?post=98689"}],"version-history":[{"count":0,"href":"https:\/\/www.infokuryr.cz\/n\/wp-json\/wp\/v2\/posts\/98689\/revisions"}],"wp:featuredmedia":[{"embeddable":true,"href":"https:\/\/www.infokuryr.cz\/n\/wp-json\/wp\/v2\/media\/92556"}],"wp:attachment":[{"href":"https:\/\/www.infokuryr.cz\/n\/wp-json\/wp\/v2\/media?parent=98689"}],"wp:term":[{"taxonomy":"category","embeddable":true,"href":"https:\/\/www.infokuryr.cz\/n\/wp-json\/wp\/v2\/categories?post=98689"},{"taxonomy":"post_tag","embeddable":true,"href":"https:\/\/www.infokuryr.cz\/n\/wp-json\/wp\/v2\/tags?post=98689"}],"curies":[{"name":"wp","href":"https:\/\/api.w.org\/{rel}","templated":true}]}}