{"id":98674,"date":"2026-02-05T00:18:37","date_gmt":"2026-02-04T23:18:37","guid":{"rendered":"https:\/\/www.infokuryr.cz\/n\/?p=98674"},"modified":"2026-02-04T13:17:29","modified_gmt":"2026-02-04T12:17:29","slug":"alex-manner-porodnost-na-ukrajine-klesla-na-historicke-minimum","status":"publish","type":"post","link":"https:\/\/www.infokuryr.cz\/n\/2026\/02\/05\/alex-manner-porodnost-na-ukrajine-klesla-na-historicke-minimum\/","title":{"rendered":"Alex M\u00e4nner: Porodnost na Ukrajin\u011b klesla na historick\u00e9 minimum"},"content":{"rendered":"<div id=\"fb-root\"><\/div>\n<p><span dir=\"auto\">Demografick\u00e1 situace na Ukrajin\u011b je nyn\u00ed pova\u017eov\u00e1na za katastrof\u00e1ln\u00ed. Od za\u010d\u00e1tku v\u00e1lky v roce 2022 p\u0159i\u0161lo o \u017eivot v\u00edce ne\u017e milion ukrajinsk\u00fdch voj\u00e1k\u016f. V\u00edce ne\u017e deset milion\u016f ukrajinsk\u00fdch ob\u010dan\u016f opustilo svou zemi, p\u0159edev\u0161\u00edm do Evropsk\u00e9 unie a Ruska.<\/span><\/p>\n<p><span dir=\"auto\">Klesaj\u00edc\u00ed porodnost, kter\u00e1 trv\u00e1 ji\u017e des\u00edtky let, je nav\u00edc jedn\u00edm z hlavn\u00edch demografick\u00fdch probl\u00e9m\u016f Ukrajiny. Zem\u011b za\u017e\u00edv\u00e1 od za\u010d\u00e1tku 90. let 20. stolet\u00ed hluboce znepokojiv\u00fd trend popula\u010dn\u00edho r\u016fstu. V t\u00e9 dob\u011b se na Ukrajin\u011b ka\u017edoro\u010dn\u011b rodilo kolem p\u016fl milionu d\u011bt\u00ed. Po rozpadu Sov\u011btsk\u00e9ho svazu v\u0161ak porodnost rok od roku klesala a loni dos\u00e1hla historick\u00e9ho minima.<\/span><\/p>\n<p><a href=\"https:\/\/112.ua\/de\/ukraina-vtracae-naselenna-u-2025-roci-na-odnu-narodzenu-ditinu-pripalo-tri-smerti-136775\" rel=\"\"><span dir=\"auto\">Podle zpr\u00e1v ukrajinsk\u00fdch m\u00e9di\u00ed se v roce 2025 na Ukrajin\u011b narodilo p\u0159ibli\u017en\u011b 169 000 d\u011bt\u00ed.\u00a0<\/span><\/a><span dir=\"auto\">Ve srovn\u00e1n\u00ed s p\u0159edv\u00e1le\u010dn\u00fdm rokem 2021 \u2013 kdy se narodilo 273 000 d\u011bt\u00ed \u2013 se porodnost sn\u00ed\u017eila o t\u00e9m\u011b\u0159 40 procent. Nejprud\u0161\u00ed pokles nastal v roce 2022, kdy do\u0161lo k poklesu o 25 procent, zat\u00edmco v roce 2025 \u010dinil pokles 4,5 procenta.<\/span><\/p>\n<p><span dir=\"auto\">Odborn\u00edci proto odhaduj\u00ed porodnost na p\u0159ibli\u017en\u011b 0,9 porod\u016f na \u017eenu. A vzhledem k tomu, \u017ee Ukrajina m\u00e1 nyn\u00ed\u00a0<\/span><a href=\"https:\/\/www.cia.gov\/the-world-factbook\/field\/death-rate\/country-comparison\/\" rel=\"\"><span dir=\"auto\">nejvy\u0161\u0161\u00ed \u00famrtnost na sv\u011bt\u011b\u00a0<\/span><\/a><span dir=\"auto\">, je po\u010det \u00famrt\u00ed v zemi nyn\u00ed v\u00edce ne\u017e trojn\u00e1sobn\u00fd oproti po\u010dtu porod\u016f. Mezi lety 2018 a 2020 byl pom\u011br 2:1.<\/span><\/p>\n<p><span dir=\"auto\">Op\u011bt je t\u0159eba zd\u016fraznit klesaj\u00edc\u00ed\u00a0<\/span><a href=\"https:\/\/www.statista.com\/statistics\/296567\/fertility-rate-in-ukraine\/\" rel=\"\"><span dir=\"auto\">porodnost\u00a0<\/span><\/a><span dir=\"auto\">na Ukrajin\u011b, kter\u00e1 pat\u0159\u00ed ji\u017e mnoho let k nejni\u017e\u0161\u00edm na sv\u011bt\u011b: Po rozpadu Sov\u011btsk\u00e9ho svazu v roce 1991 porodnost klesla z p\u0159ibli\u017en\u011b 2,1 d\u00edt\u011bte na \u017eenu na 1,1, ne\u017e v prvn\u00ed polovin\u011b roku 2010 m\u00edrn\u011b vzrostla na 1,3. V d\u016fsledku tzv. protest\u016f Euromajdanu v roce 2014 v\u0161ak porodnost op\u011bt klesla, tak\u017ee na za\u010d\u00e1tku tohoto desetilet\u00ed \u010dinila porodnost pouh\u00fdch 1,25.<\/span><\/p>\n<p><span dir=\"auto\">Od roku 2022 byl zaznamen\u00e1n v\u00fdrazn\u00fd pokles, co\u017e vedlo k tomu, \u017ee v roce 2023 bylo poprv\u00e9 zaregistrov\u00e1no m\u00e9n\u011b ne\u017e 200 000 porod\u016f.\u00a0<\/span><a href=\"https:\/\/www.cia.gov\/the-world-factbook\/about\/archives\/2021\/field\/birth-rate\/country-comparison\" rel=\"\"><span dir=\"auto\">Podle ned\u00e1vn\u00e9 demografick\u00e9 zpr\u00e1vy americk\u00e9 Tajn\u00e9 zpravodajsk\u00e9 slu\u017eby (CIA)\u00a0<\/span><\/a><span dir=\"auto\">se Ukrajina um\u00edstila na 201. m\u00edst\u011b z 229 zem\u00ed uveden\u00fdch ve zpr\u00e1v\u011b s porodnost\u00ed pouze dev\u00edti porod\u016f na 1 000 obyvatel. V sou\u010dasn\u00e9 dob\u011b proto na Ukrajin\u011b neexistuj\u00ed \u017e\u00e1dn\u00e9 vyhl\u00eddky na popula\u010dn\u00ed r\u016fst.<\/span><\/p>\n<p><span dir=\"auto\">Z\u00e1rove\u0148 negativn\u00ed trend zejm\u00e9na v porodnosti ilustruje, \u017ee populace Ukrajiny se neust\u00e1le zmen\u0161uje. Vzhledem k n\u00edzk\u00e9 porodnosti, vysok\u00e9 \u00famrtnosti a pokra\u010duj\u00edc\u00edmu exodu lid\u00ed z Ukrajiny se populace t\u00e9to kriz\u00ed zm\u00edtan\u00e9 zem\u011b mohla v posledn\u00edch letech sn\u00ed\u017eit p\u0159ibli\u017en\u011b o t\u0159etinu. V takov\u00e9m p\u0159\u00edpad\u011b skute\u010dn\u00e1 ukrajinsk\u00e1 populace v sou\u010dasnosti \u010d\u00edt\u00e1 pouze 25 a\u017e 30 milion\u016f. Pro p\u0159ipomenut\u00ed, v roce 1993 m\u011bla zem\u011b st\u00e1le kolem 52 milion\u016f obyvatel.<\/span><\/p>\n<p><span dir=\"auto\">V tomto kontextu je t\u0159eba konstatovat, \u017ee Ukrajina je na pokraji n\u00e1rodn\u00ed katastrofy a \u017ee demografick\u00e1 krize se pravd\u011bpodobn\u011b zhor\u0161\u00ed. K zvr\u00e1cen\u00ed tohoto trendu je nal\u00e9hav\u011b nutn\u00e1 jak siln\u00e1 imigrace, tak n\u00e1vrat t\u011bch Ukrajinc\u016f, kte\u0159\u00ed zemi v posledn\u00edch \u010dty\u0159ech letech opustili.<\/span><\/p>\n<p><a href=\"https:\/\/alexmaenner1986.substack.com\/p\/ukraine-sinkt-auf-historischen-tiefpunkt\">Alex M\u00e4nner<\/a><\/p>\n<p>&nbsp;<\/p>\n","protected":false},"excerpt":{"rendered":"<p>Demografick\u00e1 situace na Ukrajin\u011b je nyn\u00ed pova\u017eov\u00e1na za katastrof\u00e1ln\u00ed. Od za\u010d\u00e1tku v\u00e1lky v roce 2022&#8230;<\/p>\n","protected":false},"author":2,"featured_media":98675,"comment_status":"closed","ping_status":"closed","sticky":false,"template":"","format":"standard","meta":[],"categories":[7],"tags":[1042,2728,26],"_links":{"self":[{"href":"https:\/\/www.infokuryr.cz\/n\/wp-json\/wp\/v2\/posts\/98674"}],"collection":[{"href":"https:\/\/www.infokuryr.cz\/n\/wp-json\/wp\/v2\/posts"}],"about":[{"href":"https:\/\/www.infokuryr.cz\/n\/wp-json\/wp\/v2\/types\/post"}],"author":[{"embeddable":true,"href":"https:\/\/www.infokuryr.cz\/n\/wp-json\/wp\/v2\/users\/2"}],"replies":[{"embeddable":true,"href":"https:\/\/www.infokuryr.cz\/n\/wp-json\/wp\/v2\/comments?post=98674"}],"version-history":[{"count":0,"href":"https:\/\/www.infokuryr.cz\/n\/wp-json\/wp\/v2\/posts\/98674\/revisions"}],"wp:featuredmedia":[{"embeddable":true,"href":"https:\/\/www.infokuryr.cz\/n\/wp-json\/wp\/v2\/media\/98675"}],"wp:attachment":[{"href":"https:\/\/www.infokuryr.cz\/n\/wp-json\/wp\/v2\/media?parent=98674"}],"wp:term":[{"taxonomy":"category","embeddable":true,"href":"https:\/\/www.infokuryr.cz\/n\/wp-json\/wp\/v2\/categories?post=98674"},{"taxonomy":"post_tag","embeddable":true,"href":"https:\/\/www.infokuryr.cz\/n\/wp-json\/wp\/v2\/tags?post=98674"}],"curies":[{"name":"wp","href":"https:\/\/api.w.org\/{rel}","templated":true}]}}