{"id":98615,"date":"2026-02-04T00:31:56","date_gmt":"2026-02-03T23:31:56","guid":{"rendered":"https:\/\/www.infokuryr.cz\/n\/?p=98615"},"modified":"2026-02-03T17:12:27","modified_gmt":"2026-02-03T16:12:27","slug":"zdravotni-krize-zalozene-na-urovni-daru-who-ztraci-obrovskou-duveru","status":"publish","type":"post","link":"https:\/\/www.infokuryr.cz\/n\/2026\/02\/04\/zdravotni-krize-zalozene-na-urovni-daru-who-ztraci-obrovskou-duveru\/","title":{"rendered":"Zdravotn\u00ed krize zalo\u017een\u00e9 na \u00farovni dar\u016f: WHO ztr\u00e1c\u00ed obrovskou d\u016fv\u011bru"},"content":{"rendered":"<div id=\"fb-root\"><\/div>\n<h3><strong><span dir=\"auto\">O 30 procent m\u00e9n\u011b \u2013 a najednou to sta\u010d\u00ed?<\/span><\/strong><\/h3>\n<p><span dir=\"auto\">WHO drasticky sni\u017euje sv\u00e9 finan\u010dn\u00ed pot\u0159eby pro rok 2026 \u2013 bez l\u00e9ka\u0159sk\u00e9ho p\u0159ehodnocen\u00ed.<\/span><\/p>\n<p><span dir=\"auto\">Sv\u011btov\u00e1\u00a0<\/span><strong><span dir=\"auto\">zdravotnick\u00e1 organizace<\/span><\/strong><span dir=\"auto\">\u00a0po\u017eaduje na rok 2026 finan\u010dn\u00ed prost\u0159edky ve v\u00fd\u0161i\u00a0<\/span><strong><span dir=\"auto\">1 miliardy dolar\u016f<\/span><\/strong><span dir=\"auto\">\u00a0na \u0159e\u0161en\u00ed nejhor\u0161\u00edch glob\u00e1ln\u00edch zdravotn\u00edch kriz\u00ed. To je zhruba o\u00a0<\/span><strong><span dir=\"auto\">30 procent m\u00e9n\u011b,<\/span><\/strong><span dir=\"auto\">\u00a0ne\u017e se d\u0159\u00edve odhadovalo. Sn\u00ed\u017een\u00ed se nep\u0159ipisuje zlep\u0161en\u00ed situace, ale sp\u00ed\u0161e\u00a0<\/span><strong><span dir=\"auto\">nedostatku dar\u016f<\/span><\/strong><span dir=\"auto\">\u00a0.\u00a0<\/span><a href=\"https:\/\/www.straitstimes.com\/world\/who-appeals-for-1-27b-for-worlds-worst-health-crises-in-2026\" target=\"_blank\" rel=\"noreferrer noopener\" data-type=\"link\" data-id=\"https:\/\/www.reuters.com\/business\/healthcare-pharmaceuticals\/who-cuts-appeal-health-emergencies-by-third-1bln-2026-2026-02-03\/\"><span dir=\"auto\">Zdroj<\/span><\/a><\/p>\n<p><span dir=\"auto\">To je p\u0159esn\u011b ten probl\u00e9m.<\/span><\/p>\n<h3 class=\"wp-block-heading\"><span dir=\"auto\">Pot\u0159eby v z\u00e1vislosti na hotovostn\u00ed situaci<\/span><\/h3>\n<p><span dir=\"auto\">WHO ofici\u00e1ln\u011b uv\u00e1d\u00ed, \u017ee klesaj\u00edc\u00ed p\u0159\u00edsp\u011bvky \u2013 zejm\u00e9na odstoupen\u00ed hlavn\u00edch d\u00e1rc\u016f \u2013 ji donutily omezit jej\u00ed \u017e\u00e1dost o pomoc v nouzi. Organizace v\u0161ak zd\u016fraz\u0148uje, \u017ee se z \u017e\u00e1dn\u00e9 krize \u00fapln\u011b nestahuje, ale sp\u00ed\u0161e efektivn\u011bji stanovuje priority.<\/span><\/p>\n<p><span dir=\"auto\">Tento argument v\u0161ak vyvol\u00e1v\u00e1 kl\u00ed\u010dovou ot\u00e1zku:<\/span><br \/>\n<strong><span dir=\"auto\">Pokud se stav zdravotn\u00edch kriz\u00ed nezm\u011bn\u00ed, pro\u010d se finan\u010dn\u00ed pot\u0159eba tak drasticky sni\u017euje?<\/span><\/strong><\/p>\n<p><span dir=\"auto\">Sn\u00ed\u017een\u00ed rozpo\u010dtu nen\u00ed zalo\u017eeno na nov\u00e9m l\u00e9ka\u0159sk\u00e9m posouzen\u00ed, epidemiologick\u00e9m zji\u0161t\u011bn\u00ed, \u017ee v\u0161e v po\u0159\u00e1dku, ani na jak\u00e9mkoli uvoln\u011bn\u00ed nap\u011bt\u00ed v konfliktn\u00edch nebo krizov\u00fdch oblastech. Je zalo\u017eeno v\u00fdhradn\u011b na\u00a0<\/span><strong><span dir=\"auto\">ochot\u011b d\u00e1rc\u016f platit<\/span><\/strong><span dir=\"auto\">\u00a0.<\/span><\/p>\n<h3 class=\"wp-block-heading\"><span dir=\"auto\">Flexibiln\u00ed nal\u00e9havost<\/span><\/h3>\n<p><span dir=\"auto\">WHO l\u00e9ta s maxim\u00e1ln\u00ed nal\u00e9havost\u00ed argumentovala: glob\u00e1ln\u00edmi nouzov\u00fdmi situacemi, p\u0159et\u00ed\u017een\u00fdmi zdravotnick\u00fdmi syst\u00e9my, dramatick\u00fdmi nedostatky v p\u00e9\u010di. Nyn\u00ed najednou sta\u010d\u00ed\u00a0<\/span><strong><span dir=\"auto\">o t\u0159etinu m\u00e9n\u011b pen\u011bz<\/span><\/strong><span dir=\"auto\">\u00a0na \u0159e\u0161en\u00ed t\u00e9\u017ee \u201enejhor\u0161\u00ed zdravotn\u00ed krize sv\u011bta\u201c.<\/span><\/p>\n<p><span dir=\"auto\">To nazna\u010duje nep\u0159\u00edjemn\u00fd z\u00e1v\u011br:<\/span><br \/>\n<span dir=\"auto\">V\u00fd\u0161e \u200b\u200bzm\u00edn\u011bn\u00e1 finan\u010dn\u00ed pot\u0159eba nebyla\u00a0<\/span><strong><span dir=\"auto\">nutn\u011b l\u00e9ka\u0159sky podm\u00edn\u011bna<\/span><\/strong><span dir=\"auto\">\u00a0, ale zjevn\u011b\u00a0<\/span><strong><span dir=\"auto\">politicky a fisk\u00e1ln\u011b elastick\u00e1<\/span><\/strong><span dir=\"auto\">\u00a0.<\/span><\/p>\n<p><span dir=\"auto\">Jin\u00fdmi slovy:<\/span><br \/>\n<span dir=\"auto\">Krize nedefinuje sou\u010det \u2013 sou\u010det definuje krizi.<\/span><\/p>\n<h3 class=\"wp-block-heading\"><span dir=\"auto\">Probl\u00e9m s d\u016fv\u011bryhodnost\u00ed<\/span><\/h3>\n<p><span dir=\"auto\">Pro organizaci, kter\u00e1 se pova\u017euje za \u201enejvy\u0161\u0161\u00ed glob\u00e1ln\u00ed autoritu v oblasti zdravotnictv\u00ed\u201c, je to delik\u00e1tn\u00ed z\u00e1le\u017eitost. Pokud lze miliardov\u00e9 po\u017eadavky zp\u011btn\u011b upravit podle rozpo\u010dtov\u00e9 reality, ani\u017e by se situace v ter\u00e9nu jakkoli m\u011b\u0159iteln\u011b zm\u011bnila, d\u016fv\u011bryhodnost\u00a0<\/span><strong><span dir=\"auto\">d\u0159\u00edv\u011bj\u0161\u00edch varovn\u00fdch sign\u00e1l\u016f<\/span><\/strong><span dir=\"auto\">\u00a0je ot\u0159esena.<\/span><\/p>\n<p><span dir=\"auto\">Kritici ji\u017e nyn\u00ed zpochyb\u0148uj\u00ed, zda byly p\u0159edchoz\u00ed rozpo\u010dty p\u0159\u00edli\u0161 \u0161t\u011bdr\u00e9, nebo zda se nyn\u00ed \u0161krtaj\u00ed programy, jejich\u017e nezbytnost byla d\u0159\u00edve zd\u016fraz\u0148ov\u00e1na, ani\u017e by byla v\u00fdslovn\u011b uvedena.<\/span><\/p>\n<h3 class=\"wp-block-heading\"><span dir=\"auto\">Politick\u00e1 z\u00e1vislost m\u00edsto objektivn\u00edch standard\u016f<\/span><\/h3>\n<p><span dir=\"auto\">T\u00edmto \u0161krtem v rozpo\u010dtu WHO ne\u00famysln\u011b odhaluje, jak siln\u011b z\u00e1vis\u00ed na geopolitick\u00e9 a finan\u010dn\u00ed dynamice moci. Pot\u0159eby nejsou nez\u00e1visle posuzov\u00e1ny a n\u00e1sledn\u011b financov\u00e1ny \u2013 jsou\u00a0<\/span><strong><span dir=\"auto\">sni\u017eov\u00e1ny, kdy\u017e pen\u011bz chyb\u00ed<\/span><\/strong><span dir=\"auto\">\u00a0.<\/span><\/p>\n<p><span dir=\"auto\">To m\u016f\u017ee b\u00fdt pro d\u00e1rcovsk\u00e9 zem\u011b uklid\u0148uj\u00edc\u00ed. V posti\u017een\u00fdch regionech v\u0161ak z\u016fst\u00e1v\u00e1 nejasn\u00e9,\u00a0<\/span><strong><span dir=\"auto\">kter\u00e9 slu\u017eby budou omezeny, odlo\u017eeny nebo omezeny<\/span><\/strong><span dir=\"auto\">\u00a0\u2013 a podle jak\u00fdch krit\u00e9ri\u00ed.<\/span><\/p>\n<h3 class=\"wp-block-heading\"><span dir=\"auto\">Z\u00e1v\u011br<\/span><\/h3>\n<p><span dir=\"auto\">T\u0159icetiprocentn\u00ed sn\u00ed\u017een\u00ed je v\u00edc ne\u017e jen \u00faprava rozpo\u010dtu. Odhaluje struktur\u00e1ln\u00ed dilema v glob\u00e1ln\u00ed spr\u00e1v\u011b zdrav\u00ed:<\/span><br \/>\n<strong><span dir=\"auto\">pokud se i \u201enejhor\u0161\u00ed zdravotn\u00ed krize sv\u011bta\u201c n\u00e1hle zlevn\u00ed, pak je bu\u010f sou\u010dasn\u00fd v\u00fdpo\u010det chybn\u00fd \u2013 nebo ten p\u0159edchoz\u00ed.<\/span><\/strong><\/p>\n<p><span dir=\"auto\">Oba jsou politicky citliv\u00ed.<\/span><\/p>\n<p><img decoding=\"async\" loading=\"lazy\" class=\"alignnone size-full wp-image-1185\" src=\"http:\/\/www.infokuryr.cz\/n\/wp-content\/uploads\/2021\/04\/kuryr-podpis.png\" alt=\"\" width=\"84\" height=\"24\" \/><\/p>\n<p>&nbsp;<\/p>\n","protected":false},"excerpt":{"rendered":"<p>O 30 procent m\u00e9n\u011b \u2013 a najednou to sta\u010d\u00ed? WHO drasticky sni\u017euje sv\u00e9 finan\u010dn\u00ed pot\u0159eby&#8230;<\/p>\n","protected":false},"author":2,"featured_media":76560,"comment_status":"closed","ping_status":"closed","sticky":false,"template":"","format":"standard","meta":[],"categories":[7],"tags":[1441,1503,81],"_links":{"self":[{"href":"https:\/\/www.infokuryr.cz\/n\/wp-json\/wp\/v2\/posts\/98615"}],"collection":[{"href":"https:\/\/www.infokuryr.cz\/n\/wp-json\/wp\/v2\/posts"}],"about":[{"href":"https:\/\/www.infokuryr.cz\/n\/wp-json\/wp\/v2\/types\/post"}],"author":[{"embeddable":true,"href":"https:\/\/www.infokuryr.cz\/n\/wp-json\/wp\/v2\/users\/2"}],"replies":[{"embeddable":true,"href":"https:\/\/www.infokuryr.cz\/n\/wp-json\/wp\/v2\/comments?post=98615"}],"version-history":[{"count":0,"href":"https:\/\/www.infokuryr.cz\/n\/wp-json\/wp\/v2\/posts\/98615\/revisions"}],"wp:featuredmedia":[{"embeddable":true,"href":"https:\/\/www.infokuryr.cz\/n\/wp-json\/wp\/v2\/media\/76560"}],"wp:attachment":[{"href":"https:\/\/www.infokuryr.cz\/n\/wp-json\/wp\/v2\/media?parent=98615"}],"wp:term":[{"taxonomy":"category","embeddable":true,"href":"https:\/\/www.infokuryr.cz\/n\/wp-json\/wp\/v2\/categories?post=98615"},{"taxonomy":"post_tag","embeddable":true,"href":"https:\/\/www.infokuryr.cz\/n\/wp-json\/wp\/v2\/tags?post=98615"}],"curies":[{"name":"wp","href":"https:\/\/api.w.org\/{rel}","templated":true}]}}