{"id":9858,"date":"2022-04-22T02:41:51","date_gmt":"2022-04-22T00:41:51","guid":{"rendered":"http:\/\/www.infokuryr.cz\/n\/?p=9858"},"modified":"2022-04-22T02:43:16","modified_gmt":"2022-04-22T00:43:16","slug":"ruska-pravoslavna-cirkev-prozatim-zustane-clenem-wcc","status":"publish","type":"post","link":"https:\/\/www.infokuryr.cz\/n\/2022\/04\/22\/ruska-pravoslavna-cirkev-prozatim-zustane-clenem-wcc\/","title":{"rendered":"Rusk\u00e1 pravoslavn\u00e1 c\u00edrkev prozat\u00edm z\u016fstane \u010dlenem WCC"},"content":{"rendered":"<div id=\"fb-root\"><\/div>\n<div class=\"article__subTitle\"><strong>Sv\u011btov\u00e1 rada c\u00edrkv\u00ed prozat\u00edm nevylou\u010d\u00ed ze sv\u00e9ho st\u0159edu ruskou pravoslavnou c\u00edrkev. Rumunsk\u00fd pravoslavn\u00fd kn\u011bz stoj\u00edc\u00ed v \u010dele t\u00e9to instituce, zastupuj\u00edc\u00ed v\u00edce ne\u017e 580 milion\u016f k\u0159es\u0165an\u016f z cel\u00e9ho sv\u011bta, navzdory n\u00e1tlaku toto \u0159e\u0161en\u00ed odm\u00edt\u00e1. Zd\u016fraz\u0148uje, \u017ee historick\u00fdm posl\u00e1n\u00edm t\u00e9to organizace je posilov\u00e1n\u00ed ekumenick\u00e9ho dialogu. V kauze rusk\u00e9 pravoslavn\u00e9 c\u00edrkve rozhodne \u00fast\u0159edn\u00ed v\u00fdbor Sv\u011btov\u00e9 rady c\u00edrkv\u00ed, kter\u00fd se sejde v \u010dervnu.<\/strong><\/p>\n<\/div>\n<div class=\"article__text \">\n<p>Rumunsk\u00fd pravoslavn\u00fd kn\u011bz a profesor Ioan Sauca ve\u0159ejn\u011b odsoudil Kirillovu reakci na invazi, zd\u016fraz\u0148uje nicm\u00e9n\u011b, \u017ee Sv\u011btov\u00e1 rada c\u00edrkv\u00ed nen\u00ed povol\u00e1na stigmatizovat, ale vytv\u00e1\u0159et prostor pro dialog. &#8222;Je snadn\u00e9 vylu\u010dovat, exkomunikovat a d\u00e9monizovat; \u00fakolem rady je v\u0161ak vytvo\u0159it platformu pro setk\u00e1v\u00e1n\u00ed a vz\u00e1jemn\u00e9 naslouch\u00e1n\u00ed, t\u0159eba\u017ee se neshodneme,&#8220; p\u00ed\u0161e v prohl\u00e1\u0161en\u00ed zve\u0159ejn\u011bn\u00e9m na internetov\u00fdch str\u00e1nk\u00e1ch organizace.<\/p>\n<p>V r\u00e1mci Sv\u011btov\u00e9 rady c\u00edrkv\u00ed se v\u0161ak oz\u00fdvaj\u00ed \u010detn\u00e9 hlasy volaj\u00edc\u00ed po vylou\u010den\u00ed rusk\u00e9 pravoslavn\u00e9 c\u00edrkve. Patriarcha Kirill podle nich zru\u0161il sv\u00e9 \u010dlenstv\u00ed t\u00edm, \u017ee podpo\u0159il ruskou invazi na Ukrajinu a zapojil sv\u00e9 spole\u010denstv\u00ed do zlo\u010dinn\u00e9 politiky prezidenta Vladim\u00edra Putina. P\u0159edseda Sv\u011btov\u00e9 rady c\u00edrkv\u00ed si uv\u011bdomuje, \u017ee s dal\u0161\u00edmi odhalen\u00fdmi v\u00e1le\u010dn\u00fdmi zlo\u010diny proti civilist\u016fm v oblastech opu\u0161t\u011bn\u00fdch rusk\u00fdmi vojsky na Ukrajin\u011b bude tlak na vylou\u010den\u00ed patriarchy Kirilla a jeho c\u00edrkve jen s\u00edlit.<\/p>\n<\/div>\n<p><img decoding=\"async\" loading=\"lazy\" class=\"alignnone size-full wp-image-1185\" src=\"http:\/\/www.infokuryr.cz\/n\/wp-content\/uploads\/2021\/04\/kuryr-podpis.png\" alt=\"\" width=\"84\" height=\"24\" \/><\/p>\n<p>&nbsp;<\/p>\n","protected":false},"excerpt":{"rendered":"<p>Sv\u011btov\u00e1 rada c\u00edrkv\u00ed prozat\u00edm nevylou\u010d\u00ed ze sv\u00e9ho st\u0159edu ruskou pravoslavnou c\u00edrkev. Rumunsk\u00fd pravoslavn\u00fd kn\u011bz stoj\u00edc\u00ed&#8230;<\/p>\n","protected":false},"author":2,"featured_media":9859,"comment_status":"closed","ping_status":"closed","sticky":false,"template":"","format":"standard","meta":[],"categories":[7],"tags":[250,22,2248,2247],"_links":{"self":[{"href":"https:\/\/www.infokuryr.cz\/n\/wp-json\/wp\/v2\/posts\/9858"}],"collection":[{"href":"https:\/\/www.infokuryr.cz\/n\/wp-json\/wp\/v2\/posts"}],"about":[{"href":"https:\/\/www.infokuryr.cz\/n\/wp-json\/wp\/v2\/types\/post"}],"author":[{"embeddable":true,"href":"https:\/\/www.infokuryr.cz\/n\/wp-json\/wp\/v2\/users\/2"}],"replies":[{"embeddable":true,"href":"https:\/\/www.infokuryr.cz\/n\/wp-json\/wp\/v2\/comments?post=9858"}],"version-history":[{"count":0,"href":"https:\/\/www.infokuryr.cz\/n\/wp-json\/wp\/v2\/posts\/9858\/revisions"}],"wp:featuredmedia":[{"embeddable":true,"href":"https:\/\/www.infokuryr.cz\/n\/wp-json\/wp\/v2\/media\/9859"}],"wp:attachment":[{"href":"https:\/\/www.infokuryr.cz\/n\/wp-json\/wp\/v2\/media?parent=9858"}],"wp:term":[{"taxonomy":"category","embeddable":true,"href":"https:\/\/www.infokuryr.cz\/n\/wp-json\/wp\/v2\/categories?post=9858"},{"taxonomy":"post_tag","embeddable":true,"href":"https:\/\/www.infokuryr.cz\/n\/wp-json\/wp\/v2\/tags?post=9858"}],"curies":[{"name":"wp","href":"https:\/\/api.w.org\/{rel}","templated":true}]}}