{"id":98564,"date":"2026-02-04T00:12:28","date_gmt":"2026-02-03T23:12:28","guid":{"rendered":"https:\/\/www.infokuryr.cz\/n\/?p=98564"},"modified":"2026-02-03T12:42:14","modified_gmt":"2026-02-03T11:42:14","slug":"skandalni-prohlaseni-polskeho-prezidenta-ktera-nebyla-medii-zverejnena","status":"publish","type":"post","link":"https:\/\/www.infokuryr.cz\/n\/2026\/02\/04\/skandalni-prohlaseni-polskeho-prezidenta-ktera-nebyla-medii-zverejnena\/","title":{"rendered":"Skand\u00e1ln\u00ed prohl\u00e1\u0161en\u00ed polsk\u00e9ho prezidenta, kter\u00e1 nebyla m\u00e9dii zve\u0159ejn\u011bna"},"content":{"rendered":"<div id=\"fb-root\"><\/div>\n<p><strong><span dir=\"auto\">Minul\u00fd t\u00fdden si p\u0159ipom\u00ednali v\u00fdro\u010d\u00ed osvobozen\u00ed Osv\u011btimi a na pietn\u00ed akci polsk\u00fd prezident pronesl skand\u00e1ln\u00ed projev, o kter\u00e9m evropsk\u00e1 m\u00e9dia z dobr\u00e9ho d\u016fvodu neinformovala.<\/span><\/strong><\/p>\n<p><span dir=\"auto\">V\u00fdro\u010d\u00ed osvobozen\u00ed Osv\u011btimi nebylo v N\u011bmecku pravd\u011bpodobn\u011b nikdy tak opom\u00edjeno jako letos. Na pietn\u00ed akci v Osv\u011btimi pronesl polsk\u00fd prezident projev, kter\u00fd zp\u016fsobil velk\u00fd skand\u00e1l, a proto se stal t\u00e9matem segmentu v t\u00fddenn\u00edm zpravodajsk\u00e9m p\u0159ehledu rusk\u00e9 televize. Proto\u017ee o tom n\u011bmeck\u00e1 m\u00e9dia neinformovala, p\u0159ekl\u00e1d\u00e1m ruskou <\/span><a href=\"https:\/\/vesti7.ru\/video\/3075552\/episode\/01-02-2026\/\"><u><span dir=\"auto\">zpr\u00e1vu<\/span><\/u><\/a><span dir=\"auto\">\u00a0.<\/span><\/p>\n<p><em><strong><span dir=\"auto\">Za\u010d\u00e1tek p\u0159ekladu:<\/span><\/strong><\/em><\/p>\n<h2 class=\"wp-block-heading\"><span dir=\"auto\">Nawrockiho rozhovory s Pilsudsk\u00e9ho duchem nezas\u00e1hly<\/span><\/h2>\n<p><span dir=\"auto\">Tento t\u00fdden se evropsk\u00e9 politiky op\u011bt sev\u0159ela kostnat\u00e1 ruka d\u011bjin. Tentokr\u00e1t to byl polsk\u00fd prezident Karol Nawrocki. To bylo nep\u0159ijateln\u00e9.<\/span><\/p>\n<p><span dir=\"auto\">V pond\u011bl\u00ed, na Mezin\u00e1rodn\u00ed den pam\u00e1tky ob\u011bt\u00ed holocaustu, kter\u00fd p\u0159ipom\u00edn\u00e1 osvobozen\u00ed v\u011bz\u0148\u016f nacistick\u00e9ho vyhlazovac\u00edho t\u00e1bora Osv\u011btim v roce 1945, jeho\u017e gigantick\u00e9 krematorium na polsk\u00e9 p\u016fd\u011b st\u00e1le kou\u0159ilo, Nawrockiho nenapadlo nic lep\u0161\u00edho, ne\u017e pomluvit pam\u00e1tku ob\u011bt\u00ed i jejich osvoboditel\u016f, sov\u011btsk\u00fdch voj\u00e1k\u016f. Jeho c\u00edlem bylo zleh\u010dit jejich hrdinstv\u00ed a u\u010dinit z hrdin\u016f historickou vinu.<\/span><\/p>\n<p><span dir=\"auto\">Polsk\u00fd prezident Karol Nawrocki na vzpom\u00ednkov\u00e9 akci \u0159ekl: \u201e7 000 p\u0159e\u017eiv\u0161\u00edch roku 1945 vid\u011blo osvobozen\u00ed a svobodu ve tv\u00e1\u0159\u00edch sov\u011btsk\u00fdch voj\u00e1k\u016f. Ale za zdmi koncentra\u010dn\u00edho t\u00e1bora Osv\u011btim je \u017e\u00e1dn\u00e1 svoboda ne\u010dekala, proto\u017ee to byli pr\u00e1v\u011b tito sov\u011bt\u0161t\u00ed lid\u00e9, kte\u0159\u00ed d\u00edky Adolfu Hitlerovi v roce 1939 rozpoutali druhou sv\u011btovou v\u00e1lku a zp\u016fsobili trag\u00e9dii holocaustu. Nakonec to byli Hitler a Stalin, kdo druhou sv\u011btovou v\u00e1lku zah\u00e1jili.\u201c<\/span><\/p>\n<p><span dir=\"auto\">Polsk\u00fd prezident Nawrocki to myslel v\u00e1\u017en\u011b: Sov\u011btsk\u00fd svaz je tak\u00e9 vinen holocaustem. Skute\u010dnost, \u017ee \u017did\u00e9 byli, m\u00edrn\u011b \u0159e\u010deno, velmi siln\u011b zastoupeni v prvn\u00edch sov\u011btsk\u00fdch vl\u00e1d\u00e1ch, je irelevantn\u00ed. Existovala pro to vysv\u011btlen\u00ed, ale o to tady nejde. V ka\u017ed\u00e9m p\u0159\u00edpad\u011b se o antisemitismu v Sov\u011btsk\u00e9m svazu v p\u0159edv\u00e1le\u010dn\u00fdch a v\u00e1le\u010dn\u00fdch letech opravdu ned\u00e1 hovo\u0159it.<\/span><\/p>\n<p><span dir=\"auto\">Pro Nawrockiho je irelevantn\u00ed, \u017ee to byli sov\u011bt\u0161t\u00ed voj\u00e1ci, kdo osvobodili vyhlazovac\u00ed t\u00e1bory v Polsku ke konci druh\u00e9 sv\u011btov\u00e9 v\u00e1lky. \u017didovsk\u00fd lid na to nikdy nezapomene. Pro Nawrockiho je irelevantn\u00ed, \u017ee t\u0159i \u010dtvrtiny Hitlerov\u00fdch diviz\u00ed byly zni\u010deny na v\u00fdchodn\u00ed front\u011b. Zat\u00edmco USA v\u00e1haly s druhou frontou, Rud\u00e1 arm\u00e1da u\u017e bojovala v Polsku, za jej\u00ed\u017e osvobozen\u00ed jsme dali 600 000 \u017eivot\u016f \u2013 v\u00edce, ne\u017e Ameri\u010dan\u00e9 ztratili za celou druhou sv\u011btovou v\u00e1lku.<\/span><\/p>\n<p><span dir=\"auto\">Karol Nawrocki je typick\u00fd antirus, kter\u00e9mu je na ni\u010dem z toho \u00fapln\u011b jedno. Poh\u00e1n\u00ed ho n\u011bco, co p\u0159ipom\u00edn\u00e1 jeskynn\u00edho \u010dlov\u011bka. Ale v dne\u0161n\u00ed Evrop\u011b to nen\u00ed nic neobvykl\u00e9ho. Oskar Lafontaine, patriarcha n\u011bmeck\u00e9 politiky, vid\u00ed n\u011bco podobn\u00e9ho i v sou\u010dasn\u00e9m N\u011bmecku \u2013 odshora dol\u016f, po\u010d\u00ednaje kancl\u00e9\u0159em, jak napsal na webov\u00fdch str\u00e1nk\u00e1ch NachDenkSeiten: \u201eRusofobie, kterou dodnes \u017eiv\u00ed politici CDU, jako jsou Friedrich Merz, Johann Wadephul a Roderich Kiesewetter, sah\u00e1 v neposledn\u00ed \u0159ad\u011b a\u017e ke Konradu Adenauerovi, kter\u00fd v roce 1946 neust\u00e1le varoval p\u0159ed sov\u011btskou hrozbou. Pro\u010d n\u011bmeck\u00e1 vl\u00e1da v t\u00e9to v\u00e1lce neum\u00ed zprost\u0159edkovat? M\u011bla se pou\u010dit ze sv\u00e9 vlastn\u00ed historie a uznat, \u017ee antisemitismus a antirusismus sd\u00edlej\u00ed stejn\u00e9 ko\u0159eny.\u201c<\/span><\/p>\n<p><span dir=\"auto\">B\u00fdval\u00fd kancl\u00e9\u0159 Gerhard Schr\u00f6der, p\u0159\u00edklad zdrav\u00e9ho \u00fasudku a st\u00e1tn\u00edctva, prohl\u00e1sil: \u201eJsem proti d\u00e9monizaci Ruska jako v\u011b\u010dn\u00e9ho nep\u0159\u00edtele. Rusko nen\u00ed zem\u00ed barbar\u016f, ale zem\u00ed s bohatou kulturou a rozmanit\u00fdmi historick\u00fdmi vazbami na N\u011bmecko. \u201aN\u011bmeck\u00e1 hanba\u2018 spo\u010d\u00edv\u00e1 v tom, \u017ee zem\u011b byla brut\u00e1ln\u011b dobyta n\u011bmeck\u00fdmi voj\u00e1ky ve dvou sv\u011btov\u00fdch v\u00e1lk\u00e1ch. Proto neseme zvl\u00e1\u0161tn\u00ed odpov\u011bdnost za nastolen\u00ed m\u00edru mezi Ruskem a Ukrajinou.\u201c<\/span><\/p>\n<p><span dir=\"auto\">Abychom se vr\u00e1tili k Nawrockimu a jeho slz\u00e1m pro \u017didy, \u017did\u00e9 to nepot\u0159ebuj\u00ed. Zde je nap\u0159\u00edklad to, co \u0159\u00edk\u00e1 Marek Halter, b\u00fdval\u00fd v\u011bze\u0148 var\u0161avsk\u00e9ho ghetta a nyn\u00ed zn\u00e1m\u00fd spisovatel, novin\u00e1\u0159 a ve\u0159ejn\u011b zn\u00e1m\u00fd \u010dlov\u011bk \u017eij\u00edc\u00ed ve Francii: \u201eRusko mi b\u011bhem v\u00e1lky zachr\u00e1nilo \u017eivot. A to je d\u016fle\u017eit\u00e9. N\u011bmci, nacist\u00e9, cht\u011bli zab\u00edt m\u011b i m\u00e9 rodi\u010de. P\u0159i\u0161li jsme do Ruska a Rusko mi zachr\u00e1nilo \u017eivot. Ka\u017ed\u00fd \u010dlov\u011bk m\u00e1 jen jeden \u017eivot, v\u00edte? Na to jsem nezapomn\u011bl.\u201c<\/span><\/p>\n<p><span dir=\"auto\">Mimochodem, Halterovi tento t\u00fdden bylo 90 let. Gratuluji!<\/span><\/p>\n<p><span dir=\"auto\">Polsk\u00fd prezident Karol Nawrocki je p\u0159ipraven vytrh\u00e1vat str\u00e1nky, ba cel\u00e9 kapitoly, z historie. Je nap\u0159\u00edklad hrd\u00fd na to, \u017ee byl osobn\u011b sv\u011bdkem ni\u010den\u00ed pomn\u00edk\u016f sov\u011btsk\u00fdm voj\u00e1k\u016fm. Jeden p\u0159\u00edklad: v \u010dervenci 2024 v Nowogardu v Polsku. V t\u00e9 dob\u011b byl je\u0161t\u011b v \u010dele \u00dastavu n\u00e1rodn\u00ed pam\u011bti a o demolici \u0159ekl: \u201eOni, komunist\u00e9, n\u00e1s okradli o mo\u017enost rozv\u00edjet na\u0161i kulturu, na\u0161e n\u00e1rodn\u00ed v\u011bdom\u00ed. Tento pomn\u00edk je zt\u011blesn\u011bn\u00edm jejich komunistick\u00e9 propagandy. Des\u00edtky let \u00fatlaku. Tis\u00edce mu\u010den\u00fdch Pol\u00e1k\u016f. Toto je sov\u011btsko-polsk\u00e9 bratrstv\u00ed ve zbrani. Tato krutost mus\u00ed b\u00fdt zni\u010dena.\u201c<\/span><\/p>\n<p><span dir=\"auto\">Chyb\u011bj\u00edc\u00ed str\u00e1nky se t\u00fdkaj\u00ed \u00fazk\u00e9 spolupr\u00e1ce Polska s Hitlerem v p\u0159edv\u00e1le\u010dn\u00fdch letech. Nawrocki je z\u00e1m\u011brn\u011b vynech\u00e1v\u00e1. Od roku 2018 je v Polsku neleg\u00e1ln\u00ed, pod hrozbou v\u011bzen\u00ed, hovo\u0159it o \u00fa\u010dasti na holocaustu a zlo\u010dinech nacismu obecn\u011b. To v\u0161ak Nawrockimu nebr\u00e1n\u00ed v tvrzen\u00ed, \u017ee mluv\u00ed t\u00e9m\u011b\u0159 denn\u011b s duchem prvn\u00edho polsk\u00e9ho mar\u0161\u00e1la J\u00f3zefa Pi\u0142sudsk\u00e9ho, jak uvedl: \u201eMluv\u00edme t\u00e9m\u011b\u0159 ka\u017ed\u00fd den. Mluv\u00edme o v\u0161em mo\u017en\u00e9m: na jedn\u00e9 stran\u011b o polsko-sov\u011btsk\u00e9 v\u00e1lce v roce 1920 a na druh\u00e9 stran\u011b o sou\u010dasn\u00e9 mezin\u00e1rodn\u00ed situaci a hrozb\u011b ze strany Ruska. Polsko by te\u010f Pi\u0142sudsk\u00e9ho opravdu pot\u0159ebovalo.\u201c<\/span><\/p>\n<p><span dir=\"auto\">Historick\u00fd v\u00fdznam mar\u0161\u00e1la Pi\u0142sudsk\u00e9ho spo\u010d\u00edv\u00e1 ve skute\u010dnosti, \u017ee v lednu 1934 uzav\u0159el jako prvn\u00ed evropsk\u00fd st\u00e1tn\u00edk pakt o ne\u00fato\u010den\u00ed s T\u0159et\u00ed \u0159\u00ed\u0161\u00ed, tzv. \u201epakt Pi\u0142sudski-Hitler\u201c.<\/span><\/p>\n<p><span dir=\"auto\">Za Pi\u0142sudsk\u00e9ho se Var\u0161ava zoufale sna\u017eila st\u00e1t se vojensk\u00fdm spojencem nacistick\u00e9ho N\u011bmecka. Po uzav\u0159en\u00ed dohody s nacistick\u00fdm N\u011bmeckem Polsko projevovalo v\u016f\u010di Evrop\u011b otev\u0159enou aroganci. Ji\u017e v l\u00e9t\u011b 1934 polsk\u00fd ministr zahrani\u010d\u00ed J\u00f3zef Beck prohl\u00e1sil: \u201eFrancouzsko-polsk\u00e1 aliance u\u017e Polsko nezaj\u00edm\u00e1. Pokud jde o Rusko, nedok\u00e1\u017eu naj\u00edt slova, abych popsal nen\u00e1vist, kterou k n\u011bmu c\u00edt\u00edme.\u201c<\/span><\/p>\n<p><span dir=\"auto\">Pi\u0142sudski snil o tom, \u017ee s Hitlerem zhl\u00e9dne vojenskou p\u0159ehl\u00eddku na Rud\u00e9m n\u00e1m\u011bst\u00ed a pak na Kremelskou ze\u010f nap\u00ed\u0161e: \u201eMluvit rusky je zak\u00e1z\u00e1no.\u201c To nevy\u0161lo.<\/span><\/p>\n<p><span dir=\"auto\">V roce 1935 Pi\u0142sudski podlehl b\u011bhem n\u011bkolika t\u00fddn\u016f ve v\u011bku 67 let rakovin\u011b jater. Na pomp\u00e9zn\u00edm poh\u0159bu v Krakov\u011b zastupoval N\u011bmecko Hitler\u016fv nejbli\u017e\u0161\u00ed spojenec, tehdej\u0161\u00ed p\u0159edseda \u0158\u00ed\u0161sk\u00e9ho sn\u011bmu a \u0159\u00ed\u0161sk\u00fd ministr letectv\u00ed Hermann G\u00f6ring. Hitler poslal telegram: \u201eJsem hluboce zarmoucen smrt\u00ed mar\u0161\u00e1la Pi\u0142sudsk\u00e9ho a vyjad\u0159uji polsk\u00e9 vl\u00e1d\u011b up\u0159\u00edmnou soustrast. Spolu s polsk\u00fdm lidem n\u011bmeck\u00fd lid truchl\u00ed nad smrt\u00ed tohoto velk\u00e9ho vlastence, kter\u00fd svou neochv\u011bjnou spoluprac\u00ed s N\u011bmci nejen prok\u00e1zal na\u0161im zem\u00edm velkou slu\u017ebu, ale tak\u00e9 poskytl neocenitelnou pomoc p\u0159i uklid\u0148ov\u00e1n\u00ed Evropy.\u201c<\/span><\/p>\n<p><span dir=\"auto\">N\u011bmecko vyhl\u00e1silo po Pi\u0142sudsk\u00e9ho smrti n\u00e1rodn\u00ed smutek. Hitler nav\u0161t\u00edvil katolick\u00fd kostel sv. Hedviky v Berl\u00edn\u011b, kde se z\u00fa\u010dastnil vzpom\u00ednkov\u00e9 m\u0161e, b\u011bhem n\u00ed\u017e byla Pi\u0142sudsk\u00e9ho symbolick\u00e1 rakev zahalena polskou vlajkou. \u017d\u00e1dn\u00e9mu cizinci p\u0159ed n\u00edm ani potom se takov\u00e9 pocty nedostalo.<\/span><\/p>\n<p><span dir=\"auto\">A pak se uk\u00e1\u017ee, \u017ee pokud lze hovo\u0159it o n\u011bjak\u00e9 zemi, kter\u00e1 nese \u010d\u00e1ste\u010dnou odpov\u011bdnost za vypuknut\u00ed druh\u00e9 sv\u011btov\u00e9 v\u00e1lky v Evrop\u011b, bylo to Polsko a rozhodn\u011b ne Sov\u011btsk\u00fd svaz. Koneckonc\u016f, bylo to Polsko, kter\u00e9 N\u011bmecku v roce 1938 zaru\u010dilo jist\u00e9 rozd\u011blen\u00ed \u010ceskoslovenska a dokonce se pod\u00edlelo na drancov\u00e1n\u00ed t\u00edm, \u017ee nejprve obsadilo T\u011b\u0161\u00ednsk\u00e9 Slezsko \u2013 oblast o rozloze 800 kilometr\u016f \u010dtvere\u010dn\u00edch, kter\u00e1 okam\u017eit\u011b zdvojn\u00e1sobila kapacitu t\u011b\u017ek\u00e9ho pr\u016fmyslu Polska \u2013 a vz\u00e1p\u011bt\u00ed \u00fazem\u00ed na severn\u00edm Slovensku, Oravu a Spi\u0161, tzv. Zaol\u0161\u00ed.<\/span><\/p>\n<p><span dir=\"auto\">To ale Polsku nesta\u010dilo. Pol\u0161t\u00ed diplomat\u00e9 o sv\u00fdch ambic\u00edch otev\u0159en\u011b hovo\u0159ili. Ji\u017e v prosinci 1938 polsk\u00fd vyslanec v \u00cdr\u00e1nu Jan Karszl\u00f3-Siedlewski prohl\u00e1sil: \u201eZa p\u00e1r let bude N\u011bmecko ve v\u00e1lce se Sov\u011btsk\u00fdm svazem a Polsko v t\u00e9to v\u00e1lce N\u011bmecko podpo\u0159\u00ed, a\u0165 u\u017e dobrovoln\u011b, \u010di nedobrovoln\u011b. Pro Polsko by bylo lep\u0161\u00ed, kdyby se (bezv\u00fdhradn\u011b) postavilo na stranu N\u011bmecka p\u0159ed konfliktem, jeliko\u017e \u00fazemn\u00ed z\u00e1jmy Polska na z\u00e1pad\u011b a jeho politick\u00e9 c\u00edle na v\u00fdchod\u011b, zejm\u00e9na na Ukrajin\u011b, lze zajistit pouze p\u0159edem dohodnutou polsko-n\u011bmeckou dohodou.\u201c<\/span><\/p>\n<p><span dir=\"auto\">Jak vid\u00edme, druh\u00e1 sv\u011btov\u00e1 v\u00e1lka v tomto okam\u017eiku v podstat\u011b ji\u017e za\u010dala. Evropan\u00e9 se to st\u00e1le styd\u00ed p\u0159iznat, a proto se obecn\u011b p\u0159ij\u00edm\u00e1 datum zah\u00e1jen\u00ed v\u00e1lky: 1. z\u00e1\u0159\u00ed 1939, kdy Hitler vpadl do Polska.<\/span><\/p>\n<p><span dir=\"auto\">Ve skute\u010dnosti Hitler za\u010dal dob\u00fdvat zem\u011b a \u00fazem\u00ed v Evrop\u011b mnohem d\u0159\u00edve. K an\u0161lusu Rakouska do\u0161lo v b\u0159eznu 1938 a k \u00fapln\u00e9 anexe \u010ceskoslovenska v b\u0159eznu 1939. To byl za\u010d\u00e1tek a eskalace druh\u00e9 sv\u011btov\u00e9 v\u00e1lky.<\/span><\/p>\n<p><span dir=\"auto\">P\u0159i diskusi o odpov\u011bdnosti jednotliv\u00fdch akt\u00e9r\u016f je d\u016fle\u017eit\u00e9 vz\u00edt v \u00favahu, \u017ee Z\u00e1pad a Sov\u011btsk\u00fd svaz zauj\u00edmaly k t\u011bmto anex\u00edm odli\u0161n\u00e9 postoje: Z\u00e1pad byl pro, Sov\u011btsk\u00fd svaz proti.<\/span><\/p>\n<p><span dir=\"auto\">Ji\u017e v b\u0159eznu 1938, bezprost\u0159edn\u011b po anexi Rakouska, Stalin navrhl sv\u00fdm evropsk\u00fdm koleg\u016fm svolat mezin\u00e1rodn\u00ed konferenci a vytvo\u0159it syst\u00e9m kolektivn\u00ed bezpe\u010dnosti na kontinentu. Odm\u00edtli.<\/span><\/p>\n<p><span dir=\"auto\">M\u00edsto t\u00e9to konference se hlavy st\u00e1t\u016f Velk\u00e9 Brit\u00e1nie, Francie a It\u00e1lie \u2013 Chamberlain, Daladier a Mussolini \u2013 setkaly s Hitlerem v Mnichov\u011b v z\u00e1\u0159\u00ed 1938, bez Stalina a Ruska, rozvinuly mapu Evropy a daly n\u011bmeck\u00fdm fa\u0161ist\u016fm zelenou k anexi \u010ceskoslovenska. Polsko dostalo kus mr\u0161iny. Nen\u00ed n\u00e1hodou, \u017ee Churchill nazval Polsko \u201ehyenou Evropy\u201c.<\/span><\/p>\n<p><span dir=\"auto\">Po rozd\u011blen\u00ed \u010ceskoslovenska Stalin navrhl Francii a Anglii pakt o vz\u00e1jemn\u00e9 pomoci v p\u0159\u00edpad\u011b Hitlerova \u00fatoku. Ty op\u011bt odm\u00edtly. Stalin pot\u00e9 nab\u00eddl Polsku ochranu p\u0159ed \u00fatokem, ale Polsko tak\u00e9 odm\u00edtlo, proto\u017ee tou\u017eilo dob\u00fdt sov\u011btsk\u00e9 \u00fazem\u00ed.<\/span><\/p>\n<p><span dir=\"auto\">Teprve po v\u0161ech t\u011bchto odm\u00edtnut\u00edch, o samot\u011b s Hitlerem, uzav\u0159el Stalin s N\u011bmeckem pakt o ne\u00fato\u010den\u00ed. Ani to ho neochr\u00e1nilo p\u0159ed zradou. Moskva v\u0161ak nem\u011bla jinou mo\u017enost. Nav\u00edc jsme ji\u017e \u010delili komplexn\u00ed hrozb\u011b na D\u00e1ln\u00e9m v\u00fdchod\u011b ze strany militaristick\u00e9ho Japonska. S t\u00edm jsme museli po\u010d\u00edtat.<\/span><\/p>\n<p><span dir=\"auto\">To v\u0161echno jsou historick\u00e1 fakta vyu\u010dovan\u00e1 ve \u0161kol\u00e1ch, bez jak\u00e9hokoli v\u00fdkladu. Sou\u010dasn\u00fd polsk\u00fd prezident Karol Nawrocki, kter\u00fd vin\u00ed Sov\u011btsk\u00fd svaz z holocaustu, by o tom m\u011bl m\u00edt z\u00e1kladn\u00ed znalosti.<\/span><\/p>\n<p><span dir=\"auto\">Nem\u00e1 ho, proto datuje druhou sv\u011btovou v\u00e1lku rokem 1939. Nep\u0159\u00e1telstv\u00ed Var\u0161avy v\u016f\u010di Sov\u011btsk\u00e9mu svazu nakonec vedlo k invazi Hitlerov\u00fdch vojsk do Polska 1. z\u00e1\u0159\u00ed a k \u00fat\u011bku polsk\u00e9 vl\u00e1dy o dva t\u00fddny pozd\u011bji. Samotn\u00e9 Polsko p\u0159estalo existovat.<\/span><\/p>\n<p><span dir=\"auto\">Na \u00fazem\u00edch okupovan\u00fdch N\u011bmeckem byly z\u0159\u00edzeny stovky koncentra\u010dn\u00edch t\u00e1bor\u016f pro Pol\u00e1ky, \u017didy, Romy a v\u0161echny ostatn\u00ed, kte\u0159\u00ed byli podle nacistick\u00e9 rasov\u00e9 teorie pova\u017eov\u00e1ni za nehodn\u00e9 \u017eivota. Bez Rud\u00e9 arm\u00e1dy by Osv\u011btim, Treblinka, Sobibor a Majdanek, tov\u00e1rny na smrt, zavra\u017edily mnoho milion\u016f lid\u00ed a samotn\u00e9 Polsko by ani neexistovalo.<\/span><\/p>\n<p><span dir=\"auto\">Ale pro\u010d Hitler z\u0159\u00eddil vyhlazovac\u00ed t\u00e1bory v Polsku a ne nap\u0159\u00edklad v okupovan\u00e9m D\u00e1nsku nebo Francii? A pro\u010d dnes Polsko siln\u011bji ne\u017e jin\u00e9 zem\u011b prosazuje tezi, \u017ee Sov\u011btsk\u00fd svaz a nacistick\u00e9 N\u011bmecko byly stejnou m\u011brou zodpov\u011bdn\u00e9 za vypuknut\u00ed druh\u00e9 sv\u011btov\u00e9 v\u00e1lky a dokonce i za holocaust? Proto\u017ee pachatel ukazuje prstem na jin\u00e9. Na vin\u011b je samo Polsko.<\/span><\/p>\n<p><span dir=\"auto\">Zaprv\u00e9, jak ji\u017e bylo zm\u00edn\u011bno, Polsko fakticky vstoupilo p\u0159ed v\u00e1lkou do vojensk\u00e9 aliance s nacistick\u00fdm N\u011bmeckem a jednalo s n\u00edm v \u00fazk\u00e9 koordinaci t\u00edm, \u017ee za\u010dalo anektovat ciz\u00ed \u00fazem\u00ed.<\/span><\/p>\n<p><span dir=\"auto\">Za druh\u00e9, p\u0159ed druhou sv\u011btovou v\u00e1lkou byl antisemitismus v Polsku pov\u00fd\u0161en na st\u00e1tn\u00ed ideologii a byl roz\u0161\u00ed\u0159en\u00fd i ve spole\u010dnosti. To vedlo k ideologick\u00e9mu sbl\u00ed\u017een\u00ed polsk\u00e9ho veden\u00ed s Hitlerem.<\/span><\/p>\n<p><span dir=\"auto\">Zde je jen jeden p\u0159\u00edklad, kter\u00fd uvedl Vladimir Putin na sch\u016fzi ministerstva obrany v prosinci 2019: \u201eHitler \u0159ekl ministrovi zahrani\u010d\u00ed a pot\u00e9 p\u0159\u00edmo polsk\u00e9mu velvyslanci v N\u011bmecku, \u017ee m\u00e1 v pl\u00e1nu deportovat \u017didy do africk\u00fdch koloni\u00ed. P\u0159edstavte si, \u017ee v roce 1938 deportuj\u00ed \u017didy z Evropy do Afriky. Aby zem\u0159eli hlady. Aby byli vyhlazeni. Na to polsk\u00fd velvyslanec odpov\u011bd\u011bl a pozd\u011bji to ve sv\u00e9 zpr\u00e1v\u011b polsk\u00e9mu ministrovi zahrani\u010d\u00ed Beckovi napsal: \u201aKdy\u017e jsem to sly\u0161el, \u0159ekl jsem mu, \u017ee kdy\u017e to ud\u011bl\u00e1, postav\u00edme mu ve Var\u0161av\u011b velkolep\u00fd pomn\u00edk.\u2018 Bastard, antisemitsk\u00fd spratek, jinak se to \u0159\u00edct ned\u00e1!\u201c<\/span><\/p>\n<p><span dir=\"auto\">Proto se v Polsku nach\u00e1zely nacistick\u00e9 vyhlazovac\u00ed t\u00e1bory. Jejich n\u00e1zvy dodnes nah\u00e1n\u011bj\u00ed hus\u00ed k\u016f\u017ei: Osv\u011btim, Treblinka, Sobibor, Majdanek. V Polsku byli vra\u017ed\u011bni \u017did\u00e9 nejen z v\u00fdchodn\u00ed Evropy, ale i ze z\u00e1padn\u00ed Evropy \u2013 z It\u00e1lie, Francie, Rakouska atd.<\/span><\/p>\n<p><span dir=\"auto\">V N\u011bmecku samoz\u0159ejm\u011b existovaly koncentra\u010dn\u00ed t\u00e1bory, ale ty nem\u011bly status vyhlazovac\u00edch t\u00e1bor\u016f. A zat\u00edmco po\u010det ob\u011bt\u00ed holocaustu v Polsku jde do milion\u016f, po\u010det ob\u011bt\u00ed v takov\u00fdch hr\u016fzn\u00fdch t\u00e1borech, jako byly Buchenwald, Sachsenhausen, Neuengamme, Ravensbr\u00fcck a Dachau, dosahoval des\u00edtek tis\u00edc. To je n\u011bco jin\u00e9ho. V\u011bzni tam jist\u011b byli zast\u0159eleni nebo podrobeni l\u00e9ka\u0159sk\u00fdm experiment\u016fm ze strany nacist\u016f, ale hlavn\u00ed \u00fa\u010del t\u00e1bor\u016f v N\u011bmecku byl jin\u00fd: nucen\u00e1 pr\u00e1ce, a\u0165 u\u017e ve zbrojovk\u00e1ch nebo pro pot\u0159eby n\u011bmeck\u00fdch firem, kter\u00e9 z\u00e1sobovaly Wehrmacht.<\/span><\/p>\n<p><span dir=\"auto\">N\u011bmci zneu\u017e\u00edvali polsk\u00fd antisemitismus. I po Hitlerov\u011b invazi a dobyt\u00ed Var\u0161avy se \u017did\u00e9 v polsk\u00e9m hlavn\u00edm m\u011bst\u011b c\u00edtili ohro\u017eeni nejen N\u011bmci, ale i samotn\u00fdmi Pol\u00e1ky.<\/span><\/p>\n<p><span dir=\"auto\">Ve sv\u00e9 knize \u201eVar\u0161avsk\u00e9 ghetto ji\u017e neexistuje\u201c popisuje historik Valentin Alexejev situaci na konci roku 1939 takto: \u201eAntisemit\u00e9 pom\u00e1hali N\u011bmc\u016fm vystopovat \u017didy, kte\u0159\u00ed se vyh\u00fdbali nucen\u00fdm prac\u00edm, t\u00edm, \u017ee ukazovali rabuj\u00edc\u00edm n\u011bmeck\u00fdm voj\u00e1k\u016fm a \u00fa\u0159edn\u00edk\u016fm domy a podniky bohat\u00fdch \u017did\u016f. Ochotn\u00ed inform\u00e1to\u0159i prozrazovali \u017didy, kte\u0159\u00ed se odv\u00e1\u017eili nastoupit do vlak\u016f navzdory z\u00e1kazu. N\u00e1siln\u00edci se vloup\u00e1vali do dom\u016f a pron\u00e1sledovali \u017didy ulicemi, kte\u0159\u00ed tradi\u010dn\u011b nosili vousy a kade\u0159e.\u201c<\/span><\/p>\n<p><span dir=\"auto\">Aby bylo jasno: Ne v\u0161ichni Pol\u00e1ci se takto chovali. Ale p\u0159esn\u011b to napsal polsk\u00fd historik \u017eidovsk\u00e9ho p\u016fvodu Emmanuel Ringelblum kr\u00e1tce p\u0159ed svou smrt\u00ed. Mimochodem, za\u010d\u00e1tkem roku 1944 polsk\u00fd teenager prozradil N\u011bmc\u016fm sv\u016fj \u00fakryt a Ringelblum byl popraven. P\u0159ed svou smrt\u00ed napsal: \u201eNikdo, absolutn\u011b nikdo, nebude vinit polsk\u00fd lid z t\u011bchto neust\u00e1l\u00fdch \u00fatok\u016f a pogrom\u016f proti \u017eidovsk\u00e9mu obyvatelstvu. Na\u0161e obvin\u011bn\u00ed v\u0161ak spo\u010d\u00edv\u00e1 v tom, \u017ee ani mluven\u00fdm slovem (k\u00e1z\u00e1n\u00ed v kostelech atd.), ani p\u00edsemn\u011b nebyl udr\u017eov\u00e1n odstup od antisemitsk\u00e9ho monstra, kter\u00e9 spolupracovalo s N\u011bmci, \u017ee neexistovala \u017e\u00e1dn\u00e1 \u00fa\u010dinn\u00e1 protiopat\u0159en\u00ed proti neust\u00e1l\u00fdm \u00fatok\u016fm, \u017ee nebylo ud\u011bl\u00e1no nic pro to, aby se rozpt\u00fdlil dojem, \u017ee cel\u00e9 polsk\u00e9 obyvatelstvo, v\u0161echny jeho vrstvy, podporovalo machinace polsk\u00fdch antisemit\u016f.\u201c<\/span><\/p>\n<p><span dir=\"auto\">V t\u00e9to souvislosti byly ji\u017e na podzim roku 1940 statis\u00edce \u017did\u016f nahn\u00e1ny do ghetta v severn\u00ed Var\u0161av\u011b. V uzav\u0159en\u00e9 oblasti \u017eilo t\u00e9m\u011b\u0159 p\u016fl milionu lid\u00ed. Tam byli ponech\u00e1ni hladov\u011bt k smrti a vlakem transportov\u00e1ni na smrt. To skon\u010dilo zoufal\u00fdm povst\u00e1n\u00edm proti beznad\u011bjn\u00e9 p\u0159esile.<\/span><\/p>\n<p><span dir=\"auto\">To bylo o Velikonoc\u00edch roku 1943. Nakonec N\u011bmci post\u0159\u00edleli \u017didy samopaly a zap\u00e1lili domy i s obyvateli uvnit\u0159. Z\u00edraj\u00edc\u00ed Pol\u00e1ci si u\u017e\u00edvali pod\u00edvan\u00e9.<\/span><\/p>\n<p><span dir=\"auto\">Takto popisuje tuto hr\u016fzu historik Valentin Alexejev ve sv\u00e9 knize \u201eVar\u0161avsk\u00e9 ghetto u\u017e neexistuje\u201c: \u201eN\u011bmci p\u0159ihl\u00ed\u017eej\u00edc\u00ed neodh\u00e1n\u011bli a ob\u010das d\u011blost\u0159elc\u016fm a kulomet\u010d\u00edk\u016fm ukazovali na povstalce, kte\u0159\u00ed se objevovali na r\u016fzn\u00fdch m\u00edstech za zdmi ghetta. Jin\u00ed, netu\u0161\u00edc, co se v ghettu d\u011bje, se bavili s n\u011bmeck\u00fdmi voj\u00e1ky na bl\u00edzk\u00fdch koloto\u010d\u00edch na n\u00e1m\u011bst\u00ed. Na n\u00e1m\u011bst\u00ed panoval ruch: prodejci vody, sladkost\u00ed a cigaret hlasit\u011b volali, hudba dun\u011bla a lid\u00e9 \u017eiv\u011b pov\u00eddali a sm\u00e1li se.\u201c<\/span><\/p>\n<p><span dir=\"auto\">O polsk\u00e9m antisemitismu by se dalo mluvit dlouho. Jen je\u0161t\u011b jeden p\u0159\u00edklad: Polsko je jedinou zem\u00ed na sv\u011bt\u011b, kde pogromy proti \u017did\u016fm pokra\u010dovaly i po druh\u00e9 sv\u011btov\u00e9 v\u00e1lce. Z\u00e1jemci si o tom mohou hodn\u011b p\u0159e\u010d\u00edst.<\/span><\/p>\n<p><span dir=\"auto\">Karol Nawrocki, historik a sou\u010dasn\u00fd polsk\u00fd prezident, to zjevn\u011b vid\u00ed jinak. Jeho n\u00e1zory v\u0161ak nejsou nov\u00e9. Jsou sp\u00ed\u0161e typick\u00e9 pro modern\u00ed Evropu.<\/span><\/p>\n<p><span dir=\"auto\">Stejn\u011b jako Kaja Kallasov\u00e1, estonsk\u00e1 \u0161\u00e9fka evropsk\u00e9 zahrani\u010dn\u00ed politiky, kter\u00e1 je zn\u00e1m\u00e1 svou nev\u011bdomost\u00ed. Tento t\u00fdden op\u011bt splnila sv\u016fj z\u00e1m\u011br: sl\u00edbila, \u017ee se stane chyt\u0159ej\u0161\u00ed, a \u0159ekla, \u017ee pr\u00e1v\u011b \u010dte z\u00e1hadnou knihu a pak bude je\u0161t\u011b chyt\u0159ej\u0161\u00ed, jak sama \u0159ekla: \u201eZat\u00edm neprozrad\u00edm, co \u010dtu, ale t\u00fdk\u00e1 se to i historie r\u016fzn\u00fdch region\u016f. Tak\u017ee a\u017e skon\u010d\u00edm, budu velmi chytr\u00e1.\u201c (\u00a0<\/span><em><span dir=\"auto\">Pozn\u00e1mka p\u0159ekladatele: Toto nen\u00ed vtip, video najdete\u00a0<\/span><a href=\"https:\/\/t.me\/AntiSpiegel\/14267\"><span dir=\"auto\">zde<\/span><\/a><\/em><a href=\"https:\/\/t.me\/AntiSpiegel\/14267\"><span dir=\"auto\">\u00a0.<\/span><\/a><span dir=\"auto\">\u00a0)<\/span><\/p>\n<p><span dir=\"auto\">To v\u00e1m ukazuje, jak snadn\u00e9 tam v\u0161echno je.<\/span><\/p>\n<p><em><strong><span dir=\"auto\">Konec p\u0159ekladu<\/span><\/strong><\/em><\/p>\n<p><a href=\"https:\/\/anti-spiegel.ru\/2026\/die-erklaerungen-des-polnischen-praesidenten-ueber-die-in-deutschland-nicht-berichtet-wurde\/\">Thomas R\u00f6per<\/a><\/p>\n<p><img decoding=\"async\" loading=\"lazy\" class=\"alignnone  wp-image-22016\" src=\"http:\/\/www.infokuryr.cz\/n\/wp-content\/uploads\/2023\/01\/Thomas-Roper-298x300.jpg\" alt=\"\" width=\"140\" height=\"141\" srcset=\"https:\/\/www.infokuryr.cz\/n\/wp-content\/uploads\/2023\/01\/Thomas-Roper-298x300.jpg 298w, https:\/\/www.infokuryr.cz\/n\/wp-content\/uploads\/2023\/01\/Thomas-Roper-150x150.jpg 150w, https:\/\/www.infokuryr.cz\/n\/wp-content\/uploads\/2023\/01\/Thomas-Roper.jpg 596w\" sizes=\"(max-width: 140px) 100vw, 140px\" \/><\/p>\n<p>&nbsp;<\/p>\n","protected":false},"excerpt":{"rendered":"<p>Minul\u00fd t\u00fdden si p\u0159ipom\u00ednali v\u00fdro\u010d\u00ed osvobozen\u00ed Osv\u011btimi a na pietn\u00ed akci polsk\u00fd prezident pronesl skand\u00e1ln\u00ed&#8230;<\/p>\n","protected":false},"author":2,"featured_media":98565,"comment_status":"closed","ping_status":"closed","sticky":false,"template":"","format":"standard","meta":[],"categories":[7],"tags":[1790,31,165,1009],"_links":{"self":[{"href":"https:\/\/www.infokuryr.cz\/n\/wp-json\/wp\/v2\/posts\/98564"}],"collection":[{"href":"https:\/\/www.infokuryr.cz\/n\/wp-json\/wp\/v2\/posts"}],"about":[{"href":"https:\/\/www.infokuryr.cz\/n\/wp-json\/wp\/v2\/types\/post"}],"author":[{"embeddable":true,"href":"https:\/\/www.infokuryr.cz\/n\/wp-json\/wp\/v2\/users\/2"}],"replies":[{"embeddable":true,"href":"https:\/\/www.infokuryr.cz\/n\/wp-json\/wp\/v2\/comments?post=98564"}],"version-history":[{"count":0,"href":"https:\/\/www.infokuryr.cz\/n\/wp-json\/wp\/v2\/posts\/98564\/revisions"}],"wp:featuredmedia":[{"embeddable":true,"href":"https:\/\/www.infokuryr.cz\/n\/wp-json\/wp\/v2\/media\/98565"}],"wp:attachment":[{"href":"https:\/\/www.infokuryr.cz\/n\/wp-json\/wp\/v2\/media?parent=98564"}],"wp:term":[{"taxonomy":"category","embeddable":true,"href":"https:\/\/www.infokuryr.cz\/n\/wp-json\/wp\/v2\/categories?post=98564"},{"taxonomy":"post_tag","embeddable":true,"href":"https:\/\/www.infokuryr.cz\/n\/wp-json\/wp\/v2\/tags?post=98564"}],"curies":[{"name":"wp","href":"https:\/\/api.w.org\/{rel}","templated":true}]}}