{"id":98539,"date":"2026-02-03T06:52:48","date_gmt":"2026-02-03T05:52:48","guid":{"rendered":"https:\/\/www.infokuryr.cz\/n\/?p=98539"},"modified":"2026-02-03T06:52:48","modified_gmt":"2026-02-03T05:52:48","slug":"jindrich-kulhavy-proboha-proc","status":"publish","type":"post","link":"https:\/\/www.infokuryr.cz\/n\/2026\/02\/03\/jindrich-kulhavy-proboha-proc\/","title":{"rendered":"Jind\u0159ich Kulhav\u00fd: Proboha pro\u010d?"},"content":{"rendered":"<div id=\"fb-root\"><\/div>\n<p><span class=\"anotation\">Hradn\u00ed z\u00e1\u017eitkov\u00e1 agentura poskytnula prezidentsk\u00e9mu p\u00e1ru vcelku p\u0159\u00edjemn\u00fd za\u010d\u00e1tek roku. Nejd\u0159\u00edve se Pavlovi setkali p\u0159i n\u00e1v\u0161t\u011bv\u011b Vatik\u00e1nu s\u00a0pape\u017eem, pot\u00e9 se \u00fadajn\u011b hlava st\u00e1tu proj\u00ed\u017ed\u011bla po \u0160pan\u011blsku na motorce. Dodan\u00e9 fotografie sv\u011bd\u010dily o mizern\u00e9 pr\u00e1ci hradn\u00edho fotografa sed\u00edc\u00edho sp\u00ed\u0161e u po\u010d\u00edta\u010de a s\u00a0pomoc\u00ed um\u011bl\u00e9 inteligence vytv\u00e1\u0159ej\u00edc\u00edho fale\u0161n\u00fd pocit, \u017ee se jedn\u00e1 o kvalitn\u00ed j\u00edzdu p\u0159ipom\u00ednaj\u00edc\u00ed z\u00e1vod s\u00a0\u010dasem (na jedn\u00e9 z\u00a0fotek Pavlovi dorostla z\u00e1zra\u010dn\u011b ofina, na druh\u00e9 postel s\u00a0jinou v\u00fdbavou v\u010detn\u011b ciz\u00ed p\u0159ilby st\u00e1la na t\u0159ech noh\u00e1ch). Budi\u017e, mo\u017en\u00e1 m\u011bl d\u016fvod zast\u00edrat, co v\u00a0dob\u011b politick\u00e9 dom\u00e1c\u00ed krize d\u011bl\u00e1 v\u00a0zahrani\u010d\u00ed. Kde se pohybovala ten t\u00fdden man\u017eelka, to u\u017e m\u00e9dia neuvedla. Nebyla to ona, kdo nav\u0161t\u00edvil Jermak\u016fv resort?<\/span><\/p>\n<div id=\"pagetext\">\n<p>\u00a0 Je \u00fanor a hradn\u00ed dvojka, tedy oba man\u017eel\u00e9, se chyst\u00e1 na zah\u00e1jen\u00ed Olympijsk\u00fdch her do It\u00e1lie. Stihnout cht\u011bj\u00ed \u00favodn\u00ed ceremoni\u00e1l, z\u00e1pas \u017eensk\u00e9 hokejov\u00e9 reprezentace a snowboardov\u00fd paraleln\u00ed slalom, ve kter\u00e9m m\u00e1me nej\u017ehav\u011bj\u0161\u00ed \u017eel\u00edzko na zlatou medaili Ledeckou. Takov\u00fdch p\u00e1r z\u00e1b\u011br\u016f s\u00a0na\u0161imi sportovci by jist\u011b zapadlo do galerie z\u00e1\u017eitk\u016f, kter\u00e9 si Pavel dop\u0159\u00e1v\u00e1 a zv\u00fd\u0161ilo to presti\u017e a popularitu. Na to, \u017ee tu u n\u00e1s m\u00e1me d\u011bravou st\u00e1tn\u00ed pokladnu p\u0159edanou Stanjurou Schllerov\u00e9, si \u0161edovlas\u00fd gener\u00e1l vcelku u\u017e\u00edv\u00e1. 5 t\u00fddn\u016f a t\u0159i ud\u00e1losti, kter\u00e9 si pr\u016fm\u011brn\u00fd \u010cech jen tak dovolit nem\u016f\u017ee, a to ani v\u00a0pr\u016fb\u011bhu n\u011bkolika let. K\u00a0tomu je\u0161t\u011b stihnul odn\u011bkud z\u00a0tepla Pavel prohl\u00e1sit sm\u011brem k\u00a0vl\u00e1d\u011b, \u017ee kdy\u017e to chce tvrd\u011b, bude to m\u00edt. Vyhrocuje spor vl\u00e1da versus prezident do je\u0161t\u011b vy\u0161\u0161\u00edch ot\u00e1\u010dek, nebo skute\u010dn\u011b vyhro\u017euje? A kdo m\u00e1 potom v\u011bt\u0161\u00ed p\u00e1ky v\u00a0bitv\u011b, ve kter\u00e9 se ob\u010dan st\u00e1v\u00e1 pouze rukojm\u00edm eg z\u00e1stupc\u016f vl\u00e1dnouc\u00ed vrstvy?<\/p>\n<p>V centru Prahy se se\u0161ly des\u00edtky tis\u00edc ob\u010dan\u016f na podporu t\u00e9to osoby. Davem se voln\u011b pohybovali beze strachu \u010dlenov\u00e9 b\u00fdval\u00e9 vl\u00e1dn\u00ed koalice a n\u011bkte\u0159\u00ed z nich se dokonce hanliv\u011b vyjad\u0159ovali o t\u00e9 sou\u010dasn\u00e9 jako o l\u016fze (plat\u00ed i pro jej\u00ed voli\u010de). Zalo\u017eili iniciativu \u201eNejslab\u0161\u00ed premi\u00e9r\u201c, p\u0159esto\u017ee je Babi\u0161 ve funkci cca 50 dn\u00ed. P\u0159ipome\u0148me si p\u00e1r \u00fasp\u011bch\u016f Fialovy skvadry. Om\u00edlat dokola ignorovan\u00e9 kauzy Dozimetr (bude ho nov\u011b vy\u0161et\u0159ovat parlamentn\u00ed komise, kdy\u017e se j\u00edm policie a justice zab\u00fdv\u00e1 okrajov\u011b), Kampeli\u010dka, Bitcoiny, IKEM, Motol \u010di digitalizace je sice nudn\u00e9, ale vystihuje to podstatu vl\u00e1dy Petra Fialy podporovan\u00e9 pr\u00e1v\u011b Pavlem. D\u00e1le tu byla solidn\u00ed inflace sni\u017euj\u00edc\u00ed \u00faspory ob\u010dan\u016f a\u017e o t\u0159etinu, vysok\u00e9 ceny energi\u00ed, defraudace st\u00e1tn\u00edch prost\u0159edk\u016f ve prosp\u011bch Ukrajiny, a to i z pen\u011bz ur\u010den\u00fdch na pomoc kraj\u016fm posti\u017een\u00fdm ni\u010div\u00fdmi povodn\u011bmi. Neopodstatn\u011bn\u00e9 vysok\u00e9 schodky n\u00e1rodn\u00edho rozpo\u010dtu, obrovsk\u00fd pod\u00edl na celoevropsk\u00fdch dopadech naprosto zcestn\u00e9ho Green Dealu, ukon\u010den\u00ed t\u011b\u017eby \u010dern\u00e9ho uhl\u00ed s n\u00e1sledn\u00fdm pl\u00e1nem doly za miliardy zatopit. Ukrajinizace \u010desk\u00e9 spole\u010dnosti a nemravn\u00e9 v\u00fdhody poskytovan\u00e9 Ukrajinc\u016fm na \u00fakor \u010cech\u016f.<\/p>\n<p>Dalo by se pokra\u010dovat d\u00e1le, ale u v\u0161eho tohoto byl i prezident. Pod ideologick\u00fdm veden\u00edm Petra Kol\u00e1\u0159e maj\u00edc\u00edho ve sporu Hrad-vl\u00e1da z\u00e1sadn\u00ed v\u00fdznam se pod\u00edlel na izolaci na\u0161\u00ed diplomacie, na odklonu od V4, je sou\u010d\u00e1st\u00ed hysterie v\u016f\u010di Rusk\u00e9 federaci, p\u0159i\u010dem\u017e v\u011brn\u011b slou\u017eil Sov\u011btsk\u00e9mu svazu a schvaloval i vstup arm\u00e1d Var\u0161avsk\u00e9 smlouvy v roku 1968 do na\u0161\u00ed republiky. K tomu je \u0159ada d\u016fkaz\u016f v\u010detn\u011b rozhovoru, ve kter\u00e9m se odm\u00edt\u00e1 vyj\u00e1d\u0159it k vlastn\u00edm slov\u016fm. Byl skute\u010dn\u011b \u010dlenem rozv\u011bdky, KS\u010c, vedl stranickou bu\u0148ku a za man\u017eelku m\u00e1 tehdej\u0161\u00ed arm\u00e1dn\u00ed politru\u010dku. P\u0159e\u0161el na druhou stranu, stal se vysokou \u0161ar\u017e\u00ed v NATO a ohebnost p\u00e1te\u0159e mu umo\u017enila nyn\u00ed ji\u017e z druh\u00e9ho b\u0159ehu plivat na sv\u00e9 b\u00fdval\u00e9 dobrod\u011bje. Stal se pro Petra Kol\u00e1\u0159e projektem. Doplnili mu vlasy, nau\u010dili ho chovat se m\u00e9n\u011b arogantn\u011b, ne\u017e se voj\u00e1ka z povol\u00e1n\u00ed b\u011b\u017en\u011b st\u00e1v\u00e1, zkultivovali ho a nastavili profil na mu\u017ee lidu. Inteligenci nahradili psan\u00fdmi instrukcemi a texty a vypustili do ar\u00e9ny. Je\u0161t\u011b p\u0159ed t\u00edm mu byla zaji\u0161t\u011bna podpora m\u00e9di\u00ed a \u010d\u00e1sti politick\u00e9 reprezentace, prodejn\u00e9 um\u011bleck\u00e9 sc\u00e9ny.<\/p>\n<p>Lid\u00e9 stoj\u00edc\u00ed a tleskaj\u00edc\u00ed v man\u00e9\u017ei p\u0159ipraven\u00e9 Milionem chvilek veden\u00fdch dal\u0161\u00edm defraudantem Mikul\u00e1\u0161em Min\u00e1\u0159em maj\u00ed kr\u00e1tkou pam\u011b\u0165, sn\u00ed\u017een\u00fd smysl pro realitu nebo nedostate\u010dnou mozkovou aktivitu, pokud jim v\u0161e v\u00fd\u0161e uveden\u00e9 nedoch\u00e1z\u00ed. M\u016f\u017eete b\u00fdt p\u0159\u00edznivcem EU, v\u011b\u0159it v dopad lidsk\u00e9 existence na klimatick\u00e9 zm\u011bny, obdivovat Leyenovou a nesn\u00e1\u0161et Putina, proto\u017ee \u00a0Va\u0161e babi\u010dka musela 68. uhnout tanku \u0159\u00edzen\u00e9m mo\u017en\u00e1 n\u011bjak\u00fdm Ukrajincem, kter\u00e9ho sem poslal n\u011bkter\u00fd z jeho dal\u0161\u00edch krajan\u016f ovl\u00e1daj\u00edc\u00edch v t\u00e9 dob\u011b neju\u017e\u0161\u00ed veden\u00ed UV KSSS. P\u0159i\u010dem\u017e otec Pavla mal\u00e9mu Petrovi v\u0161e ideologicky natolik spr\u00e1vn\u011b vysv\u011btli, \u017ee to v n\u011bm zanechalo jen pozitivn\u00ed dojmy, na\u010de\u017e o 57 let pozd\u011bji stejn\u00fd chlapec pokl\u00e1d\u00e1 kv\u011btiny u pam\u00e1tn\u00edku ob\u011bt\u00ed tehdej\u0161\u00ed invaze a je\u0161t\u011b o p\u00e1r m\u011bs\u00edc\u016f d\u00e1le se nech\u00e1 oslavovat Ukrajinci zam\u00edchan\u00fdmi do davu \u010desk\u00fdch obdivovatel\u016f.<\/p>\n<p>A j\u00e1 se pt\u00e1m. Opravdu \u017eijeme v realit\u011b, kde podpora prolhan\u00fdch m\u00e9di\u00ed, nen\u00e1vist ze strany b\u00fdval\u00e9 politick\u00e9 reprezentace v\u016f\u010di nov\u00e9 a v\u0161udyp\u0159\u00edtomn\u00e1 le\u017e i manipulace sta\u010d\u00ed k tomu, aby se se\u0161ly desetitis\u00edce lid\u00ed a tleskali t\u011bm, kte\u0159\u00ed si z nich ud\u011blali dojn\u00e9 kr\u00e1vy? Kam se ztratila hrdost, logika a pud sebez\u00e1chovy? Je n\u00e1\u0161 n\u00e1rod tak hloup\u00fd? Zji\u0161t\u011bn\u00ed je smutn\u00e9. Asi ano. A chv\u00e1la na Petra Pavla je toho d\u016fkazem Rozd\u00edl mezi chov\u00e1n\u00edm a p\u0159ehledem b\u00fdval\u00fdch hlav st\u00e1tu a sou\u010dasn\u00e9ho prezidenta tak\u00e9. Amen.<\/p>\n<p><a href=\"https:\/\/www.inadhled.live\/uvaha-dne\/proboha-proc-\/\">Jind\u0159ich Kulhav\u00fd<\/a><\/p>\n<p><img decoding=\"async\" loading=\"lazy\" class=\"alignnone size-full wp-image-48136\" src=\"http:\/\/www.infokuryr.cz\/n\/wp-content\/uploads\/2024\/02\/kulhavy-jindrich.jpg\" alt=\"\" width=\"219\" height=\"221\" srcset=\"https:\/\/www.infokuryr.cz\/n\/wp-content\/uploads\/2024\/02\/kulhavy-jindrich.jpg 219w, https:\/\/www.infokuryr.cz\/n\/wp-content\/uploads\/2024\/02\/kulhavy-jindrich-150x150.jpg 150w\" sizes=\"(max-width: 219px) 100vw, 219px\" \/><\/p>\n<p>&nbsp;<\/p>\n<\/div>\n","protected":false},"excerpt":{"rendered":"<p>Hradn\u00ed z\u00e1\u017eitkov\u00e1 agentura poskytnula prezidentsk\u00e9mu p\u00e1ru vcelku p\u0159\u00edjemn\u00fd za\u010d\u00e1tek roku. Nejd\u0159\u00edve se Pavlovi setkali p\u0159i&#8230;<\/p>\n","protected":false},"author":2,"featured_media":98540,"comment_status":"closed","ping_status":"closed","sticky":false,"template":"","format":"standard","meta":[],"categories":[6],"tags":[425,1503,4297,1173,122],"_links":{"self":[{"href":"https:\/\/www.infokuryr.cz\/n\/wp-json\/wp\/v2\/posts\/98539"}],"collection":[{"href":"https:\/\/www.infokuryr.cz\/n\/wp-json\/wp\/v2\/posts"}],"about":[{"href":"https:\/\/www.infokuryr.cz\/n\/wp-json\/wp\/v2\/types\/post"}],"author":[{"embeddable":true,"href":"https:\/\/www.infokuryr.cz\/n\/wp-json\/wp\/v2\/users\/2"}],"replies":[{"embeddable":true,"href":"https:\/\/www.infokuryr.cz\/n\/wp-json\/wp\/v2\/comments?post=98539"}],"version-history":[{"count":0,"href":"https:\/\/www.infokuryr.cz\/n\/wp-json\/wp\/v2\/posts\/98539\/revisions"}],"wp:featuredmedia":[{"embeddable":true,"href":"https:\/\/www.infokuryr.cz\/n\/wp-json\/wp\/v2\/media\/98540"}],"wp:attachment":[{"href":"https:\/\/www.infokuryr.cz\/n\/wp-json\/wp\/v2\/media?parent=98539"}],"wp:term":[{"taxonomy":"category","embeddable":true,"href":"https:\/\/www.infokuryr.cz\/n\/wp-json\/wp\/v2\/categories?post=98539"},{"taxonomy":"post_tag","embeddable":true,"href":"https:\/\/www.infokuryr.cz\/n\/wp-json\/wp\/v2\/tags?post=98539"}],"curies":[{"name":"wp","href":"https:\/\/api.w.org\/{rel}","templated":true}]}}