{"id":9851,"date":"2022-04-22T02:01:44","date_gmt":"2022-04-22T00:01:44","guid":{"rendered":"http:\/\/www.infokuryr.cz\/n\/?p=9851"},"modified":"2022-04-21T16:34:50","modified_gmt":"2022-04-21T14:34:50","slug":"jiri-paroubek-zlocinne-spiknuti-na-slovensku-anebo-zlocinna-fantazie","status":"publish","type":"post","link":"https:\/\/www.infokuryr.cz\/n\/2022\/04\/22\/jiri-paroubek-zlocinne-spiknuti-na-slovensku-anebo-zlocinna-fantazie\/","title":{"rendered":"Ji\u0159\u00ed Paroubek: Zlo\u010dinn\u00e9 spiknut\u00ed na Slovensku anebo zlo\u010dinn\u00e1 fantazie?"},"content":{"rendered":"<div id=\"fb-root\"><\/div>\n<div class=\"perex\">Za\u010dnu defenzivn\u011b. Ned\u00e1vno \u201evyhrabal\u201c jak\u00fdsi nev\u00fdznamn\u00fd server, \u017ee jsem pr\u00fd \u201ep\u0159\u00edtelem\u201c jednoho z rusk\u00fdch magn\u00e1t\u016f, zasa\u017een\u00fdch z\u00e1padn\u00edmi sankcemi.<\/div>\n<div class=\"content\">\n<p>Sv\u00e9ho \u201ep\u0159\u00edtele\u201c Babakova, kdysi m\u00edstop\u0159edsedu st\u00e1tn\u00ed Dumy a sou\u010dasn\u011b m\u00edstop\u0159edsedu quasiopozi\u010dn\u00ed strany Spravedliv\u00e9 Rusko, jsem u\u017e dob\u0159e deset let nebo je\u0161t\u011b v\u00edce, nevid\u011bl. Je pravda, \u017ee strana Spravedliv\u00e9 Rusko se i d\u00edky iniciativ\u011b \u010desk\u00e9 soci\u00e1ln\u00ed demokracie (a tedy m\u00e9) stala pozorovatelkou v\u00a0Socialistick\u00e9 internacion\u00e1le. Odtud to \u201ep\u0159\u00e1telstv\u00ed\u201c a jeho \u00fa\u010dast na sjezdech \u010cSSD. Co m\u016fj \u201ep\u0159\u00edtel\u201c d\u011bl\u00e1 posledn\u00edch deset let nev\u00edm a ani ne\u0159e\u0161\u00edm. Je to zkr\u00e1tka obvykl\u00fd fake news \u010desk\u00fdch m\u00e9di\u00ed. Nejprve t\u011bch nev\u00fdznamn\u00fdch, aby se to pak v\u00a0p\u0159\u00edpad\u011b pot\u0159eby nafouklo v\u00a0t\u011bch v\u00fdznamn\u011bj\u0161\u00edch.<\/p>\n<p>Stejn\u00e9 to bude s\u00a0R\u00f3bertem Ficem. Byli jsme \u201epoliti\u010dt\u00ed p\u0159\u00e1tel\u00e9\u201c. On vedl stranu Smer \u2013 soci\u00e1lna demokracia a j\u00e1 jsem vedl do roku 2010 \u010deskou soci\u00e1ln\u00ed demokracii. Byl m\u00fdm sv\u011bdkem na svatb\u011b, u\u017e tak\u00e9 proto, \u017ee m\u00e1 druh\u00e1 man\u017eelka byla p\u016fvodem Slovenka.<\/p>\n<p>Po m\u00e9m odchodu z\u00a0funkce p\u0159edsedy \u010cSSD v roce 2010 se z\u00a0m\u00e9ho \u017eivota tento m\u016fj p\u0159\u00edtel jaksi vypa\u0159il. Za cel\u00fdch dvan\u00e1ct let jsem s\u00a0n\u00edm mluvil pouh\u00e9 dv\u011b minuty telefonicky. A to proto, \u017ee mn\u011b jej p\u0159edal v mobilu na ucho jeden n\u00e1\u0161 spole\u010dn\u00fd zn\u00e1m\u00fd. Tak\u017ee p\u0159\u00edpadn\u00e9 obvin\u011bn\u00ed m\u00e9 osoby z\u00a0nadr\u017eov\u00e1n\u00ed a stran\u011bn\u00ed Ficovi a h\u00e1jen\u00ed star\u00e9ho k\u00e1mo\u0161e, kter\u00fd se dost\u00e1v\u00e1 do sp\u00e1r\u016f \u201espravedlnosti\u201c, je jaksi irelevantn\u00ed. Nejsem osobn\u011b zainteresov\u00e1n na osudu R. Fica jako politika a bl\u00edzk\u00e9 osoby, proto\u017ee nen\u00ed bl\u00edzkou osobou, ale samoz\u0159ejm\u011b m\u011b zaj\u00edm\u00e1 osud \u010dlov\u011bka a politika R. Fica, pokud by se snad stal p\u0159edm\u011btem zvrhl\u00e9ho spiknut\u00ed st\u00e1tn\u00edch org\u00e1n\u016f pr\u00e1v\u011b on (a tak\u00e9 kdokoliv jin\u00fd).<\/p>\n<p>Je to cel\u00e9 podivn\u00e9. B\u00fdval\u00fd Fic\u016fv ministr vnitra je odv\u00e1d\u011bn v \u201eklepetech\u201c tak, aby se slovensk\u00e1 ve\u0159ejnost co nejv\u00edce \u201epobavila\u201c. A antificov\u0161t\u00ed novin\u00e1\u0159i dost\u00e1vaj\u00ed prostor, mj. i v\u00a0\u010cT k\u00a0tomu, aby tvrdili: \u201eMy u\u017e jsme to d\u00e1vno \u0159\u00edkali\u201c. D\u011blat z\u00a0b\u00fdval\u00e9ho p\u0159edsedy vl\u00e1dy a z\u00a0b\u00fdval\u00e9ho ministra vnitra hlavn\u00ed slovensk\u00e9 padouchy, je ale opravdu u\u017e trochu p\u0159\u00edli\u0161.<\/p>\n<p>Kdy\u017e se ned\u00e1vno \u201es\u00e1m\u201c ob\u011bsil ve sv\u00e9 vazebn\u00ed cele b\u00fdval\u00fd slovensk\u00fd policejn\u00ed prezident \u2013 odpuste mi ten v\u00fdraz \u2013 tak \u0159\u00edkaj\u00edc na fusekli (pr\u00fd na sv\u00fdch tepl\u00e1c\u00edch), \u0159\u00edkal jsem si &#8211; konec sv\u011bta. Slovensko se propadlo n\u011bkam na \u00farove\u0148 S\u00fad\u00e1nu. Ale to, \u017ee nyn\u00ed doch\u00e1z\u00ed k\u00a0front\u00e1ln\u00edmu \u00fatoku na slovenskou opozici, je u\u017e \u00fapln\u011b z\u0159eteln\u00e9.<\/p>\n<p>Ned\u00e1vno byl obvi\u0148ov\u00e1n jin\u00fd \u010deln\u00fd politik slovensk\u00e9 opozice, Pellegrini, \u0161\u00e9f Ficovu Smeru vlastn\u011b konkuruj\u00edc\u00ed strany Hlas \u2013 soci\u00e1lna demokracia z \u00fadajn\u00e9ho p\u0159ijet\u00ed \u00faplatku ve v\u00fd\u0161i 200 tis\u00edc eur. Prost\u011b fantaskn\u00ed a \u0161\u00edlen\u00e9 obvin\u011bn\u00ed. N\u00e1sledovala podivn\u00e1 sv\u011bdectv\u00ed podivn\u00fdch sv\u011bdk\u016f. No, prost\u011b z\u00a0pohledu zven\u010d\u00ed se jedn\u00e1 o v\u011bc zcela nev\u011brohodnou a na pomez\u00ed st\u00e1tn\u00edho banditismu.<\/p>\n<p>Kdy\u017e jsem se ned\u00e1vno dozv\u011bd\u011bl, \u017ee slovensk\u00e1 policie nasadila odposlechy Fica a jeho p\u0159\u00e1tel a zn\u00e1m\u00fdch v\u00a0jak\u00e9si loveck\u00e9 chat\u011b pod z\u00e1minkou, \u017ee tito lid\u00e9 v\u00a0\u010dele s\u00a0Ficem p\u0159ipravuj\u00ed \u201elesn\u00ed pych\u201c (pytla\u010den\u00ed), od srdce jsem se zasm\u00e1l. Takovou pitomost m\u016f\u017eou vymyslet opravdu jen hloup\u00ed policajti. Ale zabralo to. Objevili se p\u0159episy Ficov\u00fdch \u00fadajn\u00fdch &#8222;z\u00e1vadn\u00fdch&#8220; rozhovor\u016f s\u00a0n\u00e1v\u0161t\u011bvn\u00edky loveck\u00e9 chaty v\u00a0m\u00e9di\u00edch. Mo\u017en\u00e1 upraven\u00e9 \u010di jinak prefabrikovan\u00e9, prost\u011b nev\u011brohodn\u00e9. Zkr\u00e1tka, vl\u00e1da \u010di n\u011bkter\u00e9 s\u00edly v z\u00e1kulis\u00ed, kter\u00e9 j\u00ed na Slovensku podporuj\u00ed, chce za ka\u017edou cenu zastavit nezadr\u017eiteln\u00fd n\u00e1stup opozice, ke kter\u00e9mu doch\u00e1z\u00ed v\u00a0d\u016fsledku neuv\u011b\u0159iteln\u011b \u0161patn\u00e9 a chaotick\u00e9 politiky sou\u010dasn\u00e9 neschopn\u00e9 slovensk\u00e9 vl\u00e1dy. Samoz\u0159ejm\u011b to m\u016f\u017ee m\u00edt i sv\u016fj mezin\u00e1rodn\u00ed kontext. Fico je proti dod\u00e1vk\u00e1m zbran\u00ed na Ukrajinu (ostatn\u011b podobn\u011b jako j\u00e1), kritizoval slovenskou pravici za prosazen\u00ed podivn\u00e9 alian\u010dn\u00ed smlouvy mezi Slovenskem a Spojen\u00fdmi st\u00e1ty (n\u011bco podobn\u00e9ho chyst\u00e1 te\u010f tak\u00e9 \u010desk\u00e1 vl\u00e1da).<\/p>\n<p>Prost\u011b Fico se br\u00e1n\u00ed zapleten\u00ed Slovenska do konfliktu na Ukrajin\u011b. Konec konc\u016f, je to opozi\u010dn\u00ed politik, tak se d\u00e1 o\u010dek\u00e1vat, \u017ee bude m\u00edt n\u00e1zory jin\u00e9, ne\u017eli m\u00e1 sou\u010dasn\u00e1 vl\u00e1da.<\/p>\n<p>S jeho n\u00e1zory na \u0159e\u0161en\u00ed pandemie jsem nesouhlasil, ale likvidace \u201ezlo\u010dineck\u00e9ho centra na Slovensku\u201c mi p\u0159\u00edli\u0161 p\u0159ipom\u00edn\u00e1 doby totality v\u00a0\u010ceskoslovensku a prefabrikovan\u00fdch proces\u016f.<\/p>\n<p>P\u0159edpokl\u00e1d\u00e1m, \u017ee Ficovi a Kali\u0148\u00e1kovi bude umo\u017en\u011bna alespo\u0148 element\u00e1rn\u00ed obhajoba a polici\u00ed a prokuraturou budou p\u0159edlo\u017eeny tak zdrcuj\u00edc\u00ed a nezpochybniteln\u00e9 d\u016fkazy, kter\u00e9 nebudou p\u0159edm\u011btem manipulativn\u00edho utajov\u00e1n\u00ed ze strany slovensk\u00e9 vl\u00e1dy a veden\u00ed slovensk\u00e9 policie. \u00d3 doby, \u00f3 mravy&#8230;<\/p>\n<\/div>\n<p><a href=\"http:\/\/vasevec.parlamentnilisty.cz\/komentare\/jiri-paroubek-zlocinne-spiknuti-na-slovensku-anebo-zlocinna-fantazie\">Ji\u0159\u00ed Paroubek<\/a><\/p>\n<p><img decoding=\"async\" loading=\"lazy\" class=\"alignnone size-medium wp-image-2342\" src=\"http:\/\/www.infokuryr.cz\/n\/wp-content\/uploads\/2021\/06\/paroubek-300x208.jpg\" alt=\"\" width=\"300\" height=\"208\" srcset=\"https:\/\/www.infokuryr.cz\/n\/wp-content\/uploads\/2021\/06\/paroubek-300x208.jpg 300w, https:\/\/www.infokuryr.cz\/n\/wp-content\/uploads\/2021\/06\/paroubek.jpg 318w\" sizes=\"(max-width: 300px) 100vw, 300px\" \/><\/p>\n<p>&nbsp;<\/p>\n<p>&nbsp;<\/p>\n","protected":false},"excerpt":{"rendered":"<p>Za\u010dnu defenzivn\u011b. Ned\u00e1vno \u201evyhrabal\u201c jak\u00fdsi nev\u00fdznamn\u00fd server, \u017ee jsem pr\u00fd \u201ep\u0159\u00edtelem\u201c jednoho z rusk\u00fdch magn\u00e1t\u016f,&#8230;<\/p>\n","protected":false},"author":2,"featured_media":2543,"comment_status":"closed","ping_status":"closed","sticky":false,"template":"","format":"standard","meta":[],"categories":[6],"tags":[636,29,203],"_links":{"self":[{"href":"https:\/\/www.infokuryr.cz\/n\/wp-json\/wp\/v2\/posts\/9851"}],"collection":[{"href":"https:\/\/www.infokuryr.cz\/n\/wp-json\/wp\/v2\/posts"}],"about":[{"href":"https:\/\/www.infokuryr.cz\/n\/wp-json\/wp\/v2\/types\/post"}],"author":[{"embeddable":true,"href":"https:\/\/www.infokuryr.cz\/n\/wp-json\/wp\/v2\/users\/2"}],"replies":[{"embeddable":true,"href":"https:\/\/www.infokuryr.cz\/n\/wp-json\/wp\/v2\/comments?post=9851"}],"version-history":[{"count":0,"href":"https:\/\/www.infokuryr.cz\/n\/wp-json\/wp\/v2\/posts\/9851\/revisions"}],"wp:featuredmedia":[{"embeddable":true,"href":"https:\/\/www.infokuryr.cz\/n\/wp-json\/wp\/v2\/media\/2543"}],"wp:attachment":[{"href":"https:\/\/www.infokuryr.cz\/n\/wp-json\/wp\/v2\/media?parent=9851"}],"wp:term":[{"taxonomy":"category","embeddable":true,"href":"https:\/\/www.infokuryr.cz\/n\/wp-json\/wp\/v2\/categories?post=9851"},{"taxonomy":"post_tag","embeddable":true,"href":"https:\/\/www.infokuryr.cz\/n\/wp-json\/wp\/v2\/tags?post=9851"}],"curies":[{"name":"wp","href":"https:\/\/api.w.org\/{rel}","templated":true}]}}