{"id":9849,"date":"2022-04-22T02:00:40","date_gmt":"2022-04-22T00:00:40","guid":{"rendered":"http:\/\/www.infokuryr.cz\/n\/?p=9849"},"modified":"2022-04-21T16:28:35","modified_gmt":"2022-04-21T14:28:35","slug":"jindrich-kulhavy-dalsi-podvod-vlady-na-ceske-obcany","status":"publish","type":"post","link":"https:\/\/www.infokuryr.cz\/n\/2022\/04\/22\/jindrich-kulhavy-dalsi-podvod-vlady-na-ceske-obcany\/","title":{"rendered":"Jind\u0159ich Kulhav\u00fd: Dal\u0161\u00ed podvod vl\u00e1dy na \u010desk\u00e9 ob\u010dany"},"content":{"rendered":"<div id=\"fb-root\"><\/div>\n<p><span class=\"anotation\">Soci\u00e1ln\u00ed s\u00edt\u011b jsou pln\u00e9 vtip\u016f sm\u011b\u0159uj\u00edc\u00edch proti vl\u00e1d\u011b \u010cesk\u00e9 republiky. Jak zn\u00e1mo, vtip je \u010dasto ide\u00e1ln\u00edm zp\u016fsobem, jak vyj\u00e1d\u0159it realitu. Proto za nejlep\u0161\u00ed lze pova\u017eovat ten, ve kter\u00e9m se hovo\u0159\u00ed o Fialov\u011b vl\u00e1d\u011b. Rozhodn\u011b toti\u017e nen\u00ed nejhor\u0161\u00ed vl\u00e1dou od roku 1989, ale pravd\u011bpodobn\u011b u\u017e od roku 1918. A to nen\u00ed zrovna dobr\u00e1 vizitka, uv\u011bdom\u00edme li si, \u017ee je u moci pouh\u00fdch p\u00e1r t\u00fddn\u016f. Za tu dobu dok\u00e1zala koalice na\u0161tvat solidn\u00ed \u010d\u00e1st \u010cech\u016f, Moravan\u016f a Slezan\u016f, rozdat mnoho miliard korun mizej\u00edc\u00edch tak z\u00a0na\u0161eho n\u00e1rodn\u00edho rozpo\u010dtu a vytvo\u0159it z\u00a0n\u00e1s pod\u0159adn\u00e9 v\u00a0kontrastu s\u00a0t\u00edm, co d\u011bl\u00e1 pro Ukrajince.<\/span><\/p>\n<div id=\"pagetext\">\n<p>Nov\u00fdm po\u010dinem vl\u00e1dy je p\u0159id\u011blov\u00e1n\u00ed soci\u00e1ln\u00edho bydlen\u00ed Ukrajinc\u016fm. Tyto byty jsou dlouhodob\u011b nedostatkov\u00fdm zbo\u017e\u00edm na trhu a nesta\u010d\u00ed ani pro \u010desk\u00e9 z\u00e1jemce z \u0159ad soci\u00e1ln\u011b slab\u0161\u00ed \u010d\u00e1sti na\u0161\u00ed spole\u010dnosti. I p\u0159esto vl\u00e1da rozhodla, \u017ee p\u0159ednostn\u011b budou p\u0159id\u011blov\u00e1ny ukrajinsk\u00fdm imigrant\u016fm, nav\u00edc za nadstandardn\u00edch podm\u00ednek. Tedy t\u0159eba bez pot\u0159eby skl\u00e1dat t\u0159i n\u00e1jmy dop\u0159edu. Tak\u00e9 ceny za n\u00e1jem jsou sm\u011b\u0161n\u00e9 proti tomu, kolik plat\u00ed \u010ce\u0161i. Trochu odbo\u010d\u00edme. P\u0159ed 15ti roky za\u010daly privatizace byt\u016f na Praze 3. Postupn\u011b doch\u00e1zelo k rekonstrukci dom\u016f a s prodlu\u017euj\u00edc\u00ed se dobou se postupn\u011b m\u011bn\u00ed ceny za m2 tak razantn\u011b, \u017ee ti privatizuj\u00edc\u00ed byty v posledn\u00edch letech kupuj\u00ed za dvoj a\u017e trojn\u00e1sobnou \u010d\u00e1stku. To i p\u0159es to, \u017ee v n\u011bkter\u00fdch bytech se t\u00e9m\u011b\u0159 ned\u00e1 bydlet. Nav\u00edc n\u011bkte\u0159\u00ed z n\u00e1jemn\u00edk\u016f byty z\u00edskali byt tzv. ob\u00e1lkovou metodou proti p\u0159\u00edslibu, \u017ee privatizace prob\u011bhnou do dvou a\u017e t\u0159\u00ed let. P\u0159istoupili tak na podm\u00ednky dan\u00e9 m\u011bstsk\u00fdm \u00fa\u0159adem, n\u011bkte\u0159\u00ed z nich plat\u00ed za m\u011bs\u00ed\u010dn\u00ed n\u00e1jem a\u017e trojn\u00e1sobek b\u011b\u017en\u00fdch n\u00e1jm\u016f. Privatizace se v\u0161ak natolik prot\u00e1hla, \u017ee v n\u00e1jmech u\u017e zaplatili byty dva a dosud nic nevlastn\u00ed. Mo\u017en\u00e1 si \u0159eknete, \u017ee mohli odej\u00edt, jen\u017ee \u00fa\u0159edn\u00edci d\u00e1vaj\u00ed nov\u00e9 bl\u00edzk\u00e9 term\u00edny, kter\u00e9 jsou v\u0161ak mnoho let odkl\u00e1d\u00e1ny. Nyn\u00ed je tu riziko, \u017ee se v\u0161e zm\u011bn\u00ed a k byt\u016fm se dostanou zadarmo Ukrajinci. Plno n\u00e1jemn\u00edk\u016f se n\u011b\u010deho podobn\u00e9ho ob\u00e1v\u00e1.<\/p>\n<p>Na\u0161tvanost na\u0161ich ob\u010dan\u016f tak pr\u00e1vem roste. \u017dlutomodr\u00e9 \u0161\u00edlenstv\u00ed u\u017e je otravn\u00e9, drah\u00e9 a naprosto nelogick\u00e9. Kdo si omylem pust\u00ed ve\u010dern\u00ed zpr\u00e1vy na \u010cesk\u00e9 televizi a m\u00e1 to v hlav\u011b srovnan\u00e9, mus\u00ed se mu p\u0159it\u00ed\u017eit. U poloviny z informac\u00ed t\u00fdkaj\u00edc\u00edch s Ukrajiny se cht\u011b necht\u011b p\u0159izn\u00e1vaj\u00ed, \u017ee nejsou ov\u011b\u0159en\u00e9, co\u017e jej\u00edm moder\u00e1tor\u016fm nebr\u00e1n\u00ed nad\u00e1le lh\u00e1t o realit\u011b. P\u0159\u00edkladem je \u00fadajn\u00fd masakr v Bu\u010di zp\u016fsoben\u00fd Rusy, p\u0159i\u010dem\u017e k prok\u00e1z\u00e1n\u00ed jejich pravdy slou\u017e\u00ed rozhovory s m\u00edstn\u00edmi. Ani jeden z nich t\u0159eba ve st\u0159ede\u010dn\u00edm vyd\u00e1n\u00ed ne\u0159ekl nic o tom, \u017ee by Rusov\u00e9 byli vin\u00edky. Hovo\u0159\u00ed o tom, \u017ee se st\u0159\u00edlelo, vra\u017edilo, ale ne\u0159\u00edkaj\u00ed kdo. \u010cT to v\u0161ak samoz\u0159ejm\u011b m\u00ed\u0159\u00ed t\u00edm ,,spr\u00e1vn\u00fdm\u201c sm\u011brem, z\u00e1znamy jsou umn\u011b sest\u0159\u00edhan\u00e9. Podpora nacionalistick\u00e9m klaunovi v \u010dele Kyjevsk\u00e9 vl\u00e1dy je v\u00fdsm\u011bchem ob\u011btem ukrajinsk\u00e9ho \u0159\u00e1d\u011bn\u00ed na v\u00fdchodu, kde se o autonomii, nikoliv o samostatnost, uch\u00e1zely Luhansk\u00e1 a Don\u011bck\u00e1 republiky. Jejich obyvatel\u016fm \u0161lo p\u0159edev\u0161\u00edm o zachov\u00e1n\u00ed ru\u0161tiny jako \u00fa\u0159edn\u00edho jazyka. Je to tak nepochopiteln\u00e9 a nesplniteln\u00e9 p\u0159\u00e1n\u00ed, aby se kv\u016fli tomu muselo vra\u017edit ve velk\u00e9m?<\/p>\n<p>Zas\u00edl\u00e1n\u00ed zbran\u00ed na Ukrajinu je zlo\u010dinem znamenaj\u00edc\u00edm zbyte\u010dn\u00e1 \u00famrt\u00ed mnoha dal\u0161\u00edch lid\u00ed. Jejich rozd\u00e1v\u00e1n\u00ed ka\u017ed\u00e9mu, kdo projev\u00ed z\u00e1jem, je pouze p\u0159\u00edsp\u011bvkem prodlu\u017eov\u00e1n\u00ed vra\u017ed\u011bn\u00ed a boj\u016f. Myslet si, \u017ee Rusko bude pora\u017eeno, je naivn\u00ed. Samoz\u0159ejm\u011b m\u016f\u017ee j\u00edt o testov\u00e1n\u00ed toho, co Rusov\u00e9 vydr\u017e\u00ed, ale podle v\u0161eho je v\u00fdzbroj pou\u017e\u00edvan\u00e1 Rusy na Ukrajin\u011b druho\u0159ad\u00e1. Naopak ukrajinsk\u00fd \u0161rot se m\u00e1 pos\u00edlat do \u010cesk\u00e9 republiky, kde by m\u011bl b\u00fdt opraven a znovu zprovozn\u011bn. Zd\u00e1 se, \u017ee Fiala nem\u00e1 dost a ned\u00e1 pokoj s provokacemi. Jeho vl\u00e1da t\u00e1hne na\u0161i republiku ke dnu. M\u00edsto toho, aby v Moskv\u011b ministr pr\u016fmyslu bojoval za dod\u00e1vky plynu, ropy a dal\u0161\u00edch komodit, pokra\u010duje pod\u0159ez\u00e1v\u00e1n\u00ed v\u011btve pod na\u0161im hospod\u00e1\u0159stv\u00edm. Vl\u00e1dn\u00ed analfabeti v\u016fbec netu\u0161\u00ed, co d\u011blaj\u00ed. D\u00e1 se o\u010dek\u00e1vat, \u017ee je nic nezastav\u00ed. Oblbov\u00e1n\u00ed voli\u010d\u00fa P\u011btikoalice pokra\u010duje, m\u00e9dia setrv\u00e1vaj\u00ed v protirusk\u00fdch bloc\u00edch a idiot\u016f mysl\u00edc\u00edch si, \u017ee se bez rusk\u00e9ho p\u0159\u00edrodn\u00edho bohatstv\u00ed obejdeme, je st\u00e1le dost. Tito bojovn\u00edci projevuj\u00edc\u00ed se nen\u00e1vist\u00ed k Rusku ud\u011blaj\u00ed nakonec z na\u0161\u00ed zem\u011b glob\u00e1ln\u00edho idiota, proto\u017ee za mu\u010dedn\u00edka byl zvolen Zelenskyj. A tak si tu \u017eijeme.<\/p>\n<\/div>\n<p><a href=\"https:\/\/www.inadhled.live\/uvaha-dne\/dalsi-podvod-vlady-na-ceske-obcany\/\">Jind\u0159ich Kulhav\u00fd<\/a><\/p>\n<p>&nbsp;<\/p>\n","protected":false},"excerpt":{"rendered":"<p>Soci\u00e1ln\u00ed s\u00edt\u011b jsou pln\u00e9 vtip\u016f sm\u011b\u0159uj\u00edc\u00edch proti vl\u00e1d\u011b \u010cesk\u00e9 republiky. Jak zn\u00e1mo, vtip je \u010dasto&#8230;<\/p>\n","protected":false},"author":2,"featured_media":9850,"comment_status":"closed","ping_status":"closed","sticky":false,"template":"","format":"standard","meta":[],"categories":[6],"tags":[2245,506,1635,99],"_links":{"self":[{"href":"https:\/\/www.infokuryr.cz\/n\/wp-json\/wp\/v2\/posts\/9849"}],"collection":[{"href":"https:\/\/www.infokuryr.cz\/n\/wp-json\/wp\/v2\/posts"}],"about":[{"href":"https:\/\/www.infokuryr.cz\/n\/wp-json\/wp\/v2\/types\/post"}],"author":[{"embeddable":true,"href":"https:\/\/www.infokuryr.cz\/n\/wp-json\/wp\/v2\/users\/2"}],"replies":[{"embeddable":true,"href":"https:\/\/www.infokuryr.cz\/n\/wp-json\/wp\/v2\/comments?post=9849"}],"version-history":[{"count":0,"href":"https:\/\/www.infokuryr.cz\/n\/wp-json\/wp\/v2\/posts\/9849\/revisions"}],"wp:featuredmedia":[{"embeddable":true,"href":"https:\/\/www.infokuryr.cz\/n\/wp-json\/wp\/v2\/media\/9850"}],"wp:attachment":[{"href":"https:\/\/www.infokuryr.cz\/n\/wp-json\/wp\/v2\/media?parent=9849"}],"wp:term":[{"taxonomy":"category","embeddable":true,"href":"https:\/\/www.infokuryr.cz\/n\/wp-json\/wp\/v2\/categories?post=9849"},{"taxonomy":"post_tag","embeddable":true,"href":"https:\/\/www.infokuryr.cz\/n\/wp-json\/wp\/v2\/tags?post=9849"}],"curies":[{"name":"wp","href":"https:\/\/api.w.org\/{rel}","templated":true}]}}