{"id":98474,"date":"2026-02-03T00:15:05","date_gmt":"2026-02-02T23:15:05","guid":{"rendered":"https:\/\/www.infokuryr.cz\/n\/?p=98474"},"modified":"2026-02-02T10:47:19","modified_gmt":"2026-02-02T09:47:19","slug":"petr-imanuelsen-financni-kolaps-osn-je-na-spadnuti","status":"publish","type":"post","link":"https:\/\/www.infokuryr.cz\/n\/2026\/02\/03\/petr-imanuelsen-financni-kolaps-osn-je-na-spadnuti\/","title":{"rendered":"Petr Imanuelsen: Finan\u010dn\u00ed kolaps OSN je \u201ena spadnut\u00ed\u201c"},"content":{"rendered":"<div id=\"fb-root\"><\/div>\n<div class=\"elementor-element elementor-element-1fb4c2c elementor-widget elementor-widget-theme-post-content\" data-id=\"1fb4c2c\" data-element_type=\"widget\" data-widget_type=\"theme-post-content.default\">\n<div class=\"elementor-widget-container\">\n<p><strong><span dir=\"auto\">Varov\u00e1n\u00ed, \u017ee OSN \u010del\u00ed v\u00e1\u017en\u00fdm ekonomick\u00fdm probl\u00e9m\u016fm<\/span><\/strong><\/p>\n<p><span dir=\"auto\">Organizace spojen\u00fdch n\u00e1rod\u016f pr\u00e1v\u011b vydala varov\u00e1n\u00ed, \u017ee se nach\u00e1z\u00ed ve v\u00e1\u017en\u00fdch finan\u010dn\u00edch pot\u00ed\u017e\u00edch, a varovala p\u0159ed \u201ebezprost\u0159edn\u00edm finan\u010dn\u00edm kolapsem\u201c.<\/span><\/p>\n<p><span dir=\"auto\">Jen p\u0159ed n\u011bkolika t\u00fddny Spojen\u00e9 st\u00e1ty ofici\u00e1ln\u011b vystoupily ze Sv\u011btov\u00e9 zdravotnick\u00e9 organizace, kter\u00e1 je sou\u010d\u00e1st\u00ed OSN.<\/span><\/p>\n<p><span dir=\"auto\">USA rovn\u011b\u017e ozn\u00e1mily, \u017ee odstoup\u00ed z 31 dal\u0161\u00edch organizac\u00ed OSN, jeliko\u017e mnoh\u00e9 z nich propagovaly \u201eradik\u00e1ln\u00ed klimatickou politiku, glob\u00e1ln\u00ed spr\u00e1vu v\u011bc\u00ed ve\u0159ejn\u00fdch a ideologick\u00e9 programy\u201c, kter\u00e9 jsou neslu\u010diteln\u00e9 s americkou suverenitou a ekonomickou silou.<\/span><\/p>\n<p><span dir=\"auto\">USA mimo jin\u00e9 odstoupily od R\u00e1mcov\u00e9 \u00famluvy OSN o zm\u011bn\u011b klimatu, Mezivl\u00e1dn\u00edho panelu pro zm\u011bnu klimatu a Organizace OSN pro rovnost \u017een a mu\u017e\u016f a pos\u00edlen\u00ed postaven\u00ed \u017een (UN Women).<\/span><\/p>\n<p><em><span dir=\"auto\">\u201eToto sta\u017een\u00ed finan\u010dn\u00edch prost\u0159edk\u016f ukon\u010d\u00ed financov\u00e1n\u00ed americk\u00fdmi da\u0148ov\u00fdmi poplatn\u00edky a \u00fa\u010dast v organizac\u00edch, kter\u00e9 up\u0159ednost\u0148uj\u00ed globalistick\u00e9 agendy p\u0159ed prioritami USA,\u201c prohl\u00e1sil B\u00edl\u00fd d\u016fm.<\/span><\/em><\/p>\n<p><span dir=\"auto\">Gener\u00e1ln\u00ed tajemn\u00edk OSN Ant\u00f3nio Guterres napsal dopis, v n\u011bm\u017e vyz\u00fdv\u00e1 \u010dlensk\u00e9 st\u00e1ty, aby zaplatily sv\u00e9 p\u0159\u00edsp\u011bvky, a zabr\u00e1nily tak finan\u010dn\u00edmu kolapsu.<\/span><\/p>\n<p><span dir=\"auto\">Situace je tak zoufal\u00e1, \u017ee se nyn\u00ed objevuj\u00ed zpr\u00e1vy o tom, \u017ee v s\u00eddle OSN v \u017denev\u011b se vyp\u00ednaj\u00ed eskal\u00e1tory a sni\u017euje topen\u00ed, aby se u\u0161et\u0159ily pen\u00edze.<\/span><\/p>\n<p><span dir=\"auto\">USA jsou nejv\u011bt\u0161\u00edm d\u00e1rcem OSN, ale loni nezaplatily sv\u016fj p\u0159\u00edsp\u011bvek do \u0159\u00e1dn\u00e9ho rozpo\u010dtu OSN.<\/span><\/p>\n<p><span dir=\"auto\">Zd\u00e1 se tedy, \u017ee OSN v sou\u010dasn\u00e9 dob\u011b proch\u00e1z\u00ed t\u011b\u017ek\u00fdm obdob\u00edm a \u010del\u00ed hospod\u00e1\u0159sk\u00e9 krizi.<\/span><\/p>\n<\/div>\n<\/div>\n<div class=\"elementor-element elementor-element-8c57238 quelle dc-has-condition dc-condition-empty elementor-widget elementor-widget-heading\" data-id=\"8c57238\" data-element_type=\"widget\" data-widget_type=\"heading.default\">\n<div class=\"elementor-widget-container\">\n<h3 class=\"elementor-heading-title elementor-size-default\"><span style=\"font-size: 10pt;\"><a href=\"https:\/\/www.petersweden.org\/p\/financial-collapse-imminent-for-un?utm_source=post-email-title&amp;publication_id=547128&amp;post_id=186449315&amp;utm_campaign=email-post-title&amp;isFreemail=false&amp;r=pf6gr&amp;triedRedirect=true&amp;utm_medium=email\" target=\"_blank\" rel=\"nofollow noopener\"><span dir=\"auto\">Zdroj<\/span><\/a><\/span><\/h3>\n<p>&nbsp;<\/p>\n<\/div>\n<\/div>\n","protected":false},"excerpt":{"rendered":"<p>Varov\u00e1n\u00ed, \u017ee OSN \u010del\u00ed v\u00e1\u017en\u00fdm ekonomick\u00fdm probl\u00e9m\u016fm Organizace spojen\u00fdch n\u00e1rod\u016f pr\u00e1v\u011b vydala varov\u00e1n\u00ed, \u017ee se&#8230;<\/p>\n","protected":false},"author":2,"featured_media":72881,"comment_status":"closed","ping_status":"closed","sticky":false,"template":"","format":"standard","meta":[],"categories":[7],"tags":[45,371,186],"_links":{"self":[{"href":"https:\/\/www.infokuryr.cz\/n\/wp-json\/wp\/v2\/posts\/98474"}],"collection":[{"href":"https:\/\/www.infokuryr.cz\/n\/wp-json\/wp\/v2\/posts"}],"about":[{"href":"https:\/\/www.infokuryr.cz\/n\/wp-json\/wp\/v2\/types\/post"}],"author":[{"embeddable":true,"href":"https:\/\/www.infokuryr.cz\/n\/wp-json\/wp\/v2\/users\/2"}],"replies":[{"embeddable":true,"href":"https:\/\/www.infokuryr.cz\/n\/wp-json\/wp\/v2\/comments?post=98474"}],"version-history":[{"count":0,"href":"https:\/\/www.infokuryr.cz\/n\/wp-json\/wp\/v2\/posts\/98474\/revisions"}],"wp:featuredmedia":[{"embeddable":true,"href":"https:\/\/www.infokuryr.cz\/n\/wp-json\/wp\/v2\/media\/72881"}],"wp:attachment":[{"href":"https:\/\/www.infokuryr.cz\/n\/wp-json\/wp\/v2\/media?parent=98474"}],"wp:term":[{"taxonomy":"category","embeddable":true,"href":"https:\/\/www.infokuryr.cz\/n\/wp-json\/wp\/v2\/categories?post=98474"},{"taxonomy":"post_tag","embeddable":true,"href":"https:\/\/www.infokuryr.cz\/n\/wp-json\/wp\/v2\/tags?post=98474"}],"curies":[{"name":"wp","href":"https:\/\/api.w.org\/{rel}","templated":true}]}}