{"id":9847,"date":"2022-04-21T10:10:09","date_gmt":"2022-04-21T08:10:09","guid":{"rendered":"http:\/\/www.infokuryr.cz\/n\/?p=9847"},"modified":"2022-04-21T10:10:09","modified_gmt":"2022-04-21T08:10:09","slug":"sebevrazedna-iracionalita-zfanatizovane-spolecnosti","status":"publish","type":"post","link":"https:\/\/www.infokuryr.cz\/n\/2022\/04\/21\/sebevrazedna-iracionalita-zfanatizovane-spolecnosti\/","title":{"rendered":"Sebevra\u017eedn\u00e1 iracionalita zfanatizovan\u00e9 spole\u010dnosti"},"content":{"rendered":"<div id=\"fb-root\"><\/div>\n<p>Kdy\u017e jsem za mlada \u010detl Orwellovu knihu\u00a0<i>1984<\/i>, u\u017e tenkr\u00e1t jsem tu\u0161il, \u017ee se t\u00edm sm\u011brem ub\u00edr\u00e1me, hlavn\u011b pokud jde o vl\u00e1dy, ale nedok\u00e1zal jsem si tak \u00fapln\u011b \u017eiv\u011b p\u0159edstavit, \u017ee by lid\u00e9 kolem m\u011b opravdu kolektivn\u011b mohli dos\u00e1hnout toho stupn\u011b zfanatizovanosti a pomatenosti, jak\u00fd Orwell popisuje. Pomalu si zvyk\u00e1m. \u017de vl\u00e1da mele tot\u00e1ln\u00ed hovadiny, je norm\u00e1ln\u00ed, ale z koment\u00e1\u0159\u016f v\u0161ude po Internetu je evidentn\u00ed, \u017ee v\u011bt\u0161ina lid\u00ed p\u0159i\u0161la o rozum taky.<\/p>\n<p>Samoz\u0159ejm\u011b vysok\u00fd stupe\u0148 fanatismu p\u0159inesl u\u017e Covid. Pokud se n\u011bkdy tahle spole\u010dnost vr\u00e1t\u00ed k racion\u00e1ln\u00edmu uva\u017eov\u00e1n\u00ed, co\u017e je moment\u00e1ln\u011b pon\u011bkud t\u011b\u017ek\u00e9 si p\u0159edstavit, plak\u00e1t s \u010dlov\u00ed\u010dkem b\u011b\u017e\u00edc\u00edm osam\u011ble lesem s respir\u00e1torem na hub\u011b n\u00e1m bude p\u0159ipom\u00ednat, kam to m\u016f\u017ee zaj\u00edt, kdy\u017e se lid\u00e9 nechaj\u00ed tot\u00e1ln\u011b zblbnout a\u017e do m\u00edry, \u017ee si za\u010dnou vylo\u017een\u011b \u0161kodit sami sob\u011b v p\u0159esv\u011bd\u010den\u00ed, \u017ee n\u011bkoho zachra\u0148uj\u00ed.<\/p>\n<p>Pozorovat p\u0159ed dv\u011bma lety, s jak\u00fdm n\u00e1bo\u017eensk\u00fdm p\u0159esv\u011bd\u010den\u00edm za\u010dali lid\u00e9 ze dne na den nosit tlamokryty, dodr\u017eovat odstupy od &#8222;nebezpe\u010dn\u00fdch jednotek n\u00e1kazy&#8220; (lid\u00ed), vyh\u00fdbat se doteku v\u0161eho mo\u017en\u00e9ho a d\u011blat v\u0161elijak\u00e9 dal\u0161\u00ed blbosti, kter\u00e9 byly o\u010dividn\u011b iracion\u00e1ln\u00ed, bylo dost depresivn\u00ed. A co h\u016f\u0159, mnoz\u00ed se do toho natolik v\u017eili, \u017ee rychle a ochotn\u011b za\u010dali otravovat ty z n\u00e1s, kte\u0159\u00ed se nenechali zhypnotizovat, abychom se k davov\u00e9 psych\u00f3ze p\u0159idali. To je ta\u00a0<a href=\"https:\/\/antivirus.22web.org\/av\/220413-dva-druhy-debility-proc-se-jinak-inteligentni-lidi-casto-chovaji-jako-totalni-idioti.htm\">autorit\u00e1\u0159sk\u00e1 debilita<\/a>, o kter\u00e9 jsem psal minule. Co je na\u0159\u00edzeno, to se mus\u00ed, a\u0165 to d\u00e1v\u00e1 smysl nebo ne.<\/p>\n<p>Za\u010d\u00e1tkem leto\u0161n\u00edho roku, zat\u00edmco mnoz\u00ed doufali, \u017ee Covidov\u00e9 \u0161\u00edlenstv\u00ed kone\u010dn\u011b opadne a vr\u00e1t\u00edme se, kdy\u017e ne do &#8222;norm\u00e1lu&#8220;, tak aspo\u0148 do m\u00e9n\u011b pokro\u010dil\u00e9ho st\u00e1dia demence, jsem tu\u0161il, \u017ee se posuneme do n\u011bjak\u00e9 dal\u0161\u00ed f\u00e1ze \u0161\u00edlenstv\u00ed. Covid pasy se nezav\u00e1d\u011bly jen tak pro do\u010dasn\u00e9 pou\u017eit\u00ed. Agenda Velk\u00e9ho Resetu nikam nezmizela. To, jak agresivn\u011b na\u0161e nevl\u00e1da protla\u010dovala absurdn\u011b totalitn\u00ed novelu pandemick\u00e9ho z\u00e1kona v dob\u011b, kdy se podle vlastn\u00edch slov chystali ukon\u010dit t\u00e9m\u011b\u0159 v\u0161echna Covidov\u00e1 opat\u0159en\u00ed, bylo jasnou zn\u00e1mkou, \u017ee \u0161\u00edlenstv\u00ed nekon\u010d\u00ed.<\/p>\n<p><img decoding=\"async\" class=\"cent\" src=\"https:\/\/i.postimg.cc\/vTkRDC7T\/fanatismus.jpg\" \/><\/p>\n<p><em><span class=\"pic\">F\u00e1ze 1: Bojte se ostatn\u00edch lid\u00ed. F\u00e1ze 2: Zu\u0159iv\u011b nen\u00e1vi\u010fte Rusko.<\/span><\/em><\/p>\n<p>Koncem \u00fanora v\u00e1le\u010dn\u00ed \u0161tv\u00e1\u010di z Washingtonu kone\u010dn\u011b dohnali Putina, aby s t\u00edm pr\u016fserem na Ukrajin\u011b n\u011bco ud\u011blal, a fanatismus se vystup\u0148oval na maximum. Psychopati ve vl\u00e1d\u011b, ve spojen\u00ed s dal\u0161\u00edmi psychopaty v soukrom\u00e9m sektoru, zablokovali informa\u010dn\u00ed weby, pohrozili v\u011bzen\u00edm t\u011bm, kte\u0159\u00ed nemaj\u00ed ten spr\u00e1vn\u00fd n\u00e1zor, a zrodil se Kult Jedn\u00e9 Pravdy. (L\u00e9pe \u0159e\u010deno tu byl u\u017e del\u0161\u00ed dobu, jen n\u00e1m vykrystalizoval do pevn\u011bj\u0161\u00ed podoby.)<\/p>\n<p>Na zb\u00fdvaj\u00edc\u00edch, nezablokovan\u00fdch webech se sice d\u00e1l psalo o realit\u011b, ale s m\u00edrn\u00fdm znepokojen\u00edm jsem pozoroval, jak t\u00e9m\u011b\u0159 ka\u017ed\u00fd autor ve sv\u00e9m \u010dl\u00e1nku zahrnoval jak\u00fdsi disclaimer, \u017ee sice nesouhlas\u00ed s vl\u00e1dou, ale rozhodn\u011b odsuzuje Putinovu invazi na Ukrajinu. V mnoha p\u0159\u00edpadech to vypadalo, \u017ee hlavn\u00edm d\u016fvodem tohoto disclaimeru bylo vyhnout se dr\u00e1\u017ed\u011bn\u00ed autorit, aby autora taky &#8222;nevypnuli&#8220;, a\u0165 u\u017e to znamen\u00e1 cokoliv. Atmosf\u00e9ra byla opravdu pochmurn\u00e1 a m\u00edrn\u011b paranoidn\u00ed.<\/p>\n<h4><span style=\"font-size: 18pt;\">Odsoud\u00edme v\u0161echny, kte\u0159\u00ed neodsuzuj\u00ed, co odsuzujeme my!<\/span><\/h4>\n<p>Kult Jedn\u00e9 Pravdy moment\u00e1ln\u011b zahrnuje povinnost odsoudit Putina a Rusko. Nem\u00e1m nic proti tomu, aby to lidi, klidn\u011b i ve\u0159ejn\u011b, d\u011blali. Probl\u00e9m je p\u0159esn\u011b ten sam\u00fd, jako byl s injekcemi od Tfujzru &#8211; ta povinnost. Povinn\u00e9 trojit\u00e9 o\u010dkov\u00e1n\u00ed, povinn\u00e9 odsuzov\u00e1n\u00ed Putina&#8230; co bude d\u00e1l? A jak se to li\u0161\u00ed od povinn\u00e9ho n\u00e1stupu do Komunistick\u00e9 Strany, nebo od povinn\u00e9ho heilov\u00e1n\u00ed na n\u00e1m\u011bst\u00ed?<\/p>\n<p>P\u0159ed rokem se v\u00e1s ka\u017ed\u00fd ptal, jestli jste nao\u010dkovan\u00ed; te\u010f se ka\u017ed\u00fd pt\u00e1, jestli odsuzujete Rusko. A kdo to na dot\u00e1z\u00e1n\u00ed s dostate\u010dnou vehemenc\u00ed ve\u0159ejn\u011b a hlasit\u011b neud\u011bl\u00e1, ten m\u00e1 probl\u00e9m.<\/p>\n<p>Co je to ale za hovadinu? Za prv\u00e9, j\u00e1 nejsem \u017e\u00e1dn\u00fd odsuzovac\u00ed org\u00e1n. Pro\u010d bych m\u011bl n\u011bkoho ve\u0159ejn\u011b &#8222;odsuzovat&#8220;? A hlavn\u011b, pro\u010d bych m\u011bl m\u00edt n\u011bjakou\u00a0<i>povinnost<\/i>\u00a0to d\u011blat? J\u00e1 k Putinov\u011b operaci nep\u0159istupuju s t\u00edm, jestli to odsuzuju, ale sp\u00ed\u0161 s t\u00edm, jestli to ch\u00e1pu. A mus\u00edm \u0159\u00edct, \u017ee ch\u00e1pu. To, \u017ee se rozhodl zastavit genocidu rusk\u00fdch ob\u010dan\u016f Nacisty, kte\u0159\u00ed prokazateln\u011b pl\u00e1novali dal\u0161\u00ed &#8222;\u010dist\u00edc\u00ed&#8220; operaci, za\u010d\u00ednali pok\u0159ikovat, \u017ee si po\u0159\u00edd\u00ed nukle\u00e1rn\u00ed zbran\u011b (na hranic\u00edch s Ruskem), a v biolaborato\u0159\u00edch financovan\u00fdch USA vyr\u00e1b\u011bli b\u016fhv\u00ed co, mi p\u0159ipad\u00e1 celkem dost pochopiteln\u00e9. To neznamen\u00e1, \u017ee souhlas\u00edm se v\u0161\u00edm, co d\u011bl\u00e1. V\u00e1lka je na hovno, a\u0165 jste na kter\u00e9koliv stran\u011b. Samoz\u0159ejm\u011b \u017ee to odsere spousta nevinn\u00fdch lid\u00ed, ale nevinn\u00ed lid\u00e9 to tam ods\u00edraj\u00ed cel\u00fdch osm let a Z\u00e1pad odm\u00edtal ud\u011blat cokoliv pro to, aby to p\u0159estalo. Tak\u017ee t\u00edm, \u017ee budou ob\u011bti, se tu nic nem\u011bn\u00ed.<\/p>\n<p>Za druh\u00e9, to pokrytectv\u00ed tu smrd\u00ed a\u017e do vedlej\u0161\u00ed galaxie. V\u0161ichni mus\u00ed odsoudit Rusko, ale nikdo nemus\u00ed odsoudit USA za jejich mnohem agresivn\u011bj\u0161\u00ed v\u00e1lky po cel\u00e9m sv\u011bt\u011b. Nikdo nemus\u00ed odsoudit v\u00e1lku Saudsk\u00e9 Ar\u00e1bie proti Jemenu. Nikdo nemus\u00ed nikdy odsuzovat genocidu Palestinc\u016f Izraelem. A u\u017e v\u016fbec nikdo nemus\u00ed odsoudit ty zkurven\u00e9 Nacisty, co na Ukrajin\u011b beztrestn\u011b\u00a0<a href=\"https:\/\/antivirus.22web.org\/av\/220408-ukrajinska-zverstva-od-buci-az-po-mariupol.htm\" target=\"_blank\" rel=\"noopener\">mu\u010d\u00ed a vra\u017ed\u00ed<\/a>\u00a0civilisty osm let za vydatn\u00e9ho heilov\u00e1n\u00ed a m\u00e1v\u00e1n\u00ed svastikama. Naopak, kdejak\u00fd idiot tu te\u010f vy\u0159v\u00e1v\u00e1 &#8222;Slava Ukrajini&#8220; v sympatii s t\u011bmito psychopaty, jako by to bylo norm\u00e1ln\u00ed. \u010cek\u00e1m, kdy za\u010dnu i u n\u00e1s na ulici sl\u00fdchat &#8222;Heil Hitler&#8220;. U\u017e m\u011b asi nic nep\u0159ekvap\u00ed.<\/p>\n<p>A za t\u0159et\u00ed, co je komu sakra v\u016fbec do toho, jestli odsuzuju Rusko? Stejn\u011b jako nikomu nic nen\u00ed do toto, jestli jsem podstoupil jakousi zdravotn\u00ed proceduru, tak nikomu nen\u00ed nic do m\u00fdch politick\u00fdch n\u00e1zor\u016f. A pokud se nepletu, tak podle na\u0161\u00ed \u00dastavy a z\u00e1kon\u016f je zat\u00edm po\u0159\u00e1d leg\u00e1ln\u00ed m\u00edt jin\u00fd politick\u00fd n\u00e1zor, ne\u017e vl\u00e1da. Ne \u017ee by tu teda posledn\u00ed dobou n\u011bkoho zaj\u00edmaly z\u00e1kony a legalita. Ale kam jsme se to dostali, \u017ee n\u011bkdo chce v\u011bd\u011bt, jestli n\u011bco odsuzujete, a kdy\u017e ne, tak v\u00e1s cht\u011bj\u00ed zav\u0159\u00edt?<\/p>\n<h4><span style=\"font-size: 18pt;\">Na \u010d\u00ed stran\u011b jsi??<\/span><\/h4>\n<p>\u0158ekl bych, \u017ee o co m\u00e9n\u011b n\u011bkdo ch\u00e1pe komplexn\u00ed situaci na Ukrajin\u011b, v jej\u00edm historick\u00e9m kontextu, o to odhodlan\u011bji se stav\u00ed na jednu stranu (obvykle stranu Nacist\u016f), a o to v\u00edc vy\u017eaduje, aby se ostatn\u00ed stav\u011bli na tu samou stranu. M\u00edt odli\u0161n\u00fd n\u00e1zor je neodpustiteln\u00e9 a krimin\u00e1ln\u00ed, a kdo si\u00a0<i>nechce<\/i>\u00a0vybrat stranu, ten v podstat\u011b stoj\u00ed na t\u00e9 &#8222;\u0161patn\u00e9&#8220;. I b\u00fdt neutr\u00e1ln\u00ed u\u017e je pomalu zlo\u010din.<\/p>\n<p>Op\u011bt se pt\u00e1m, pro\u010d by ka\u017ed\u00fd musel st\u00e1t na n\u011bjak\u00e9 stran\u011b? V\u00e1lka nefunguje tak, \u017ee jsou na jedn\u00e9 stran\u011b v\u0161ichni dob\u0159\u00ed a na druh\u00e9 v\u0161ichni \u0161patn\u00ed. Pokud si mysl\u00edte, \u017ee t\u0159eba Druh\u00e1 Sv\u011btov\u00e1 byla v tom smyslu jasn\u011b \u010dernob\u00edl\u00e1 a Spojenci se \u017e\u00e1dn\u00e9ho zv\u011brstva nedopustili, tak zkuste t\u0159eba n\u011bjakou historickou kn\u00ed\u017eku. (A jestli to tak opravdu vid\u00edte, tak bych p\u0159ipomn\u011bl, \u017ee Rusov\u00e9 byli na t\u00e9 na\u0161\u00ed stran\u011b &#8211; proti Nacist\u016fm. Te\u010f jsou op\u011bt proti Nacist\u016fm, jen my v tom m\u00e1me n\u011bjak\u00fd zmatek.)<\/p>\n<p><img decoding=\"async\" class=\"cent\" src=\"https:\/\/i.postimg.cc\/1tLgrz4w\/redgreen.jpg\" \/><\/p>\n<p><span class=\"pic\"><em>Tento obr\u00e1zek je tu jen pro vyv\u00e1\u017een\u00ed, nebo\u0165 neobsahuje modrou ani \u017elutou barvu.<\/em><br \/>\n<em>Douf\u00e1m, \u017ee za n\u011bj nep\u016fjdu do v\u011bzen\u00ed<\/em>.<\/span><\/p>\n<p>J\u00e1 bych se tolik nezab\u00fdval stranou Ruska nebo Ukrajiny. J\u00e1 bych prost\u011b byl r\u00e1d, aby nebyla v\u00e1lka a nikdo se nevra\u017edil, a\u0165 je to kdekoliv. S t\u00edm by snad je\u0161t\u011b v\u011bt\u0161ina lid\u00ed souhlasila (i kdy\u017e evidentn\u011b ne v\u0161ichni), a\u017e na to, \u017ee v z\u00e1chvatu fanatick\u00e9 demence se nechali psychopaty p\u0159esv\u011bd\u010dit o tom, \u017ee v\u00e1lka se ukon\u010d\u00ed pos\u00edl\u00e1n\u00edm zbran\u00ed Nacist\u016fm. Ned\u011bl\u00e1m si nad\u011bje, \u017ee si n\u011bkdo z nich v\u0161imne, \u017ee tato teorie v praxi nefunguje.<\/p>\n<p>Osobn\u011b bych se p\u0159idal k tomu, co tu ji\u017e \u0159ekli n\u011bkte\u0159\u00ed p\u0159\u00ed\u010detn\u011bj\u0161\u00ed spoluob\u010dan\u00e9 &#8211; kdy\u017e m\u00e1m b\u00fdt na n\u011bjak\u00e9 stran\u011b, tak j\u00e1 jsem na stran\u011b \u010cesk\u00e9 Republiky. Co\u017e je o\u010dividn\u011b opa\u010dn\u00e1 strana, ne\u017e na kter\u00e9 je na\u0161e vl\u00e1da.<\/p>\n<h4><span style=\"font-size: 18pt;\">Udol\u00e1me Putina ekonomickou sebevra\u017edou!<\/span><\/h4>\n<p>Jedn\u00edm z efekt\u016f fanatismu, stejn\u011b jako autorit\u00e1\u0159sk\u00e9 debility obecn\u011b, je ten, \u017ee si lid\u00e9 \u0161kod\u00ed sami sob\u011b. Toto sebepo\u0161kozen\u00ed m\u016f\u017ee nab\u00fdt hroziv\u00fdch proporc\u00ed, jak z\u0159ejm\u011b brzy v\u0161ichni pozn\u00e1me. Typick\u00fdm p\u0159\u00edkladem jsou toti\u017e dne\u0161n\u00ed sankce.<\/p>\n<p>Jestli si n\u011bkdo mysl\u00ed, \u017ee sankce donut\u00ed Rusko ukon\u010dit operaci na Ukrajin\u011b, tak je naprosto pomaten\u00fd magor, kter\u00fd na dan\u00e9 situaci nech\u00e1pe v\u016fbec nic. Sankce budou m\u00edt spoustu dopad\u016f, pro spoustu st\u00e1t\u016f a jejich obyvatel, ale tento mezi nimi rozhodn\u011b nebude.<\/p>\n<p>Sankce proti Rusku nejsou nic nov\u00e9ho. Rusko si na n\u011b u\u017e d\u00e1vno zvyklo. Nejen \u017ee ho p\u0159edchoz\u00ed sankce nepolo\u017eily, ale je\u0161t\u011b ho p\u0159im\u011bly se reorganizovat a vybudovat si stabiln\u011bj\u0161\u00ed ekonomickou pozici. Na rozd\u00edl od Z\u00e1padu, Rusko se z p\u0159edchoz\u00edch ud\u00e1lost\u00ed u\u010d\u00ed. (V EU se mezit\u00edm tak leda posiluj\u00ed masochistick\u00e9 sklony.) A jeliko\u017e bylo u\u017e od Majdanu jasn\u00e9, \u017ee d\u0159\u00edve nebo pozd\u011bji bude n\u011bjak\u00fd z\u00e1sah na Ukrajin\u011b nutn\u00fd, Rusko se na sou\u010dasnou situaci p\u0159ipravovalo. O jeho postaven\u00ed s ohledem na sankce\u00a0<a href=\"https:\/\/antivirus.22web.org\/av\/220406-kdo-vyhraje-valku-kdo-prohraje.htm\">u\u017e jsem psal<\/a>.<\/p>\n<p>Rusko sankce ustoj\u00ed. Tamn\u00ed podpora Putina je moment\u00e1ln\u011b n\u011bkde nad 80%, tak\u017ee iluze Z\u00e1padu, \u017ee ho lid\u00e9 n\u011bjak svrhnou nebo co, je op\u011bt \u00fapln\u011b mimo. Mysl\u00edm, \u017ee v mnohem v\u011bt\u0161\u00edm nebezpe\u010d\u00ed svrhnut\u00ed je Fialovej hnus, proto\u017ee ten se v okol\u00ed 80% podpory rozhodn\u011b nepohybuje.<\/p>\n<p>Jak jist\u011b v\u0161ichni alespo\u0148 trochu post\u0159ehli, na\u0161e sankce &#8222;proti Rusku&#8220; po\u0161kod\u00ed n\u00e1s mnohem v\u00edc ne\u017e je. Na\u0161e z\u00e1vislost na Rusku je asi 100kr\u00e1t v\u011bt\u0161\u00ed ne\u017e jejich &#8222;z\u00e1vislost&#8220; na n\u00e1s, ale tento fakt se zjevn\u011b d\u00e1 v extr\u00e9mn\u011b zfanatizovan\u00e9 spole\u010dnosti p\u0159ehl\u00ed\u017eet, tak\u017ee nejen \u017ee tuto sebevra\u017edu nikdo nezastav\u00ed, ale mnoz\u00ed j\u00ed je\u0161t\u011b fand\u00ed. Ty chud\u0161\u00ed to mo\u017en\u00e1 brzo p\u0159ejde, ale ani t\u00edm u\u017e si nejsem jist\u00fd. Pokud se vl\u00e1d\u011b bude d\u00e1l da\u0159it sv\u00e1d\u011bt v\u0161echno na Putina, lid bude impotentn\u011b sed\u011bt na zadku v bezpe\u010dn\u00e9 vzd\u00e1lenosti od my\u0161lenek o svr\u017een\u00ed vl\u00e1dy, mrznout, hladov\u011bt a myln\u011b nad\u00e1vat ne na Fialu, ale na Putina. Fanatismus je svin\u011b.<\/p>\n<h4><span style=\"font-size: 18pt;\">Kult Jedn\u00e9 Pravdy<\/span><\/h4>\n<p>Je zjevn\u00e9, \u017ee nejracion\u00e1ln\u011bj\u0161\u00ed pro \u010ceskou Republiku by bylo d\u00e1l nakupovat levnou ruskou energii (pokud mo\u017eno skrze po\u0159\u00e1dnou smlouvu a ne to d\u00e1vat levn\u011b N\u011bmc\u016fm a pak draze kupovat zp\u00e1tky). Na\u0161e odm\u00edt\u00e1n\u00ed rusk\u00e9 energie nebude m\u00edt na v\u00e1lku na Ukrajin\u011b \u017e\u00e1dn\u00fd vliv, zato m\u016f\u017ee p\u0159isp\u011bt k v\u00e1lce u n\u00e1s. Bude zaj\u00edmav\u00e9 sledovat, jak \u010ce\u0161t\u00ed ob\u010dan\u00e9 p\u0159ich\u00e1z\u00ed o v\u0161echno, zat\u00edmco Ukrajinsk\u00fdm &#8222;uprchl\u00edk\u016fm&#8220; na\u0161e vl\u00e1da d\u00e1, co pot\u0159ebuj\u00ed. Bude v\u016fbec m\u00edt n\u011bkdo odvahu si st\u011b\u017eovat?<\/p>\n<p>Jestli se lidi neproberou, skon\u010d\u00edme tak, \u017ee po\u0159\u00e1dn\u011b zchudneme, nebudeme m\u00edt v zim\u011b \u010d\u00edm topit, dob\u0159e se tu budou m\u00edt jen politici a Ukrajinci, svoboda slova tot\u00e1ln\u011b zmiz\u00ed pod Kultem Jedn\u00e9 Pravdy, bez Covid pasu se nikam nedostaneme, j\u00edst budeme asi syntetick\u00e9 \u010dervy, a budeme muset nav\u011bky poslouchat retardovan\u00e9 v\u00fdroky Pekarov\u00e9 s Adamovou. A situaci na Ukrajin\u011b to v\u016fbec nijak neovlivn\u00ed. Pokud se v\u00e1m takov\u00e1 budoucnost zamlouv\u00e1, pokra\u010dujte dosavadn\u00edm sm\u011brem, neboli sm\u011brem fanatismu nejt\u011b\u017e\u0161\u00edho kalibru, p\u0159i n\u011bm\u017e policie vy\u0161et\u0159uje lidi, kte\u0159\u00ed n\u011bkam napsali p\u00edsmeno Z.<\/p>\n<p><img decoding=\"async\" class=\"cent\" src=\"https:\/\/i.postimg.cc\/T38MxMYH\/Z.jpg\" \/><\/p>\n<p><em><span class=\"pic\">Fanatismus je t\u0159eba chladit humorem.<\/span><\/em><\/p>\n<p>P\u0159ipome\u0148me si Voltair\u016fv slavn\u00fd cit\u00e1t:\u00a0<i>Whoever can make you believe absurdities can make you commit atrocities<\/i>. (Samoz\u0159ejm\u011b origin\u00e1l je franzouzsky, ale ta anglick\u00e1 verse se hezky r\u00fdmuje a je zn\u00e1m\u011bj\u0161\u00ed.) Neboli zhruba: Kdo v\u00e1s dok\u00e1\u017ee p\u0159im\u011bt akceptovat pitomosti, dok\u00e1\u017ee v\u00e1s p\u0159im\u011bt sp\u00e1chat ohavnosti. Kdo uv\u011b\u0159\u00ed autorit\u00e1m jejich l\u017ei, je ochoten se dopustit hor\u0161\u00edch v\u011bc\u00ed, ne\u017e jak\u00fdm si mysl\u00ed, \u017ee zabra\u0148uje. A to je \u010dasto\u00a0<i>p\u0159esn\u011b ten \u00fa\u010del<\/i>\u00a0manipul\u00e1tor\u016f. Zfanatizov\u00e1n\u00edm lid\u00ed fale\u0161n\u00fdm narativem je donut\u00ed ud\u011blat v\u011bci, kter\u00e9 by &#8222;za st\u0159\u00edzliva&#8220; nikdy ned\u011blali.<\/p>\n<p>V\u0161e co se te\u010f u n\u00e1s d\u011bje, je sou\u010d\u00e1st\u00ed globalistick\u00e9 agendy, kter\u00e1 je tu u\u017e dlouho. Lid\u00ed je moc, tak je to t\u0159eba trochu zdecimovat. To, \u017ee cel\u00e1 ekonomika mus\u00ed jednou zkrachovat, se v\u00ed d\u00e1vno, proto\u017ee model ekonomiky s bankovnictv\u00edm \u010d\u00e1ste\u010dn\u00fdch rezerv, kter\u00fd funguje jen p\u0159i nekone\u010dn\u00e9m r\u016fstu, je pochopiteln\u011b dlouhodob\u011b neudr\u017eiteln\u00fd. Tento neodvratn\u00fd kolaps bylo tedy t\u0159eba narafi\u010dit tak, aby se to jednak v\u0161echno svedlo na vhodn\u00e9ho ob\u011btn\u00edho ber\u00e1nka (nebo medv\u011bda), a jednak aby to vedlo k &#8222;restartu&#8220; tak, jak si ho p\u0159edstavuj\u00ed globalisti.<\/p>\n<p>Neboli nebudete nic vlastnit a budete \u0161\u0165astn\u00ed, proto\u017ee implantovan\u00e9 mikro\u010dipy v\u00e1s budou udr\u017eovat v permanentn\u00edm \u0161t\u011bst\u00ed, a\u0165 se v\u00e1m to l\u00edb\u00ed nebo ne. V\u0161ichni budou d\u011blat stejn\u00e9 v\u011bci, m\u00edt r\u00e1di stejn\u00e9 v\u011bci, nen\u00e1vid\u011bt stejn\u00e9 v\u011bci, v\u011b\u0159it stejn\u00fdm v\u011bcem, \u0159\u00edkat stejn\u00e9 v\u011bci a myslet si stejn\u00e9 v\u011bci. Prost\u011b r\u00e1j na Zemi, pro v\u0161ech 1984 pohlav\u00ed.<\/p>\n<p>Kdo bude st\u00e1le n\u011bjak\u00fdm nedopat\u0159en\u00edm odm\u00edtat b\u00fdt \u0161\u0165astn\u00fd, ten bude ozna\u010den za teroristu (nebo n\u011bjak\u00fd jin\u00fd term\u00edn, kter\u00fd bude zrovna v m\u00f3d\u011b) a \u010dip se mu vypne. Jeliko\u017e u\u017e nebudou existovat fyzick\u00e9 pen\u00edze a p\u0159\u00edstup k \u010demukoliv bude jen p\u0159es \u010dip (pokro\u010dilej\u0161\u00ed f\u00e1ze Covid pasu), vypnut\u00ed \u010dipu bude odsouzen\u00edm k smrti. Nikdo v\u00e1m nepom\u016f\u017ee, proto\u017ee vl\u00e1da v\u0161em vysv\u011btl\u00ed, \u017ee si za to m\u016f\u017eete sami sv\u00fdm odm\u00edt\u00e1n\u00edm dobra (nebo tak n\u011bco), a zfanatizovan\u00fd debil dob\u0159e v\u00ed, \u017ee vl\u00e1da m\u00e1 v\u017edycky pravdu.<\/p>\n<p>Pokud se v\u00e1m tato \u0161\u0165astn\u00e1 budoucnost n\u011bjak nezamlouv\u00e1, je nejvy\u0161\u0161\u00ed \u010das zarazit ten fanatismus. P\u0159esta\u0148te \u017er\u00e1t l\u017ei o Covidu a nosit n\u00e1hubek. P\u0159esta\u0148te \u017er\u00e1t l\u017ei o Ukrajin\u011b a m\u00e1vat vlajkou, kter\u00e1 nen\u00ed &#8222;va\u0161e&#8220;. P\u0159esta\u0148te akceptovat Kult Jedn\u00e9 Pravdy. P\u0159esta\u0148te se b\u00e1t \u0159\u00edkat, co si mysl\u00edte. P\u0159esta\u0148te tolerovat omezov\u00e1n\u00ed svobody. P\u0159esta\u0148te se starat o to, jestli maj\u00ed ostatn\u00ed stejn\u00fd n\u00e1zor jako vy. P\u0159esta\u0148te &#8222;schvalovat&#8220; a &#8222;odsuzovat&#8220;, co se v\u00e1m p\u0159ik\u00e1\u017ee. P\u0159esta\u0148te dodr\u017eovat evidentn\u011b stupidn\u00ed na\u0159\u00edzen\u00ed vl\u00e1dy, kter\u00e1 na denn\u00edm po\u0159\u00e1dku poru\u0161uje na\u0161e z\u00e1kony. P\u0159esta\u0148te sledovat m\u00e9dia, kter\u00e1 v\u00e1m vym\u00fdvaj\u00ed mozky v\u0161elijak\u00fdmi \u00fachyln\u00fdmi agendami. P\u0159esta\u0148te poslouchat lidi, kte\u0159\u00ed v\u00e1m donekone\u010dna l\u017eou.<\/p>\n<p>Nejd\u011bte s davem do jist\u00e9 z\u00e1huby. Myslete vlastn\u00ed hlavou. \u0158\u00edkejte nahlas pravdu, a\u0165 ji v\u0161ichni sly\u0161\u00ed.<\/p>\n<p><a href=\"https:\/\/antivirus.22web.org\/av\/220416-sebevrazedna-iracionalita-zfanatizovane-spolecnosti.htm\">Antivirus<\/a><\/p>\n<p>&nbsp;<\/p>\n","protected":false},"excerpt":{"rendered":"<p>Kdy\u017e jsem za mlada \u010detl Orwellovu knihu\u00a01984, u\u017e tenkr\u00e1t jsem tu\u0161il, \u017ee se t\u00edm sm\u011brem&#8230;<\/p>\n","protected":false},"author":2,"featured_media":9848,"comment_status":"closed","ping_status":"closed","sticky":false,"template":"","format":"standard","meta":[],"categories":[6],"tags":[29,940,2002,1040,36,48],"_links":{"self":[{"href":"https:\/\/www.infokuryr.cz\/n\/wp-json\/wp\/v2\/posts\/9847"}],"collection":[{"href":"https:\/\/www.infokuryr.cz\/n\/wp-json\/wp\/v2\/posts"}],"about":[{"href":"https:\/\/www.infokuryr.cz\/n\/wp-json\/wp\/v2\/types\/post"}],"author":[{"embeddable":true,"href":"https:\/\/www.infokuryr.cz\/n\/wp-json\/wp\/v2\/users\/2"}],"replies":[{"embeddable":true,"href":"https:\/\/www.infokuryr.cz\/n\/wp-json\/wp\/v2\/comments?post=9847"}],"version-history":[{"count":0,"href":"https:\/\/www.infokuryr.cz\/n\/wp-json\/wp\/v2\/posts\/9847\/revisions"}],"wp:featuredmedia":[{"embeddable":true,"href":"https:\/\/www.infokuryr.cz\/n\/wp-json\/wp\/v2\/media\/9848"}],"wp:attachment":[{"href":"https:\/\/www.infokuryr.cz\/n\/wp-json\/wp\/v2\/media?parent=9847"}],"wp:term":[{"taxonomy":"category","embeddable":true,"href":"https:\/\/www.infokuryr.cz\/n\/wp-json\/wp\/v2\/categories?post=9847"},{"taxonomy":"post_tag","embeddable":true,"href":"https:\/\/www.infokuryr.cz\/n\/wp-json\/wp\/v2\/tags?post=9847"}],"curies":[{"name":"wp","href":"https:\/\/api.w.org\/{rel}","templated":true}]}}