{"id":9844,"date":"2022-04-21T09:50:08","date_gmt":"2022-04-21T07:50:08","guid":{"rendered":"http:\/\/www.infokuryr.cz\/n\/?p=9844"},"modified":"2022-04-21T09:50:08","modified_gmt":"2022-04-21T07:50:08","slug":"ceska-vlada-chysta-masivni-zdrazeni-vsech-potravin-fiala-se-tak-chce-zalibit-bruselu-2","status":"publish","type":"post","link":"https:\/\/www.infokuryr.cz\/n\/2022\/04\/21\/ceska-vlada-chysta-masivni-zdrazeni-vsech-potravin-fiala-se-tak-chce-zalibit-bruselu-2\/","title":{"rendered":"\u010cesk\u00e1 vl\u00e1da chyst\u00e1 masivn\u00ed zdra\u017een\u00ed v\u0161ech potravin! Fiala se tak chce zal\u00edbit Bruselu"},"content":{"rendered":"<div id=\"fb-root\"><\/div>\n<p>\u010cekaj\u00ed n\u00e1s t\u011b\u017ek\u00e9 \u010dasy. Na\u0161e demokracie a svobody se dost\u00e1vaj\u00ed do ohro\u017een\u00ed.\u00a0<a href=\"https:\/\/www.novinky.cz\/domaci\/clanek\/sef-vojenskych-zpravodajcu-zajemci-o-sluzbu-musi-mit-pocit-vlastenectvi-pocet-takovych-roste-40303084\">\u010cesk\u00fd tajn\u00fd pohlav\u00e1r Jan Beroun<\/a>\u00a0sv\u00e9 \u00famysly vyj\u00e1d\u0159il 12.4 lapid\u00e1rn\u011b \u2013\u00a0<a href=\"https:\/\/echo24.cz\/a\/SpzN6\/rusove-u-nas-uz-nemohou-vest-zpravodajske-operace-uvedl-sef-bis-koudelka\"><em>Nen\u00ed mo\u017en\u00e9 nechat ot\u00e1\u010det ve\u0159ejn\u00e9 m\u00edn\u011bn\u00ed prorusk\u00fdm sm\u011brem!<\/em><\/a>\u00a0\u2013 a definoval tak nov\u00fd hlavn\u00ed \u00fakol sv\u00e9 tajn\u00e9 vojensk\u00e9 organizace \u2013 boj proti vlastn\u00edm ob\u010dan\u016fm, u nich\u017e panuj\u00ed obavy, \u017ee by mohli za\u010d\u00edt myslet jinak, ne\u017e mysl\u00ed Beroun!<\/p>\n<p>Obdobn\u00e9 obavy, \u017ee by ob\u010dan\u00e9 mohli za\u010d\u00edt myslet jinak, ne\u017e si mysl\u00ed jejich elity, panovaly i v USA ve t\u0159ic\u00e1t\u00fdch a \u010dty\u0159ic\u00e1t\u00fdch letech minul\u00e9ho stolet\u00ed, kdy komunistick\u00e9 a fa\u0161istick\u00e9 my\u0161lenky za\u010daly p\u0159itahovat pozornost oby\u010dejn\u00fdch Ameri\u010dan\u016f ve v\u00edce ne\u017e v zanedbateln\u00e9 m\u00ed\u0159e. US prezident F.D. Roosevelt ov\u0161em na vzniklou situaci reagoval jinak, ne\u017e \u010desk\u00fd tajn\u00fd pohlav\u00e1r Beroun a vedouc\u00ed Fiala. A m\u00edsto sl\u00edd\u011bn\u00ed po nevhodn\u00e9m my\u0161len\u00ed vlastn\u00edch Ameri\u010dan\u016f vymyslel politiku\u00a0<a href=\"https:\/\/en.wikipedia.org\/wiki\/New_Deal#:~:text=The%20New%20Deal%20was%20a,States%20between%201933%20and%201939.\">New Deal<\/a>\u00a0(1933-39),\u00a0 a pozd\u011bji ozn\u00e1mil, \u017ee\u00a0<em>Lid\u00e9, kte\u0159\u00ed jsou hladov\u00ed a bez pr\u00e1ce, jsou z\u00e1kladn\u00edm kamenem v\u0161ech Diktatur!\u00a0<\/em>A 11. ledna 1944\u00a0<a href=\"http:\/\/www.fdrlibrary.marist.edu\/archives\/address_text.html\">zve\u0159ejnil, proti t\u011bmto lidem, kte\u0159\u00ed pom\u00fd\u0161lej\u00ed na z\u0159\u00edzen\u00ed diktatury v USA, tento program<\/a>: (1)\u00a0<em>Pr\u00e1vo na u\u017eite\u010dnou a placenou pr\u00e1ci v pr\u016fmyslu nebo obchodech nebo farm\u00e1ch nebo dolech n\u00e1roda<\/em>; (2)\u00a0<em>Pr\u00e1vo vyd\u011blat si dost na to, aby bylo mo\u017en\u00e9 zajistit p\u0159im\u011b\u0159en\u00e9 j\u00eddlo a oble\u010den\u00ed a rekreaci<\/em>; (3)\u00a0<em>Pr\u00e1vo ka\u017ed\u00e9ho zem\u011bd\u011blce p\u011bstovat a prod\u00e1vat sv\u00e9 produkty za v\u00fdnos, kter\u00fd jemu a jeho rodin\u011b zajist\u00ed slu\u0161n\u00e9 \u017eivobyt\u00ed<\/em>; (4)\u00a0<em>Pr\u00e1vo ka\u017ed\u00e9ho podnikatele, velk\u00e9ho i mal\u00e9ho, obchodovat v atmosf\u00e9\u0159e svobody p\u0159ed nekalou sout\u011b\u017e\u00ed a nadvl\u00e1dou monopol\u016f doma i v zahrani\u010d\u00ed<\/em>; (5)\u00a0<em>Pr\u00e1vo ka\u017ed\u00e9 rodiny na slu\u0161n\u00fd domov<\/em>; (6)\u00a0<em>Pr\u00e1vo na p\u0159im\u011b\u0159enou l\u00e9ka\u0159skou p\u00e9\u010di a mo\u017enost dos\u00e1hnout dobr\u00e9ho zdrav\u00ed a t\u011b\u0161it se z n\u011bj<\/em>; (7)\u00a0<em>Pr\u00e1vo na p\u0159im\u011b\u0159enou ochranu p\u0159ed ekonomick\u00fdmi obavami ze st\u00e1\u0159\u00ed, nemoci, nehody a nezam\u011bstnanosti<\/em>; (8)\u00a0<em>Pr\u00e1vo na dobr\u00e9 vzd\u011bl\u00e1n\u00ed<\/em>. Jak je z d\u011bjin jist\u00e9, dikt\u00e1tor\u0161t\u00ed p\u0159\u00edznivci z USA tak\u0159ka vymizeli, a za\u010dali se znovu tam objevovat, a\u017e kdy\u017e americk\u00e1 \u017eivotn\u00ed \u00farove\u0148 p\u0159estala napl\u0148ovat nejnutn\u011bj\u0161\u00ed obsah projevu F.D.R z ledna 1944.<\/p>\n<p>\u010cesk\u00e1 a pota\u017emo slovensk\u00e1 politika se nyn\u00ed ub\u00edr\u00e1 opa\u010dn\u00fdm sm\u011brem \u2013 Mark\u00e9ta Pekarov\u00e1 Adamov\u00e1 (TOP-09) vyhl\u00e1sila,\u00a0<a href=\"https:\/\/www.parlamentnilisty.cz\/arena\/monitor\/-Vlady-se-nemaji-starat-o-lidi-vysvetlila-Pekarova-Schillerove-A-myslenku-dale-rozvedla-697253\"><em>\u017ee se vl\u00e1dy\u00a0 nemaj\u00ed starat o \u017eivotn\u00ed \u00farove\u0148 sv\u00fdch ob\u010dan\u016f<\/em><\/a>, Vedouc\u00ed \u010cesk\u00e9 vl\u00e1dy profesor Petr Fiala (ODS)\u00a0<a href=\"https:\/\/www.forum24.cz\/fiala-je-treba-lepe-bojovat-s-dezinformacemi-jejich-siritele-se-nestiti-nejhorsich-metod\/\">na\u0159\u00eddil, p\u0159ipravit koordinovan\u00e9 sl\u00edd\u011bn\u00ed po my\u0161len\u00ed vlastn\u00edch ob\u010dan\u016f<\/a>,\u00a0 a tajn\u00fd \u0161pi\u00f3n Beroun nad\u0161en\u011b zaplesal. Jedin\u00fdm skute\u010dn\u011b d\u016fle\u017eit\u00fdm \u00fakolem tajn\u00e9ho \u0161pi\u00f3na Berouna, hlavy vojensk\u00e9 rozv\u011bdky, p\u0159itom v\u00a0 leto\u0161n\u00edm roce bylo vyzv\u011bd\u011bt, kdy, jestli a jak, Rusko p\u0159epadne Ukrajinu. A \u0161pion Beroun selhal. Evidentn\u011b sv\u00e9mu vrchn\u00edmu veliteli\u00a0 prezidentu Milo\u0161ovi nedoru\u010dil \u017e\u00e1dn\u00e1 relevantn\u00ed zji\u0161t\u011bn\u00ed sv\u00e9 rozv\u011bdky o tomto \u00fatoku. (za d\u016fkaz \u2013\u00a0<a href=\"https:\/\/www.seznamzpravy.cz\/clanek\/domaci-politika-ubohost-boure-ve-sklenici-vody-zeman-komentuje-kauzu-skartovacka-187606\">Milo\u0161 \u017e\u00e1dnou Berounovu tajnou zpr\u00e1vu neskartoval<\/a>!) Z\u00e1kladn\u00ed ot\u00e1zkou je, zda \u00fakolem \u010desk\u00e9 vojensk\u00e9 tajn\u00e9 slu\u017eby je bojovat s my\u0161len\u00edm vlastn\u00edch ob\u010dan\u016f, a nebo rozv\u011bdnou \u010dinnost\u00ed v zahrani\u010d\u00ed zaji\u0161\u0165ovat \u010ceskou st\u00e1tn\u00ed bezpe\u010dnost. Podle Pekarov\u00e9 Adamov\u00e9 se vl\u00e1da nebude starat o b\u00eddu sv\u00fdch ob\u010dan\u016f, a podle Profesora Fialy bude vl\u00e1da rad\u011bji sl\u00eddit, po tom co si jej\u00ed ob\u010dan\u00e9 mysl\u00ed, aby je mohla potrestat. V kone\u010dn\u00e9m d\u016fsledku t\u00e9to\u00a0<em>Fialov\u00e9<\/em>\u00a0politiky bude popularita diktatur v \u010cesku jenom r\u016fst,\u00a0<a href=\"https:\/\/www.politico.eu\/europe-poll-of-polls\/slovakia\/\">a p\u00e1d popularity sou\u010dasn\u00e9\u00a0 slovensk\u00e9 vl\u00e1dy je toho z\u0159ejm\u00fdm d\u016fkazem<\/a>! Vl\u00e1dn\u00ed neschopnosti u\u017e chyt\u0159e vyu\u017e\u00edv\u00e1 populista Babi\u0161, a slibuje,\u00a0<a href=\"https:\/\/twitter.com\/Jirik_BM\/status\/1513616257253363713\">\u017ee se postar\u00e1, o d\u00edky Fialovi, zchudl\u00e9 \u010cechy<\/a>.<\/p>\n<p>Ve Francii se konalo prvn\u00ed kolo prezidentsk\u00fdch voleb a Le Penov\u00e1 triumfovala, a p\u0159ed druh\u00fdm kolem nen\u00ed poprv\u00e9 jej\u00ed protikandid\u00e1t Macron favoritem na v\u00edt\u011bze!\u00a0 Le Penov\u00e1 vsadila v prezidentsk\u00fdch volb\u00e1ch na d\u016fslednou obhajobu Francouz\u016f nespokojen\u00fdch s r\u016fstem drahoty \u2013\u00a0<a href=\"https:\/\/www.politico.eu\/newsletter\/france-election-playbook\/bizarre-french-triangle-text-from-an-ex-le-pens-short-and-wheat-trip\/\">jej\u00ed program je pro zaveden\u00ed nulov\u00e9 dan\u011b (DPH) na potraviny a razantn\u00ed sn\u00ed\u017een\u00ed dan\u011b na PHM! Na ponech\u00e1n\u00ed v\u011bku 60 let pro odchod do francouzsk\u00e9ho d\u016fchodu<\/a>\u00a0(Macron chce zvy\u0161ovat na 65 let,<a href=\"https:\/\/www.forum24.cz\/nejvetsi-volebni-potencial-ma-general-pavel-nasleduje-babis-a-fischer\/\">\u00a0<em>Fialov\u00e1\u00a0<\/em>vl\u00e1da zvy\u0161ovat nad 65 let, viz pl\u00e1ny<\/a>\u00a0<a href=\"https:\/\/www.forum24.cz\/nejvetsi-volebni-potencial-ma-general-pavel-nasleduje-babis-a-fischer\/\">prezidentsk\u00e9 kandid\u00e1tky Nerudov\u00e9<\/a>). Le Penov\u00e1 boduje hlavn\u011b mezi zem\u011bd\u011blci a obyvateli men\u0161\u00edch m\u011bst, kte\u0159\u00ed jsou extr\u00e9mn\u011b z\u00e1visl\u00ed na doj\u00ed\u017ed\u011bn\u00ed za prac\u00ed a cen\u00e1ch PHM. Podle pr\u016fzkum\u016f je Francie hluboce rozd\u011blena na t\u0159i skupiny obyvatel. Spokojen\u00e9 a bohat\u00e9 p\u0159\u00edznivce Macrona. A proti nim stoj\u00edc\u00ed v\u011bt\u0161inu Francie, ale rozd\u011blenou na levicov\u00e9 a multikulturn\u00ed (M\u00e9lenchon), a pravicov\u00e9 a nacionalistick\u00e9 (Le Penov\u00e1), voli\u010de. Ve druh\u00e9m kole leto\u0161n\u00edch voleb se o\u010dek\u00e1v\u00e1 zlom \u2013 a to proto , \u017ee\u00a0<a href=\"https:\/\/www.politico.eu\/article\/marine-le-pens-narrow-path-to-victory-france-elections\/\">velk\u00e1 \u010d\u00e1st nespokojen\u00fdch levicov\u00fdch voli\u010d\u016f poprv\u00e9 odevzd\u00e1 hlas Le Penov\u00e9<\/a>. Zaj\u00edmav\u00e9 ji i n\u00e1bo\u017eensk\u00e9 rozd\u011blen\u00ed voli\u010d\u016f \u2013\u00a0<a href=\"https:\/\/www.politico.eu\/newsletter\/france-election-playbook\/bizarre-french-triangle-text-from-an-ex-le-pens-short-and-wheat-trip\/\">muslimov\u00e9 volili hlavn\u011b Mel\u00e1nchona (69%), katol\u00edci volili hlavn\u011b Le Penovou (40%)<\/a>. Le Penov\u00e1 za\u010d\u00edn\u00e1 m\u00edt po zm\u011bn\u011b sv\u00e9ho programu od Frexitu a proti-imigrace, k boji za \u017eivotn\u00ed d\u016fstojnost Francouz\u016f, ohlas i u zna\u010dn\u00e9 \u010d\u00e1sti francouzsk\u00fdch muslim\u016f, kte\u0159\u00ed si u\u017e tak\u00e9 (jako Le Penov\u00e1) nep\u0159ej\u00ed dal\u0161\u00ed imigraci do Francie, a Le Penov\u00e1 je u\u017e neodrazuje, proto\u017ee je uzn\u00e1v\u00e1 za Francouze! B\u00fdval\u00e9 socialistick\u00e9 a pravicov\u00e9 strany, kter\u00e9 vl\u00e1dly Francii od roku 1945 jsou v tot\u00e1ln\u00edm rozkladu a jejich kandid\u00e1ti sb\u00edrali ojedin\u011bl\u00e1 procenta. Z\u0159ejm\u00fd pohyb na francouzsk\u00e9 volebn\u00ed sc\u00e9n\u011b ukazuje jasnou zm\u011bnu v n\u00e1lad\u00e1ch voli\u010d\u016f v roce 2022 \u2013 kdo neh\u00e1j\u00ed ekonomick\u00e9 z\u00e1jmy ni\u017e\u0161\u00edch 3\/4 obyvatelstva, zmiz\u00ed ve volebn\u00edm propadli\u0161ti. Pro \u010cesko to znamen\u00e1, \u017ee lidojedsk\u00e1 politika TOP-09 zahub\u00ed ODS i KD\u00da-\u010cSL (<a href=\"https:\/\/www.parlamentnilisty.cz\/arena\/monitor\/SPOLU-by-dali-tricet-procent-tvrdi-pruzkum-pro-Moravce-A-Okamura-pry-slabne-698734\">ti jsou ostatn\u011b pod 5%<\/a>).\u00a0 Z v\u00edt\u011bzstv\u00ed Le Penov\u00e9 m\u00e1 velk\u00e9 obavy NATO i EU. Francouzsk\u00e9 zadlu\u017een\u00ed u\u017e p\u0159edstihlo Italsk\u00e9 st\u00e1tn\u00ed zadlu\u017een\u00ed a 60% HDP Francie je tvo\u0159eno ve\u0159ejn\u00fdm a st\u00e1tn\u00edm sektorem! Francie bude proti vstupu Ukrajiny do EU, proto\u017ee n\u00e1sledn\u00e1 ztr\u00e1ta dotac\u00ed francouzsk\u00fdm zem\u011bd\u011blc\u016fm by poslala Francii do st\u00e1tn\u00edho bankrotu. Francie u\u017e dnes bez Evropsk\u00fdch dotac\u00ed a Bruselsk\u00fdch deformac\u00ed zem\u011bd\u011blsk\u00e9ho trhu EU nedok\u00e1\u017ee p\u0159e\u017e\u00edt!\u00a0<a href=\"https:\/\/www.politico.eu\/newsletter\/france-election-playbook\/bizarre-french-triangle-text-from-an-ex-le-pens-short-and-wheat-trip\/\">Proto se Le Penov\u00e1 letos p\u0159epe\u010dliv\u011b star\u00e1 o zem\u011bd\u011blce a jejich jedl\u00edky!<\/a><\/p>\n<p>Program FDR, bod 3 \u2013\u00a0<em>Pr\u00e1vo ka\u017ed\u00e9ho zem\u011bd\u011blce p\u011bstovat a prod\u00e1vat sv\u00e9 produkty za v\u00fdnos, kter\u00fd jemu a jeho rodin\u011b zajist\u00ed slu\u0161n\u00e9 \u017eivobyt\u00ed,-\u00a0<\/em>p\u0159evr\u00e1tila \u00a0naruby sou\u010dasn\u00e1 vl\u00e1da lidojeda Petra Fialy,\u00a0<a href=\"https:\/\/www.asocr.cz\/obsah\/54\/produkce-ceskych-potravin-je-v-ohrozeni-zastavme-vladni-agro\/330463\">a v dokumentu odeslan\u00e9m do Bruselu ke schv\u00e1len\u00ed, navrhuje zlikvidovat cel\u00e9 \u010desk\u00e9 zem\u011bd\u011blstv\u00ed a v\u00fdrobu potravin, uzav\u0159\u00edt tis\u00edce zem\u011bd\u011blsk\u00fdch podnik\u016f, a \u00fapln\u011b zlikvidovat v\u0161echna \u010desk\u00e1 st\u00e1da a chovy zem\u011bd\u011blsk\u00fdch zv\u00ed\u0159at.<\/a>\u00a0Cel\u00e1 zem\u011bd\u011blsk\u00e1 ve\u0159ejnost se proti tomuto programu postavila a varovala, \u017ee po jeho uskute\u010dn\u011bn\u00ed dojde k dal\u0161\u00edmu dramatick\u00e9mu n\u00e1r\u016fstu cen potravin, a k absolutn\u00ed z\u00e1vislosti na importech potravin ze Z\u00e1padu EU! A\u017e 60% zem\u011bd\u011blsk\u00fdch podnik\u016f uva\u017euje v d\u016fsledku Fialou na\u0159\u00edzen\u00e9ho<em>\u00a023% redistribu\u010dn\u00edho poplatku\u00a0<\/em>uzav\u0159\u00edt v\u00fdrobu a propustit zam\u011bstnance. (Nejvy\u0161\u0161\u00ed tzv. redistribu\u010dn\u00ed poplatek ze zem\u011bd\u011blsk\u00e9 v\u00fdroby je v zem\u00edch EU maxim\u00e1ln\u011b 10-12%!)<\/p>\n<p>Podle zem\u011bd\u011blc\u016f,\u00a0<a href=\"https:\/\/www.asocr.cz\/obsah\/54\/produkce-ceskych-potravin-je-v-ohrozeni-zastavme-vladni-agro\/330463\">tak v \u010cesku bude mo\u017en\u00e9 p\u011bstovat jenom obiloviny, a v\u0161echno ostatn\u00ed se bude muset dov\u00e1\u017eet<\/a>. Vzhledem k tomu, \u017ee nejv\u00edce zem\u011bd\u011blc\u016f pracuje v \u017eivo\u010di\u0161n\u00e9 v\u00fdrob\u011b, dojde na \u010desk\u00e9m venkov\u011b k dal\u0161\u00ed masivn\u00ed nezam\u011bstnanosti, a to v dob\u011b n\u00e1stupu obrovsk\u00e9 hospod\u00e1\u0159sk\u00e9 krize, propou\u0161t\u011bn\u00ed a masov\u00e9 imigrace zp\u016fsoben\u00e9 Putinovou invaz\u00ed! Kanibal \u010cech\u016f Fiala svou politikou ud\u011bl\u00e1 radost jedin\u011b z\u00e1padn\u00edm potravin\u00e1\u0159sk\u00fdm monopolist\u016fm \u2013 t\u011bm Fiala d\u00e1 zadarmo v\u0161echny \u010desk\u00e9 jedl\u00edky-voli\u010de, aby si na nich vyd\u011blali dod\u00e1vkami pod\u0159adn\u00fdch potravin. D\u016fsledkem t\u00e9to\u00a0<em>fialov\u00e9-agro-politiky<\/em>, bude krom drahoty, tak\u00e9, \u017ee dan\u011b ze zisku z prodeje potravin v \u010cesku p\u016fjdou u\u017e ne do \u010cesk\u00e9, ale do z\u00e1padn\u00edch st\u00e1tn\u00edch pokladen. T\u00edm bude zase m\u00e9n\u011b na \u010desk\u00e9 d\u016fchody, a asi proto u\u017e Fiala pl\u00e1nuje zvednout v\u011bk pro odchod do \u010desk\u00e9ho d\u016fchodu p\u0159es 65 let. Takto se m\u016f\u017ee chovat k vlastn\u00edmu n\u00e1rodu jenom absolutn\u00ed ignorant a slouha hesla politiky TOP-09 \u2013 nestarat se nikdy o to, za jak\u00fdch podm\u00ednek mus\u00ed \u017e\u00edt \u010de\u0161t\u00ed ob\u010dan\u00e9!<\/p>\n<p><a href=\"https:\/\/www.idnes.cz\/zpravy\/domaci\/hlavaty-svaz-pekaru-a-cukraru-psenice-cena-chleba-zdrazovani.A220412_144203_domaci_mgn?zdroj=vybava_idnes\">Bochn\u00edk chleba bude st\u00e1t 60 korun, ozn\u00e1mil 12. 4. p\u0159edseda svazu peka\u0159\u016f,<\/a>\u00a0 a po\u017eadoval z\u00e1kaz v\u00fdvozu p\u0161enice z \u010ceska, aby bylo z \u010deho chleba v\u016fbec p\u00e9ct! Jak jsme ozn\u00e1mili v minul\u00fdch d\u00edlech \u2013 portugalsk\u00e9, \u0161pan\u011blsk\u00e9 a italsk\u00e9 zem\u011bd\u011blstv\u00ed pracuje na tomto principu \u2013 doveze se levn\u00e1 p\u0161enice z Ukrajiny, a j\u00ed se nasyt\u00ed hospod\u00e1\u0159sk\u00e1 zv\u00ed\u0159ata \u2013 ml\u00e9ko a maso se potom zpracuj\u00ed v m\u00edstn\u00edm potravin\u00e1\u0159sk\u00e9m pr\u016fmyslu, a z velk\u00e9 \u010d\u00e1sti se vyvezou do ciziny \u2013 v\u00fdsledkem takov\u00e9hoto zem\u011bd\u011blstv\u00ed jsou pracovn\u00ed m\u00edsta v zem\u011bd\u011blstv\u00ed i v potravin\u00e1\u0159sk\u00e9 v\u00fdrob\u011b, a dan\u011b ze zisk\u016f v\u00fdrobc\u016f potravin potravin putuj\u00ed do st\u00e1tn\u00ed kasy t\u011bchto zem\u00ed. \u010cesk\u00e1 fialov\u00e1 zem\u011bd\u011blsk\u00e1 politika si d\u00e1v\u00e1 p\u0159esn\u011b opa\u010dn\u00fd c\u00edl, zlikvidovat \u010desk\u00e1 st\u00e1da hospod\u00e1\u0159sk\u00fdch zv\u00ed\u0159at a potravin\u00e1\u0159sk\u00fd pr\u016fmysl, vyr\u00e1b\u011bt se m\u00e1 pouze levn\u00e1 p\u0161enice, a ta se m\u00e1 vyv\u00e1\u017eet, t\u0159eba do Portugalska, \u0160pan\u011blska a It\u00e1lie, asi\u00a0 aby tam mohli nahradit v\u00fdpadky v dod\u00e1vk\u00e1ch levn\u00e9 ukrajinsk\u00e9 a rusk\u00e9 p\u0161enice.\u00a0<a href=\"https:\/\/www.aljazeera.com\/economy\/2022\/4\/7\/far-from-ukraine-indonesias-poor-confront-cooking-oil-crisis\">\u010cesko tak \u010dek\u00e1 potravinov\u00fd osud Indon\u00e9sie<\/a>, kter\u00e1 je sice monopoln\u00edm v\u00fdvozcem palmov\u00e9ho oleje (80%), ale pro vlastn\u00ed obyvatelstvo ho ned\u00e1v\u00e1 k dispozici, a nebo je pro n\u011b, cenov\u011b nedostupn\u00fd! Kdo si koup\u00ed bochn\u00edk chleba za 100K\u010c, a\u017e p\u0161enice nebude ani v \u010desk\u00fdch skladech, proto\u017ee Ukrajinci asi letos nezasad\u00ed a nesklid\u00ed!?<\/p>\n<p>Fiala srazil\u00a0<em>redistribu\u010dn\u00edm poplatkem\u00a0<\/em>\u010desk\u00e9 zem\u011bd\u011blsk\u00e9 dotace na 1 hektar \u00a0z 5200 K\u010c na 2200 K\u010c! Holandsk\u00fd zem\u011bd\u011blec, ale p\u0159itom\u00a0<a href=\"http:\/\/michalapetr.cz\/doku.php#dil_524_eu_-_cesi_a_slovaci_budou_platit_tzv_holandska_cla_zapad_eu_tak_zbohatne_vychod_zchudne\">\u00a0dostane ke sv\u00fdm 393 EUR<\/a>\u00a0(10 000 CZK) na hektar je\u0161t\u011b letos nejsp\u00ed\u0161 p\u0159id\u00e1no!\u00a0<a href=\"http:\/\/michalapetr.cz\/doku.php#map_1029_eu_brusel_chysta_masivni_vyvlastnovani_soukromeho_majetku_chysta_i_dalsi_zdrazeni_potravin\">Fialovo vyb\u00edjen\u00ed zem\u011bd\u011blsk\u00fdch zv\u00ed\u0159at v \u010cesku nen\u00ed \u017e\u00e1dn\u00e1 n\u00e1hoda,<\/a>\u00a0ale pe\u010dliv\u011b napl\u00e1novan\u00e1 bruselsk\u00e1 politika, o n\u00ed\u017e jsme informovali\u00a0 u\u017e v z\u00e1\u0159\u00ed 2021. Na z\u00e1pad\u011b maj\u00ed b\u00fdt st\u00e1da a chovy zachov\u00e1ny, na v\u00fdchod\u011b zlikvidov\u00e1ny! Obdobn\u011b s produkc\u00ed ovoce a zeleniny. Pr\u016fm\u011brn\u00e1 ziskovost \u010desk\u00e9ho zem\u011bd\u011blstv\u00ed je 2600 CZK na 1 hektar po zapo\u010dten\u00ed dotace 5200 CZK. Fialov\u00fdm\u00a0<em>redistribu\u010dn\u00edm poplatkem\u00a0<\/em>tak bude \u010cesk\u00fd zem\u011bd\u011blec ve ztr\u00e1t\u011b -400 CZK z ka\u017ed\u00e9ho hektaru, na kter\u00fd zaseje! Z\u0159ejm\u00fdm c\u00edlem vl\u00e1dy ODS, TOP-09, KD\u00da-\u010cSL a Pir\u00e1t\u016f je tak, zlikvidovat \u010desk\u00e9 zem\u011bd\u011blce, a jejich majetek \u2013 p\u016fdu \u2013 po jejich krachu, rozprodat ve dra\u017eb\u00e1ch r\u016fzn\u00fdm (energo) \u0161mejd\u016fm, kte\u0159\u00ed na sou\u010dasn\u00e9 drahot\u011b bohatnou! Na koupi t\u00e9to p\u016fdy bude m\u00edt z\u00e1jem zna\u010dn\u00e9 mno\u017estv\u00ed cizinc\u016f! Fialova vl\u00e1da tak chyst\u00e1 v\u00fdprodej \u010desk\u00e9 p\u016fdy \u00fapln\u011b stejn\u011b, jako p\u0159edchoz\u00ed vl\u00e1dy vyprod\u00e1valy do ciziny \u010desk\u00e9 pr\u016fmyslov\u00e9 a t\u011b\u017eebn\u00ed podniky a strategickou infrastrukturu \u2013 vodovody, plynovody.<\/p>\n<p>Jak jsme informovali v po\u0159adu\u00a0<a href=\"http:\/\/michalapetr.cz\/doku.php#map_1029_eu_brusel_chysta_masivni_vyvlastnovani_soukromeho_majetku_chysta_i_dalsi_zdrazeni_potravin\">MAP 1029<\/a>\u00a0\u2013 Brusel u\u017e v polovin\u011b lo\u0148sk\u00e9ho roku po\u017eadoval vybit\u00ed 1\/2 st\u00e1d krav, a chov\u016f prasat a dr\u016fbe\u017ee! V z\u00e1\u0159\u00ed 2021 v Holandsku unikl na ve\u0159ejnost d\u016fv\u011brn\u00fd dokument Agentury pro monitorov\u00e1n\u00ed \u017eivotn\u00edho prost\u0159ed\u00ed\u00a0<a class=\"urlextern\" title=\"https:\/\/www.pbl.nl\/en\" href=\"https:\/\/www.pbl.nl\/en\" rel=\"nofollow\">PBL<\/a>, a\u00a0<a class=\"urlextern\" title=\"https:\/\/www.greenity.nl\/nieuws\/effect-stikstofuitstoot-twee-beleidspakketten-geanalyseerd-door-pbl\" href=\"https:\/\/www.greenity.nl\/nieuws\/effect-stikstofuitstoot-twee-beleidspakketten-geanalyseerd-door-pbl\" rel=\"nofollow\">v n\u011bm se navrhovalo:\u00a0<\/a><em>aby bylo mo\u017en\u00e9 splnit evropsk\u00e9 c\u00edle sni\u017eov\u00e1n\u00ed emis\u00ed CO2, bude nutn\u00e9 p\u0159istoupit k povinn\u00e9mu vyb\u00edjen\u00ed st\u00e1d a chov\u016f hospod\u00e1\u0159sk\u00fdch zv\u00ed\u0159at, a k vyvlast\u0148ov\u00e1n\u00ed soukrom\u00e9ho majetku \u2013 zem\u011bd\u011blsk\u00e9 p\u016fdy!\u00a0<\/em>Proti n\u00e1vrhu se tenkr\u00e1t tvrd\u011b postavila Holandsk\u00e1 vl\u00e1da. A p\u0159itom \u2013 \u010cesko i (Slovensko?)\u00a0<a class=\"urlextern\" title=\"https:\/\/konference.osu.cz\/cgsostrava2010\/dok\/Sbornik_CGS\/Ruralni_geografie\/Kam_kracis_ceske_zemedelstvi.pdf\" href=\"https:\/\/konference.osu.cz\/cgsostrava2010\/dok\/Sbornik_CGS\/Ruralni_geografie\/Kam_kracis_ceske_zemedelstvi.pdf\" rel=\"nofollow\">vybily 1\/2\u00a0<\/a>sv\u00fdch st\u00e1d skotu a chov\u016f prasat u\u017e v minul\u00fdch 30ti letech, a ani jednu \u010deskou a slovenskou vl\u00e1du to nezaj\u00edmalo! Je\u0161t\u011b v roce 1992 m\u011blo \u010cesko srovnateln\u00fdch 3,5 milionu kus\u016f skotu jako dne\u0161n\u00ed Holandsko. Te\u010f je v \u010cesku jen 1,5 milionu kus\u016f, ale v Holandsku 4 miliony. V \u010cesku je 1,5 milionu prasat, ale\u00a0<a class=\"urlextern\" title=\"https:\/\/www.cbs.nl\/nl-nl\/cijfers\/detail\/80781ned\" href=\"https:\/\/www.cbs.nl\/nl-nl\/cijfers\/detail\/80781ned\" rel=\"nofollow\">v Holandsku 11 milion\u016f!\u00a0<\/a>V \u010cesku je 25 milion\u016f kus\u016f dr\u016fbe\u017ee, ale v Holandsku 101 milionu!\u00a0<a class=\"urlextern\" title=\"https:\/\/www.agropress.cz\/csu-pocty-prasat-klesly-za-20-let-o-56-procent-a-pocty-krav-o-devet-procent\/\" href=\"https:\/\/www.agropress.cz\/csu-pocty-prasat-klesly-za-20-let-o-56-procent-a-pocty-krav-o-devet-procent\/\" rel=\"nofollow\">V \u010cesku se za 10 let vybilo 56% prasat!<\/a>\u00a0Holandsko je po USA druh\u00fdm nejv\u011bt\u0161\u00edm v\u00fdvozcem potravin! \u010cesko ka\u017ed\u00fd rok od vstupu do EU dov\u00e1\u017e\u00ed v\u00edce a v\u00edce potravin! A je\u0161t\u011b to nesta\u010d\u00ed. V roce 2022 p\u0159iprav\u00ed Fialova vl\u00e1da \u2013 \u00fapln\u00e9 vybit\u00ed v\u0161ech \u010desk\u00fdch hospod\u00e1\u0159sk\u00fdch zv\u00ed\u0159at a \u00faplnou likvidaci v\u0161ech \u010desk\u00fdch zem\u011bd\u011blc\u016f. Slavn\u00fd \u201cVlezdoprdelka Hujer\u201d je proti V\u00e1m pane Fiala, hadr!<\/p>\n<p><a href=\"https:\/\/www.aljazeera.com\/economy\/2022\/4\/7\/far-from-ukraine-indonesias-poor-confront-cooking-oil-crisis\">Podle televize Aljazeera vlastn\u00ed naprostou v\u011bt\u0161inu v\u0161ech Indon\u00e9sk\u00fdch palmov\u00fdch plant\u00e1\u017e\u00ed a rafineri\u00ed pouh\u00fdch 20 rodin<\/a>! D\u016fsledek \u2013 Indon\u00e9sie nejv\u011bt\u0161\u00ed producent palmov\u00e9ho oleje na sv\u011bt\u011b je z\u00e1visl\u00e1 na dovozu rusk\u00e9 p\u0161enice a palmov\u00fd olej, se nijak nezpracovan\u00fd vyv\u00e1\u017e\u00ed potravin\u00e1\u0159sk\u00fdm firm\u00e1m do cel\u00e9ho sv\u011bta, aby si na n\u011bm vyd\u011blali. Sami Indon\u00e9san\u00e9 si jej nemohou u\u017e dovolit ani koupit, a u\u017e se bou\u0159\u00ed. Od Josefa II do \u00fanora 1948 trvalo neuv\u011b\u0159iteln\u00fdch 200 let p\u0159ev\u00e9st \u010deskou zem\u011bd\u011blskou p\u016fdu od jej\u00edch c\u00edrkevn\u00edch a feud\u00e1ln\u00edch dr\u017eitel\u016f t\u011bm, kdo na n\u00ed ve skute\u010dnosti hospoda\u0159\u00ed. Po Kalouskov\u00fdch restituc\u00edch c\u00edrkevn\u00edho majetku pl\u00e1nuje nov\u00e1 vl\u00e1da ODS dal\u0161\u00ed velko-lup, tentokr\u00e1te soukrom\u00e9 zem\u011bd\u011blsk\u00e9 p\u016fdy, na n\u00ed\u017e u\u017e jej\u00ed vlastn\u00edci d\u00edky pok\u0159iven\u00e9 bruselsko-fialov\u00e9 dota\u010dn\u00ed politice nesm\u00ed ani sami a slu\u0161n\u011b hospoda\u0159it! Tato p\u016fda se v d\u016fsledku fialov\u00e9 politiky op\u011bt nevyhnuteln\u011b zkoncentruje do rukou n\u011bkolika m\u00e1lo nov\u00fdch majitel\u016f nov\u00fdch p\u0161eni\u010dno-\u0159epkov\u00fdch plant\u00e1\u017e\u00ed, a v\u00fdsledn\u00fd produkt se bude podobn\u011b jako z Indon\u00e9sie vyv\u00e1\u017eet sv\u011btov\u00fdm monopolist\u016fm\u00a0 pro dal\u0161\u00ed zpracov\u00e1n\u00ed do levn\u00fdch a nekvalitn\u00edch potravin. D\u011bjiny \u010ceska se tak maj\u00ed vr\u00e1tit p\u0159ed rok 1750! Cel\u00e1 tahle Nov\u00e1 Fialov\u00e1 Politika za\u010dne d\u00e1vat ne\u010dekan\u00fd smysl, jakmile si p\u0159ipomeneme, s \u010d\u00edm, a s k\u00fdm, Petr Fiala vstoupil do politiky :<\/p>\n<p><img decoding=\"async\" loading=\"lazy\" class=\"alignnone size-medium wp-image-355\" src=\"https:\/\/www.michalapetr.com\/wp-content\/uploads\/2022\/04\/Fiala_Brno_2_Panevropa_zari_1989-300x227.jpg\" sizes=\"(max-width: 300px) 100vw, 300px\" srcset=\"https:\/\/www.michalapetr.com\/wp-content\/uploads\/2022\/04\/Fiala_Brno_2_Panevropa_zari_1989-300x227.jpg 300w, https:\/\/www.michalapetr.com\/wp-content\/uploads\/2022\/04\/Fiala_Brno_2_Panevropa_zari_1989-450x340.jpg 450w, https:\/\/www.michalapetr.com\/wp-content\/uploads\/2022\/04\/Fiala_Brno_2_Panevropa_zari_1989.jpg 452w\" alt=\"\" width=\"300\" height=\"227\" \/><\/p>\n<p>(Foto:\u00a0<a href=\"https:\/\/zpravyzmoravy.cz\/postreh-fiala-z-ods-bojuje-za-moravu\/\">Petr Fiala, Bernd Posselt a Otto von Habsburk<\/a>\u00a0\u2013 90 l\u00e9ta minul\u00e9ho stolet\u00ed, Panevropsk\u00e1 Unie \u2013\u00a0<a href=\"https:\/\/archive.org\/details\/Coudenhove-Kalergi-Praktischer_Idealismus-1925\/page\/n23\/mode\/2up\">Kalergiho pl\u00e1n<\/a>\u00a0)<\/p>\n<p>Nejen sv\u011btov\u00fd trh s potravinami se pot\u00fdk\u00e1 s v\u00e1\u017en\u00fdmi d\u016fsledky ukrajinsk\u00e9 v\u00e1lky.\u00a0<a href=\"https:\/\/www.globaltimes.cn\/page\/202203\/1256822.shtml?id=11\">\u00a0Tchajwansk\u00fd \u010dipov\u00fd pr\u016fmysl ztratil od vypuknut\u00ed ukrajinsk\u00e9 v\u00e1lky rekordn\u00ed sumu 17 miliard USD (340 miliard CZK) zahrani\u010dn\u00edch investic<\/a>. Podle v\u0161eho je d\u016fvodem historicky nejv\u011bt\u0161\u00edho odlivu zahrani\u010dn\u00edho kapit\u00e1lu z Tchaj-wanu strach z budoucnosti tchajwansk\u00e9ho \u010dipov\u00e9ho pr\u016fmyslu, kter\u00fd je extr\u00e9mn\u011b z\u00e1visl\u00fd na \u010d\u00ednsk\u00e9m trhu, a rusk\u00fdch a ukrajinsk\u00fdch surovin\u00e1ch (paladium, neon).\u00a0<a href=\"https:\/\/www.globaltimes.cn\/page\/202204\/1259038.shtml\">Rusko naopak ve stejn\u00e9 dob\u011b zv\u00fd\u0161ilo sv\u00e9 objedn\u00e1vky \u010dip\u016f v \u010c\u00edn\u011b<\/a>\u00a0a ob\u011b zem\u011b zah\u00e1jily vysok\u00e9 konzultace na propojen\u00ed \u010d\u00ednsk\u00e9ho pr\u016fmyslu s rusk\u00fdmi surovinami v oblasti produkce \u010dip\u016f a dal\u0161\u00edch technologi\u00ed. Rusko t\u00edm obch\u00e1z\u00ed sankce, buduje vlastn\u00ed platebn\u00ed kartov\u00fd syst\u00e9m MIR, a ob\u011b zem\u011b jako jedin\u00e9 na sv\u011bt\u011b disponuj\u00ed \u00faplnou surovinovou, technologickou a produk\u010dn\u00ed kapacitou pro v\u00fdrobu \u010dip\u016f. Z\u00e1padn\u00ed embargo na \u010dipy do Ruska m\u011blo za c\u00edl omezit produkci rusk\u00e9 inteligentn\u00ed munice a dron\u016f pod jejich sou\u010dasnou spot\u0159ebu. Vypad\u00e1 to ov\u0161em, \u017ee byl op\u011bt dosa\u017een opa\u010dn\u00fd v\u00fdsledek!<\/p>\n<p><a href=\"https:\/\/www.michalapetr.com\/mip-20-ceska-vlada-chysta-masivni-zdrazeni-vsech-potravin-fiala-se-tak-chce-zalibit-bruselu\/\">ZDROJ<\/a><\/p>\n<p>&nbsp;<\/p>\n","protected":false},"excerpt":{"rendered":"<p>\u010cekaj\u00ed n\u00e1s t\u011b\u017ek\u00e9 \u010dasy. Na\u0161e demokracie a svobody se dost\u00e1vaj\u00ed do ohro\u017een\u00ed.\u00a0\u010cesk\u00fd tajn\u00fd pohlav\u00e1r Jan&#8230;<\/p>\n","protected":false},"author":2,"featured_media":6914,"comment_status":"closed","ping_status":"closed","sticky":false,"template":"","format":"standard","meta":[],"categories":[6],"tags":[76,1497,371,99],"_links":{"self":[{"href":"https:\/\/www.infokuryr.cz\/n\/wp-json\/wp\/v2\/posts\/9844"}],"collection":[{"href":"https:\/\/www.infokuryr.cz\/n\/wp-json\/wp\/v2\/posts"}],"about":[{"href":"https:\/\/www.infokuryr.cz\/n\/wp-json\/wp\/v2\/types\/post"}],"author":[{"embeddable":true,"href":"https:\/\/www.infokuryr.cz\/n\/wp-json\/wp\/v2\/users\/2"}],"replies":[{"embeddable":true,"href":"https:\/\/www.infokuryr.cz\/n\/wp-json\/wp\/v2\/comments?post=9844"}],"version-history":[{"count":0,"href":"https:\/\/www.infokuryr.cz\/n\/wp-json\/wp\/v2\/posts\/9844\/revisions"}],"wp:featuredmedia":[{"embeddable":true,"href":"https:\/\/www.infokuryr.cz\/n\/wp-json\/wp\/v2\/media\/6914"}],"wp:attachment":[{"href":"https:\/\/www.infokuryr.cz\/n\/wp-json\/wp\/v2\/media?parent=9844"}],"wp:term":[{"taxonomy":"category","embeddable":true,"href":"https:\/\/www.infokuryr.cz\/n\/wp-json\/wp\/v2\/categories?post=9844"},{"taxonomy":"post_tag","embeddable":true,"href":"https:\/\/www.infokuryr.cz\/n\/wp-json\/wp\/v2\/tags?post=9844"}],"curies":[{"name":"wp","href":"https:\/\/api.w.org\/{rel}","templated":true}]}}