{"id":9837,"date":"2022-04-21T03:36:26","date_gmt":"2022-04-21T01:36:26","guid":{"rendered":"http:\/\/www.infokuryr.cz\/n\/?p=9837"},"modified":"2022-04-21T03:36:26","modified_gmt":"2022-04-21T01:36:26","slug":"jiri-vyvadil-co-bude-delat-zapad-kdyz-zvitezi-putin","status":"publish","type":"post","link":"https:\/\/www.infokuryr.cz\/n\/2022\/04\/21\/jiri-vyvadil-co-bude-delat-zapad-kdyz-zvitezi-putin\/","title":{"rendered":"Ji\u0159\u00ed Vyvadil: Co bude d\u011blat Z\u00e1pad, kdy\u017e zv\u00edt\u011bz\u00ed Putin?"},"content":{"rendered":"<div id=\"fb-root\"><\/div>\n<div class=\"perex\"><strong>V\u011bci jsou jednoduch\u00e9.Ten konflikt na Ukrajin\u011b a obecn\u011b Z\u00e1padu s Ruskem m\u00e1 p\u0159ece jen dv\u011b \u0159e\u0161en\u00ed: Bu\u010f zv\u00edt\u011bz\u00ed Z\u00e1pad a Ukrajina a nebo zv\u00edt\u011bz\u00ed Rusko symbolizovan\u00e9 Putinem.<\/p>\n<p><\/strong><\/div>\n<div class=\"content\">\n<p>Samoz\u0159ejm\u011b, \u017ee v\u0161ichni z\u00e1padn\u00ed politici a v\u011bt\u0161ina z\u00e1padn\u00edho obyvatelstva si nep\u0159ipou\u0161t\u00ed, \u017ee by mohl zv\u00edt\u011bzit Putin. Naopak mnoz\u00ed nez\u00e1padn\u00ed politici i \u010d\u00e1st jejich obyvatelstva se zku\u0161enostmi americk\u00fdch brut\u00e1ln\u00edch v\u00e1lek nepochybn\u011b dr\u017e\u00ed palce Rusku. N\u011bkde, jako v\u00a0miliardov\u00e9 \u010c\u00edn\u011b je to 80% \u010c\u00ed\u0148an\u016f, jinde je to slab\u0161\u00ed, ale st\u00e1le p\u0159eva\u017euj\u00edc\u00ed. Z\u00e1pad se dr\u017e\u00ed USA jako kl\u00ed\u0161t\u011b, ale \u201enez\u00e1padn\u00ed\u201c st\u00e1ty USA rozhodn\u011b nemus\u00ed. Byla a z\u016fst\u00e1v\u00e1 brut\u00e1ln\u00edm p\u0159edstavitelem sv\u00e9ho imperialismu.<\/p>\n<p>I u n\u00e1s jako celek Putina cca 65% odm\u00edt\u00e1 a cca 30% je t\u011bch, kte\u0159\u00ed jsou opa\u010dn\u00e9ho n\u00e1zoru. Tak je to u n\u00e1s. A \u010cesko jednozna\u010dn\u011b p\u0159ijalo podivnou t\u00e9zi, \u017ee v\u00e1lka na Ukrajin\u011b je i na\u0161\u00ed v\u00e1lkou a na Ukrajin\u011b se bojuje i za n\u00e1s.<\/p>\n<p>No tuto floskuli jsme u\u017e tady m\u011bli, kdy\u017e se v\u00a0Afgh\u00e1nist\u00e1nu bojovalo za Prahu a v\u00edme, jak jsme dopadli.<\/p>\n<p>Ty boje na Ukrajin\u011b jsou dynamick\u00e9. Po\u010d\u00e1tek se Rusku zcela ur\u010dit\u011b moc nepovedl. Zam\u011b\u0159it c\u00edl operace na probanderovsk\u00fd Kyjev zrovna moc nefungovalo\u2026<\/p>\n<p>Sou\u010dasn\u00e1 f\u00e1ze, soust\u0159e\u010fuj\u00edc\u00ed se na v\u00fdchod a jih Ukrajiny m\u00e1 logiku a z\u00a0pr\u00e1vn\u00edho hlediska osvobozuje Rusko p\u0159ev\u00e1\u017en\u011b tu \u010d\u00e1st \u00fazem\u00ed, kter\u00e1 p\u0159\u00edslu\u0161\u00ed povstaleck\u00fdm hnut\u00edm Luhanska a Don\u011bcka, co\u017e jsou uznateln\u00e9 legitimn\u00ed s\u00edly z\u00a0hlediska mezin\u00e1rodn\u00edho pr\u00e1va.<\/p>\n<p>Jestli\u017ee v\u00a0boj\u00edch o Kyjev Zelensk\u00fd v\u00edt\u011bzoslavn\u011b st\u00e1le vyk\u0159ikoval, \u017ee Ukrajina zv\u00edt\u011bz\u00ed, dnes u\u017e jenom ho\u0159ekuje a nad\u00e1v\u00e1 v\u0161em kolem sebe, \u017ee sv\u011bt Ukrajin\u011b nepom\u00e1h\u00e1. Mariuopol a Donbas i z\u00a0jeho slov p\u0159edstavuje kl\u00ed\u010dov\u00fd zlom v\u00a0operaci.<\/p>\n<p>A t\u00edm se tak trochu bl\u00ed\u017e\u00edme k\u00a0odpov\u011bdi na m\u016fj nadpis.<\/p>\n<p>Z\u00e1pad, tedy on\u011bch 40 zem\u00ed, kter\u00e9 tak \u010di onak bojuj\u00ed proti Rusku (sankcemi, dod\u00e1vkami zbran\u00ed, v\u010detn\u011b t\u011b\u017ek\u00e9 techniky, neust\u00e1l\u00fdm p\u0159\u00edsunem finan\u010dn\u00edch prost\u0159edk\u016f, diplomaticky atd.) s\u00a0v\u00fdjimkou nasazen\u00ed vojsk vrhl v\u0161e proto, aby Rusko porazil. A d\u011bl\u00e1 p\u0159itom v\u0161echno mo\u017en\u00e9 i nemo\u017en\u00e9, v\u010detn\u011b vlastn\u00edho sebeni\u010den\u00ed.<\/p>\n<p>Na druh\u00e9 stran\u011b Rusko, kter\u00e9 dle z\u00e1padn\u00edch p\u0159edpoklad\u016f u\u017e po prvn\u00edm m\u011bs\u00edci m\u011blo vyhl\u00e1sit bankrot a p\u0159estat bojovat, nic takov\u00e9ho ne\u010din\u00ed.<\/p>\n<p>U\u017e se nehovo\u0159\u00ed o tom, \u017ee konflikt skon\u010d\u00ed za p\u00e1r t\u00fddn\u016f<\/p>\n<p>Voln\u011b se p\u0159ech\u00e1z\u00ed na t\u00e9zi, \u017ee konflikt bude trvat minim\u00e1ln\u011b do konce roku.<\/p>\n<p>Nu\u017ee bude-li pokra\u010dovat v\u00a0nastaven\u00e9 linii, zd\u00e1 se, \u017ee Rusko m\u016f\u017ee zv\u00edt\u011bzit a pokud by zv\u00edt\u011bzilo a s\u00a0n\u00edm i Putin, z\u00e1padn\u00edm sv\u011btem to ot\u0159ese\u2026<\/p>\n<p>A ot\u0159\u00e1st by to m\u011blo i s\u00a0\u010ceskem\u2026<\/p>\n<p>Bez plynu, s\u00a0jednou z\u00a0nejvy\u0161\u0161\u00edch inflac\u00ed v\u00a0Evrop\u011b a se sm\u011b\u0161n\u00fdm premi\u00e9rem, kter\u00fd a\u010d profesorem politologie neum\u00ed p\u0159edpokl\u00e1dat v\u00fdvoj a sna\u017eil se zat\u00e1hnout tuto zemi do krvav\u00e9 v\u00e1lky\u2026To by byla budoucnost \u010ceska\u2026<\/p>\n<p>V\u00a0podstat\u011b to bude cosi jako por\u00e1\u017eka protektor\u00e1tn\u00ed vl\u00e1dy v\u00a0kv\u011btnu 1945.<\/p>\n<p>A to bych Fialovi a spol. ze srdce p\u0159\u00e1l.<\/p>\n<\/div>\n<p><a href=\"http:\/\/vasevec.parlamentnilisty.cz\/komentare\/co-bude-delat-zapad-kdyz-zvitezi-putin\">Ji\u0159\u00ed Vyvadil<\/a><\/p>\n<p>&nbsp;<\/p>\n","protected":false},"excerpt":{"rendered":"<p>V\u011bci jsou jednoduch\u00e9.Ten konflikt na Ukrajin\u011b a obecn\u011b Z\u00e1padu s Ruskem m\u00e1 p\u0159ece jen dv\u011b&#8230;<\/p>\n","protected":false},"author":2,"featured_media":672,"comment_status":"closed","ping_status":"closed","sticky":false,"template":"","format":"standard","meta":[],"categories":[6],"tags":[29,102,365],"_links":{"self":[{"href":"https:\/\/www.infokuryr.cz\/n\/wp-json\/wp\/v2\/posts\/9837"}],"collection":[{"href":"https:\/\/www.infokuryr.cz\/n\/wp-json\/wp\/v2\/posts"}],"about":[{"href":"https:\/\/www.infokuryr.cz\/n\/wp-json\/wp\/v2\/types\/post"}],"author":[{"embeddable":true,"href":"https:\/\/www.infokuryr.cz\/n\/wp-json\/wp\/v2\/users\/2"}],"replies":[{"embeddable":true,"href":"https:\/\/www.infokuryr.cz\/n\/wp-json\/wp\/v2\/comments?post=9837"}],"version-history":[{"count":0,"href":"https:\/\/www.infokuryr.cz\/n\/wp-json\/wp\/v2\/posts\/9837\/revisions"}],"wp:featuredmedia":[{"embeddable":true,"href":"https:\/\/www.infokuryr.cz\/n\/wp-json\/wp\/v2\/media\/672"}],"wp:attachment":[{"href":"https:\/\/www.infokuryr.cz\/n\/wp-json\/wp\/v2\/media?parent=9837"}],"wp:term":[{"taxonomy":"category","embeddable":true,"href":"https:\/\/www.infokuryr.cz\/n\/wp-json\/wp\/v2\/categories?post=9837"},{"taxonomy":"post_tag","embeddable":true,"href":"https:\/\/www.infokuryr.cz\/n\/wp-json\/wp\/v2\/tags?post=9837"}],"curies":[{"name":"wp","href":"https:\/\/api.w.org\/{rel}","templated":true}]}}