{"id":98366,"date":"2026-02-01T07:17:28","date_gmt":"2026-02-01T06:17:28","guid":{"rendered":"https:\/\/www.infokuryr.cz\/n\/?p=98366"},"modified":"2026-02-01T07:17:28","modified_gmt":"2026-02-01T06:17:28","slug":"iranem-otrasla-serie-zahadnych-vybuchu-uprostred-napeti-s-usa","status":"publish","type":"post","link":"https:\/\/www.infokuryr.cz\/n\/2026\/02\/01\/iranem-otrasla-serie-zahadnych-vybuchu-uprostred-napeti-s-usa\/","title":{"rendered":"\u00cdr\u00e1nem ot\u0159\u00e1sla s\u00e9rie z\u00e1hadn\u00fdch v\u00fdbuch\u016f uprost\u0159ed nap\u011bt\u00ed s USA"},"content":{"rendered":"<div id=\"fb-root\"><\/div>\n<p><strong><span dir=\"auto\">S\u00e9rie z\u00e1hadn\u00fdch v\u00fdbuch\u016f ot\u0159\u00e1sla 31. ledna velk\u00fdmi m\u011bsty po cel\u00e9m \u00cdr\u00e1nu uprost\u0159ed rostouc\u00edho nap\u011bt\u00ed mezi Spojen\u00fdmi st\u00e1ty a Izraelem.<\/span><\/strong><\/p>\n<p><span dir=\"auto\">Americk\u00fd prezident Trump od za\u010d\u00e1tku m\u011bs\u00edce opakovan\u011b hrozil vojenskou akc\u00ed, pokud \u00cdr\u00e1n zabije protestuj\u00edc\u00ed nebo provede masov\u00e9 popravy v\u011bz\u0148\u016f. V posledn\u00edch dnech USA nasadily na Bl\u00edzk\u00fd v\u00fdchod dal\u0161\u00ed vojensk\u00e9 prost\u0159edky, v\u010detn\u011b letadlov\u00e9 lodi USS Abraham Lincoln a jej\u00ed \u00fadern\u00e9 skupiny.<\/span><\/p>\n<p><span dir=\"auto\">K nejz\u00e1va\u017en\u011bj\u0161\u00edmu incidentu do\u0161lo v provincii Hormozgan, kde exploze zas\u00e1hla osmipatrovou budovu v p\u0159\u00edstavn\u00edm m\u011bst\u011b Bandar Abbas.<\/span><\/p>\n<p><span dir=\"auto\">Po v\u00fdbuchu se objevila tvrzen\u00ed, \u017ee ter\u010dem \u00fatoku byl velitel n\u00e1mo\u0159nictva Isl\u00e1msk\u00fdch revolu\u010dn\u00edch gard. Gardy v\u0161ak vydaly prohl\u00e1\u0161en\u00ed, v n\u011bm\u017e tato obvin\u011bn\u00ed odm\u00edtly a uvedly, \u017ee \u017e\u00e1dn\u00fd velitel nebyl ter\u010dem \u00fatoku a \u017ee explozi zp\u016fsobil \u00fanik zemn\u00edho plynu.<\/span><\/p>\n<p><em><span dir=\"auto\">\u201eToto (\u00fanik a nahromad\u011bn\u00ed plynu) je p\u0159edb\u011b\u017en\u00e9 posouzen\u00ed. Moji kolegov\u00e9 poskytnou v\u00edce podrobnost\u00ed v p\u0159\u00ed\u0161t\u00edch n\u011bkolika hodin\u00e1ch,\u201c potvrdil velitel hasi\u010dsk\u00e9ho sboru Mohammad Amin Liaqat ve videu zve\u0159ejn\u011bn\u00e9m \u00edr\u00e1nskou poloofici\u00e1ln\u00ed tiskovou agenturou Mehr.<\/span><\/em><\/p>\n<p><span dir=\"auto\">\u00cdr\u00e1nsk\u00e1 st\u00e1tn\u00ed m\u00e9dia pozd\u011bji informovala, \u017ee siln\u00fd v\u00fdbuch si vy\u017e\u00e1dal jeden \u017eivot a v\u00edce ne\u017e 14 dal\u0161\u00edch bylo zran\u011bno.<\/span><\/p>\n<p><iframe loading=\"lazy\" src=\"https:\/\/s1.cdnstatic.space\/wp-content\/uploads\/2026\/01\/abas.mp4\" width=\"600\" height=\"338\" data-mce-fragment=\"1\"><\/iframe><\/p>\n<p><span dir=\"auto\">Samostatn\u011b byli podle st\u00e1tn\u00edch novin Tehran Times zabiti \u010dty\u0159i lid\u00e9 p\u0159i dal\u0161\u00edm v\u00fdbuchu plynu ve m\u011bst\u011b Ahv\u00e1z v provincii Ch\u00fazist\u00e1n. Dal\u0161\u00ed informace nebyly bezprost\u0159edn\u011b k dispozici.<\/span><\/p>\n<p><iframe loading=\"lazy\" src=\"https:\/\/s1.cdnstatic.space\/wp-content\/uploads\/2026\/01\/ahvas.mp4\" width=\"600\" height=\"338\" data-mce-fragment=\"1\"><\/iframe><\/p>\n<p><span dir=\"auto\">V\u00fdbuch byl hl\u00e1\u0161en tak\u00e9 v hlavn\u00edm m\u011bst\u011b Teher\u00e1nu. St\u00e1tn\u00ed m\u00e9dia nezve\u0159ejnila podrobn\u00e9 informace o ob\u011btech ani \u0161kod\u00e1ch v souvislosti s incidentem.<\/span><\/p>\n<p><span dir=\"auto\">P\u0159ibli\u017en\u011b ve stejnou dobu do\u0161lo k dal\u0161\u00ed explozi v centru provincie Qom. M\u011bsto je zn\u00e1m\u00e9 jako rodi\u0161t\u011b Isl\u00e1msk\u00e9 revoluce v roce 1979 a v\u00fdznamn\u00e9 centrum pro vzd\u011bl\u00e1v\u00e1n\u00ed duchovn\u00edch p\u0159edstavitel\u016f Isl\u00e1msk\u00e9 republiky. St\u00e1tn\u00ed m\u00e9dia uvedla, \u017ee incident zp\u016fsobil materi\u00e1ln\u00ed \u0161kody, ale \u017e\u00e1dn\u00e9 ob\u011bti.<\/span><\/p>\n<p><iframe loading=\"lazy\" src=\"https:\/\/s1.cdnstatic.space\/wp-content\/uploads\/2026\/01\/YMvazmZh2DRbeYhr.mp4\" width=\"600\" height=\"338\" data-mce-fragment=\"1\"><\/iframe><\/p>\n<p><span dir=\"auto\">Zat\u00edmco \u00cdr\u00e1n \u010del\u00ed hrozb\u00e1m p\u0159edev\u0161\u00edm ze strany USA, n\u011bkte\u0159\u00ed pozorovatel\u00e9 spekuluj\u00ed, \u017ee za ned\u00e1vn\u00fdmi incidenty stoj\u00ed izraelsk\u00e1 tajn\u00e1 slu\u017eba Mossad.<\/span><\/p>\n<p><span dir=\"auto\">V posledn\u00edch letech do\u0161lo v \u00cdr\u00e1nu k v\u00fdrazn\u00e9mu n\u00e1r\u016fstu podobn\u00fdch incident\u016f, p\u0159i\u010dem\u017e p\u0159inejmen\u0161\u00edm n\u011bkter\u00e9 z nich byly p\u0159ips\u00e1ny sabot\u00e1\u017e\u00edm izraelsk\u00fdch tajn\u00fdch slu\u017eeb.<\/span><\/p>\n<p><span dir=\"auto\">V reakci na tyto spekulace izrael\u0161t\u00ed p\u0159edstavitel\u00e9 agentu\u0159e Reuters sd\u011blili, \u017ee Izrael se do nejnov\u011bj\u0161\u00ed vlny v\u00fdbuch\u016f v \u00cdr\u00e1nu nepod\u00edlel.<\/span><\/p>\n<p><span dir=\"auto\">I kdy\u017e exploze nebyly zam\u011b\u0159eny na nic d\u016fle\u017eit\u00e9ho, alespo\u0148 podle sou\u010dasn\u00fdch informac\u00ed, mohly b\u00fdt zp\u016fsobeny sabot\u00e1\u017e\u00ed v r\u00e1mci n\u011bjak\u00e9 psychologick\u00e9 operace. Pokud se do toho Izrael skute\u010dn\u011b nezapojil, pak to mohla b\u00fdt americk\u00e1 tajn\u00e1 slu\u017eba.<\/span><\/p>\n<p><img decoding=\"async\" loading=\"lazy\" class=\"alignnone size-full wp-image-1185\" src=\"http:\/\/www.infokuryr.cz\/n\/wp-content\/uploads\/2021\/04\/kuryr-podpis.png\" alt=\"\" width=\"84\" height=\"24\" \/><\/p>\n<p>&nbsp;<\/p>\n","protected":false},"excerpt":{"rendered":"<p>S\u00e9rie z\u00e1hadn\u00fdch v\u00fdbuch\u016f ot\u0159\u00e1sla 31. ledna velk\u00fdmi m\u011bsty po cel\u00e9m \u00cdr\u00e1nu uprost\u0159ed rostouc\u00edho nap\u011bt\u00ed mezi&#8230;<\/p>\n","protected":false},"author":2,"featured_media":98367,"comment_status":"closed","ping_status":"closed","sticky":false,"template":"","format":"standard","meta":[],"categories":[7],"tags":[38,5135,3533],"_links":{"self":[{"href":"https:\/\/www.infokuryr.cz\/n\/wp-json\/wp\/v2\/posts\/98366"}],"collection":[{"href":"https:\/\/www.infokuryr.cz\/n\/wp-json\/wp\/v2\/posts"}],"about":[{"href":"https:\/\/www.infokuryr.cz\/n\/wp-json\/wp\/v2\/types\/post"}],"author":[{"embeddable":true,"href":"https:\/\/www.infokuryr.cz\/n\/wp-json\/wp\/v2\/users\/2"}],"replies":[{"embeddable":true,"href":"https:\/\/www.infokuryr.cz\/n\/wp-json\/wp\/v2\/comments?post=98366"}],"version-history":[{"count":0,"href":"https:\/\/www.infokuryr.cz\/n\/wp-json\/wp\/v2\/posts\/98366\/revisions"}],"wp:featuredmedia":[{"embeddable":true,"href":"https:\/\/www.infokuryr.cz\/n\/wp-json\/wp\/v2\/media\/98367"}],"wp:attachment":[{"href":"https:\/\/www.infokuryr.cz\/n\/wp-json\/wp\/v2\/media?parent=98366"}],"wp:term":[{"taxonomy":"category","embeddable":true,"href":"https:\/\/www.infokuryr.cz\/n\/wp-json\/wp\/v2\/categories?post=98366"},{"taxonomy":"post_tag","embeddable":true,"href":"https:\/\/www.infokuryr.cz\/n\/wp-json\/wp\/v2\/tags?post=98366"}],"curies":[{"name":"wp","href":"https:\/\/api.w.org\/{rel}","templated":true}]}}