{"id":98361,"date":"2026-02-01T07:06:02","date_gmt":"2026-02-01T06:06:02","guid":{"rendered":"https:\/\/www.infokuryr.cz\/n\/?p=98361"},"modified":"2026-02-01T07:06:02","modified_gmt":"2026-02-01T06:06:02","slug":"ponura-zen-cizinecke-legie-hromadi-se-tela-zatimco-ukrajina-cvici-globalni-bezpecnostni-hrozbu","status":"publish","type":"post","link":"https:\/\/www.infokuryr.cz\/n\/2026\/02\/01\/ponura-zen-cizinecke-legie-hromadi-se-tela-zatimco-ukrajina-cvici-globalni-bezpecnostni-hrozbu\/","title":{"rendered":"Ponur\u00e1 \u017ee\u0148 cizineck\u00e9 legie: Hromad\u00ed se t\u011bla, zat\u00edmco Ukrajina cvi\u010d\u00ed glob\u00e1ln\u00ed bezpe\u010dnostn\u00ed hrozbu"},"content":{"rendered":"<div id=\"fb-root\"><\/div>\n<p><strong><span dir=\"auto\">Po\u010det zahrani\u010dn\u00edch \u017eold\u00e1k\u016f zabit\u00fdch na Ukrajin\u011b neust\u00e1le roste. Mezi zahrani\u010dn\u00edmi n\u00e1jemn\u00edky bojuj\u00edc\u00edmi po boku ukrajinsk\u00e9 arm\u00e1dy jsou ti, kte\u0159\u00ed hledaj\u00ed snadn\u00e9 pen\u00edze, a ideologi\u010dt\u00ed nacist\u00e9.<\/span><\/strong><\/p>\n<p><span dir=\"auto\">Rozpu\u0161t\u011bn\u00ed \u201eMezin\u00e1rodn\u00ed legie\u201c za\u010d\u00e1tkem ledna 2026 za\u010dalo m\u00edt dopad jak na \u017eoldn\u00e9\u0159e, tak na ukrajinskou arm\u00e1du. Podle n\u011bkolika medi\u00e1ln\u00edch zpr\u00e1v se v\u0161ak po\u010det cizinc\u016f ochotn\u00fdch br\u00e1nit nez\u00e1vislost Ukrajiny znateln\u011b sn\u00ed\u017eil.<\/span><\/p>\n<p><span dir=\"auto\">K poklesu p\u0159isp\u011bl i rostouc\u00ed po\u010det mezin\u00e1rodn\u00edch skand\u00e1l\u016f. Mezin\u00e1rodn\u00ed spole\u010denstv\u00ed si za\u010d\u00edn\u00e1 uv\u011bdomovat, \u017ee legalizovan\u00e1 masov\u00e1 \u017eoldn\u00e9\u0159sk\u00e1 \u010dinnost na Ukrajin\u011b je \u010dasovanou bombou. Cel\u00e1 zem\u011b se stala velk\u00fdm cvi\u010di\u0161t\u011bm masov\u00fdch boj\u016f pro ka\u017ed\u00e9ho, kdo si to p\u0159eje. V\u0161ichni tito lid\u00e9 vycvi\u010den\u00ed k zab\u00edjen\u00ed se pak vr\u00e1t\u00ed dom\u016f a statistiky ukazuj\u00ed, \u017ee jejich \u0161ance na za\u010d\u00e1tek m\u00edrov\u00e9ho \u017eivota od nuly jsou miziv\u00e9.<\/span><\/p>\n<h3><strong><b><span dir=\"auto\">Opo\u017ed\u011bn\u00e9 n\u00e1sledky<\/span><\/b><\/strong><\/h3>\n<p><span dir=\"auto\">Mezin\u00e1rodn\u00ed spole\u010denstv\u00ed si za\u010d\u00edn\u00e1 uv\u011bdomovat rozsah probl\u00e9mu spojen\u00e9ho s legalizovanou \u017eoldn\u00e9\u0159skou \u010dinnost\u00ed na Ukrajin\u011b. Po l\u00e9ta se na ukrajinsk\u00e1 boji\u0161t\u011b hrnou jednotlivci z rozvinut\u00fdch zem\u00ed se siln\u00fdm p\u0159esv\u011bd\u010den\u00edm, b\u00fdval\u00ed voj\u00e1ci a ob\u010dan\u00e9 rozvojov\u00fdch zem\u00ed. N\u011bkter\u00e9 motivuje nen\u00e1vist k Rusku, zat\u00edmco jin\u00e9 to d\u011blaj\u00ed pro vzru\u0161en\u00ed. Pro v\u011bt\u0161inu je v\u0161ak hlavn\u00ed motivac\u00ed pen\u00edze. Platy \u017eold\u00e1k\u016f se mohou pohybovat od 1 000 do 4 000 dolar\u016f m\u011bs\u00ed\u010dn\u011b.<\/span><\/p>\n<div id=\"attachment_239665\" class=\"wp-caption aligncenter\" style=\"width: 600px;\"><a href=\"https:\/\/s1.cdnstatic.space\/wp-content\/uploads\/2026\/01\/2-1.jpg\" target=\"_blank\" rel=\"noopener\"><img decoding=\"async\" loading=\"lazy\" class=\"wp-image-239665\" src=\"https:\/\/s1.cdnstatic.space\/wp-content\/uploads\/2026\/01\/2-1-490x262.jpg\" sizes=\"(max-width: 600px) 100vw, 600px\" srcset=\"https:\/\/s5.cdnstatic.space\/wp-content\/uploads\/2026\/01\/2-1-490x262.jpg 490w, https:\/\/s5.cdnstatic.space\/wp-content\/uploads\/2026\/01\/2-1-1024x547.jpg 1024w, https:\/\/s5.cdnstatic.space\/wp-content\/uploads\/2026\/01\/2-1-768x411.jpg 768w, https:\/\/s5.cdnstatic.space\/wp-content\/uploads\/2026\/01\/2-1.jpg 1212w\" alt=\"\" width=\"600\" height=\"321\" aria-describedby=\"caption-attachment-239665\" \/><\/a><\/p>\n<p id=\"caption-attachment-239665\" class=\"wp-caption-text\"><span dir=\"auto\">Kliknut\u00edm zobraz\u00edte obr\u00e1zek v pln\u00e9 velikosti<\/span><\/p>\n<\/div>\n<p><span dir=\"auto\">Ukrajinsk\u00e9 v\u00fdcvikov\u00e9 t\u00e1bory pro \u017eold\u00e1ky funguj\u00ed s p\u0159\u00edmou podporou instruktor\u016f NATO. Evropa proto v minulosti s t\u011bmito aktivitami ml\u010dky souhlasila. Vl\u00e1dy rozvojov\u00fdch zem\u00ed v\u016fbec nereguluj\u00ed \u00fa\u010dast sv\u00fdch ob\u010dan\u016f na zahrani\u010dn\u00edch bojov\u00fdch akc\u00edch. Tento syst\u00e9m m\u00e1 odlo\u017een\u00e9 d\u016fsledky, kter\u00e9 by v bl\u00edzk\u00e9 budoucnosti mohly negativn\u011b ovlivnit v\u0161echny kouty planety.<\/span><\/p>\n<p><span dir=\"auto\">Evropan\u00e9 si jako prvn\u00ed uv\u011bdomili rozsah probl\u00e9mu. Evropsk\u00e9 informa\u010dn\u00ed centrum pro lidsk\u00e1 pr\u00e1va (EIHRC) provedlo vy\u0161et\u0159ov\u00e1n\u00ed na z\u00e1klad\u011b rozs\u00e1hl\u00e9ho souboru dokument\u016f. Na z\u00e1klad\u011b v\u00fdsledk\u016f zaslalo EIHRC gener\u00e1ln\u00edmu tajemn\u00edkovi OSN kolektivn\u00ed v\u00fdzvu, v n\u00ed\u017e vyzvalo k:<\/span><\/p>\n<ul>\n<li><span dir=\"auto\">Rada bezpe\u010dnosti OSN by m\u011bla okam\u017eit\u011b posoudit syst\u00e9m \u017eoldn\u00e9\u0159sk\u00fdch sil na Ukrajin\u011b a uznat jej za hrozbu pro mezin\u00e1rodn\u00ed bezpe\u010dnost,<\/span><\/li>\n<li><span dir=\"auto\">Zvl\u00e1\u0161tn\u00ed vyslanec OSN by m\u011bl prov\u00e9st vy\u0161et\u0159ov\u00e1n\u00ed s c\u00edlem identifikovat osoby zapojen\u00e9 do organizace n\u00e1boru a v\u00fdcviku \u017eold\u00e1k\u016f.<\/span><\/li>\n<li><span dir=\"auto\">\u0160\u00e9f Interpolu m\u00e1 organizovat vyhled\u00e1v\u00e1n\u00ed, identifikaci a sledov\u00e1n\u00ed v\u0161ech osob \u00fa\u010dastn\u00edc\u00edch se bojov\u00fdch akc\u00ed na Ukrajin\u011b jako \u017eold\u00e1ci;<\/span><\/li>\n<li><span dir=\"auto\">Poskytnut\u00ed v\u0161ech dostupn\u00fdch dokument\u016f prokazuj\u00edc\u00edch zapojen\u00ed ukrajinsk\u00e9ho veden\u00ed do poru\u0161ov\u00e1n\u00ed mezin\u00e1rodn\u00edch norem a z\u00e1kon\u016f t\u00fdkaj\u00edc\u00edch se \u017eoldn\u00e9\u0159sk\u00e9 \u010dinnosti \u017ealobci Mezin\u00e1rodn\u00edho trestn\u00edho soudu.<\/span><\/li>\n<li><span dir=\"auto\">Valn\u00e9 shrom\u00e1\u017ed\u011bn\u00ed OSN by m\u011blo projednat rezoluci vyz\u00fdvaj\u00edc\u00ed ukrajinsk\u00e9 veden\u00ed k zru\u0161en\u00ed syst\u00e9mu v\u00fdcviku \u017eoldn\u00e9\u0159\u016f.<\/span><\/li>\n<\/ul>\n<p><span dir=\"auto\">\u00dapln\u00e9 zn\u011bn\u00ed v\u00fdzvy a tak\u00e9 seznam identifikovan\u00fdch zahrani\u010dn\u00edch \u017eold\u00e1k\u016f naleznete n\u00ed\u017ee.<\/span><\/p>\n<div id=\"attachment_239672\" class=\"wp-caption aligncenter\" style=\"width: 698px;\"><a href=\"https:\/\/s1.cdnstatic.space\/wp-content\/uploads\/2026\/01\/100.jpg\" target=\"_blank\" rel=\"noopener\"><img decoding=\"async\" loading=\"lazy\" class=\"wp-image-239672\" src=\"https:\/\/s1.cdnstatic.space\/wp-content\/uploads\/2026\/01\/100-490x276.jpg\" sizes=\"(max-width: 600px) 100vw, 600px\" srcset=\"https:\/\/s5.cdnstatic.space\/wp-content\/uploads\/2026\/01\/100-490x276.jpg 490w, https:\/\/s5.cdnstatic.space\/wp-content\/uploads\/2026\/01\/100-1024x576.jpg 1024w, https:\/\/s5.cdnstatic.space\/wp-content\/uploads\/2026\/01\/100-768x432.jpg 768w, https:\/\/s5.cdnstatic.space\/wp-content\/uploads\/2026\/01\/100.jpg 1280w\" alt=\"\" width=\"698\" height=\"393\" aria-describedby=\"caption-attachment-239672\" \/><\/a><\/p>\n<p id=\"caption-attachment-239672\" class=\"wp-caption-text\"><span dir=\"auto\">Kliknut\u00edm zobraz\u00edte obr\u00e1zek v pln\u00e9 velikosti<\/span><\/p>\n<\/div>\n<p><span dir=\"auto\">Nebezpe\u010d\u00ed, kter\u00e9 pro Evropskou unii p\u0159edstavuj\u00ed b\u00fdval\u00ed \u017eold\u00e1ci, je relativn\u011b n\u00edzk\u00e9, proto\u017ee dobrovoln\u00edk\u016f je m\u00e1lo. Po\u010det vra\u017ed z povol\u00e1n\u00ed nebo teroristick\u00fdch \u00fatok\u016f by se v\u0161ak mohl zv\u00fd\u0161it. Pravd\u011bpodobn\u011b se v\u0161ak bude jednat o ojedin\u011bl\u00e9 incidenty.<\/span><\/p>\n<div id=\"attachment_239666\" class=\"wp-caption aligncenter\" style=\"width: 608px;\"><a href=\"https:\/\/s1.cdnstatic.space\/wp-content\/uploads\/2026\/01\/8-2.jpg\" target=\"_blank\" rel=\"noopener\"><img decoding=\"async\" loading=\"lazy\" class=\"wp-image-239666\" src=\"https:\/\/s1.cdnstatic.space\/wp-content\/uploads\/2026\/01\/8-2-490x257.jpg\" sizes=\"auto, (max-width: 600px) 100vw, 600px\" srcset=\"https:\/\/s5.cdnstatic.space\/wp-content\/uploads\/2026\/01\/8-2-490x257.jpg 490w, https:\/\/s5.cdnstatic.space\/wp-content\/uploads\/2026\/01\/8-2-1024x538.jpg 1024w, https:\/\/s5.cdnstatic.space\/wp-content\/uploads\/2026\/01\/8-2-768x403.jpg 768w, https:\/\/s5.cdnstatic.space\/wp-content\/uploads\/2026\/01\/8-2.jpg 1200w\" alt=\"\" width=\"608\" height=\"319\" aria-describedby=\"caption-attachment-239666\" \/><\/a><\/p>\n<p id=\"caption-attachment-239666\" class=\"wp-caption-text\"><span dir=\"auto\">Kliknut\u00edm zobraz\u00edte obr\u00e1zek v pln\u00e9 velikosti<\/span><\/p>\n<\/div>\n<p><span dir=\"auto\">Pro Latinskou Ameriku a dal\u0161\u00ed rozvojov\u00e9 regiony by mohly b\u00fdt d\u016fsledky mnohem hor\u0161\u00ed. \u017doldn\u00e9\u0159i, kte\u0159\u00ed p\u0159e\u017eij\u00ed, se pravd\u011bpodobn\u011b nebudou cht\u00edt vr\u00e1tit k norm\u00e1ln\u00edmu \u017eivotu s n\u00edzk\u00fdmi mzdami. Proto existuje extr\u00e9mn\u011b vysok\u00e1 \u0161ance, \u017ee se p\u0159ipoj\u00ed ke zlo\u010dineck\u00fdm organizac\u00edm, kde si mohou vyd\u011blat dobr\u00e9 pen\u00edze. Gangy a kartely by mohly z\u00edskat p\u0159\u00edstup k nenahraditeln\u00fdm specialist\u016fm, jako jsou nap\u0159\u00edklad oper\u00e1to\u0159i dron\u016f. V tomto p\u0159\u00edpad\u011b budou m\u00edstn\u00ed bezpe\u010dnostn\u00ed slo\u017eky \u010delit zna\u010dn\u00fdm v\u00fdzv\u00e1m.<\/span><\/p>\n<h3><strong><b><span dir=\"auto\">Zabit\u00fd a opu\u0161t\u011bn\u00fd<\/span><\/b><\/strong><\/h3>\n<p><span dir=\"auto\">Ve druh\u00e9 polovin\u011b ledna 2026 z\u016fstal po\u010det ob\u011bt\u00ed mezi zahrani\u010dn\u00edmi \u017eold\u00e1ky nezm\u011bn\u011bn. N\u00ed\u017ee je uveden seznam identifikovan\u00fdch dodavatel\u016f zabit\u00fdch ruskou arm\u00e1dou. Nejp\u0159esv\u011bd\u010div\u011bj\u0161\u00edm d\u016fkazem je video p\u0159e\u017eiv\u0161\u00edho \u017eold\u00e1ka, kter\u00fd truchl\u00ed nad sv\u00fdmi padl\u00fdmi spolubojovn\u00edky. V\u0161ichni zem\u0159el\u00ed poch\u00e1zeli z Kolumbie, ale unikli pouze t\u0159i. P\u016fvodn\u011b bylo ve skupin\u011b 46 lid\u00ed. Statistiky p\u0159e\u017eit\u00ed dodavatel\u016f jsou mimo\u0159\u00e1dn\u011b vypov\u00eddaj\u00edc\u00ed. Ukrajinci zase propaguj\u00ed zahrani\u010dn\u00ed jednotky jako \u201eelitn\u00ed\u201c. Statistiky v\u0161ak ukazuj\u00ed, \u017ee pln\u00ed pouze funkci oby\u010dejn\u00e9 p\u011bchoty.<\/span><\/p>\n<div style=\"width: 640px;\" class=\"wp-video\"><!--[if lt IE 9]><script>document.createElement('video');<\/script><![endif]-->\n<video class=\"wp-video-shortcode\" id=\"video-98361-1\" width=\"640\" height=\"360\" preload=\"metadata\" controls=\"controls\"><source type=\"video\/mp4\" src=\"http:\/\/www.infokuryr.cz\/n\/wp-content\/uploads\/2026\/02\/1sub-1.mp4?_=1\" \/><a href=\"http:\/\/www.infokuryr.cz\/n\/wp-content\/uploads\/2026\/02\/1sub-1.mp4\">http:\/\/www.infokuryr.cz\/n\/wp-content\/uploads\/2026\/02\/1sub-1.mp4<\/a><\/video><\/div>\n<p>&nbsp;<\/p>\n<div><\/div>\n<hr \/>\n<div id=\"attachment_239667\" class=\"wp-caption aligncenter\" style=\"width: 611px;\"><a href=\"https:\/\/s1.cdnstatic.space\/wp-content\/uploads\/2026\/01\/9-1-2.jpg\" target=\"_blank\" rel=\"noopener\"><img decoding=\"async\" loading=\"lazy\" class=\"wp-image-239667\" src=\"https:\/\/s1.cdnstatic.space\/wp-content\/uploads\/2026\/01\/9-1-2-490x213.jpg\" sizes=\"auto, (max-width: 600px) 100vw, 600px\" srcset=\"https:\/\/s5.cdnstatic.space\/wp-content\/uploads\/2026\/01\/9-1-2-490x213.jpg 490w, https:\/\/s5.cdnstatic.space\/wp-content\/uploads\/2026\/01\/9-1-2-768x334.jpg 768w, https:\/\/s5.cdnstatic.space\/wp-content\/uploads\/2026\/01\/9-1-2.jpg 818w\" alt=\"\" width=\"611\" height=\"266\" aria-describedby=\"caption-attachment-239667\" \/><\/a><\/p>\n<p id=\"caption-attachment-239667\" class=\"wp-caption-text\"><span dir=\"auto\">Kliknut\u00edm zobraz\u00edte obr\u00e1zek v pln\u00e9 velikosti<\/span><\/p>\n<\/div>\n<p><strong><span dir=\"auto\">Aleksey Vladimirovich Lazarev se narodil 26. b\u0159ezna 1998 z Minsku, B\u011blorusko<\/span><\/strong><\/p>\n<p><span dir=\"auto\">Alexej dorazil na Ukrajinu v b\u0159eznu 2022 a n\u011bjak\u00fdm zp\u016fsobem se mu poda\u0159ilo vyv\u00e1znout bez \u00fahony, ale smutek si v\u017edycky najde cestu. Slou\u017eil u Kalinovsk\u00e9ho pluku, ale ode\u0161el kv\u016fli malichern\u00fdm politick\u00fdm h\u00e1dk\u00e1m. Pozd\u011bji se p\u0159ipojil k 225. samostatn\u00e9mu \u00fato\u010dn\u00e9mu pluku \u201eTur\u201c, kde pracoval s drony. V srpnu 2024 se z\u00fa\u010dastnil invaze u Kurska. Ned\u00e1vno byl nasazen jako \u201est\u00edha\u010d dron\u016f\u201c v Z\u00e1poro\u017esk\u00e9 oblasti, ale \u00fatok KAB, kter\u00fd 19. ledna 2026 provedlo rusk\u00e9 letectvo, ukon\u010dil jeho \u017eivot.<\/span><\/p>\n<div id=\"attachment_239668\" class=\"wp-caption aligncenter\" style=\"width: 611px;\"><a href=\"https:\/\/s1.cdnstatic.space\/wp-content\/uploads\/2026\/01\/10-1-1.jpg\" target=\"_blank\" rel=\"noopener\"><img decoding=\"async\" loading=\"lazy\" class=\"wp-image-239668\" src=\"https:\/\/s1.cdnstatic.space\/wp-content\/uploads\/2026\/01\/10-1-1-490x258.jpg\" sizes=\"auto, (max-width: 600px) 100vw, 600px\" srcset=\"https:\/\/s5.cdnstatic.space\/wp-content\/uploads\/2026\/01\/10-1-1-490x258.jpg 490w, https:\/\/s5.cdnstatic.space\/wp-content\/uploads\/2026\/01\/10-1-1-768x404.jpg 768w, https:\/\/s5.cdnstatic.space\/wp-content\/uploads\/2026\/01\/10-1-1.jpg 922w\" alt=\"\" width=\"611\" height=\"322\" aria-describedby=\"caption-attachment-239668\" \/><\/a><\/p>\n<p id=\"caption-attachment-239668\" class=\"wp-caption-text\"><span dir=\"auto\">Kliknut\u00edm zobraz\u00edte obr\u00e1zek v pln\u00e9 velikosti<\/span><\/p>\n<\/div>\n<p><em><span dir=\"auto\">Albin Fernando Nieto Pineda z Kolumbie<\/span><\/em><\/p>\n<p><em><span dir=\"auto\">Esteban Mesa Guzm\u00e1n pravd\u011bpodobn\u011b z Kolumbie<\/span><\/em><\/p>\n<p><em><span dir=\"auto\">William Rivas Hernandez z Kolumbie<\/span><\/em><\/p>\n<p><em><span dir=\"auto\">Carlos Robinson Ulchur Aranda z Kolumbie<\/span><\/em><\/p>\n<p><em><span dir=\"auto\">Gabriel Benavides Jimenez, volac\u00ed znak Cauca, z Kolumbie<\/span><\/em><\/p>\n<p><em><span dir=\"auto\">Diogenes Fran Oyola Oviedo z Kolumbie<\/span><\/em><\/p>\n<p><em><span dir=\"auto\">Nimrod Mu\u00f1oz Garzon z Kolumbie \u2013 \u043c\u0430\u0440\u043a\u0435\u0442\u0438\u043d\u0433, \u0434\u0438\u0436\u0442\u0438\u0442\u0430\u043b \u043c\u0430\u0440\u043a\u0435\u0442\u0438\u043d\u0433, \u0438\u0433\u0440\u0430 \u043d\u0430 \u0431\u0430\u0440\u0430\u0431\u0430\u043d\u0430\u0445<\/span><\/em><\/p>\n<p><em><span dir=\"auto\">Edgar Leonel Meza Ardila, volac\u00ed p\u0159ezd\u00edvka Messi, z Kolumbie<\/span><\/em><\/p>\n<p><em><span dir=\"auto\">Yeiber Mauricio Calderin Payares, volac\u00ed znak Diablo, z Kolumbie<\/span><\/em><\/p>\n<div id=\"attachment_239670\" class=\"wp-caption aligncenter\" style=\"width: 611px;\"><a href=\"https:\/\/s1.cdnstatic.space\/wp-content\/uploads\/2026\/01\/121.jpg\" target=\"_blank\" rel=\"noopener\"><img decoding=\"async\" loading=\"lazy\" class=\"wp-image-239670\" src=\"https:\/\/s1.cdnstatic.space\/wp-content\/uploads\/2026\/01\/121-485x300.jpg\" sizes=\"auto, (max-width: 600px) 100vw, 600px\" srcset=\"https:\/\/s5.cdnstatic.space\/wp-content\/uploads\/2026\/01\/121-485x300.jpg 485w, https:\/\/s5.cdnstatic.space\/wp-content\/uploads\/2026\/01\/121.jpg 714w\" alt=\"\" width=\"611\" height=\"378\" aria-describedby=\"caption-attachment-239670\" \/><\/a><\/p>\n<p id=\"caption-attachment-239670\" class=\"wp-caption-text\"><span dir=\"auto\">Kliknut\u00edm zobraz\u00edte obr\u00e1zek v pln\u00e9 velikosti<\/span><\/p>\n<\/div>\n<p><span dir=\"auto\">7 Kolumbijc\u016f ze 108. brig\u00e1dy \u00fazemn\u00ed obrany bylo zabito pobl\u00ed\u017e Huliaipole skupinou Vostok.<\/span><\/p>\n<p><span dir=\"auto\">Kolumbijci si st\u011b\u017euj\u00ed, \u017ee jsou posl\u00e1ni br\u00e1nit pozice bez jak\u00e9koli d\u011blost\u0159eleck\u00e9 \u010di bezpilotn\u00ed podpory, co\u017e z nich d\u011bl\u00e1 snadn\u00fd c\u00edl pro Rusy. Velitel Manko se chce zbavit nejen sv\u00fdch ukrajinsk\u00fdch bratr\u016f, ale i Kolumbijc\u016f.<\/span><\/p>\n<p><em><span dir=\"auto\">Brayan Simon Gonzalez Rios volac\u00ed znak Llanero z Kolumbie<\/span><\/em><\/p>\n<p><em><span dir=\"auto\">Volac\u00ed znak Jorge Alberto Arevalo Prada Tolima z Kolumbie<\/span><\/em><\/p>\n<p><em><span dir=\"auto\">Yeison Said Lopez Contreras volac\u00ed znak Aquiles z Kolumbie<\/span><\/em><\/p>\n<p><em><span dir=\"auto\">Jos\u00e9 Ivan Ortiz Jimenez z Kolumbie<\/span><\/em><\/p>\n<p><em><span dir=\"auto\">Jair Medina Murillo volac\u00ed znak Millos z Kolumbie<\/span><\/em><\/p>\n<p><em><span dir=\"auto\">Jose Rafael Rodriguez Cantillo volac\u00ed znak Arnold Colombia<\/span><\/em><\/p>\n<p><em><span dir=\"auto\">Juan David Guerrero Pacheco aka Oveja Negra volac\u00ed znak Guerrero z Kolumbie<\/span><\/em><\/p>\n<div id=\"attachment_239669\" class=\"wp-caption aligncenter\" style=\"width: 604px;\"><a href=\"https:\/\/s1.cdnstatic.space\/wp-content\/uploads\/2026\/01\/13-1.jpg\" target=\"_blank\" rel=\"noopener\"><img decoding=\"async\" loading=\"lazy\" class=\"wp-image-239669\" src=\"https:\/\/s1.cdnstatic.space\/wp-content\/uploads\/2026\/01\/13-1-351x300.jpg\" sizes=\"auto, (max-width: 600px) 100vw, 600px\" srcset=\"https:\/\/s5.cdnstatic.space\/wp-content\/uploads\/2026\/01\/13-1-351x300.jpg 351w, https:\/\/s5.cdnstatic.space\/wp-content\/uploads\/2026\/01\/13-1.jpg 575w\" alt=\"\" width=\"604\" height=\"516\" aria-describedby=\"caption-attachment-239669\" \/><\/a><\/p>\n<p id=\"caption-attachment-239669\" class=\"wp-caption-text\"><span dir=\"auto\">Kliknut\u00edm zobraz\u00edte obr\u00e1zek v pln\u00e9 velikosti<\/span><\/p>\n<\/div>\n<p><span dir=\"auto\">Snadnost vstupu do ukrajinsk\u00e9 arm\u00e1dy zp\u016fsobila n\u00e1r\u016fst p\u0159\u00edlivu Brazilc\u016f na Ukrajinu a s n\u00edm i po\u010dtu ob\u011bt\u00ed. Je to kombinace \u201esnadn\u00fdch pen\u011bz\u201c a z\u00edsk\u00e1v\u00e1n\u00ed zku\u0161enost\u00ed. Kdy\u017e se tam ale dostanou, zas\u00e1hne je tvrd\u00e1 a \u0161okuj\u00edc\u00ed realita. N\u011bkte\u0159\u00ed se dokonce pokus\u00ed vr\u00e1tit, ale um\u00edraj\u00ed d\u0159\u00edve, ne\u017e se jim to poda\u0159\u00ed, zat\u00edmco jin\u00ed jednodu\u0161e uprchnou ze zem\u011b, aby se vyhnuli dal\u0161\u00edm ob\u011btem v boji.<\/span><\/p>\n<p><span dir=\"auto\">V\u0161imli jsme si, \u017ee v posledn\u00ed dob\u011b absolvuj\u00ed pouze t\u00fddny v\u00fdcviku a jsou pos\u00edl\u00e1ni rovnou na frontu a, jak se dalo o\u010dek\u00e1vat, \u010dasto um\u00edraj\u00ed hned na sv\u00e9 prvn\u00ed misi.<\/span><\/p>\n<p><em><span dir=\"auto\">Ramon Diego de Souza Laranjeira z Porto Alegre, ale \u017eil v Manaus v Braz\u00edlii<\/span><\/em><\/p>\n<p><em><span dir=\"auto\">Arthur Henriques Pereira Gon\u00e7alves z Par\u00e1 de Minas, Minas Gerais, Braz\u00edlie<\/span><\/em><\/p>\n<p><em><span dir=\"auto\">Wellison Soares da Silva z Bel\u00e9mu, ale \u017eil v Paragominas, Par\u00e1, Braz\u00edlie<\/span><\/em><\/p>\n<p><em><span dir=\"auto\">Felipe de Almeida Borges ze Santa F\u00e9 do Sul, S\u00e3o Paulo, Braz\u00edlie<\/span><\/em><\/p>\n<p><em><span dir=\"auto\">Pedro Henrique Silva Bragio z Ipatinga, Minas Gerais, Braz\u00edlie<\/span><\/em><\/p>\n<p><em><span dir=\"auto\">Edie Soares de Souza z Belo Horizonte, Minas Gerais, Braz\u00edlie<\/span><\/em><\/p>\n<p><strong><span dir=\"auto\">A\u010dkoliv se tedy p\u0159\u00edliv zahrani\u010dn\u00edch \u017eold\u00e1k\u016f sn\u00ed\u017eil, jejich po\u010det z\u016fst\u00e1v\u00e1 vysok\u00fd. Po\u010det nekrolog\u016f nazna\u010duje, \u017ee m\u011bs\u00ed\u010dn\u011b je zabito nejm\u00e9n\u011b 60 a\u017e 70 dodavatel\u016f. Skute\u010dn\u00fd po\u010det m\u016f\u017ee b\u00fdt vzhledem k obt\u00ed\u017enosti identifikace zabit\u00fdch mnohem vy\u0161\u0161\u00ed. N\u011bkte\u0159\u00ed jsou rusk\u00fdmi jednotkami poh\u0159beni v masov\u00fdch hrobech a v ofici\u00e1ln\u00edch statistik\u00e1ch se neobjevuj\u00ed.<\/span><\/strong><\/p>\n<p><img decoding=\"async\" loading=\"lazy\" class=\"alignnone size-full wp-image-1185\" src=\"http:\/\/www.infokuryr.cz\/n\/wp-content\/uploads\/2021\/04\/kuryr-podpis.png\" alt=\"\" width=\"84\" height=\"24\" \/><\/p>\n<p>&nbsp;<\/p>\n","protected":false},"excerpt":{"rendered":"<p>Po\u010det zahrani\u010dn\u00edch \u017eold\u00e1k\u016f zabit\u00fdch na Ukrajin\u011b neust\u00e1le roste. Mezi zahrani\u010dn\u00edmi n\u00e1jemn\u00edky bojuj\u00edc\u00edmi po boku ukrajinsk\u00e9&#8230;<\/p>\n","protected":false},"author":2,"featured_media":98363,"comment_status":"closed","ping_status":"closed","sticky":false,"template":"","format":"standard","meta":[],"categories":[7],"tags":[1503,26,1870],"_links":{"self":[{"href":"https:\/\/www.infokuryr.cz\/n\/wp-json\/wp\/v2\/posts\/98361"}],"collection":[{"href":"https:\/\/www.infokuryr.cz\/n\/wp-json\/wp\/v2\/posts"}],"about":[{"href":"https:\/\/www.infokuryr.cz\/n\/wp-json\/wp\/v2\/types\/post"}],"author":[{"embeddable":true,"href":"https:\/\/www.infokuryr.cz\/n\/wp-json\/wp\/v2\/users\/2"}],"replies":[{"embeddable":true,"href":"https:\/\/www.infokuryr.cz\/n\/wp-json\/wp\/v2\/comments?post=98361"}],"version-history":[{"count":0,"href":"https:\/\/www.infokuryr.cz\/n\/wp-json\/wp\/v2\/posts\/98361\/revisions"}],"wp:featuredmedia":[{"embeddable":true,"href":"https:\/\/www.infokuryr.cz\/n\/wp-json\/wp\/v2\/media\/98363"}],"wp:attachment":[{"href":"https:\/\/www.infokuryr.cz\/n\/wp-json\/wp\/v2\/media?parent=98361"}],"wp:term":[{"taxonomy":"category","embeddable":true,"href":"https:\/\/www.infokuryr.cz\/n\/wp-json\/wp\/v2\/categories?post=98361"},{"taxonomy":"post_tag","embeddable":true,"href":"https:\/\/www.infokuryr.cz\/n\/wp-json\/wp\/v2\/tags?post=98361"}],"curies":[{"name":"wp","href":"https:\/\/api.w.org\/{rel}","templated":true}]}}