{"id":98348,"date":"2026-02-01T06:36:58","date_gmt":"2026-02-01T05:36:58","guid":{"rendered":"https:\/\/www.infokuryr.cz\/n\/?p=98348"},"modified":"2026-02-01T06:36:58","modified_gmt":"2026-02-01T05:36:58","slug":"trump-odmita-odhalit-svuj-plan-ohledne-iranu-i-nejblizsim-spojencum","status":"publish","type":"post","link":"https:\/\/www.infokuryr.cz\/n\/2026\/02\/01\/trump-odmita-odhalit-svuj-plan-ohledne-iranu-i-nejblizsim-spojencum\/","title":{"rendered":"Trump odm\u00edt\u00e1 odhalit sv\u016fj \u201epl\u00e1n\u201c ohledn\u011b \u00cdr\u00e1nu i nejbli\u017e\u0161\u00edm spojenc\u016fm"},"content":{"rendered":"<div id=\"fb-root\"><\/div>\n<h3>Teher\u00e1n tvrd\u00ed, \u017ee diplomacie \u201epostupuje\u201c navzdory prudk\u00e9mu nap\u011bt\u00ed s Washingtonem<\/h3>\n<p data-start=\"148\" data-end=\"220\"><span dir=\"auto\">Americk\u00fd prezident Donald Trump prohl\u00e1sil, \u017ee se o sv\u00fdch pl\u00e1nech na jedn\u00e1n\u00ed s \u00cdr\u00e1nem pod\u011bl\u00ed ani s nejbli\u017e\u0161\u00edmi spojenci Ameriky v regionu. Nicm\u00e9n\u011b i p\u0159es to, \u017ee Washington stup\u0148uje vojensk\u00fd tlak na Teher\u00e1n, ob\u011b strany nazna\u010dily, \u017ee diplomatick\u00e9 komunika\u010dn\u00ed kan\u00e1ly z\u016fst\u00e1vaj\u00ed otev\u0159en\u00e9.<\/span><\/p>\n<p data-start=\"592\" data-end=\"838\"><span dir=\"auto\">V posledn\u00edch t\u00fddnech vyslaly USA do regionu to, co Trump popsal jako\u00a0<\/span><em><span dir=\"auto\">\u201emasivn\u00ed\u201c<\/span><\/em><span dir=\"auto\">\u00a0a\u00a0<\/span><em><span dir=\"auto\">\u201en\u00e1dhernou arm\u00e1du\u201c<\/span><\/em><span dir=\"auto\">\u00a0vedenou letadlovou lod\u00ed USS Abraham Lincoln, aby donutily Teher\u00e1n p\u0159ijmout jeho po\u017eadavky na novou jadernou dohodu.<\/span><\/p>\n<p data-start=\"840\" data-end=\"1055\"><span dir=\"auto\">Na ot\u00e1zku, zda v sobotu v rozhovoru pro Fox News informoval spojence v Persk\u00e9m z\u00e1livu o mo\u017en\u00e9 vojensk\u00e9 akci USA, Trump poznamenal, \u017ee odhalen\u00ed podrobnost\u00ed by mohlo ohrozit vyhl\u00eddky na m\u00edrov\u00e9 \u0159e\u0161en\u00ed.<\/span><\/p>\n<p data-start=\"1057\" data-end=\"1336\"><em><span dir=\"auto\">\u201eNo, my jim ten pl\u00e1n \u0159\u00edct nem\u016f\u017eeme. Kdybych jim ho \u0159ekl j\u00e1, bylo by to skoro stejn\u011b \u0161patn\u00e9, jako kdybych ho \u0159ekl v\u00e1m \u2013 vlastn\u011b by to mohlo b\u00fdt hor\u0161\u00ed,\u201c<\/span>\u00a0<\/em><span dir=\"auto\">\u00a0\u0159ekl Trump.<\/span><em><span dir=\"auto\">\u00a0\u201eAle pod\u00edvejte, pl\u00e1n je takov\u00fd, \u017ee [\u00cdr\u00e1n] s n\u00e1mi bude mluvit a uvid\u00edme, jestli s t\u00edm m\u016f\u017eeme n\u011bco ud\u011blat; jinak uvid\u00edme, co se stane.\u201c<\/span><\/em><\/p>\n<p data-start=\"1338\" data-end=\"1620\"><span dir=\"auto\">Teher\u00e1n tak\u00e9 nazna\u010dil, \u017ee rozhovory s Washingtonem by st\u00e1le mohly b\u00fdt mo\u017en\u00e9. P\u0159edseda \u00edr\u00e1nsk\u00e9 Nejvy\u0161\u0161\u00ed rady n\u00e1rodn\u00ed bezpe\u010dnosti Al\u00ed Lar\u00edd\u017e\u00e1n\u00ed, kter\u00fd den p\u0159edt\u00edm jednal v Kremlu s rusk\u00fdm prezidentem Vladimirem Putinem, uvedl, \u017ee v jedn\u00e1n\u00edch doch\u00e1z\u00ed k pokroku.<\/span><\/p>\n<p data-start=\"1622\" data-end=\"1745\"><em><span dir=\"auto\">\u201eNa rozd\u00edl od humbuku kolem vykonstruovan\u00e9 medi\u00e1ln\u00ed v\u00e1lky struktur\u00e1ln\u00ed opat\u0159en\u00ed pro jedn\u00e1n\u00ed postupuj\u00ed,\u201c<\/span><\/em><span dir=\"auto\">\u00a0\u0159ekl Larijani.<\/span><\/p>\n<p data-start=\"1747\" data-end=\"1946\"><span dir=\"auto\">Prezident Mas\u00fad Peze\u0161kijan se sna\u017eil zasadit dvoj\u00ed t\u00f3n \u2013 varov\u00e1n\u00ed a zdr\u017eenlivost. Prohl\u00e1sil, \u017ee Teher\u00e1n neusiluje o konflikt se Spojen\u00fdmi st\u00e1ty, a z\u00e1rove\u0148 argumentoval, \u017ee v\u00e1lka by neprosp\u011bla ani jedn\u00e9 stran\u011b.<\/span><\/p>\n<p data-start=\"1948\" data-end=\"2158\"><em><span dir=\"auto\">\u201e\u00cdr\u00e1nsk\u00e1 isl\u00e1msk\u00e1 republika nikdy neusilovala o v\u00e1lku a v \u017e\u00e1dn\u00e9m p\u0159\u00edpad\u011b neusiluje o ni a je pevn\u011b p\u0159esv\u011bd\u010dena, \u017ee v\u00e1lka by nebyla v z\u00e1jmu ani \u00cdr\u00e1nu, ani Spojen\u00fdch st\u00e1t\u016f, ani regionu,\u201c<\/span><\/em><span dir=\"auto\">\u00a0\u0159ekl Pezeshkian.<\/span><\/p>\n<p data-start=\"2160\" data-end=\"2531\"><span dir=\"auto\">Trump opakovan\u011b prohl\u00e1sil, \u017ee preferuje diplomatick\u00e9 \u0159e\u0161en\u00ed, ale varoval, \u017ee jak\u00fdkoli budouc\u00ed \u00fatok na \u00cdr\u00e1n by byl\u00a0<\/span><em><span dir=\"auto\">\u201emnohem hor\u0161\u00ed\u201c<\/span><\/em><span dir=\"auto\">\u00a0ne\u017e p\u0159edchoz\u00ed \u00fatoky. M\u00e9dia cituj\u00ed zdroje z administrativy, kter\u00e9 uv\u00e1d\u011bj\u00ed, \u017ee Trump zva\u017euje mo\u017enosti od \u00fatok\u016f na \u00edr\u00e1nsk\u00e9 bezpe\u010dnostn\u00ed s\u00edly a jadern\u00e1 za\u0159\u00edzen\u00ed a\u017e po \u00fatoky na \u00fa\u0159edn\u00edky s c\u00edlem znovu rozpoutat protivl\u00e1dn\u00ed protesty.<\/span><\/p>\n<p data-start=\"2533\" data-end=\"2794\"><span dir=\"auto\">Teher\u00e1n ozna\u010dil nepokoje \u2013 kter\u00e9 za\u010daly kv\u016fli ekonomick\u00fdm probl\u00e9m\u016fm koncem prosince a p\u0159erostly v krvav\u00e9 nepokoje \u2013 za povst\u00e1n\u00ed podporovan\u00e9 zahrani\u010d\u00edm a tvrd\u00ed, \u017ee v\u00fdtr\u017en\u00edky ozbrojili extern\u00ed agenti, aby vyprovokovali tvrdou reakci st\u00e1tu a ospravedlnili americkou intervenci.<\/span><\/p>\n<p data-start=\"2533\" data-end=\"2794\"><img decoding=\"async\" loading=\"lazy\" class=\"alignnone size-full wp-image-1185\" src=\"http:\/\/www.infokuryr.cz\/n\/wp-content\/uploads\/2021\/04\/kuryr-podpis.png\" alt=\"\" width=\"84\" height=\"24\" \/><\/p>\n<p data-start=\"2533\" data-end=\"2794\">\n","protected":false},"excerpt":{"rendered":"<p>Teher\u00e1n tvrd\u00ed, \u017ee diplomacie \u201epostupuje\u201c navzdory prudk\u00e9mu nap\u011bt\u00ed s Washingtonem Americk\u00fd prezident Donald Trump prohl\u00e1sil,&#8230;<\/p>\n","protected":false},"author":2,"featured_media":98349,"comment_status":"closed","ping_status":"closed","sticky":false,"template":"","format":"standard","meta":[],"categories":[7],"tags":[38,3949,1505,452],"_links":{"self":[{"href":"https:\/\/www.infokuryr.cz\/n\/wp-json\/wp\/v2\/posts\/98348"}],"collection":[{"href":"https:\/\/www.infokuryr.cz\/n\/wp-json\/wp\/v2\/posts"}],"about":[{"href":"https:\/\/www.infokuryr.cz\/n\/wp-json\/wp\/v2\/types\/post"}],"author":[{"embeddable":true,"href":"https:\/\/www.infokuryr.cz\/n\/wp-json\/wp\/v2\/users\/2"}],"replies":[{"embeddable":true,"href":"https:\/\/www.infokuryr.cz\/n\/wp-json\/wp\/v2\/comments?post=98348"}],"version-history":[{"count":0,"href":"https:\/\/www.infokuryr.cz\/n\/wp-json\/wp\/v2\/posts\/98348\/revisions"}],"wp:featuredmedia":[{"embeddable":true,"href":"https:\/\/www.infokuryr.cz\/n\/wp-json\/wp\/v2\/media\/98349"}],"wp:attachment":[{"href":"https:\/\/www.infokuryr.cz\/n\/wp-json\/wp\/v2\/media?parent=98348"}],"wp:term":[{"taxonomy":"category","embeddable":true,"href":"https:\/\/www.infokuryr.cz\/n\/wp-json\/wp\/v2\/categories?post=98348"},{"taxonomy":"post_tag","embeddable":true,"href":"https:\/\/www.infokuryr.cz\/n\/wp-json\/wp\/v2\/tags?post=98348"}],"curies":[{"name":"wp","href":"https:\/\/api.w.org\/{rel}","templated":true}]}}