{"id":98332,"date":"2026-02-01T00:25:55","date_gmt":"2026-01-31T23:25:55","guid":{"rendered":"https:\/\/www.infokuryr.cz\/n\/?p=98332"},"modified":"2026-01-31T11:11:40","modified_gmt":"2026-01-31T10:11:40","slug":"karel-strakos-kolare-odstavili-od-moci-a-tak-se-pokousi-svrhnout-vladu","status":"publish","type":"post","link":"https:\/\/www.infokuryr.cz\/n\/2026\/02\/01\/karel-strakos-kolare-odstavili-od-moci-a-tak-se-pokousi-svrhnout-vladu\/","title":{"rendered":"Karel Strako\u0161: Kol\u00e1\u0159e odstavili od moci a tak se pokou\u0161\u00ed svrhnout vl\u00e1du"},"content":{"rendered":"<div id=\"fb-root\"><\/div>\n<p>Petr Kol\u00e1\u0159 je\u0161t\u011b p\u0159ed ned\u00e1vnem skrze prezidenta ovl\u00e1dal \u0159adu kl\u00ed\u010dov\u00fdch rozhodnut\u00ed. Zahrani\u010dn\u00ed politiku, NATO, munici pro Ukrajinu, zak\u00e1zky pro zbroja\u0159e.<\/p>\n<p>Dnes je z n\u011bj viditeln\u00fd zoufalec, kter\u00fd kope kolem sebe, panika\u0159\u00ed a d\u011bl\u00e1 jednu chybu za druhou.<\/p>\n<p>A v\u016fbec to nejlep\u0161\u00ed na tom v\u0161em je, \u017ee t\u00e1hne sebou do propasti i prezidenta Pavla.<\/p>\n<p>V\u0161echno pravd\u011bpodobn\u011b za\u010dalo t\u00edm, \u017ee Andrej Babi\u0161 Kol\u00e1\u0159e a s n\u00edm i \u0158ehku a spol. od\u0159\u00edzl od muni\u010dn\u00ed iniciativy.<\/p>\n<p>\u010cesko vede projekt n\u00e1kupu stovek tis\u00edc kus\u016f munice pro Ukrajinu a organizuje miliardov\u00e9 zak\u00e1zky pro zbroja\u0159sk\u00e9 firmy.<\/p>\n<p>Babi\u0161 p\u016fvodn\u011b cht\u011bl iniciativu zru\u0161it, ale nakonec se se zbroja\u0159i dohodl s\u00e1m, bez Hradu a bez Kol\u00e1\u0159e.<\/p>\n<p>T\u00edm ho vy\u0161achoval z role prost\u0159edn\u00edka, kter\u00fd roky rozhodoval, kdo dostane kolik a za jak\u00fdch podm\u00ednek. To je pro Kol\u00e1\u0159e konec. Nejen politick\u00fd, ale hlavn\u011b finan\u010dn\u00ed.<\/p>\n<p>A proto Kol\u00e1\u0159, kdy\u017e ztratil p\u0159\u00edstup k hlavn\u00edmu proudu pen\u011bz a vlivu, tak mu zbyla jedin\u00e1 \u0161ance. Za ka\u017edou cenu shodit vl\u00e1du. Jeho motivace je te\u010f \u010dist\u011b existen\u010dn\u00ed. Pokud se mu nepoda\u0159\u00ed vyvolat krizi, rozb\u00edt koalici nebo donutit Babi\u0161e k \u00fastupk\u016fm, tak p\u0159ijde o v\u0161echno. Provize, zak\u00e1zky a postaven\u00ed st\u00ednov\u00e9ho prezidenta.<\/p>\n<p>Proto vyzradil ty SMSky mezi n\u00edm a Macinkou a ud\u011blal z prezidenta \u010dlov\u011bka, kter\u00fd se hrout\u00ed pod tlakem ,,nezku\u0161en\u00e9ho&#8220; ministra.<\/p>\n<p>Pot\u00e9, co poslal Pavla jezdit na motorce do Malagy, a\u0165 si vyv\u011btr\u00e1 hlavu po t\u00e9 ostudn\u00e9 tiskovce, kde vypadal, \u017ee se ka\u017edou chv\u00edli rozpl\u00e1\u010de, si Kol\u00e1\u0159 uv\u011bdomil, \u017ee to s tou tiskovkou p\u0159ehnal.<\/p>\n<p>Tak vypustil podez\u0159el\u00e9 fotky z dovolen\u00e9. Oby\u010dejn\u00fd motel, j\u00edzda krajinou, luxus je parta a svoboda. Klasick\u00e9 vrt\u011bn\u00ed psem. Odv\u00e9st pozornost od tiskovky, kde prezident skoro plakal o vyd\u00edr\u00e1n\u00ed \u00fastavn\u00edho \u010dinitele.<\/p>\n<p>Lidi se bav\u00ed o tom, jestli je to AI, jestli ten motel funguje, jestli tam foukal v\u00edtr nebo pr\u0161elo. P\u016fvodn\u00ed probl\u00e9m byl t\u00e9m\u011b\u0159 zapomenut.<\/p>\n<p>V ned\u011bli se chyst\u00e1 demonstrace. Opozice, Milion chvilek a ukrajinsk\u00e1 komunita p\u0159ijdou podpo\u0159it \u201esv\u00e9ho prezidenta\u201c.<\/p>\n<p>Pokud se Pavel z\u016f\u010dastn\u00ed, bude to vypadat jako zoufal\u00fd PR kousek.<\/p>\n<p>Pokud nep\u0159ijde, bude to vypadat jako zbab\u011blost.<\/p>\n<p>V obou p\u0159\u00edpadech prohraje.<\/p>\n<p>Kol\u00e1\u0159 u\u017e nem\u00e1 \u017e\u00e1dnou kartu.<\/p>\n<p>V\u0161echno vsadil na to, \u017ee shod\u00ed vl\u00e1du za ka\u017edou cenu.<\/p>\n<p>A je jasn\u00e9, \u017ee se mu to nepoda\u0159\u00ed.<\/p>\n<p>Vl\u00e1da v \u010dele s Babi\u0161em se mus\u00ed n\u00e1ramn\u011b bavit.<\/p>\n<p>Kol\u00e1\u0159, te\u010f u\u017e jen kope kolem sebe, zat\u00edmco pes se kter\u00fdm cht\u011bl vrt\u011bt se mu zakousnul do zadku.<\/p>\n<p><a href=\"https:\/\/www.facebook.com\/karel.strakos.79\">Karel Strako\u0161<\/a><\/p>\n<p>&nbsp;<\/p>\n","protected":false},"excerpt":{"rendered":"<p>Petr Kol\u00e1\u0159 je\u0161t\u011b p\u0159ed ned\u00e1vnem skrze prezidenta ovl\u00e1dal \u0159adu kl\u00ed\u010dov\u00fdch rozhodnut\u00ed. Zahrani\u010dn\u00ed politiku, NATO, munici&#8230;<\/p>\n","protected":false},"author":2,"featured_media":49646,"comment_status":"closed","ping_status":"closed","sticky":false,"template":"","format":"standard","meta":[],"categories":[6],"tags":[126,4297,921,99],"_links":{"self":[{"href":"https:\/\/www.infokuryr.cz\/n\/wp-json\/wp\/v2\/posts\/98332"}],"collection":[{"href":"https:\/\/www.infokuryr.cz\/n\/wp-json\/wp\/v2\/posts"}],"about":[{"href":"https:\/\/www.infokuryr.cz\/n\/wp-json\/wp\/v2\/types\/post"}],"author":[{"embeddable":true,"href":"https:\/\/www.infokuryr.cz\/n\/wp-json\/wp\/v2\/users\/2"}],"replies":[{"embeddable":true,"href":"https:\/\/www.infokuryr.cz\/n\/wp-json\/wp\/v2\/comments?post=98332"}],"version-history":[{"count":0,"href":"https:\/\/www.infokuryr.cz\/n\/wp-json\/wp\/v2\/posts\/98332\/revisions"}],"wp:featuredmedia":[{"embeddable":true,"href":"https:\/\/www.infokuryr.cz\/n\/wp-json\/wp\/v2\/media\/49646"}],"wp:attachment":[{"href":"https:\/\/www.infokuryr.cz\/n\/wp-json\/wp\/v2\/media?parent=98332"}],"wp:term":[{"taxonomy":"category","embeddable":true,"href":"https:\/\/www.infokuryr.cz\/n\/wp-json\/wp\/v2\/categories?post=98332"},{"taxonomy":"post_tag","embeddable":true,"href":"https:\/\/www.infokuryr.cz\/n\/wp-json\/wp\/v2\/tags?post=98332"}],"curies":[{"name":"wp","href":"https:\/\/api.w.org\/{rel}","templated":true}]}}