{"id":98329,"date":"2026-02-01T00:13:48","date_gmt":"2026-01-31T23:13:48","guid":{"rendered":"https:\/\/www.infokuryr.cz\/n\/?p=98329"},"modified":"2026-01-31T10:59:00","modified_gmt":"2026-01-31T09:59:00","slug":"karel-strakos-bezpecnostni-kolaps-na-hrade","status":"publish","type":"post","link":"https:\/\/www.infokuryr.cz\/n\/2026\/02\/01\/karel-strakos-bezpecnostni-kolaps-na-hrade\/","title":{"rendered":"Karel Strako\u0161: Bezpe\u010dnostn\u00ed kolaps na Hrad\u011b"},"content":{"rendered":"<div id=\"fb-root\"><\/div>\n<p><strong>Ud\u00e1losti posledn\u00edch dn\u016f odkryly z\u00e1va\u017enou skute\u010dnost, kterou nelze d\u00e1le ignorovat.\u00a0<\/strong><\/p>\n<p>Jde o selh\u00e1n\u00ed z\u00e1kladn\u00edch bezpe\u010dnostn\u00edch pravidel st\u00e1tu na nejvy\u0161\u0161\u00ed \u00farovni.<\/p>\n<p>Prezident republiky ozn\u00e1mil, \u017ee \u010delil vyd\u00edr\u00e1n\u00ed ze strany ministra zahrani\u010d\u00ed. Takov\u00e9 tvrzen\u00ed m\u00e1 mimo\u0159\u00e1dnou v\u00e1hu. Pokud by bylo pravdiv\u00e9, \u0161lo by o bezprecedentn\u00ed \u00fatok na \u00fastavn\u00ed po\u0159\u00e1dek.<\/p>\n<p>Jen\u017ee prezident z\u00e1rove\u0148 p\u0159iznal, \u017ee komunikace v t\u00e9to v\u011bci prob\u00edhala prost\u0159ednictv\u00edm osoby, kter\u00e1 nen\u00ed sou\u010d\u00e1st\u00ed st\u00e1tn\u00ed struktury. Civiln\u00ed osoby bez mand\u00e1tu, bez smlouvy, bez bezpe\u010dnostn\u00ed prov\u011brky o kter\u00e9 i m\u00e9dia tvrd\u00ed, \u017ee se jedn\u00e1 o ,,poradce prezidenta&#8220;.<\/p>\n<p>To je moment, kdy se p\u0159est\u00e1v\u00e1me bavit o politice a za\u010d\u00edn\u00e1me mluvit o bezpe\u010dnosti.<\/p>\n<p>Ministr zahrani\u010d\u00ed \u010cesk\u00e9 republiky je \u00fastavn\u00ed \u010dinitel s p\u0159\u00edstupem k citliv\u00fdm informac\u00edm. Je sou\u010d\u00e1st\u00ed v\u00fdkonn\u00e9 moci a odpov\u00edd\u00e1 za oblast, kter\u00e1 je ze sv\u00e9 podstaty bezpe\u010dnostn\u011b exponovan\u00e1. Pokud takov\u00fd ministr jedn\u00e1 v z\u00e1sadn\u00edch ot\u00e1zk\u00e1ch s osobou stoj\u00edc\u00ed mimo st\u00e1tn\u00ed apar\u00e1t, nejde o neform\u00e1ln\u00ed zkratku.<\/p>\n<p>Jde o poru\u0161en\u00ed z\u00e1kladn\u00ed logiky st\u00e1tu.<\/p>\n<p>Kontroverzn\u00ed civilista napojen\u00fd na zbroja\u0159e nem\u00e1 co fungovat jako prost\u0159edn\u00edk mezi prezidentem a vl\u00e1dou. St\u00e1t, kter\u00fd p\u0159ipust\u00ed, \u017ee kl\u00ed\u010dov\u00e9 politick\u00e9 a bezpe\u010dnostn\u00ed sd\u011blen\u00ed te\u010dou p\u0159es soukrom\u00e9 osoby, se dobrovoln\u011b zbavuje kontroly nad vlastn\u00edmi procesy.<\/p>\n<p>Je\u0161t\u011b z\u00e1va\u017en\u011bj\u0161\u00ed je skute\u010dnost, \u017ee tento stav nevznikl n\u011bjak\u00fdm omylem. Prezident ho nejen toleruje, ale je\u0161t\u011b ho necht\u011bn\u011b ve\u0159ejn\u011b potvrdil. T\u00edm p\u0159ijal odpov\u011bdnost za to, \u017ee ne\u0159\u00edd\u00ed komunikaci v\u00fdhradn\u011b p\u0159es institucion\u00e1ln\u00ed kan\u00e1ly,<\/p>\n<p>umo\u017e\u0148uje vstup akt\u00e9r\u016f bez jak\u00e9koliv odpov\u011bdnosti do citliv\u00e9 komunikace st\u00e1tu\u00a0a legitimizuje paraleln\u00ed strukturu vlivu.<\/p>\n<p>Nen\u00ed podstatn\u00e9, zda doty\u010dn\u00fd jen p\u0159epos\u00edl\u00e1 zpr\u00e1vy. P\u0159\u00edstup ke komunikaci prezidenta je s\u00e1m o sob\u011b velk\u00e1 moc.<\/p>\n<p>P\u0159\u00edstup civilisty bez kontroly je riziko. P\u0159\u00edstup osoby bez odpov\u011bdnosti je selh\u00e1n\u00ed.<\/p>\n<p>Cel\u00fd postup prezidenta pak tento obraz dovr\u0161il. Na tiskov\u00e9 konferenci z\u00e1va\u017en\u011b obvin\u00ed ministra Macinku, ned\u00e1 novin\u00e1\u0159\u016fm \u017e\u00e1dnou mo\u017enost kl\u00e1st ot\u00e1zky, nepod\u00e1 \u017e\u00e1dn\u00e9 vysv\u011btlen\u00ed jakou roli prost\u0159edn\u00edka zast\u00e1v\u00e1 Kol\u00e1\u0159, \u017e\u00e1dn\u00e9 vyvozen\u00ed odpov\u011bdnosti a n\u00e1sledn\u00fd odjezd do zahrani\u010d\u00ed na soukromou cestu.<\/p>\n<p>To nen\u00ed st\u00e1tnick\u00e9 chov\u00e1n\u00ed.<\/p>\n<p>V\u00fdsledkem je nebezpe\u010dn\u00fd precedens.<\/p>\n<p>Prezident vystupuje jako form\u00e1ln\u00ed autorita, zat\u00edmco re\u00e1ln\u00e1 komunikace prob\u00edh\u00e1 p\u0159es neform\u00e1ln\u00ed osobu. Minist\u0159i jednaj\u00ed mimo ofici\u00e1ln\u00ed kan\u00e1ly. Bezpe\u010dnostn\u00ed pravidla jsou nahrazena osobn\u00edmi vazbami.<\/p>\n<p>V takov\u00e9m syst\u00e9mu u\u017e nen\u00ed kl\u00ed\u010dov\u00e1 ot\u00e1zka, kdo m\u00e1 pravdu v konkr\u00e9tn\u00edm sporu. Kl\u00ed\u010dov\u00e1 ot\u00e1zka zn\u00ed, kdo dnes fakticky \u0159\u00edd\u00ed komunikaci hlavy st\u00e1tu a na z\u00e1klad\u011b jak\u00e9ho mand\u00e1tu?<\/p>\n<p>Pokud na tuto ot\u00e1zku neexistuje jasn\u00e1, ve\u0159ejn\u011b obhajiteln\u00e1 odpov\u011b\u010f, pak nejde o selh\u00e1n\u00ed jednotlivce. Jde o rozpad institucion\u00e1ln\u00edho \u0159\u00edzen\u00ed na vrcholu moci.<\/p>\n<p>St\u00e1t, kter\u00fd p\u0159ipust\u00ed, \u017ee ministr zahrani\u010d\u00ed jedn\u00e1 s civiln\u00ed osobou o v\u011bcech nejvy\u0161\u0161\u00ed citlivosti, a prezident to pova\u017euje za norm\u00e1ln\u00ed, vys\u00edl\u00e1 nebezpe\u010dn\u00fd sign\u00e1l dovnit\u0159 i navenek. Sign\u00e1l, \u017ee pravidla jsou voliteln\u00e1.<\/p>\n<p>\u017de osobn\u00ed vazby maj\u00ed p\u0159ednost p\u0159ed institucemi.<\/p>\n<p>To nen\u00ed jen drobn\u00e1 chyba.<\/p>\n<p>To je p\u0159\u00edmo bezpe\u010dnostn\u00ed kolaps, kter\u00fd se ned\u00e1 zamluvit d\u016fv\u011brou v osobnost Kol\u00e1\u0159e ani nau\u010denou fr\u00e1zi o klidu a stabilit\u011b. To je na odebr\u00e1n\u00ed bezpe\u010dnostn\u00ed prov\u011brky prezidenta pokud by to bylo mo\u017en\u00e9.<\/p>\n<p>A pokud to politick\u00fd syst\u00e9m ne\u0159e\u0161\u00ed, pak selh\u00e1v\u00e1 spolu s nimi.<\/p>\n<p><a href=\"https:\/\/www.facebook.com\/karel.strakos.79\">Karel Strako\u0161<\/a><\/p>\n<p>&nbsp;<\/p>\n","protected":false},"excerpt":{"rendered":"<p>Ud\u00e1losti posledn\u00edch dn\u016f odkryly z\u00e1va\u017enou skute\u010dnost, kterou nelze d\u00e1le ignorovat.\u00a0 Jde o selh\u00e1n\u00ed z\u00e1kladn\u00edch bezpe\u010dnostn\u00edch&#8230;<\/p>\n","protected":false},"author":2,"featured_media":98330,"comment_status":"closed","ping_status":"closed","sticky":false,"template":"","format":"standard","meta":[],"categories":[6],"tags":[6991,425,4297,1173],"_links":{"self":[{"href":"https:\/\/www.infokuryr.cz\/n\/wp-json\/wp\/v2\/posts\/98329"}],"collection":[{"href":"https:\/\/www.infokuryr.cz\/n\/wp-json\/wp\/v2\/posts"}],"about":[{"href":"https:\/\/www.infokuryr.cz\/n\/wp-json\/wp\/v2\/types\/post"}],"author":[{"embeddable":true,"href":"https:\/\/www.infokuryr.cz\/n\/wp-json\/wp\/v2\/users\/2"}],"replies":[{"embeddable":true,"href":"https:\/\/www.infokuryr.cz\/n\/wp-json\/wp\/v2\/comments?post=98329"}],"version-history":[{"count":0,"href":"https:\/\/www.infokuryr.cz\/n\/wp-json\/wp\/v2\/posts\/98329\/revisions"}],"wp:featuredmedia":[{"embeddable":true,"href":"https:\/\/www.infokuryr.cz\/n\/wp-json\/wp\/v2\/media\/98330"}],"wp:attachment":[{"href":"https:\/\/www.infokuryr.cz\/n\/wp-json\/wp\/v2\/media?parent=98329"}],"wp:term":[{"taxonomy":"category","embeddable":true,"href":"https:\/\/www.infokuryr.cz\/n\/wp-json\/wp\/v2\/categories?post=98329"},{"taxonomy":"post_tag","embeddable":true,"href":"https:\/\/www.infokuryr.cz\/n\/wp-json\/wp\/v2\/tags?post=98329"}],"curies":[{"name":"wp","href":"https:\/\/api.w.org\/{rel}","templated":true}]}}