{"id":98324,"date":"2026-02-01T00:19:17","date_gmt":"2026-01-31T23:19:17","guid":{"rendered":"https:\/\/www.infokuryr.cz\/n\/?p=98324"},"modified":"2026-01-31T10:59:35","modified_gmt":"2026-01-31T09:59:35","slug":"tomu-neuverite-rodina-praskacu-kritizuje-ze-jini-praskaji-ta-rodina-kroupu-je-moralne","status":"publish","type":"post","link":"https:\/\/www.infokuryr.cz\/n\/2026\/02\/01\/tomu-neuverite-rodina-praskacu-kritizuje-ze-jini-praskaji-ta-rodina-kroupu-je-moralne\/","title":{"rendered":"Tomu neuv\u011b\u0159\u00edte: rodina pr\u00e1ska\u010d\u016f kritizuje, \u017ee jin\u00ed pr\u00e1skaj\u00ed. Ta rodina Kroup\u016f je mor\u00e1ln\u011b&#8230;"},"content":{"rendered":"<div id=\"fb-root\"><\/div>\n<div class=\"introtext\">\n<h4>Pan\u00ed u\u010ditelko Bedn\u00e1\u0159ov\u00e1, nev\u00edm, zda se budete sm\u00e1t, nebo plakat. Vrah o mor\u00e1lce k\u00e1\u017ee! Dokonce p\u00ed\u0161e o dob\u011b, kde se neud\u00e1valo za pen\u00edze, ale ze strachu. Z donucen\u00ed. A kdy\u017e si Kroupov\u00e9 pletou dobu&#8230;<\/h4>\n<\/div>\n<div class=\"fulltext\">\n<div class=\"html-div xdj266r x14z9mp xat24cr x1lziwak xexx8yu xyri2b x18d9i69 x1c1uobl\" dir=\"auto\">\n<div class=\"html-div xdj266r x14z9mp xat24cr x1lziwak xexx8yu xyri2b x18d9i69 x1c1uobl\" data-ad-rendering-role=\"story_message\">\n<div class=\"x1l90r2v x1iorvi4 x1g0dm76 xpdmqnj\" data-ad-comet-preview=\"message\" data-ad-preview=\"message\">\n<div class=\"x78zum5 xdt5ytf xz62fqu x16ldp7u\">\n<p dir=\"auto\">Panu Martinu Semr\u00e1dovi, kter\u00e9ho udal sou\u010dasn\u00fd ministr kultury Oto Klemp\u00ed\u0159, bych cht\u011bl p\u0159edev\u0161\u00edm pod\u011bkovat za to, \u017ee vypr\u00e1v\u011bl pro Pam\u011b\u0165 n\u00e1roda. Jeho sv\u011bdectv\u00ed pova\u017euji za d\u016fle\u017eit\u00e9 a pravdiv\u00e9.<\/p>\n<p dir=\"auto\">Lid\u00e9, kte\u0159\u00ed spolupracovali s StB, \u010dasto sv\u016fj p\u0159\u00edb\u011bh pod\u00e1vaj\u00ed jako p\u0159\u00edb\u011bh ob\u011bti. \u017de se ocitli pod tlakem, byli vyd\u00edr\u00e1ni, zlomeni, i kdy\u017e necht\u011bli spolupracovat, \u017ee museli, byli donuceni. Ve spisech v\u0161ak \u010dteme, \u017ee pr\u00e1skali aktivn\u011b, v\u011bdom\u011b a za pen\u00edze, m\u011bli z toho r\u016fzn\u00e9 benefity. Tajn\u00e9 policii p\u0159in\u00e1\u0161eli podrobnosti o \u017eivotech druh\u00fdch, jejich obav\u00e1ch, my\u0161lenk\u00e1ch, snech, p\u0159ekvapiv\u011b detaily, kter\u00e9 opravdu nemuseli. A pr\u00e1skali na sv\u00e9 p\u0159\u00e1tele, se kter\u00fdmi chodili na pivo, kou\u0159ili tr\u00e1vu, mo\u017en\u00e1 \u0159\u00e1dili na n\u011bjak\u00e9m bigb\u00edtov\u00e9m koncertu v pogu pod podiem.<\/p>\n<p dir=\"auto\">A\u017e kdy\u017e sly\u0161\u00edme p\u0159\u00edb\u011bh \u010dlov\u011bka, na kter\u00e9ho tihle pr\u00e1ska\u010di don\u00e1\u0161eli, dojde n\u00e1m, jak t\u011b\u017ek\u00e9 provin\u011bn\u00ed to je \u2013 zradit a udat kamar\u00e1dy a pak se po letech vyj\u00e1d\u0159it, \u017ee \u201ejsem si odpustil\u201c.<\/p>\n<p dir=\"auto\">D\u011bkuji za skv\u011blou investigativn\u00ed pr\u00e1ci sv\u00e9 kolegyni Hance \u010c\u00e1pov\u00e9, Radku Schov\u00e1nkovi, Jan\u011b Neumanov\u00e9 a Ad\u00e9le Pacl\u00edkov\u00e9 z Report\u00e9r\u016f \u010cT. Pracovali jsme na tom v na\u0161\u00ed redakci Pam\u011bti n\u00e1roda p\u00e1r t\u00fddn\u016f.<\/p>\n<p dir=\"auto\">D\u00edky v\u0161em, co si mysl\u00ed, \u017ee to m\u00e1 smysl zpov\u00eddat takov\u00e9 lidi a vypr\u00e1v\u011bt jejich p\u0159\u00edb\u011bhy, d\u00edky za lidi z Klubu p\u0159\u00e1tel Pam\u011bti n\u00e1roda, z jejich\u017e drobn\u00fdch m\u011bs\u00ed\u010dn\u00edch p\u0159\u00edsp\u011bvk\u016f na\u0161e redakce \u017eije.<\/p>\n<table>\n<tbody>\n<tr>\n<td><span style=\"color: #3366ff;\">Dopln\u011bn\u00ed: \u0161\u00edlen\u00e9 je, \u017ee dne\u0161n\u00ed udava\u010di a pr\u00e1ska\u010di po roce 1989 moralizuj\u00ed to, co bylo za Hitlera, za komunistick\u00fdch zv\u011brstev a sami pr\u00e1skaj\u00ed jen z prosp\u011bchu, za dotace&#8230; Obr\u00e1t\u00ed smysl, obr\u00e1t\u00ed dobu a zmanipuluj\u00ed v\u0161e. Je to neuv\u011b\u0159iteln\u00fd mor\u00e1ln\u00ed marasmus a hnus. Klany Kroup\u016f, Kol\u00e1\u0159\u016f&#8230;<\/span><\/td>\n<\/tr>\n<\/tbody>\n<\/table>\n<h3>Tak v\u00fd\u0161e p\u00ed\u0161e Kroupa z klanu Kroup\u016f, tv\u00e1\u0159\u00edc\u00edch se jako lilium<\/h3>\n<p><a href=\"https:\/\/www.skrytapravda.cz\/z-domova\/2616-praskace-kolare-od-agenta-komunisty-pavka-dohnal-lajos-bacs-z-madarska-a-radjiv-m-sinha-z-mauricia\">Pr\u00e1ska\u010de Kol\u00e1\u0159e od agenta komunisty P\u00e1vka dohnal Lajos B\u00e1cs (z Ma\u010farska) a Radjiv M. Sinha (z Mauricia)<\/a><\/p>\n<p><a href=\"https:\/\/www.skrytapravda.cz\/z-domova\/2458-kod-charlie-dil-sesty-bratri-kroupove\">K\u00f3d Charlie, d\u00edl \u0161est\u00fd. Brat\u0159i Kroupov\u00e9.<\/a><\/p>\n<p><a href=\"https:\/\/www.skrytapravda.cz\/z-domova\/33-aspen-institute-vytahneme-seznamy-lidi-ktere-se-udajne-staraji-o-nase-blaho\">Aspen Institute: vyt\u00e1hn\u011bme seznamy lid\u00ed, kter\u00e9 se \u00fadajn\u011b staraj\u00ed o na\u0161e blaho<\/a><\/p>\n<p><a href=\"https:\/\/www.skrytapravda.cz\/domaci\/2679-vrah-o-moralce-kaze-aneb-kdyz-daniel-kroupa-coby-staly-host-ceske-televize-obcanum-neco-zapomnel-rict\">Vrah o mor\u00e1lce k\u00e1\u017ee, aneb kdy\u017e Daniel\u00a0<span class=\"highlight\">Kroupa<\/span>\u00a0coby st\u00e1l\u00fd host \u010cesk\u00e9 televize ob\u010dan\u016fm n\u011bco zapomn\u011bl \u0159\u00edct<\/a><\/p>\n<p><a href=\"https:\/\/www.skrytapravda.cz\/z-domova\/1292-politicke-procesy-nad-kterymi-vaclav-havel-i-jan-ruml-blednou-zavisti-meli-pani-ucitelku-povesit\">Politick\u00e9 procesy pod gesc\u00ed Jourov\u00e9 a Fialy, nad kter\u00fdmi V\u00e1clav Havel i Jan Ruml blednou z\u00e1vist\u00ed: m\u011bli pan\u00ed u\u010ditelku pov\u011bsit?<\/a><\/p>\n<\/div>\n<\/div>\n<\/div>\n<\/div>\n<div class=\"clauthor\">\n<div id=\"article_author\"><span style=\"color: #339966;\"><a style=\"color: #339966;\" href=\"https:\/\/www.skrytapravda.cz\/z-domova\/2988-tomu-neuverite-rodina-praskacu-kritizuje-ze-jini-praskaji-ta-rodina-kroupu-je-moralne\">Petr Pokorn\u00fd<\/a><\/span><\/div>\n<\/div>\n<\/div>\n<div><\/div>\n<div><\/div>\n","protected":false},"excerpt":{"rendered":"<p>Pan\u00ed u\u010ditelko Bedn\u00e1\u0159ov\u00e1, nev\u00edm, zda se budete sm\u00e1t, nebo plakat. Vrah o mor\u00e1lce k\u00e1\u017ee! Dokonce&#8230;<\/p>\n","protected":false},"author":2,"featured_media":98325,"comment_status":"closed","ping_status":"closed","sticky":false,"template":"","format":"standard","meta":[],"categories":[6],"tags":[1503,281,2127],"_links":{"self":[{"href":"https:\/\/www.infokuryr.cz\/n\/wp-json\/wp\/v2\/posts\/98324"}],"collection":[{"href":"https:\/\/www.infokuryr.cz\/n\/wp-json\/wp\/v2\/posts"}],"about":[{"href":"https:\/\/www.infokuryr.cz\/n\/wp-json\/wp\/v2\/types\/post"}],"author":[{"embeddable":true,"href":"https:\/\/www.infokuryr.cz\/n\/wp-json\/wp\/v2\/users\/2"}],"replies":[{"embeddable":true,"href":"https:\/\/www.infokuryr.cz\/n\/wp-json\/wp\/v2\/comments?post=98324"}],"version-history":[{"count":1,"href":"https:\/\/www.infokuryr.cz\/n\/wp-json\/wp\/v2\/posts\/98324\/revisions"}],"predecessor-version":[{"id":98326,"href":"https:\/\/www.infokuryr.cz\/n\/wp-json\/wp\/v2\/posts\/98324\/revisions\/98326"}],"wp:featuredmedia":[{"embeddable":true,"href":"https:\/\/www.infokuryr.cz\/n\/wp-json\/wp\/v2\/media\/98325"}],"wp:attachment":[{"href":"https:\/\/www.infokuryr.cz\/n\/wp-json\/wp\/v2\/media?parent=98324"}],"wp:term":[{"taxonomy":"category","embeddable":true,"href":"https:\/\/www.infokuryr.cz\/n\/wp-json\/wp\/v2\/categories?post=98324"},{"taxonomy":"post_tag","embeddable":true,"href":"https:\/\/www.infokuryr.cz\/n\/wp-json\/wp\/v2\/tags?post=98324"}],"curies":[{"name":"wp","href":"https:\/\/api.w.org\/{rel}","templated":true}]}}